{"id":8218,"date":"2019-04-12T10:02:32","date_gmt":"2019-04-12T08:02:32","guid":{"rendered":"https:\/\/www.naturparkmagazin.de\/stechlin\/?p=8218"},"modified":"2019-04-15T16:14:04","modified_gmt":"2019-04-15T14:14:04","slug":"europarc-ag-schutzgebietsbetreuung-im-naturpark-stechlin-rupppiner-land","status":"publish","type":"post","link":"https:\/\/www.naturparkmagazin.de\/stechlin\/europarc-ag-schutzgebietsbetreuung-im-naturpark-stechlin-rupppiner-land\/","title":{"rendered":"EUROPARC-AG Schutzgebietsbetreuung zu Gast im Naturpark"},"content":{"rendered":"<p>Vom 10.-12. April 2019 tagte die Arbeitsgemeinschaft Schutzgebietsbetreuer von EUROPARC Deutschland e.V. im Naturpark.<\/p>\n<p><a href=\"https:\/\/www.naturparkmagazin.de\/stechlin\/wp-content\/uploads\/sites\/38\/europarc2.jpg\"><img decoding=\"async\" loading=\"lazy\" class=\"aligncenter wp-image-8222 size-thumbnail\" src=\"https:\/\/www.naturparkmagazin.de\/stechlin\/wp-content\/uploads\/sites\/38\/europarc2-300x180.jpg\" alt=\"Archiv NP SRL\" width=\"300\" height=\"180\" srcset=\"https:\/\/www.naturparkmagazin.de\/stechlin\/wp-content\/uploads\/sites\/38\/europarc2-300x180.jpg 300w, https:\/\/www.naturparkmagazin.de\/stechlin\/wp-content\/uploads\/sites\/38\/europarc2.jpg 500w, https:\/\/www.naturparkmagazin.de\/stechlin\/wp-content\/uploads\/sites\/38\/europarc2-200x120.jpg 200w\" sizes=\"(max-width: 300px) 100vw, 300px\" \/><\/a><\/p>\n<p>EUROPARC Deutschland e.V. ist der Dachverband der Nationalparks, Biosph\u00e4renreservate, Naturparks und Wildnisgebiete in Deutschland. Der Verband vertritt bundesweit die Interessen der Nationalen Naturlandschaften (NNL). Die Mitglieder wurden w\u00e4hrend Ihrer Exkursionen von Silke Oldorff \u00fcber die Arbeit und Projekte des Naturparks Stechlin-Ruppiner Land informiert. Sie besuchten das Institut f\u00fcr Gew\u00e4sser\u00f6kologie und Binnenfischerei \u00a0(IGB) am Stechlinsee in Neuglobsow. Der stellvertretende Leiter der Abteilung Angewandte Limnologie Dr. Peter Casper stellte die Arbeit der wissenschaftlichen Einrichtung und das Seelabor im Stechlin vor.<\/p>\n<p><a href=\"https:\/\/www.naturparkmagazin.de\/stechlin\/wp-content\/uploads\/sites\/38\/europarc1.jpg\"><img decoding=\"async\" loading=\"lazy\" class=\"aligncenter size-thumbnail wp-image-8221\" src=\"https:\/\/www.naturparkmagazin.de\/stechlin\/wp-content\/uploads\/sites\/38\/europarc1-300x180.jpg\" alt=\"Foto: Silke Oldorff\" width=\"300\" height=\"180\" srcset=\"https:\/\/www.naturparkmagazin.de\/stechlin\/wp-content\/uploads\/sites\/38\/europarc1-300x180.jpg 300w, https:\/\/www.naturparkmagazin.de\/stechlin\/wp-content\/uploads\/sites\/38\/europarc1.jpg 500w, https:\/\/www.naturparkmagazin.de\/stechlin\/wp-content\/uploads\/sites\/38\/europarc1-200x120.jpg 200w\" sizes=\"(max-width: 300px) 100vw, 300px\" \/><\/a><\/p>\n","protected":false},"excerpt":{"rendered":"<p>Vom 10.-12. April 2019 besuchte die AG Schutzgebietsbetreuer von EUROPARC Deutschland e.V. den Naturpark Stechlin-Ruppiner Land.<\/p>\n","protected":false},"author":39,"featured_media":8220,"comment_status":"open","ping_status":"open","sticky":false,"template":"","format":"standard","meta":[],"categories":[7],"tags":[],"yoast_head":"<!-- This site is optimized with the Yoast SEO plugin v19.10 - https:\/\/yoast.com\/wordpress\/plugins\/seo\/ -->\n<title>EUROPARC-AG Schutzgebietsbetreuung zu Gast im Naturpark - Naturpark Stechlin-Ruppiner Land<\/title>\n<meta name=\"robots\" content=\"index, follow, max-snippet:-1, max-image-preview:large, max-video-preview:-1\" \/>\n<link rel=\"canonical\" href=\"https:\/\/www.naturparkmagazin.de\/stechlin\/europarc-ag-schutzgebietsbetreuung-im-naturpark-stechlin-rupppiner-land\/\" \/>\n<meta property=\"og:locale\" content=\"de_DE\" \/>\n<meta property=\"og:type\" content=\"article\" \/>\n<meta property=\"og:title\" content=\"EUROPARC-AG Schutzgebietsbetreuung zu Gast im Naturpark - Naturpark Stechlin-Ruppiner Land\" \/>\n<meta property=\"og:description\" content=\"Vom 10.-12. April 2019 besuchte die AG Schutzgebietsbetreuer von EUROPARC Deutschland e.V. den Naturpark Stechlin-Ruppiner Land.\" \/>\n<meta property=\"og:url\" content=\"https:\/\/www.naturparkmagazin.de\/stechlin\/europarc-ag-schutzgebietsbetreuung-im-naturpark-stechlin-rupppiner-land\/\" \/>\n<meta property=\"og:site_name\" content=\"Naturpark Stechlin-Ruppiner Land\" \/>\n<meta property=\"article:published_time\" content=\"2019-04-12T08:02:32+00:00\" \/>\n<meta property=\"article:modified_time\" content=\"2019-04-15T14:14:04+00:00\" \/>\n<meta property=\"og:image\" content=\"https:\/\/www.naturparkmagazin.de\/stechlin\/wp-content\/uploads\/sites\/38\/europarc-aufmacher.jpg\" \/>\n\t<meta property=\"og:image:width\" content=\"200\" \/>\n\t<meta property=\"og:image:height\" content=\"200\" \/>\n\t<meta property=\"og:image:type\" content=\"image\/jpeg\" \/>\n<meta name=\"author\" content=\"marioschrumpf\" \/>\n<meta name=\"twitter:label1\" content=\"Verfasst von\" \/>\n\t<meta name=\"twitter:data1\" content=\"marioschrumpf\" \/>\n<script type=\"application\/ld+json\" class=\"yoast-schema-graph\">{\"@context\":\"https:\/\/schema.org\",\"@graph\":[{\"@type\":\"WebPage\",\"@id\":\"https:\/\/www.naturparkmagazin.de\/stechlin\/europarc-ag-schutzgebietsbetreuung-im-naturpark-stechlin-rupppiner-land\/\",\"url\":\"https:\/\/www.naturparkmagazin.de\/stechlin\/europarc-ag-schutzgebietsbetreuung-im-naturpark-stechlin-rupppiner-land\/\",\"name\":\"EUROPARC-AG Schutzgebietsbetreuung zu Gast im Naturpark - Naturpark Stechlin-Ruppiner Land\",\"isPartOf\":{\"@id\":\"https:\/\/www.naturparkmagazin.de\/stechlin\/#website\"},\"datePublished\":\"2019-04-12T08:02:32+00:00\",\"dateModified\":\"2019-04-15T14:14:04+00:00\",\"author\":{\"@id\":\"https:\/\/www.naturparkmagazin.de\/stechlin\/#\/schema\/person\/3f0d93203df21c806dd63c76d9bb28bc\"},\"breadcrumb\":{\"@id\":\"https:\/\/www.naturparkmagazin.de\/stechlin\/europarc-ag-schutzgebietsbetreuung-im-naturpark-stechlin-rupppiner-land\/#breadcrumb\"},\"inLanguage\":\"de\",\"potentialAction\":[{\"@type\":\"ReadAction\",\"target\":[\"https:\/\/www.naturparkmagazin.de\/stechlin\/europarc-ag-schutzgebietsbetreuung-im-naturpark-stechlin-rupppiner-land\/\"]}]},{\"@type\":\"BreadcrumbList\",\"@id\":\"https:\/\/www.naturparkmagazin.de\/stechlin\/europarc-ag-schutzgebietsbetreuung-im-naturpark-stechlin-rupppiner-land\/#breadcrumb\",\"itemListElement\":[{\"@type\":\"ListItem\",\"position\":1,\"name\":\"Home\",\"item\":\"https:\/\/www.naturparkmagazin.de\/stechlin\/\"},{\"@type\":\"ListItem\",\"position\":2,\"name\":\"EUROPARC-AG Schutzgebietsbetreuung zu Gast im Naturpark\"}]},{\"@type\":\"WebSite\",\"@id\":\"https:\/\/www.naturparkmagazin.de\/stechlin\/#website\",\"url\":\"https:\/\/www.naturparkmagazin.de\/stechlin\/\",\"name\":\"Naturpark Stechlin-Ruppiner Land\",\"description\":\"\",\"potentialAction\":[{\"@type\":\"SearchAction\",\"target\":{\"@type\":\"EntryPoint\",\"urlTemplate\":\"https:\/\/www.naturparkmagazin.de\/stechlin\/?s={search_term_string}\"},\"query-input\":\"required name=search_term_string\"}],\"inLanguage\":\"de\"},{\"@type\":\"Person\",\"@id\":\"https:\/\/www.naturparkmagazin.de\/stechlin\/#\/schema\/person\/3f0d93203df21c806dd63c76d9bb28bc\",\"name\":\"marioschrumpf\",\"url\":\"https:\/\/www.naturparkmagazin.de\/stechlin\/author\/marioschrumpf\/\"}]}<\/script>\n<!-- \/ Yoast SEO plugin. -->","yoast_head_json":{"title":"EUROPARC-AG Schutzgebietsbetreuung zu Gast im Naturpark - Naturpark Stechlin-Ruppiner Land","robots":{"index":"index","follow":"follow","max-snippet":"max-snippet:-1","max-image-preview":"max-image-preview:large","max-video-preview":"max-video-preview:-1"},"canonical":"https:\/\/www.naturparkmagazin.de\/stechlin\/europarc-ag-schutzgebietsbetreuung-im-naturpark-stechlin-rupppiner-land\/","og_locale":"de_DE","og_type":"article","og_title":"EUROPARC-AG Schutzgebietsbetreuung zu Gast im Naturpark - Naturpark Stechlin-Ruppiner Land","og_description":"Vom 10.-12. April 2019 besuchte die AG Schutzgebietsbetreuer von EUROPARC Deutschland e.V. den Naturpark Stechlin-Ruppiner Land.","og_url":"https:\/\/www.naturparkmagazin.de\/stechlin\/europarc-ag-schutzgebietsbetreuung-im-naturpark-stechlin-rupppiner-land\/","og_site_name":"Naturpark Stechlin-Ruppiner Land","article_published_time":"2019-04-12T08:02:32+00:00","article_modified_time":"2019-04-15T14:14:04+00:00","og_image":[{"width":200,"height":200,"url":"https:\/\/www.naturparkmagazin.de\/stechlin\/wp-content\/uploads\/sites\/38\/europarc-aufmacher.jpg","type":"image\/jpeg"}],"author":"marioschrumpf","twitter_misc":{"Verfasst von":"marioschrumpf"},"schema":{"@context":"https:\/\/schema.org","@graph":[{"@type":"WebPage","@id":"https:\/\/www.naturparkmagazin.de\/stechlin\/europarc-ag-schutzgebietsbetreuung-im-naturpark-stechlin-rupppiner-land\/","url":"https:\/\/www.naturparkmagazin.de\/stechlin\/europarc-ag-schutzgebietsbetreuung-im-naturpark-stechlin-rupppiner-land\/","name":"EUROPARC-AG Schutzgebietsbetreuung zu Gast im Naturpark - Naturpark Stechlin-Ruppiner Land","isPartOf":{"@id":"https:\/\/www.naturparkmagazin.de\/stechlin\/#website"},"datePublished":"2019-04-12T08:02:32+00:00","dateModified":"2019-04-15T14:14:04+00:00","author":{"@id":"https:\/\/www.naturparkmagazin.de\/stechlin\/#\/schema\/person\/3f0d93203df21c806dd63c76d9bb28bc"},"breadcrumb":{"@id":"https:\/\/www.naturparkmagazin.de\/stechlin\/europarc-ag-schutzgebietsbetreuung-im-naturpark-stechlin-rupppiner-land\/#breadcrumb"},"inLanguage":"de","potentialAction":[{"@type":"ReadAction","target":["https:\/\/www.naturparkmagazin.de\/stechlin\/europarc-ag-schutzgebietsbetreuung-im-naturpark-stechlin-rupppiner-land\/"]}]},{"@type":"BreadcrumbList","@id":"https:\/\/www.naturparkmagazin.de\/stechlin\/europarc-ag-schutzgebietsbetreuung-im-naturpark-stechlin-rupppiner-land\/#breadcrumb","itemListElement":[{"@type":"ListItem","position":1,"name":"Home","item":"https:\/\/www.naturparkmagazin.de\/stechlin\/"},{"@type":"ListItem","position":2,"name":"EUROPARC-AG Schutzgebietsbetreuung zu Gast im Naturpark"}]},{"@type":"WebSite","@id":"https:\/\/www.naturparkmagazin.de\/stechlin\/#website","url":"https:\/\/www.naturparkmagazin.de\/stechlin\/","name":"Naturpark Stechlin-Ruppiner Land","description":"","potentialAction":[{"@type":"SearchAction","target":{"@type":"EntryPoint","urlTemplate":"https:\/\/www.naturparkmagazin.de\/stechlin\/?s={search_term_string}"},"query-input":"required name=search_term_string"}],"inLanguage":"de"},{"@type":"Person","@id":"https:\/\/www.naturparkmagazin.de\/stechlin\/#\/schema\/person\/3f0d93203df21c806dd63c76d9bb28bc","name":"marioschrumpf","url":"https:\/\/www.naturparkmagazin.de\/stechlin\/author\/marioschrumpf\/"}]}},"_links":{"self":[{"href":"https:\/\/www.naturparkmagazin.de\/stechlin\/wp-json\/wp\/v2\/posts\/8218"}],"collection":[{"href":"https:\/\/www.naturparkmagazin.de\/stechlin\/wp-json\/wp\/v2\/posts"}],"about":[{"href":"https:\/\/www.naturparkmagazin.de\/stechlin\/wp-json\/wp\/v2\/types\/post"}],"author":[{"embeddable":true,"href":"https:\/\/www.naturparkmagazin.de\/stechlin\/wp-json\/wp\/v2\/users\/39"}],"replies":[{"embeddable":true,"href":"https:\/\/www.naturparkmagazin.de\/stechlin\/wp-json\/wp\/v2\/comments?post=8218"}],"version-history":[{"count":5,"href":"https:\/\/www.naturparkmagazin.de\/stechlin\/wp-json\/wp\/v2\/posts\/8218\/revisions"}],"predecessor-version":[{"id":8255,"href":"https:\/\/www.naturparkmagazin.de\/stechlin\/wp-json\/wp\/v2\/posts\/8218\/revisions\/8255"}],"wp:featuredmedia":[{"embeddable":true,"href":"https:\/\/www.naturparkmagazin.de\/stechlin\/wp-json\/wp\/v2\/media\/8220"}],"wp:attachment":[{"href":"https:\/\/www.naturparkmagazin.de\/stechlin\/wp-json\/wp\/v2\/media?parent=8218"}],"wp:term":[{"taxonomy":"category","embeddable":true,"href":"https:\/\/www.naturparkmagazin.de\/stechlin\/wp-json\/wp\/v2\/categories?post=8218"},{"taxonomy":"post_tag","embeddable":true,"href":"https:\/\/www.naturparkmagazin.de\/stechlin\/wp-json\/wp\/v2\/tags?post=8218"}],"curies":[{"name":"wp","href":"https:\/\/api.w.org\/{rel}","templated":true}]}}