{"id":8225,"date":"2019-04-12T12:44:47","date_gmt":"2019-04-12T10:44:47","guid":{"rendered":"https:\/\/www.naturparkmagazin.de\/stechlin\/?p=8225"},"modified":"2019-04-15T14:38:00","modified_gmt":"2019-04-15T12:38:00","slug":"wie-natuerlich-ist-ihr-garten","status":"publish","type":"post","link":"https:\/\/www.naturparkmagazin.de\/stechlin\/wie-natuerlich-ist-ihr-garten\/","title":{"rendered":"Wie \u201enat\u00fcrlich\u201c ist Ihr Garten?"},"content":{"rendered":"<p>Unter dem Motto &#8222;Was bl\u00fcht (bei) dir?&#8220; ruft der Landschaftspflegeverband Prignitz-Ruppiner Land zu einem Gartenwettbewerb auf.<\/p>\n<p><a href=\"https:\/\/www.naturparkmagazin.de\/stechlin\/wp-content\/uploads\/sites\/38\/19-04-15_Postkarte_k.jpg\"><img decoding=\"async\" loading=\"lazy\" class=\"aligncenter wp-image-8227 size-thumbnail\" src=\"https:\/\/www.naturparkmagazin.de\/stechlin\/wp-content\/uploads\/sites\/38\/19-04-15_Postkarte_k-300x180.jpg\" alt=\"Archiv NP SRL (Bernd Ewert)\" width=\"300\" height=\"180\" srcset=\"https:\/\/www.naturparkmagazin.de\/stechlin\/wp-content\/uploads\/sites\/38\/19-04-15_Postkarte_k-300x180.jpg 300w, https:\/\/www.naturparkmagazin.de\/stechlin\/wp-content\/uploads\/sites\/38\/19-04-15_Postkarte_k.jpg 500w, https:\/\/www.naturparkmagazin.de\/stechlin\/wp-content\/uploads\/sites\/38\/19-04-15_Postkarte_k-200x120.jpg 200w\" sizes=\"(max-width: 300px) 100vw, 300px\" \/><\/a><\/p>\n<p>Der R\u00fcckgang der Tier- und Pflanzenarten ist in aller Munde, dabei kann jeder mit einfachen Mitteln zuhause, vor der eigenen Haust\u00fcr damit beginnen, etwas f\u00fcr die Artenvielfalt zu tun. Der Landschaftspflegeverband Prignitz-Ruppiner Land e.V. m\u00f6chte in Zusammenarbeit mit dem NABU Regionalverband Neuruppin, besonders im Zeitraum der LAGA in Wittstock\/Dosse auf das Thema Artenvielfalt in privaten G\u00e4rten aufmerksam machen. Aus diesem Grund gibt es den \u201eNatur-Garten Wettbewerb Prignitz-Ruppin 2019\u201c, der besonders wertvolle G\u00e4rten pr\u00e4mieren wird.<\/p>\n<p><a href=\"https:\/\/www.naturparkmagazin.de\/stechlin\/wp-content\/uploads\/sites\/38\/gartenwettb_k.jpg\"><img decoding=\"async\" loading=\"lazy\" class=\"aligncenter wp-image-8229 size-thumbnail\" src=\"https:\/\/www.naturparkmagazin.de\/stechlin\/wp-content\/uploads\/sites\/38\/gartenwettb_k-300x180.jpg\" alt=\"Archiv NP SRL (Bernd Ewert)\" width=\"300\" height=\"180\" srcset=\"https:\/\/www.naturparkmagazin.de\/stechlin\/wp-content\/uploads\/sites\/38\/gartenwettb_k-300x180.jpg 300w, https:\/\/www.naturparkmagazin.de\/stechlin\/wp-content\/uploads\/sites\/38\/gartenwettb_k.jpg 500w, https:\/\/www.naturparkmagazin.de\/stechlin\/wp-content\/uploads\/sites\/38\/gartenwettb_k-200x120.jpg 200w\" sizes=\"(max-width: 300px) 100vw, 300px\" \/><\/a><\/p>\n<p>Wenn Sie sich in Ihrem Garten f\u00fcr Wildpflanzen, Insekten, V\u00f6gel, Flederm\u00e4use &amp; Co. einsetzen \u2013 dann bewerben sie sich jetzt!\nDer Landschaftspflegeverband Prignitz- Ruppiner Land e.V. und der NABU suchen Gartenfreunde aus dem Landkreis Ostprignitz-Ruppin, die sich mit viel Engagement und Einf\u00fchlungsverm\u00f6gen f\u00fcr die Erhaltung der Artenvielfalt vor ihrer Haust\u00fcr einsetzen. Attraktive, regionale Preise werden im Rahmen einer LAGA-Veranstaltung vergeben.\nBitte senden Sie ein kurzes Bewerbungsschreiben mit Ihren Kontaktdaten sowie 2 bis 4 aussagekr\u00e4ftige Fotos an folgende Postanschrift:<\/p>\n<p>Landschaftspflegeverband\nPrignitz-Ruppiner Land e.V.\nEisenbahnstr. 6\n16909 Wittstock\noder\nkontakt@lpv-prignitz-ruppin.de<\/p>\n<p>Mehr Informationen:<\/p>\n<p>www.lpv-prignitz-ruppiner-land.de<\/p>\n","protected":false},"excerpt":{"rendered":"<p>Unter dem Motto &#8222;Was bl\u00fcht (bei) dir?&#8220; ruft der Landschaftspflegeverband Prignitz-Ruppiner Land zu einem Gartenwettbewerb auf.<\/p>\n","protected":false},"author":39,"featured_media":8228,"comment_status":"open","ping_status":"open","sticky":false,"template":"","format":"standard","meta":[],"categories":[7],"tags":[],"yoast_head":"<!-- This site is optimized with the Yoast SEO plugin v19.10 - https:\/\/yoast.com\/wordpress\/plugins\/seo\/ -->\n<title>Wie \u201enat\u00fcrlich\u201c ist Ihr Garten? - Naturpark Stechlin-Ruppiner Land<\/title>\n<meta name=\"robots\" content=\"index, follow, max-snippet:-1, max-image-preview:large, max-video-preview:-1\" \/>\n<link rel=\"canonical\" href=\"https:\/\/www.naturparkmagazin.de\/stechlin\/wie-natuerlich-ist-ihr-garten\/\" \/>\n<meta property=\"og:locale\" content=\"de_DE\" \/>\n<meta property=\"og:type\" content=\"article\" \/>\n<meta property=\"og:title\" content=\"Wie \u201enat\u00fcrlich\u201c ist Ihr Garten? - Naturpark Stechlin-Ruppiner Land\" \/>\n<meta property=\"og:description\" content=\"Unter dem Motto &quot;Was bl\u00fcht (bei) dir?&quot; ruft der Landschaftspflegeverband Prignitz-Ruppiner Land zu einem Gartenwettbewerb auf.\" \/>\n<meta property=\"og:url\" content=\"https:\/\/www.naturparkmagazin.de\/stechlin\/wie-natuerlich-ist-ihr-garten\/\" \/>\n<meta property=\"og:site_name\" content=\"Naturpark Stechlin-Ruppiner Land\" \/>\n<meta property=\"article:published_time\" content=\"2019-04-12T10:44:47+00:00\" \/>\n<meta property=\"article:modified_time\" content=\"2019-04-15T12:38:00+00:00\" \/>\n<meta property=\"og:image\" content=\"https:\/\/www.naturparkmagazin.de\/stechlin\/wp-content\/uploads\/sites\/38\/gartenw_aufmacher.jpg\" \/>\n\t<meta property=\"og:image:width\" content=\"200\" \/>\n\t<meta property=\"og:image:height\" content=\"200\" \/>\n\t<meta property=\"og:image:type\" content=\"image\/jpeg\" \/>\n<meta name=\"author\" content=\"marioschrumpf\" \/>\n<meta name=\"twitter:label1\" content=\"Verfasst von\" \/>\n\t<meta name=\"twitter:data1\" content=\"marioschrumpf\" \/>\n\t<meta name=\"twitter:label2\" content=\"Gesch\u00e4tzte Lesezeit\" \/>\n\t<meta name=\"twitter:data2\" content=\"1\u00a0Minute\" \/>\n<script type=\"application\/ld+json\" class=\"yoast-schema-graph\">{\"@context\":\"https:\/\/schema.org\",\"@graph\":[{\"@type\":\"WebPage\",\"@id\":\"https:\/\/www.naturparkmagazin.de\/stechlin\/wie-natuerlich-ist-ihr-garten\/\",\"url\":\"https:\/\/www.naturparkmagazin.de\/stechlin\/wie-natuerlich-ist-ihr-garten\/\",\"name\":\"Wie \u201enat\u00fcrlich\u201c ist Ihr Garten? - Naturpark Stechlin-Ruppiner Land\",\"isPartOf\":{\"@id\":\"https:\/\/www.naturparkmagazin.de\/stechlin\/#website\"},\"datePublished\":\"2019-04-12T10:44:47+00:00\",\"dateModified\":\"2019-04-15T12:38:00+00:00\",\"author\":{\"@id\":\"https:\/\/www.naturparkmagazin.de\/stechlin\/#\/schema\/person\/3f0d93203df21c806dd63c76d9bb28bc\"},\"breadcrumb\":{\"@id\":\"https:\/\/www.naturparkmagazin.de\/stechlin\/wie-natuerlich-ist-ihr-garten\/#breadcrumb\"},\"inLanguage\":\"de\",\"potentialAction\":[{\"@type\":\"ReadAction\",\"target\":[\"https:\/\/www.naturparkmagazin.de\/stechlin\/wie-natuerlich-ist-ihr-garten\/\"]}]},{\"@type\":\"BreadcrumbList\",\"@id\":\"https:\/\/www.naturparkmagazin.de\/stechlin\/wie-natuerlich-ist-ihr-garten\/#breadcrumb\",\"itemListElement\":[{\"@type\":\"ListItem\",\"position\":1,\"name\":\"Home\",\"item\":\"https:\/\/www.naturparkmagazin.de\/stechlin\/\"},{\"@type\":\"ListItem\",\"position\":2,\"name\":\"Wie \u201enat\u00fcrlich\u201c ist Ihr Garten?\"}]},{\"@type\":\"WebSite\",\"@id\":\"https:\/\/www.naturparkmagazin.de\/stechlin\/#website\",\"url\":\"https:\/\/www.naturparkmagazin.de\/stechlin\/\",\"name\":\"Naturpark Stechlin-Ruppiner Land\",\"description\":\"\",\"potentialAction\":[{\"@type\":\"SearchAction\",\"target\":{\"@type\":\"EntryPoint\",\"urlTemplate\":\"https:\/\/www.naturparkmagazin.de\/stechlin\/?s={search_term_string}\"},\"query-input\":\"required name=search_term_string\"}],\"inLanguage\":\"de\"},{\"@type\":\"Person\",\"@id\":\"https:\/\/www.naturparkmagazin.de\/stechlin\/#\/schema\/person\/3f0d93203df21c806dd63c76d9bb28bc\",\"name\":\"marioschrumpf\",\"url\":\"https:\/\/www.naturparkmagazin.de\/stechlin\/author\/marioschrumpf\/\"}]}<\/script>\n<!-- \/ Yoast SEO plugin. -->","yoast_head_json":{"title":"Wie \u201enat\u00fcrlich\u201c ist Ihr Garten? - Naturpark Stechlin-Ruppiner Land","robots":{"index":"index","follow":"follow","max-snippet":"max-snippet:-1","max-image-preview":"max-image-preview:large","max-video-preview":"max-video-preview:-1"},"canonical":"https:\/\/www.naturparkmagazin.de\/stechlin\/wie-natuerlich-ist-ihr-garten\/","og_locale":"de_DE","og_type":"article","og_title":"Wie \u201enat\u00fcrlich\u201c ist Ihr Garten? - Naturpark Stechlin-Ruppiner Land","og_description":"Unter dem Motto \"Was bl\u00fcht (bei) dir?\" ruft der Landschaftspflegeverband Prignitz-Ruppiner Land zu einem Gartenwettbewerb auf.","og_url":"https:\/\/www.naturparkmagazin.de\/stechlin\/wie-natuerlich-ist-ihr-garten\/","og_site_name":"Naturpark Stechlin-Ruppiner Land","article_published_time":"2019-04-12T10:44:47+00:00","article_modified_time":"2019-04-15T12:38:00+00:00","og_image":[{"width":200,"height":200,"url":"https:\/\/www.naturparkmagazin.de\/stechlin\/wp-content\/uploads\/sites\/38\/gartenw_aufmacher.jpg","type":"image\/jpeg"}],"author":"marioschrumpf","twitter_misc":{"Verfasst von":"marioschrumpf","Gesch\u00e4tzte Lesezeit":"1\u00a0Minute"},"schema":{"@context":"https:\/\/schema.org","@graph":[{"@type":"WebPage","@id":"https:\/\/www.naturparkmagazin.de\/stechlin\/wie-natuerlich-ist-ihr-garten\/","url":"https:\/\/www.naturparkmagazin.de\/stechlin\/wie-natuerlich-ist-ihr-garten\/","name":"Wie \u201enat\u00fcrlich\u201c ist Ihr Garten? - Naturpark Stechlin-Ruppiner Land","isPartOf":{"@id":"https:\/\/www.naturparkmagazin.de\/stechlin\/#website"},"datePublished":"2019-04-12T10:44:47+00:00","dateModified":"2019-04-15T12:38:00+00:00","author":{"@id":"https:\/\/www.naturparkmagazin.de\/stechlin\/#\/schema\/person\/3f0d93203df21c806dd63c76d9bb28bc"},"breadcrumb":{"@id":"https:\/\/www.naturparkmagazin.de\/stechlin\/wie-natuerlich-ist-ihr-garten\/#breadcrumb"},"inLanguage":"de","potentialAction":[{"@type":"ReadAction","target":["https:\/\/www.naturparkmagazin.de\/stechlin\/wie-natuerlich-ist-ihr-garten\/"]}]},{"@type":"BreadcrumbList","@id":"https:\/\/www.naturparkmagazin.de\/stechlin\/wie-natuerlich-ist-ihr-garten\/#breadcrumb","itemListElement":[{"@type":"ListItem","position":1,"name":"Home","item":"https:\/\/www.naturparkmagazin.de\/stechlin\/"},{"@type":"ListItem","position":2,"name":"Wie \u201enat\u00fcrlich\u201c ist Ihr Garten?"}]},{"@type":"WebSite","@id":"https:\/\/www.naturparkmagazin.de\/stechlin\/#website","url":"https:\/\/www.naturparkmagazin.de\/stechlin\/","name":"Naturpark Stechlin-Ruppiner Land","description":"","potentialAction":[{"@type":"SearchAction","target":{"@type":"EntryPoint","urlTemplate":"https:\/\/www.naturparkmagazin.de\/stechlin\/?s={search_term_string}"},"query-input":"required name=search_term_string"}],"inLanguage":"de"},{"@type":"Person","@id":"https:\/\/www.naturparkmagazin.de\/stechlin\/#\/schema\/person\/3f0d93203df21c806dd63c76d9bb28bc","name":"marioschrumpf","url":"https:\/\/www.naturparkmagazin.de\/stechlin\/author\/marioschrumpf\/"}]}},"_links":{"self":[{"href":"https:\/\/www.naturparkmagazin.de\/stechlin\/wp-json\/wp\/v2\/posts\/8225"}],"collection":[{"href":"https:\/\/www.naturparkmagazin.de\/stechlin\/wp-json\/wp\/v2\/posts"}],"about":[{"href":"https:\/\/www.naturparkmagazin.de\/stechlin\/wp-json\/wp\/v2\/types\/post"}],"author":[{"embeddable":true,"href":"https:\/\/www.naturparkmagazin.de\/stechlin\/wp-json\/wp\/v2\/users\/39"}],"replies":[{"embeddable":true,"href":"https:\/\/www.naturparkmagazin.de\/stechlin\/wp-json\/wp\/v2\/comments?post=8225"}],"version-history":[{"count":6,"href":"https:\/\/www.naturparkmagazin.de\/stechlin\/wp-json\/wp\/v2\/posts\/8225\/revisions"}],"predecessor-version":[{"id":8231,"href":"https:\/\/www.naturparkmagazin.de\/stechlin\/wp-json\/wp\/v2\/posts\/8225\/revisions\/8231"}],"wp:featuredmedia":[{"embeddable":true,"href":"https:\/\/www.naturparkmagazin.de\/stechlin\/wp-json\/wp\/v2\/media\/8228"}],"wp:attachment":[{"href":"https:\/\/www.naturparkmagazin.de\/stechlin\/wp-json\/wp\/v2\/media?parent=8225"}],"wp:term":[{"taxonomy":"category","embeddable":true,"href":"https:\/\/www.naturparkmagazin.de\/stechlin\/wp-json\/wp\/v2\/categories?post=8225"},{"taxonomy":"post_tag","embeddable":true,"href":"https:\/\/www.naturparkmagazin.de\/stechlin\/wp-json\/wp\/v2\/tags?post=8225"}],"curies":[{"name":"wp","href":"https:\/\/api.w.org\/{rel}","templated":true}]}}