{"id":8258,"date":"2019-04-12T12:00:07","date_gmt":"2019-04-12T10:00:07","guid":{"rendered":"https:\/\/www.naturparkmagazin.de\/stechlin\/?p=8258"},"modified":"2019-04-15T17:41:00","modified_gmt":"2019-04-15T15:41:00","slug":"fuer-mehr-licht-und-wasser-oekologischer-waldumbau-am-wittwesee","status":"publish","type":"post","link":"https:\/\/www.naturparkmagazin.de\/stechlin\/fuer-mehr-licht-und-wasser-oekologischer-waldumbau-am-wittwesee\/","title":{"rendered":"F\u00fcr mehr Licht und Wasser &#8211; \u00f6kologischer Waldumbau am Wittwesee"},"content":{"rendered":"<p>Intakte Feuchtw\u00e4lder sind in Deutschland selten geworden. Das EU-Projekt \u201eLIFE Feuchtw\u00e4lder\u201c setzt sich f\u00fcr den Erhalt dieser wertvollen Lebensr\u00e4ume in Brandenburg ein. 2019 stellte die NABU-Stiftung Forstfl\u00e4chen f\u00fcr den Waldumbau am Wittwesee zur Verf\u00fcgung.<\/p>\n<div id=\"attachment_8261\" style=\"width: 310px\" class=\"wp-caption aligncenter\"><a href=\"https:\/\/www.naturparkmagazin.de\/stechlin\/wp-content\/uploads\/sites\/38\/Wittwesee-7941_k.jpg\"><img aria-describedby=\"caption-attachment-8261\" decoding=\"async\" loading=\"lazy\" class=\"wp-image-8261 size-thumbnail\" src=\"https:\/\/www.naturparkmagazin.de\/stechlin\/wp-content\/uploads\/sites\/38\/Wittwesee-7941_k-300x180.jpg\" alt=\"NSF EUlife Feuchtw\u00e4lder (M. Zauft)\" width=\"300\" height=\"180\" srcset=\"https:\/\/www.naturparkmagazin.de\/stechlin\/wp-content\/uploads\/sites\/38\/Wittwesee-7941_k-300x180.jpg 300w, https:\/\/www.naturparkmagazin.de\/stechlin\/wp-content\/uploads\/sites\/38\/Wittwesee-7941_k.jpg 500w, https:\/\/www.naturparkmagazin.de\/stechlin\/wp-content\/uploads\/sites\/38\/Wittwesee-7941_k-200x120.jpg 200w\" sizes=\"(max-width: 300px) 100vw, 300px\" \/><\/a><p id=\"caption-attachment-8261\" class=\"wp-caption-text\">Fichten gef\u00e4hrden mit ihrem hohen Wasserbedarf die Entwicklung von Feuchtw\u00e4ldern sowie die Stabilit\u00e4t der Wasserst\u00e4nde am Wittewsee (Foto: Michael Zauft)<\/p><\/div>\n<p>Von Natur aus w\u00e4chst die Fichte in W\u00e4ldern des Hoch- und Mittelgebirges. Wegen ihrem schnellen Wachstum und der geringen Standortanspr\u00fcche wird die Fichte seit vielen Jahrhunderten forstwirtschaftlich genutzt und geh\u00f6rt heute zur am st\u00e4rksten verbreiteten Baumart in Deutschland. Doch Fichten ben\u00f6tigen sehr viel mehr Wasser als unsere heimischen Laub- und Nadelb\u00e4ume. Aus diesem Grund pflanzte man diesen Gebirgsbaum fr\u00fcher vor allem an Mooren und Seeufern. Am Wittwesee im Naturschutzgebiet \u201eStechlin\u201c gef\u00e4hrdet die Fichte mit ihrem hohen Wasserbedarf die Entwicklung der standorttypischen Moor- und Feuchtw\u00e4ldern und langfristig auch die Stabilit\u00e4t der Wasserst\u00e4nde. In Zusammenarbeit mit der Stiftung Naturschutzfonds Brandenburg lie\u00df die NABU-Stiftung deshalb im Rahmen des EU-Projektes \u201eLIFE Feuchtw\u00e4lder\u201c Fichten sowie einige ebenfalls hier nicht heimische Weymothskiefern am Westufer des Wittwesees f\u00e4llen.<\/p>\n<div id=\"attachment_8260\" style=\"width: 310px\" class=\"wp-caption aligncenter\"><a href=\"https:\/\/www.naturparkmagazin.de\/stechlin\/wp-content\/uploads\/sites\/38\/Wittwesee_k.jpg\"><img aria-describedby=\"caption-attachment-8260\" decoding=\"async\" loading=\"lazy\" class=\"wp-image-8260 size-thumbnail\" src=\"https:\/\/www.naturparkmagazin.de\/stechlin\/wp-content\/uploads\/sites\/38\/Wittwesee_k-300x180.jpg\" alt=\"Archiv NP SRL (Eulife Stechlin)\" width=\"300\" height=\"180\" srcset=\"https:\/\/www.naturparkmagazin.de\/stechlin\/wp-content\/uploads\/sites\/38\/Wittwesee_k-300x180.jpg 300w, https:\/\/www.naturparkmagazin.de\/stechlin\/wp-content\/uploads\/sites\/38\/Wittwesee_k.jpg 500w, https:\/\/www.naturparkmagazin.de\/stechlin\/wp-content\/uploads\/sites\/38\/Wittwesee_k-200x120.jpg 200w\" sizes=\"(max-width: 300px) 100vw, 300px\" \/><\/a><p id=\"caption-attachment-8260\" class=\"wp-caption-text\">Blick von oben auf den wertvollen Klarwassersee mit den ihn umgebenden Waldfl\u00e4chen im NSG Stechlin<\/p><\/div>\n<p>Langfristig wird die Baumf\u00e4llung den Grundwasserstand im Gebiet stabilisieren und den Wittwesee als einen der wertvollen Klarwasserseen im Naturschutzgebiet \u201eStechlin\u201c sichern.<\/p>\n<p><a href=\"https:\/\/naturerbe.nabu.de\/news\/2019\/1\/26137.html\" target=\"_blank\">Hier geht\u00b4s zum kompletten Beitrag der NABU-Stiftung Nationales Naturerbe!<\/a><\/p>\n","protected":false},"excerpt":{"rendered":"<p>Intakte Feuchtw\u00e4lder sind in Deutschland selten geworden. Das EU-Projekt \u201eLIFE Feuchtw\u00e4lder\u201c setzt sich f\u00fcr den Erhalt dieser wertvollen Lebensr\u00e4ume in Brandenburg ein.<\/p>\n","protected":false},"author":39,"featured_media":8262,"comment_status":"open","ping_status":"open","sticky":false,"template":"","format":"standard","meta":[],"categories":[7],"tags":[],"yoast_head":"<!-- This site is optimized with the Yoast SEO plugin v19.10 - https:\/\/yoast.com\/wordpress\/plugins\/seo\/ -->\n<title>F\u00fcr mehr Licht und Wasser - \u00f6kologischer Waldumbau am Wittwesee - Naturpark Stechlin-Ruppiner Land<\/title>\n<meta name=\"robots\" content=\"index, follow, max-snippet:-1, max-image-preview:large, max-video-preview:-1\" \/>\n<link rel=\"canonical\" href=\"https:\/\/www.naturparkmagazin.de\/stechlin\/fuer-mehr-licht-und-wasser-oekologischer-waldumbau-am-wittwesee\/\" \/>\n<meta property=\"og:locale\" content=\"de_DE\" \/>\n<meta property=\"og:type\" content=\"article\" \/>\n<meta property=\"og:title\" content=\"F\u00fcr mehr Licht und Wasser - \u00f6kologischer Waldumbau am Wittwesee - Naturpark Stechlin-Ruppiner Land\" \/>\n<meta property=\"og:description\" content=\"Intakte Feuchtw\u00e4lder sind in Deutschland selten geworden. Das EU-Projekt \u201eLIFE Feuchtw\u00e4lder\u201c setzt sich f\u00fcr den Erhalt dieser wertvollen Lebensr\u00e4ume in Brandenburg ein.\" \/>\n<meta property=\"og:url\" content=\"https:\/\/www.naturparkmagazin.de\/stechlin\/fuer-mehr-licht-und-wasser-oekologischer-waldumbau-am-wittwesee\/\" \/>\n<meta property=\"og:site_name\" content=\"Naturpark Stechlin-Ruppiner Land\" \/>\n<meta property=\"article:published_time\" content=\"2019-04-12T10:00:07+00:00\" \/>\n<meta property=\"article:modified_time\" content=\"2019-04-15T15:41:00+00:00\" \/>\n<meta property=\"og:image\" content=\"https:\/\/www.naturparkmagazin.de\/stechlin\/wp-content\/uploads\/sites\/38\/Wittwesee-7914_k.jpg\" \/>\n\t<meta property=\"og:image:width\" content=\"200\" \/>\n\t<meta property=\"og:image:height\" content=\"200\" \/>\n\t<meta property=\"og:image:type\" content=\"image\/jpeg\" \/>\n<meta name=\"author\" content=\"marioschrumpf\" \/>\n<meta name=\"twitter:label1\" content=\"Verfasst von\" \/>\n\t<meta name=\"twitter:data1\" content=\"marioschrumpf\" \/>\n\t<meta name=\"twitter:label2\" content=\"Gesch\u00e4tzte Lesezeit\" \/>\n\t<meta name=\"twitter:data2\" content=\"1\u00a0Minute\" \/>\n<script type=\"application\/ld+json\" class=\"yoast-schema-graph\">{\"@context\":\"https:\/\/schema.org\",\"@graph\":[{\"@type\":\"WebPage\",\"@id\":\"https:\/\/www.naturparkmagazin.de\/stechlin\/fuer-mehr-licht-und-wasser-oekologischer-waldumbau-am-wittwesee\/\",\"url\":\"https:\/\/www.naturparkmagazin.de\/stechlin\/fuer-mehr-licht-und-wasser-oekologischer-waldumbau-am-wittwesee\/\",\"name\":\"F\u00fcr mehr Licht und Wasser - \u00f6kologischer Waldumbau am Wittwesee - Naturpark Stechlin-Ruppiner Land\",\"isPartOf\":{\"@id\":\"https:\/\/www.naturparkmagazin.de\/stechlin\/#website\"},\"datePublished\":\"2019-04-12T10:00:07+00:00\",\"dateModified\":\"2019-04-15T15:41:00+00:00\",\"author\":{\"@id\":\"https:\/\/www.naturparkmagazin.de\/stechlin\/#\/schema\/person\/3f0d93203df21c806dd63c76d9bb28bc\"},\"breadcrumb\":{\"@id\":\"https:\/\/www.naturparkmagazin.de\/stechlin\/fuer-mehr-licht-und-wasser-oekologischer-waldumbau-am-wittwesee\/#breadcrumb\"},\"inLanguage\":\"de\",\"potentialAction\":[{\"@type\":\"ReadAction\",\"target\":[\"https:\/\/www.naturparkmagazin.de\/stechlin\/fuer-mehr-licht-und-wasser-oekologischer-waldumbau-am-wittwesee\/\"]}]},{\"@type\":\"BreadcrumbList\",\"@id\":\"https:\/\/www.naturparkmagazin.de\/stechlin\/fuer-mehr-licht-und-wasser-oekologischer-waldumbau-am-wittwesee\/#breadcrumb\",\"itemListElement\":[{\"@type\":\"ListItem\",\"position\":1,\"name\":\"Home\",\"item\":\"https:\/\/www.naturparkmagazin.de\/stechlin\/\"},{\"@type\":\"ListItem\",\"position\":2,\"name\":\"F\u00fcr mehr Licht und Wasser &#8211; \u00f6kologischer Waldumbau am Wittwesee\"}]},{\"@type\":\"WebSite\",\"@id\":\"https:\/\/www.naturparkmagazin.de\/stechlin\/#website\",\"url\":\"https:\/\/www.naturparkmagazin.de\/stechlin\/\",\"name\":\"Naturpark Stechlin-Ruppiner Land\",\"description\":\"\",\"potentialAction\":[{\"@type\":\"SearchAction\",\"target\":{\"@type\":\"EntryPoint\",\"urlTemplate\":\"https:\/\/www.naturparkmagazin.de\/stechlin\/?s={search_term_string}\"},\"query-input\":\"required name=search_term_string\"}],\"inLanguage\":\"de\"},{\"@type\":\"Person\",\"@id\":\"https:\/\/www.naturparkmagazin.de\/stechlin\/#\/schema\/person\/3f0d93203df21c806dd63c76d9bb28bc\",\"name\":\"marioschrumpf\",\"url\":\"https:\/\/www.naturparkmagazin.de\/stechlin\/author\/marioschrumpf\/\"}]}<\/script>\n<!-- \/ Yoast SEO plugin. -->","yoast_head_json":{"title":"F\u00fcr mehr Licht und Wasser - \u00f6kologischer Waldumbau am Wittwesee - Naturpark Stechlin-Ruppiner Land","robots":{"index":"index","follow":"follow","max-snippet":"max-snippet:-1","max-image-preview":"max-image-preview:large","max-video-preview":"max-video-preview:-1"},"canonical":"https:\/\/www.naturparkmagazin.de\/stechlin\/fuer-mehr-licht-und-wasser-oekologischer-waldumbau-am-wittwesee\/","og_locale":"de_DE","og_type":"article","og_title":"F\u00fcr mehr Licht und Wasser - \u00f6kologischer Waldumbau am Wittwesee - Naturpark Stechlin-Ruppiner Land","og_description":"Intakte Feuchtw\u00e4lder sind in Deutschland selten geworden. Das EU-Projekt \u201eLIFE Feuchtw\u00e4lder\u201c setzt sich f\u00fcr den Erhalt dieser wertvollen Lebensr\u00e4ume in Brandenburg ein.","og_url":"https:\/\/www.naturparkmagazin.de\/stechlin\/fuer-mehr-licht-und-wasser-oekologischer-waldumbau-am-wittwesee\/","og_site_name":"Naturpark Stechlin-Ruppiner Land","article_published_time":"2019-04-12T10:00:07+00:00","article_modified_time":"2019-04-15T15:41:00+00:00","og_image":[{"width":200,"height":200,"url":"https:\/\/www.naturparkmagazin.de\/stechlin\/wp-content\/uploads\/sites\/38\/Wittwesee-7914_k.jpg","type":"image\/jpeg"}],"author":"marioschrumpf","twitter_misc":{"Verfasst von":"marioschrumpf","Gesch\u00e4tzte Lesezeit":"1\u00a0Minute"},"schema":{"@context":"https:\/\/schema.org","@graph":[{"@type":"WebPage","@id":"https:\/\/www.naturparkmagazin.de\/stechlin\/fuer-mehr-licht-und-wasser-oekologischer-waldumbau-am-wittwesee\/","url":"https:\/\/www.naturparkmagazin.de\/stechlin\/fuer-mehr-licht-und-wasser-oekologischer-waldumbau-am-wittwesee\/","name":"F\u00fcr mehr Licht und Wasser - \u00f6kologischer Waldumbau am Wittwesee - Naturpark Stechlin-Ruppiner Land","isPartOf":{"@id":"https:\/\/www.naturparkmagazin.de\/stechlin\/#website"},"datePublished":"2019-04-12T10:00:07+00:00","dateModified":"2019-04-15T15:41:00+00:00","author":{"@id":"https:\/\/www.naturparkmagazin.de\/stechlin\/#\/schema\/person\/3f0d93203df21c806dd63c76d9bb28bc"},"breadcrumb":{"@id":"https:\/\/www.naturparkmagazin.de\/stechlin\/fuer-mehr-licht-und-wasser-oekologischer-waldumbau-am-wittwesee\/#breadcrumb"},"inLanguage":"de","potentialAction":[{"@type":"ReadAction","target":["https:\/\/www.naturparkmagazin.de\/stechlin\/fuer-mehr-licht-und-wasser-oekologischer-waldumbau-am-wittwesee\/"]}]},{"@type":"BreadcrumbList","@id":"https:\/\/www.naturparkmagazin.de\/stechlin\/fuer-mehr-licht-und-wasser-oekologischer-waldumbau-am-wittwesee\/#breadcrumb","itemListElement":[{"@type":"ListItem","position":1,"name":"Home","item":"https:\/\/www.naturparkmagazin.de\/stechlin\/"},{"@type":"ListItem","position":2,"name":"F\u00fcr mehr Licht und Wasser &#8211; \u00f6kologischer Waldumbau am Wittwesee"}]},{"@type":"WebSite","@id":"https:\/\/www.naturparkmagazin.de\/stechlin\/#website","url":"https:\/\/www.naturparkmagazin.de\/stechlin\/","name":"Naturpark Stechlin-Ruppiner Land","description":"","potentialAction":[{"@type":"SearchAction","target":{"@type":"EntryPoint","urlTemplate":"https:\/\/www.naturparkmagazin.de\/stechlin\/?s={search_term_string}"},"query-input":"required name=search_term_string"}],"inLanguage":"de"},{"@type":"Person","@id":"https:\/\/www.naturparkmagazin.de\/stechlin\/#\/schema\/person\/3f0d93203df21c806dd63c76d9bb28bc","name":"marioschrumpf","url":"https:\/\/www.naturparkmagazin.de\/stechlin\/author\/marioschrumpf\/"}]}},"_links":{"self":[{"href":"https:\/\/www.naturparkmagazin.de\/stechlin\/wp-json\/wp\/v2\/posts\/8258"}],"collection":[{"href":"https:\/\/www.naturparkmagazin.de\/stechlin\/wp-json\/wp\/v2\/posts"}],"about":[{"href":"https:\/\/www.naturparkmagazin.de\/stechlin\/wp-json\/wp\/v2\/types\/post"}],"author":[{"embeddable":true,"href":"https:\/\/www.naturparkmagazin.de\/stechlin\/wp-json\/wp\/v2\/users\/39"}],"replies":[{"embeddable":true,"href":"https:\/\/www.naturparkmagazin.de\/stechlin\/wp-json\/wp\/v2\/comments?post=8258"}],"version-history":[{"count":8,"href":"https:\/\/www.naturparkmagazin.de\/stechlin\/wp-json\/wp\/v2\/posts\/8258\/revisions"}],"predecessor-version":[{"id":8264,"href":"https:\/\/www.naturparkmagazin.de\/stechlin\/wp-json\/wp\/v2\/posts\/8258\/revisions\/8264"}],"wp:featuredmedia":[{"embeddable":true,"href":"https:\/\/www.naturparkmagazin.de\/stechlin\/wp-json\/wp\/v2\/media\/8262"}],"wp:attachment":[{"href":"https:\/\/www.naturparkmagazin.de\/stechlin\/wp-json\/wp\/v2\/media?parent=8258"}],"wp:term":[{"taxonomy":"category","embeddable":true,"href":"https:\/\/www.naturparkmagazin.de\/stechlin\/wp-json\/wp\/v2\/categories?post=8258"},{"taxonomy":"post_tag","embeddable":true,"href":"https:\/\/www.naturparkmagazin.de\/stechlin\/wp-json\/wp\/v2\/tags?post=8258"}],"curies":[{"name":"wp","href":"https:\/\/api.w.org\/{rel}","templated":true}]}}