{"id":8284,"date":"2019-04-12T10:00:08","date_gmt":"2019-04-12T08:00:08","guid":{"rendered":"https:\/\/www.naturparkmagazin.de\/stechlin\/?p=8284"},"modified":"2019-04-17T16:40:45","modified_gmt":"2019-04-17T14:40:45","slug":"rangerin-wibke-avenhaus","status":"publish","type":"post","link":"https:\/\/www.naturparkmagazin.de\/stechlin\/rangerin-wibke-avenhaus\/","title":{"rendered":"Rangerin Wibke Avenhaus"},"content":{"rendered":"<p>Seit Anfang Februar arbeitet Wibke Avenhaus als Rangerin im Naturpark, da R\u00fcdiger Meyer Ende letzten Jahres seinen wohlverdienten Ruhestand angetreten hat.<\/p>\n<p>Die Diplomingenieurin f\u00fcr Landschaftsentwicklung mit Erg\u00e4nzungsstudium Angewandte Systemwissenschaft war nach dem Studium in verschiedenen Projekten t\u00e4tig. In den letzten Jahren war ihr Schwerpunkt die Bildung f\u00fcr nachhaltige Entwicklung (BNE).<\/p>\n<div id=\"attachment_8288\" style=\"width: 310px\" class=\"wp-caption aligncenter\"><a href=\"https:\/\/www.naturparkmagazin.de\/stechlin\/wp-content\/uploads\/sites\/38\/w-avenhaus-1_k.jpg\"><img aria-describedby=\"caption-attachment-8288\" decoding=\"async\" loading=\"lazy\" class=\"wp-image-8288 size-thumbnail\" src=\"https:\/\/www.naturparkmagazin.de\/stechlin\/wp-content\/uploads\/sites\/38\/w-avenhaus-1_k-300x180.jpg\" alt=\"bei der Kartierung von Wasserv\u00f6geln\" width=\"300\" height=\"180\" srcset=\"https:\/\/www.naturparkmagazin.de\/stechlin\/wp-content\/uploads\/sites\/38\/w-avenhaus-1_k-300x180.jpg 300w, https:\/\/www.naturparkmagazin.de\/stechlin\/wp-content\/uploads\/sites\/38\/w-avenhaus-1_k.jpg 500w, https:\/\/www.naturparkmagazin.de\/stechlin\/wp-content\/uploads\/sites\/38\/w-avenhaus-1_k-200x120.jpg 200w\" sizes=\"(max-width: 300px) 100vw, 300px\" \/><\/a><p id=\"caption-attachment-8288\" class=\"wp-caption-text\">bei der Kartierung von Wasserv\u00f6geln<\/p><\/div>\n<p>Wibke Avenhaus ist an der Seite von Karen Steinberg im Naturwacht-St\u00fctzpunkt Banzendorf im S\u00fcdteil des Naturparks t\u00e4tig. Zu ihren Aufgaben geh\u00f6ren u.a. die Betreuung des Rheinsberger Rhins und die Bildung f\u00fcr nachhaltige Entwicklung an der Naturpark-Kita Lindower Kinderland. Dort sind die Banzendorfer Ranger alle zwei Wochen f\u00fcr einen Vormittag mit ihren kindgerechten Umweltbildungsprogrammen zu Gast.<\/p>\n<div id=\"attachment_8289\" style=\"width: 310px\" class=\"wp-caption aligncenter\"><a href=\"https:\/\/www.naturparkmagazin.de\/stechlin\/wp-content\/uploads\/sites\/38\/w-avenhaus-3_k.jpg\"><img aria-describedby=\"caption-attachment-8289\" decoding=\"async\" loading=\"lazy\" class=\"size-thumbnail wp-image-8289\" src=\"https:\/\/www.naturparkmagazin.de\/stechlin\/wp-content\/uploads\/sites\/38\/w-avenhaus-3_k-300x500.jpg\" alt=\"in der Naturpark-Kita Lindower Kinderland\" width=\"300\" height=\"500\" srcset=\"https:\/\/www.naturparkmagazin.de\/stechlin\/wp-content\/uploads\/sites\/38\/w-avenhaus-3_k.jpg 300w, https:\/\/www.naturparkmagazin.de\/stechlin\/wp-content\/uploads\/sites\/38\/w-avenhaus-3_k-200x333.jpg 200w\" sizes=\"(max-width: 300px) 100vw, 300px\" \/><\/a><p id=\"caption-attachment-8289\" class=\"wp-caption-text\">in der Naturpark-Kita Lindower Kinderland<\/p><\/div>\n<p>Die \u201eNeurangerin\u201c wurde herzlich von den Kolleginnen und Kollegen der Naturwacht aufgenommen. In den bevorstehenden Monaten freut sie sich besonders auf die Arbeit im Gel\u00e4nde und darauf, Kindern die Natur und Umwelt n\u00e4her zu bringen.<\/p>\n<p>Herzlich willkommen im Naturparknetzwerk!<\/p>\n<p>Dr. Mario Schrumpf<\/p>\n<div id=\"attachment_8287\" style=\"width: 310px\" class=\"wp-caption aligncenter\"><a href=\"https:\/\/www.naturparkmagazin.de\/stechlin\/wp-content\/uploads\/sites\/38\/w-avenhaus-2_k.jpg\"><img aria-describedby=\"caption-attachment-8287\" decoding=\"async\" loading=\"lazy\" class=\"size-thumbnail wp-image-8287\" src=\"https:\/\/www.naturparkmagazin.de\/stechlin\/wp-content\/uploads\/sites\/38\/w-avenhaus-2_k-300x500.jpg\" alt=\"bei der Gebietskontrolle\" width=\"300\" height=\"500\" srcset=\"https:\/\/www.naturparkmagazin.de\/stechlin\/wp-content\/uploads\/sites\/38\/w-avenhaus-2_k.jpg 300w, https:\/\/www.naturparkmagazin.de\/stechlin\/wp-content\/uploads\/sites\/38\/w-avenhaus-2_k-200x333.jpg 200w\" sizes=\"(max-width: 300px) 100vw, 300px\" \/><\/a><p id=\"caption-attachment-8287\" class=\"wp-caption-text\">bei der Gebietskontrolle<\/p><\/div>\n<p>&nbsp;<\/p>\n","protected":false},"excerpt":{"rendered":"<p>Seit Anfang Februar arbeitet Wibke Avenhaus als Rangerin im Naturpark, da R\u00fcdiger Meyer Ende letzten Jahres seinen wohlverdienten Ruhestand angetreten hat.<\/p>\n","protected":false},"author":39,"featured_media":8290,"comment_status":"open","ping_status":"open","sticky":false,"template":"","format":"standard","meta":[],"categories":[8],"tags":[],"yoast_head":"<!-- This site is optimized with the Yoast SEO plugin v19.10 - https:\/\/yoast.com\/wordpress\/plugins\/seo\/ -->\n<title>Rangerin Wibke Avenhaus - Naturpark Stechlin-Ruppiner Land<\/title>\n<meta name=\"robots\" content=\"index, follow, max-snippet:-1, max-image-preview:large, max-video-preview:-1\" \/>\n<link rel=\"canonical\" href=\"https:\/\/www.naturparkmagazin.de\/stechlin\/rangerin-wibke-avenhaus\/\" \/>\n<meta property=\"og:locale\" content=\"de_DE\" \/>\n<meta property=\"og:type\" content=\"article\" \/>\n<meta property=\"og:title\" content=\"Rangerin Wibke Avenhaus - Naturpark Stechlin-Ruppiner Land\" \/>\n<meta property=\"og:description\" content=\"Seit Anfang Februar arbeitet Wibke Avenhaus als Rangerin im Naturpark, da R\u00fcdiger Meyer Ende letzten Jahres seinen wohlverdienten Ruhestand angetreten hat.\" \/>\n<meta property=\"og:url\" content=\"https:\/\/www.naturparkmagazin.de\/stechlin\/rangerin-wibke-avenhaus\/\" \/>\n<meta property=\"og:site_name\" content=\"Naturpark Stechlin-Ruppiner Land\" \/>\n<meta property=\"article:published_time\" content=\"2019-04-12T08:00:08+00:00\" \/>\n<meta property=\"article:modified_time\" content=\"2019-04-17T14:40:45+00:00\" \/>\n<meta property=\"og:image\" content=\"https:\/\/www.naturparkmagazin.de\/stechlin\/wp-content\/uploads\/sites\/38\/portrait-w-avenhaus_k.jpg\" \/>\n\t<meta property=\"og:image:width\" content=\"200\" \/>\n\t<meta property=\"og:image:height\" content=\"200\" \/>\n\t<meta property=\"og:image:type\" content=\"image\/jpeg\" \/>\n<meta name=\"author\" content=\"marioschrumpf\" \/>\n<meta name=\"twitter:label1\" content=\"Verfasst von\" \/>\n\t<meta name=\"twitter:data1\" content=\"marioschrumpf\" \/>\n\t<meta name=\"twitter:label2\" content=\"Gesch\u00e4tzte Lesezeit\" \/>\n\t<meta name=\"twitter:data2\" content=\"1\u00a0Minute\" \/>\n<script type=\"application\/ld+json\" class=\"yoast-schema-graph\">{\"@context\":\"https:\/\/schema.org\",\"@graph\":[{\"@type\":\"WebPage\",\"@id\":\"https:\/\/www.naturparkmagazin.de\/stechlin\/rangerin-wibke-avenhaus\/\",\"url\":\"https:\/\/www.naturparkmagazin.de\/stechlin\/rangerin-wibke-avenhaus\/\",\"name\":\"Rangerin Wibke Avenhaus - Naturpark Stechlin-Ruppiner Land\",\"isPartOf\":{\"@id\":\"https:\/\/www.naturparkmagazin.de\/stechlin\/#website\"},\"datePublished\":\"2019-04-12T08:00:08+00:00\",\"dateModified\":\"2019-04-17T14:40:45+00:00\",\"author\":{\"@id\":\"https:\/\/www.naturparkmagazin.de\/stechlin\/#\/schema\/person\/3f0d93203df21c806dd63c76d9bb28bc\"},\"breadcrumb\":{\"@id\":\"https:\/\/www.naturparkmagazin.de\/stechlin\/rangerin-wibke-avenhaus\/#breadcrumb\"},\"inLanguage\":\"de\",\"potentialAction\":[{\"@type\":\"ReadAction\",\"target\":[\"https:\/\/www.naturparkmagazin.de\/stechlin\/rangerin-wibke-avenhaus\/\"]}]},{\"@type\":\"BreadcrumbList\",\"@id\":\"https:\/\/www.naturparkmagazin.de\/stechlin\/rangerin-wibke-avenhaus\/#breadcrumb\",\"itemListElement\":[{\"@type\":\"ListItem\",\"position\":1,\"name\":\"Home\",\"item\":\"https:\/\/www.naturparkmagazin.de\/stechlin\/\"},{\"@type\":\"ListItem\",\"position\":2,\"name\":\"Rangerin Wibke Avenhaus\"}]},{\"@type\":\"WebSite\",\"@id\":\"https:\/\/www.naturparkmagazin.de\/stechlin\/#website\",\"url\":\"https:\/\/www.naturparkmagazin.de\/stechlin\/\",\"name\":\"Naturpark Stechlin-Ruppiner Land\",\"description\":\"\",\"potentialAction\":[{\"@type\":\"SearchAction\",\"target\":{\"@type\":\"EntryPoint\",\"urlTemplate\":\"https:\/\/www.naturparkmagazin.de\/stechlin\/?s={search_term_string}\"},\"query-input\":\"required name=search_term_string\"}],\"inLanguage\":\"de\"},{\"@type\":\"Person\",\"@id\":\"https:\/\/www.naturparkmagazin.de\/stechlin\/#\/schema\/person\/3f0d93203df21c806dd63c76d9bb28bc\",\"name\":\"marioschrumpf\",\"url\":\"https:\/\/www.naturparkmagazin.de\/stechlin\/author\/marioschrumpf\/\"}]}<\/script>\n<!-- \/ Yoast SEO plugin. -->","yoast_head_json":{"title":"Rangerin Wibke Avenhaus - Naturpark Stechlin-Ruppiner Land","robots":{"index":"index","follow":"follow","max-snippet":"max-snippet:-1","max-image-preview":"max-image-preview:large","max-video-preview":"max-video-preview:-1"},"canonical":"https:\/\/www.naturparkmagazin.de\/stechlin\/rangerin-wibke-avenhaus\/","og_locale":"de_DE","og_type":"article","og_title":"Rangerin Wibke Avenhaus - Naturpark Stechlin-Ruppiner Land","og_description":"Seit Anfang Februar arbeitet Wibke Avenhaus als Rangerin im Naturpark, da R\u00fcdiger Meyer Ende letzten Jahres seinen wohlverdienten Ruhestand angetreten hat.","og_url":"https:\/\/www.naturparkmagazin.de\/stechlin\/rangerin-wibke-avenhaus\/","og_site_name":"Naturpark Stechlin-Ruppiner Land","article_published_time":"2019-04-12T08:00:08+00:00","article_modified_time":"2019-04-17T14:40:45+00:00","og_image":[{"width":200,"height":200,"url":"https:\/\/www.naturparkmagazin.de\/stechlin\/wp-content\/uploads\/sites\/38\/portrait-w-avenhaus_k.jpg","type":"image\/jpeg"}],"author":"marioschrumpf","twitter_misc":{"Verfasst von":"marioschrumpf","Gesch\u00e4tzte Lesezeit":"1\u00a0Minute"},"schema":{"@context":"https:\/\/schema.org","@graph":[{"@type":"WebPage","@id":"https:\/\/www.naturparkmagazin.de\/stechlin\/rangerin-wibke-avenhaus\/","url":"https:\/\/www.naturparkmagazin.de\/stechlin\/rangerin-wibke-avenhaus\/","name":"Rangerin Wibke Avenhaus - Naturpark Stechlin-Ruppiner Land","isPartOf":{"@id":"https:\/\/www.naturparkmagazin.de\/stechlin\/#website"},"datePublished":"2019-04-12T08:00:08+00:00","dateModified":"2019-04-17T14:40:45+00:00","author":{"@id":"https:\/\/www.naturparkmagazin.de\/stechlin\/#\/schema\/person\/3f0d93203df21c806dd63c76d9bb28bc"},"breadcrumb":{"@id":"https:\/\/www.naturparkmagazin.de\/stechlin\/rangerin-wibke-avenhaus\/#breadcrumb"},"inLanguage":"de","potentialAction":[{"@type":"ReadAction","target":["https:\/\/www.naturparkmagazin.de\/stechlin\/rangerin-wibke-avenhaus\/"]}]},{"@type":"BreadcrumbList","@id":"https:\/\/www.naturparkmagazin.de\/stechlin\/rangerin-wibke-avenhaus\/#breadcrumb","itemListElement":[{"@type":"ListItem","position":1,"name":"Home","item":"https:\/\/www.naturparkmagazin.de\/stechlin\/"},{"@type":"ListItem","position":2,"name":"Rangerin Wibke Avenhaus"}]},{"@type":"WebSite","@id":"https:\/\/www.naturparkmagazin.de\/stechlin\/#website","url":"https:\/\/www.naturparkmagazin.de\/stechlin\/","name":"Naturpark Stechlin-Ruppiner Land","description":"","potentialAction":[{"@type":"SearchAction","target":{"@type":"EntryPoint","urlTemplate":"https:\/\/www.naturparkmagazin.de\/stechlin\/?s={search_term_string}"},"query-input":"required name=search_term_string"}],"inLanguage":"de"},{"@type":"Person","@id":"https:\/\/www.naturparkmagazin.de\/stechlin\/#\/schema\/person\/3f0d93203df21c806dd63c76d9bb28bc","name":"marioschrumpf","url":"https:\/\/www.naturparkmagazin.de\/stechlin\/author\/marioschrumpf\/"}]}},"_links":{"self":[{"href":"https:\/\/www.naturparkmagazin.de\/stechlin\/wp-json\/wp\/v2\/posts\/8284"}],"collection":[{"href":"https:\/\/www.naturparkmagazin.de\/stechlin\/wp-json\/wp\/v2\/posts"}],"about":[{"href":"https:\/\/www.naturparkmagazin.de\/stechlin\/wp-json\/wp\/v2\/types\/post"}],"author":[{"embeddable":true,"href":"https:\/\/www.naturparkmagazin.de\/stechlin\/wp-json\/wp\/v2\/users\/39"}],"replies":[{"embeddable":true,"href":"https:\/\/www.naturparkmagazin.de\/stechlin\/wp-json\/wp\/v2\/comments?post=8284"}],"version-history":[{"count":5,"href":"https:\/\/www.naturparkmagazin.de\/stechlin\/wp-json\/wp\/v2\/posts\/8284\/revisions"}],"predecessor-version":[{"id":8294,"href":"https:\/\/www.naturparkmagazin.de\/stechlin\/wp-json\/wp\/v2\/posts\/8284\/revisions\/8294"}],"wp:featuredmedia":[{"embeddable":true,"href":"https:\/\/www.naturparkmagazin.de\/stechlin\/wp-json\/wp\/v2\/media\/8290"}],"wp:attachment":[{"href":"https:\/\/www.naturparkmagazin.de\/stechlin\/wp-json\/wp\/v2\/media?parent=8284"}],"wp:term":[{"taxonomy":"category","embeddable":true,"href":"https:\/\/www.naturparkmagazin.de\/stechlin\/wp-json\/wp\/v2\/categories?post=8284"},{"taxonomy":"post_tag","embeddable":true,"href":"https:\/\/www.naturparkmagazin.de\/stechlin\/wp-json\/wp\/v2\/tags?post=8284"}],"curies":[{"name":"wp","href":"https:\/\/api.w.org\/{rel}","templated":true}]}}