{"id":8304,"date":"2019-05-16T08:24:38","date_gmt":"2019-05-16T06:24:38","guid":{"rendered":"https:\/\/www.naturparkmagazin.de\/stechlin\/?p=8304"},"modified":"2019-05-28T13:36:00","modified_gmt":"2019-05-28T11:36:00","slug":"nachhaltigkeitsworkshop-schweden-staengsel","status":"publish","type":"post","link":"https:\/\/www.naturparkmagazin.de\/stechlin\/nachhaltigkeitsworkshop-schweden-staengsel\/","title":{"rendered":"Nachhaltigkeitsworkshop: Schweden-\u201eSt\u00e4ngsel\u201c"},"content":{"rendered":"<p>&nbsp;<\/p>\n<p>Umso aufmerksamer wurde ich, als die Information kam, dass genau dieser Schwedenzaun als Nachhaltigkeitslehrgang in der Naturwacht im Naturpark Stechlin-Ruppiner Land, in Banzendorf, angeboten wurde. Der Platz war gebucht und am 4.Mai 2019 ging es los. An diesem Tag versammelten sich vor Ort \u00fcber 20 buntgemischte Leute: die Mitarbeiter der Naturwacht, Automechaniker, Rentner, Handwerker, Lehrer, Schwedenfreunde, Landschaftsplaner, IT-Spezialisten u.a.<\/p>\n<p><a href=\"https:\/\/www.naturparkmagazin.de\/stechlin\/wp-content\/uploads\/sites\/38\/Schweden-St\u00e4ngsel_Karen-Steinberg1.jpg\"><img decoding=\"async\" loading=\"lazy\" class=\"aligncenter size-thumbnail wp-image-8307\" src=\"https:\/\/www.naturparkmagazin.de\/stechlin\/wp-content\/uploads\/sites\/38\/Schweden-St\u00e4ngsel_Karen-Steinberg1-300x180.jpg\" alt=\"NP SRL\/Karen Steinberg\" width=\"300\" height=\"180\" srcset=\"https:\/\/www.naturparkmagazin.de\/stechlin\/wp-content\/uploads\/sites\/38\/Schweden-St\u00e4ngsel_Karen-Steinberg1-300x180.jpg 300w, https:\/\/www.naturparkmagazin.de\/stechlin\/wp-content\/uploads\/sites\/38\/Schweden-St\u00e4ngsel_Karen-Steinberg1.jpg 500w, https:\/\/www.naturparkmagazin.de\/stechlin\/wp-content\/uploads\/sites\/38\/Schweden-St\u00e4ngsel_Karen-Steinberg1-200x120.jpg 200w\" sizes=\"(max-width: 300px) 100vw, 300px\" \/><\/a>Nach R\u00fcdiger Meyer\u02cbs (Initiator der Veranstaltung) informativen Vortrag \u00fcber die Entstehung und Technik des Schwedenst\u00e4ngsel\u02cbs, wurden alle Teilnehmer, in einem lockeren Spiel, in Gruppen mit je einem Betreuer eingeteilt.<\/p>\n<p>In 6 unterschiedlichen Stationen wurden 3 Meter lange Kiefernpfosten, zum Schutz gegen Feuchtigkeit, Pilze und Bakterien, angekokelt und diese mit Hilfe einer Pfahlramme jeweils gegen\u00fcberstehend und im Abstand von einem Meter in den Boden versenkt. Junge Fichtenzweige wurden immer wieder \u00fcber Feuer erw\u00e4rmt, um diese l\u00e4ngs der Markr\u00f6hre zu halbieren. Zwei Gruppen waren damit besch\u00e4ftigt, die gegen\u00fcber angeordneten Pfosten mit den geteilten Fichtenzweigen in Achterknoten zu verbinden. Und letztlich wurden 7,5 Meter lange Kiefernstangen, die im bodenber\u00fchrenden Bereich ebenfalls angekokelt waren, auf diesen Knoten abgelegt. Der Zaun wuchs sowie die Teilnehmer mit ihren Aufgaben.<\/p>\n<p><a href=\"https:\/\/www.naturparkmagazin.de\/stechlin\/wp-content\/uploads\/sites\/38\/Schweden-St\u00e4ngsel2_Sigrid-Hoffmann.jpg\"><img decoding=\"async\" loading=\"lazy\" class=\"aligncenter size-thumbnail wp-image-8306\" src=\"https:\/\/www.naturparkmagazin.de\/stechlin\/wp-content\/uploads\/sites\/38\/Schweden-St\u00e4ngsel2_Sigrid-Hoffmann-300x180.jpg\" alt=\"NP SRL\/Sigrid Hoffmann\" width=\"300\" height=\"180\" srcset=\"https:\/\/www.naturparkmagazin.de\/stechlin\/wp-content\/uploads\/sites\/38\/Schweden-St\u00e4ngsel2_Sigrid-Hoffmann-300x180.jpg 300w, https:\/\/www.naturparkmagazin.de\/stechlin\/wp-content\/uploads\/sites\/38\/Schweden-St\u00e4ngsel2_Sigrid-Hoffmann.jpg 500w, https:\/\/www.naturparkmagazin.de\/stechlin\/wp-content\/uploads\/sites\/38\/Schweden-St\u00e4ngsel2_Sigrid-Hoffmann-200x120.jpg 200w\" sizes=\"(max-width: 300px) 100vw, 300px\" \/><\/a>Zwischen all den Arbeitsschritten gab es viele abwechslungsreiche Gespr\u00e4che und Geschichten, skandinavisches B\u00fcfett mit Zimtschnecken, karelischen Piroggen, belegten Br\u00f6tchen, Tee, Minzwasser und wunderbares, von einer Finnin \u00fcber dem Feuer gekochtes, Wildgulasch. Leute, Stimmung, Wetter, Verpflegung, Lehrreiches, Unterhaltsames, Lustiges, Neues \u2013 es war ein rundum gelungener Lehrgang.<\/p>\n<p>Wenn ich wieder in Schweden bin und solch einen St\u00e4ngsel sehe, schaue ich mir diesen vermutlich noch genauer als bisher an und denke mir: Das kann ich jetzt auch.<\/p>\n<p>U. Drehmel<\/p>\n","protected":false},"excerpt":{"rendered":"<p>Mehrfach hatte ich sie schon in Schweden gesehen &#8211; St\u00e4ngsel &#8211; die nur aus heimischen, nachwachsenden Naturmaterialien errichteten Z\u00e4une, nach alter Tradition.<\/p>\n","protected":false},"author":39,"featured_media":8305,"comment_status":"open","ping_status":"open","sticky":false,"template":"","format":"standard","meta":[],"categories":[7],"tags":[],"yoast_head":"<!-- This site is optimized with the Yoast SEO plugin v19.10 - https:\/\/yoast.com\/wordpress\/plugins\/seo\/ -->\n<title>Nachhaltigkeitsworkshop: Schweden-\u201eSt\u00e4ngsel\u201c - Naturpark Stechlin-Ruppiner Land<\/title>\n<meta name=\"robots\" content=\"index, follow, max-snippet:-1, max-image-preview:large, max-video-preview:-1\" \/>\n<link rel=\"canonical\" href=\"https:\/\/www.naturparkmagazin.de\/stechlin\/nachhaltigkeitsworkshop-schweden-staengsel\/\" \/>\n<meta property=\"og:locale\" content=\"de_DE\" \/>\n<meta property=\"og:type\" content=\"article\" \/>\n<meta property=\"og:title\" content=\"Nachhaltigkeitsworkshop: Schweden-\u201eSt\u00e4ngsel\u201c - Naturpark Stechlin-Ruppiner Land\" \/>\n<meta property=\"og:description\" content=\"Mehrfach hatte ich sie schon in Schweden gesehen - St\u00e4ngsel - die nur aus heimischen, nachwachsenden Naturmaterialien errichteten Z\u00e4une, nach alter Tradition.\" \/>\n<meta property=\"og:url\" content=\"https:\/\/www.naturparkmagazin.de\/stechlin\/nachhaltigkeitsworkshop-schweden-staengsel\/\" \/>\n<meta property=\"og:site_name\" content=\"Naturpark Stechlin-Ruppiner Land\" \/>\n<meta property=\"article:published_time\" content=\"2019-05-16T06:24:38+00:00\" \/>\n<meta property=\"article:modified_time\" content=\"2019-05-28T11:36:00+00:00\" \/>\n<meta property=\"og:image\" content=\"https:\/\/www.naturparkmagazin.de\/stechlin\/wp-content\/uploads\/sites\/38\/Schweden-St\u00e4ngsel_Karen-Steinberg.jpg\" \/>\n\t<meta property=\"og:image:width\" content=\"200\" \/>\n\t<meta property=\"og:image:height\" content=\"200\" \/>\n\t<meta property=\"og:image:type\" content=\"image\/jpeg\" \/>\n<meta name=\"author\" content=\"marioschrumpf\" \/>\n<meta name=\"twitter:label1\" content=\"Verfasst von\" \/>\n\t<meta name=\"twitter:data1\" content=\"marioschrumpf\" \/>\n\t<meta name=\"twitter:label2\" content=\"Gesch\u00e4tzte Lesezeit\" \/>\n\t<meta name=\"twitter:data2\" content=\"1\u00a0Minute\" \/>\n<script type=\"application\/ld+json\" class=\"yoast-schema-graph\">{\"@context\":\"https:\/\/schema.org\",\"@graph\":[{\"@type\":\"WebPage\",\"@id\":\"https:\/\/www.naturparkmagazin.de\/stechlin\/nachhaltigkeitsworkshop-schweden-staengsel\/\",\"url\":\"https:\/\/www.naturparkmagazin.de\/stechlin\/nachhaltigkeitsworkshop-schweden-staengsel\/\",\"name\":\"Nachhaltigkeitsworkshop: Schweden-\u201eSt\u00e4ngsel\u201c - Naturpark Stechlin-Ruppiner Land\",\"isPartOf\":{\"@id\":\"https:\/\/www.naturparkmagazin.de\/stechlin\/#website\"},\"datePublished\":\"2019-05-16T06:24:38+00:00\",\"dateModified\":\"2019-05-28T11:36:00+00:00\",\"author\":{\"@id\":\"https:\/\/www.naturparkmagazin.de\/stechlin\/#\/schema\/person\/3f0d93203df21c806dd63c76d9bb28bc\"},\"breadcrumb\":{\"@id\":\"https:\/\/www.naturparkmagazin.de\/stechlin\/nachhaltigkeitsworkshop-schweden-staengsel\/#breadcrumb\"},\"inLanguage\":\"de\",\"potentialAction\":[{\"@type\":\"ReadAction\",\"target\":[\"https:\/\/www.naturparkmagazin.de\/stechlin\/nachhaltigkeitsworkshop-schweden-staengsel\/\"]}]},{\"@type\":\"BreadcrumbList\",\"@id\":\"https:\/\/www.naturparkmagazin.de\/stechlin\/nachhaltigkeitsworkshop-schweden-staengsel\/#breadcrumb\",\"itemListElement\":[{\"@type\":\"ListItem\",\"position\":1,\"name\":\"Home\",\"item\":\"https:\/\/www.naturparkmagazin.de\/stechlin\/\"},{\"@type\":\"ListItem\",\"position\":2,\"name\":\"Nachhaltigkeitsworkshop: Schweden-\u201eSt\u00e4ngsel\u201c\"}]},{\"@type\":\"WebSite\",\"@id\":\"https:\/\/www.naturparkmagazin.de\/stechlin\/#website\",\"url\":\"https:\/\/www.naturparkmagazin.de\/stechlin\/\",\"name\":\"Naturpark Stechlin-Ruppiner Land\",\"description\":\"\",\"potentialAction\":[{\"@type\":\"SearchAction\",\"target\":{\"@type\":\"EntryPoint\",\"urlTemplate\":\"https:\/\/www.naturparkmagazin.de\/stechlin\/?s={search_term_string}\"},\"query-input\":\"required name=search_term_string\"}],\"inLanguage\":\"de\"},{\"@type\":\"Person\",\"@id\":\"https:\/\/www.naturparkmagazin.de\/stechlin\/#\/schema\/person\/3f0d93203df21c806dd63c76d9bb28bc\",\"name\":\"marioschrumpf\",\"url\":\"https:\/\/www.naturparkmagazin.de\/stechlin\/author\/marioschrumpf\/\"}]}<\/script>\n<!-- \/ Yoast SEO plugin. -->","yoast_head_json":{"title":"Nachhaltigkeitsworkshop: Schweden-\u201eSt\u00e4ngsel\u201c - Naturpark Stechlin-Ruppiner Land","robots":{"index":"index","follow":"follow","max-snippet":"max-snippet:-1","max-image-preview":"max-image-preview:large","max-video-preview":"max-video-preview:-1"},"canonical":"https:\/\/www.naturparkmagazin.de\/stechlin\/nachhaltigkeitsworkshop-schweden-staengsel\/","og_locale":"de_DE","og_type":"article","og_title":"Nachhaltigkeitsworkshop: Schweden-\u201eSt\u00e4ngsel\u201c - Naturpark Stechlin-Ruppiner Land","og_description":"Mehrfach hatte ich sie schon in Schweden gesehen - St\u00e4ngsel - die nur aus heimischen, nachwachsenden Naturmaterialien errichteten Z\u00e4une, nach alter Tradition.","og_url":"https:\/\/www.naturparkmagazin.de\/stechlin\/nachhaltigkeitsworkshop-schweden-staengsel\/","og_site_name":"Naturpark Stechlin-Ruppiner Land","article_published_time":"2019-05-16T06:24:38+00:00","article_modified_time":"2019-05-28T11:36:00+00:00","og_image":[{"width":200,"height":200,"url":"https:\/\/www.naturparkmagazin.de\/stechlin\/wp-content\/uploads\/sites\/38\/Schweden-St\u00e4ngsel_Karen-Steinberg.jpg","type":"image\/jpeg"}],"author":"marioschrumpf","twitter_misc":{"Verfasst von":"marioschrumpf","Gesch\u00e4tzte Lesezeit":"1\u00a0Minute"},"schema":{"@context":"https:\/\/schema.org","@graph":[{"@type":"WebPage","@id":"https:\/\/www.naturparkmagazin.de\/stechlin\/nachhaltigkeitsworkshop-schweden-staengsel\/","url":"https:\/\/www.naturparkmagazin.de\/stechlin\/nachhaltigkeitsworkshop-schweden-staengsel\/","name":"Nachhaltigkeitsworkshop: Schweden-\u201eSt\u00e4ngsel\u201c - Naturpark Stechlin-Ruppiner Land","isPartOf":{"@id":"https:\/\/www.naturparkmagazin.de\/stechlin\/#website"},"datePublished":"2019-05-16T06:24:38+00:00","dateModified":"2019-05-28T11:36:00+00:00","author":{"@id":"https:\/\/www.naturparkmagazin.de\/stechlin\/#\/schema\/person\/3f0d93203df21c806dd63c76d9bb28bc"},"breadcrumb":{"@id":"https:\/\/www.naturparkmagazin.de\/stechlin\/nachhaltigkeitsworkshop-schweden-staengsel\/#breadcrumb"},"inLanguage":"de","potentialAction":[{"@type":"ReadAction","target":["https:\/\/www.naturparkmagazin.de\/stechlin\/nachhaltigkeitsworkshop-schweden-staengsel\/"]}]},{"@type":"BreadcrumbList","@id":"https:\/\/www.naturparkmagazin.de\/stechlin\/nachhaltigkeitsworkshop-schweden-staengsel\/#breadcrumb","itemListElement":[{"@type":"ListItem","position":1,"name":"Home","item":"https:\/\/www.naturparkmagazin.de\/stechlin\/"},{"@type":"ListItem","position":2,"name":"Nachhaltigkeitsworkshop: Schweden-\u201eSt\u00e4ngsel\u201c"}]},{"@type":"WebSite","@id":"https:\/\/www.naturparkmagazin.de\/stechlin\/#website","url":"https:\/\/www.naturparkmagazin.de\/stechlin\/","name":"Naturpark Stechlin-Ruppiner Land","description":"","potentialAction":[{"@type":"SearchAction","target":{"@type":"EntryPoint","urlTemplate":"https:\/\/www.naturparkmagazin.de\/stechlin\/?s={search_term_string}"},"query-input":"required name=search_term_string"}],"inLanguage":"de"},{"@type":"Person","@id":"https:\/\/www.naturparkmagazin.de\/stechlin\/#\/schema\/person\/3f0d93203df21c806dd63c76d9bb28bc","name":"marioschrumpf","url":"https:\/\/www.naturparkmagazin.de\/stechlin\/author\/marioschrumpf\/"}]}},"_links":{"self":[{"href":"https:\/\/www.naturparkmagazin.de\/stechlin\/wp-json\/wp\/v2\/posts\/8304"}],"collection":[{"href":"https:\/\/www.naturparkmagazin.de\/stechlin\/wp-json\/wp\/v2\/posts"}],"about":[{"href":"https:\/\/www.naturparkmagazin.de\/stechlin\/wp-json\/wp\/v2\/types\/post"}],"author":[{"embeddable":true,"href":"https:\/\/www.naturparkmagazin.de\/stechlin\/wp-json\/wp\/v2\/users\/39"}],"replies":[{"embeddable":true,"href":"https:\/\/www.naturparkmagazin.de\/stechlin\/wp-json\/wp\/v2\/comments?post=8304"}],"version-history":[{"count":2,"href":"https:\/\/www.naturparkmagazin.de\/stechlin\/wp-json\/wp\/v2\/posts\/8304\/revisions"}],"predecessor-version":[{"id":8391,"href":"https:\/\/www.naturparkmagazin.de\/stechlin\/wp-json\/wp\/v2\/posts\/8304\/revisions\/8391"}],"wp:featuredmedia":[{"embeddable":true,"href":"https:\/\/www.naturparkmagazin.de\/stechlin\/wp-json\/wp\/v2\/media\/8305"}],"wp:attachment":[{"href":"https:\/\/www.naturparkmagazin.de\/stechlin\/wp-json\/wp\/v2\/media?parent=8304"}],"wp:term":[{"taxonomy":"category","embeddable":true,"href":"https:\/\/www.naturparkmagazin.de\/stechlin\/wp-json\/wp\/v2\/categories?post=8304"},{"taxonomy":"post_tag","embeddable":true,"href":"https:\/\/www.naturparkmagazin.de\/stechlin\/wp-json\/wp\/v2\/tags?post=8304"}],"curies":[{"name":"wp","href":"https:\/\/api.w.org\/{rel}","templated":true}]}}