{"id":833,"date":"2014-03-19T13:02:18","date_gmt":"2014-03-19T12:02:18","guid":{"rendered":"http:\/\/www.naturparkmagazin.de\/stechlin\/?p=833"},"modified":"2014-03-26T13:48:12","modified_gmt":"2014-03-26T12:48:12","slug":"shuttle-fuer-froesche-kroeten-und-molche","status":"publish","type":"post","link":"https:\/\/www.naturparkmagazin.de\/stechlin\/shuttle-fuer-froesche-kroeten-und-molche\/","title":{"rendered":"Shuttle f\u00fcr Fr\u00f6sche, Kr\u00f6ten und Molche"},"content":{"rendered":"<p><a href=\"https:\/\/www.naturparkmagazin.de\/stechlin\/wp-content\/uploads\/sites\/38\/Bild-067.jpg\"><img decoding=\"async\" loading=\"lazy\" class=\"alignnone size-medium wp-image-834\" alt=\"NP SRL\/Thomas Hahn\" src=\"https:\/\/www.naturparkmagazin.de\/stechlin\/wp-content\/uploads\/sites\/38\/Bild-067-620x349.jpg\" width=\"620\" height=\"349\" srcset=\"https:\/\/www.naturparkmagazin.de\/stechlin\/wp-content\/uploads\/sites\/38\/Bild-067-620x349.jpg 620w, https:\/\/www.naturparkmagazin.de\/stechlin\/wp-content\/uploads\/sites\/38\/Bild-067-300x169.jpg 300w, https:\/\/www.naturparkmagazin.de\/stechlin\/wp-content\/uploads\/sites\/38\/Bild-067-940x530.jpg 940w, https:\/\/www.naturparkmagazin.de\/stechlin\/wp-content\/uploads\/sites\/38\/Bild-067-670x378.jpg 670w, https:\/\/www.naturparkmagazin.de\/stechlin\/wp-content\/uploads\/sites\/38\/Bild-067-200x113.jpg 200w, https:\/\/www.naturparkmagazin.de\/stechlin\/wp-content\/uploads\/sites\/38\/Bild-067.jpg 1024w\" sizes=\"(max-width: 620px) 100vw, 620px\" \/><\/a><\/p>\n<p>Wenn im Fr\u00fchjahr die Sonne h\u00f6her steigt und das Thermometer nach oben klettert, machen sich Fr\u00f6sche, Kr\u00f6ten &amp; Co. auf den Weg. Aus ihren Winterlebensr\u00e4umen wandern sie zu ihren Laichgew\u00e4ssern. In warmen, feuchten N\u00e4chten starten tausende Tiere ihre Wanderung. Die \u00e4u\u00dferen Bedingungen m\u00fcssen stimmen, ausschlaggebend ist jedoch die &#8222;innere Uhr&#8220; der Tiere. Wenn zwischen Winterlebensraum und Laichgew\u00e4sser vielbefahrene Stra\u00dfen liegen, endet die Wanderung f\u00fcr die Amphibien oft t\u00f6dlich. Ganze Populationen k\u00f6nnen so in wenigen Jahren ausgel\u00f6scht werden. Damit dies im Naturpark nicht passiert, bauen die Naturschutzverb\u00e4nde und die Naturwacht zusammen mit Freiwilligen allj\u00e4hrlich im Fr\u00fchjahr &#8222;Kr\u00f6tenz\u00e4une&#8220; an gef\u00e4hrlichen Stellen auf. Die Tiere wandern\u00a0am Zaun entlang und fallen in Eimer, die in regelm\u00e4\u00dfigen Abst\u00e4nden in die Erde versenkt wurden. T\u00e4glich werden die Tiere \u00fcber die Stra\u00dfe zu ihren Laichgew\u00e4ssern getragen. In diesem Fr\u00fchjahr stehen Z\u00e4une u.a. am Zollhaus Dierberg, am Kuhburgsberg bei Neuruppin, zwischen Keller und Sch\u00f6nermark und in Z\u00fchlen. Die gewonnenen Daten sind die Grundlage f\u00fcr die Errichtung station\u00e4rer Amphibienschutzanlagen an den Brennpunkten. So konnten in den letzten Jahren solche Anlagen in Seilershof und bei Altglobsow entstehen. Im Sommer soll in Dierberg eine weitere folgen.<\/p>\n","protected":false},"excerpt":{"rendered":"<p>Wenn im Fr\u00fchjahr die Sonne h\u00f6her steigt und das Thermometer nach oben klettert, machen sich Fr\u00f6sche, Kr\u00f6ten &amp; Co. auf den Weg.<\/p>\n","protected":false},"author":39,"featured_media":841,"comment_status":"open","ping_status":"open","sticky":false,"template":"","format":"standard","meta":[],"categories":[7],"tags":[],"yoast_head":"<!-- This site is optimized with the Yoast SEO plugin v19.10 - https:\/\/yoast.com\/wordpress\/plugins\/seo\/ -->\n<title>Shuttle f\u00fcr Fr\u00f6sche, Kr\u00f6ten und Molche - Naturpark Stechlin-Ruppiner Land<\/title>\n<meta name=\"robots\" content=\"index, follow, max-snippet:-1, max-image-preview:large, max-video-preview:-1\" \/>\n<link rel=\"canonical\" href=\"https:\/\/www.naturparkmagazin.de\/stechlin\/shuttle-fuer-froesche-kroeten-und-molche\/\" \/>\n<meta property=\"og:locale\" content=\"de_DE\" \/>\n<meta property=\"og:type\" content=\"article\" \/>\n<meta property=\"og:title\" content=\"Shuttle f\u00fcr Fr\u00f6sche, Kr\u00f6ten und Molche - Naturpark Stechlin-Ruppiner Land\" \/>\n<meta property=\"og:description\" content=\"Wenn im Fr\u00fchjahr die Sonne h\u00f6her steigt und das Thermometer nach oben klettert, machen sich Fr\u00f6sche, Kr\u00f6ten &amp; Co. auf den Weg.\" \/>\n<meta property=\"og:url\" content=\"https:\/\/www.naturparkmagazin.de\/stechlin\/shuttle-fuer-froesche-kroeten-und-molche\/\" \/>\n<meta property=\"og:site_name\" content=\"Naturpark Stechlin-Ruppiner Land\" \/>\n<meta property=\"article:published_time\" content=\"2014-03-19T12:02:18+00:00\" \/>\n<meta property=\"article:modified_time\" content=\"2014-03-26T12:48:12+00:00\" \/>\n<meta property=\"og:image\" content=\"https:\/\/www.naturparkmagazin.de\/stechlin\/wp-content\/uploads\/sites\/38\/Amphibienzaun.jpg\" \/>\n\t<meta property=\"og:image:width\" content=\"500\" \/>\n\t<meta property=\"og:image:height\" content=\"335\" \/>\n\t<meta property=\"og:image:type\" content=\"image\/jpeg\" \/>\n<meta name=\"author\" content=\"marioschrumpf\" \/>\n<meta name=\"twitter:label1\" content=\"Verfasst von\" \/>\n\t<meta name=\"twitter:data1\" content=\"marioschrumpf\" \/>\n\t<meta name=\"twitter:label2\" content=\"Gesch\u00e4tzte Lesezeit\" \/>\n\t<meta name=\"twitter:data2\" content=\"1\u00a0Minute\" \/>\n<script type=\"application\/ld+json\" class=\"yoast-schema-graph\">{\"@context\":\"https:\/\/schema.org\",\"@graph\":[{\"@type\":\"WebPage\",\"@id\":\"https:\/\/www.naturparkmagazin.de\/stechlin\/shuttle-fuer-froesche-kroeten-und-molche\/\",\"url\":\"https:\/\/www.naturparkmagazin.de\/stechlin\/shuttle-fuer-froesche-kroeten-und-molche\/\",\"name\":\"Shuttle f\u00fcr Fr\u00f6sche, Kr\u00f6ten und Molche - Naturpark Stechlin-Ruppiner Land\",\"isPartOf\":{\"@id\":\"https:\/\/www.naturparkmagazin.de\/stechlin\/#website\"},\"datePublished\":\"2014-03-19T12:02:18+00:00\",\"dateModified\":\"2014-03-26T12:48:12+00:00\",\"author\":{\"@id\":\"https:\/\/www.naturparkmagazin.de\/stechlin\/#\/schema\/person\/3f0d93203df21c806dd63c76d9bb28bc\"},\"breadcrumb\":{\"@id\":\"https:\/\/www.naturparkmagazin.de\/stechlin\/shuttle-fuer-froesche-kroeten-und-molche\/#breadcrumb\"},\"inLanguage\":\"de\",\"potentialAction\":[{\"@type\":\"ReadAction\",\"target\":[\"https:\/\/www.naturparkmagazin.de\/stechlin\/shuttle-fuer-froesche-kroeten-und-molche\/\"]}]},{\"@type\":\"BreadcrumbList\",\"@id\":\"https:\/\/www.naturparkmagazin.de\/stechlin\/shuttle-fuer-froesche-kroeten-und-molche\/#breadcrumb\",\"itemListElement\":[{\"@type\":\"ListItem\",\"position\":1,\"name\":\"Home\",\"item\":\"https:\/\/www.naturparkmagazin.de\/stechlin\/\"},{\"@type\":\"ListItem\",\"position\":2,\"name\":\"Shuttle f\u00fcr Fr\u00f6sche, Kr\u00f6ten und Molche\"}]},{\"@type\":\"WebSite\",\"@id\":\"https:\/\/www.naturparkmagazin.de\/stechlin\/#website\",\"url\":\"https:\/\/www.naturparkmagazin.de\/stechlin\/\",\"name\":\"Naturpark Stechlin-Ruppiner Land\",\"description\":\"\",\"potentialAction\":[{\"@type\":\"SearchAction\",\"target\":{\"@type\":\"EntryPoint\",\"urlTemplate\":\"https:\/\/www.naturparkmagazin.de\/stechlin\/?s={search_term_string}\"},\"query-input\":\"required name=search_term_string\"}],\"inLanguage\":\"de\"},{\"@type\":\"Person\",\"@id\":\"https:\/\/www.naturparkmagazin.de\/stechlin\/#\/schema\/person\/3f0d93203df21c806dd63c76d9bb28bc\",\"name\":\"marioschrumpf\",\"url\":\"https:\/\/www.naturparkmagazin.de\/stechlin\/author\/marioschrumpf\/\"}]}<\/script>\n<!-- \/ Yoast SEO plugin. -->","yoast_head_json":{"title":"Shuttle f\u00fcr Fr\u00f6sche, Kr\u00f6ten und Molche - Naturpark Stechlin-Ruppiner Land","robots":{"index":"index","follow":"follow","max-snippet":"max-snippet:-1","max-image-preview":"max-image-preview:large","max-video-preview":"max-video-preview:-1"},"canonical":"https:\/\/www.naturparkmagazin.de\/stechlin\/shuttle-fuer-froesche-kroeten-und-molche\/","og_locale":"de_DE","og_type":"article","og_title":"Shuttle f\u00fcr Fr\u00f6sche, Kr\u00f6ten und Molche - Naturpark Stechlin-Ruppiner Land","og_description":"Wenn im Fr\u00fchjahr die Sonne h\u00f6her steigt und das Thermometer nach oben klettert, machen sich Fr\u00f6sche, Kr\u00f6ten &amp; Co. auf den Weg.","og_url":"https:\/\/www.naturparkmagazin.de\/stechlin\/shuttle-fuer-froesche-kroeten-und-molche\/","og_site_name":"Naturpark Stechlin-Ruppiner Land","article_published_time":"2014-03-19T12:02:18+00:00","article_modified_time":"2014-03-26T12:48:12+00:00","og_image":[{"width":500,"height":335,"url":"https:\/\/www.naturparkmagazin.de\/stechlin\/wp-content\/uploads\/sites\/38\/Amphibienzaun.jpg","type":"image\/jpeg"}],"author":"marioschrumpf","twitter_misc":{"Verfasst von":"marioschrumpf","Gesch\u00e4tzte Lesezeit":"1\u00a0Minute"},"schema":{"@context":"https:\/\/schema.org","@graph":[{"@type":"WebPage","@id":"https:\/\/www.naturparkmagazin.de\/stechlin\/shuttle-fuer-froesche-kroeten-und-molche\/","url":"https:\/\/www.naturparkmagazin.de\/stechlin\/shuttle-fuer-froesche-kroeten-und-molche\/","name":"Shuttle f\u00fcr Fr\u00f6sche, Kr\u00f6ten und Molche - Naturpark Stechlin-Ruppiner Land","isPartOf":{"@id":"https:\/\/www.naturparkmagazin.de\/stechlin\/#website"},"datePublished":"2014-03-19T12:02:18+00:00","dateModified":"2014-03-26T12:48:12+00:00","author":{"@id":"https:\/\/www.naturparkmagazin.de\/stechlin\/#\/schema\/person\/3f0d93203df21c806dd63c76d9bb28bc"},"breadcrumb":{"@id":"https:\/\/www.naturparkmagazin.de\/stechlin\/shuttle-fuer-froesche-kroeten-und-molche\/#breadcrumb"},"inLanguage":"de","potentialAction":[{"@type":"ReadAction","target":["https:\/\/www.naturparkmagazin.de\/stechlin\/shuttle-fuer-froesche-kroeten-und-molche\/"]}]},{"@type":"BreadcrumbList","@id":"https:\/\/www.naturparkmagazin.de\/stechlin\/shuttle-fuer-froesche-kroeten-und-molche\/#breadcrumb","itemListElement":[{"@type":"ListItem","position":1,"name":"Home","item":"https:\/\/www.naturparkmagazin.de\/stechlin\/"},{"@type":"ListItem","position":2,"name":"Shuttle f\u00fcr Fr\u00f6sche, Kr\u00f6ten und Molche"}]},{"@type":"WebSite","@id":"https:\/\/www.naturparkmagazin.de\/stechlin\/#website","url":"https:\/\/www.naturparkmagazin.de\/stechlin\/","name":"Naturpark Stechlin-Ruppiner Land","description":"","potentialAction":[{"@type":"SearchAction","target":{"@type":"EntryPoint","urlTemplate":"https:\/\/www.naturparkmagazin.de\/stechlin\/?s={search_term_string}"},"query-input":"required name=search_term_string"}],"inLanguage":"de"},{"@type":"Person","@id":"https:\/\/www.naturparkmagazin.de\/stechlin\/#\/schema\/person\/3f0d93203df21c806dd63c76d9bb28bc","name":"marioschrumpf","url":"https:\/\/www.naturparkmagazin.de\/stechlin\/author\/marioschrumpf\/"}]}},"_links":{"self":[{"href":"https:\/\/www.naturparkmagazin.de\/stechlin\/wp-json\/wp\/v2\/posts\/833"}],"collection":[{"href":"https:\/\/www.naturparkmagazin.de\/stechlin\/wp-json\/wp\/v2\/posts"}],"about":[{"href":"https:\/\/www.naturparkmagazin.de\/stechlin\/wp-json\/wp\/v2\/types\/post"}],"author":[{"embeddable":true,"href":"https:\/\/www.naturparkmagazin.de\/stechlin\/wp-json\/wp\/v2\/users\/39"}],"replies":[{"embeddable":true,"href":"https:\/\/www.naturparkmagazin.de\/stechlin\/wp-json\/wp\/v2\/comments?post=833"}],"version-history":[{"count":4,"href":"https:\/\/www.naturparkmagazin.de\/stechlin\/wp-json\/wp\/v2\/posts\/833\/revisions"}],"predecessor-version":[{"id":865,"href":"https:\/\/www.naturparkmagazin.de\/stechlin\/wp-json\/wp\/v2\/posts\/833\/revisions\/865"}],"wp:featuredmedia":[{"embeddable":true,"href":"https:\/\/www.naturparkmagazin.de\/stechlin\/wp-json\/wp\/v2\/media\/841"}],"wp:attachment":[{"href":"https:\/\/www.naturparkmagazin.de\/stechlin\/wp-json\/wp\/v2\/media?parent=833"}],"wp:term":[{"taxonomy":"category","embeddable":true,"href":"https:\/\/www.naturparkmagazin.de\/stechlin\/wp-json\/wp\/v2\/categories?post=833"},{"taxonomy":"post_tag","embeddable":true,"href":"https:\/\/www.naturparkmagazin.de\/stechlin\/wp-json\/wp\/v2\/tags?post=833"}],"curies":[{"name":"wp","href":"https:\/\/api.w.org\/{rel}","templated":true}]}}