{"id":8338,"date":"2019-05-16T08:17:39","date_gmt":"2019-05-16T06:17:39","guid":{"rendered":"https:\/\/www.naturparkmagazin.de\/stechlin\/?p=8338"},"modified":"2019-05-28T13:36:30","modified_gmt":"2019-05-28T11:36:30","slug":"mit-pferd-wagen-auf-fontanes-spuren","status":"publish","type":"post","link":"https:\/\/www.naturparkmagazin.de\/stechlin\/mit-pferd-wagen-auf-fontanes-spuren\/","title":{"rendered":"Mit Pferd &amp; Wagen auf Fontanes Spuren"},"content":{"rendered":"<p><a href=\"https:\/\/www.naturparkmagazin.de\/stechlin\/wp-content\/uploads\/sites\/38\/J\u00fcrgen-Strache_037.jpg\"><img decoding=\"async\" loading=\"lazy\" class=\"aligncenter size-thumbnail wp-image-8370\" src=\"https:\/\/www.naturparkmagazin.de\/stechlin\/wp-content\/uploads\/sites\/38\/J\u00fcrgen-Strache_037-300x180.jpg\" alt=\"J\u00fcrgen Strache_037\" width=\"300\" height=\"180\" srcset=\"https:\/\/www.naturparkmagazin.de\/stechlin\/wp-content\/uploads\/sites\/38\/J\u00fcrgen-Strache_037-300x180.jpg 300w, https:\/\/www.naturparkmagazin.de\/stechlin\/wp-content\/uploads\/sites\/38\/J\u00fcrgen-Strache_037.jpg 500w, https:\/\/www.naturparkmagazin.de\/stechlin\/wp-content\/uploads\/sites\/38\/J\u00fcrgen-Strache_037-200x120.jpg 200w\" sizes=\"(max-width: 300px) 100vw, 300px\" \/><\/a><\/p>\n<p>Nach der Reise erwartet Sie ein rustikales Picknick mit regionalen K\u00f6stlichkeiten, denn auch Fontane wusste Kulinarisches zu sch\u00e4tzen. <em>&#8220; &#8230; an jeder Stelle gleichen Reiz erschlie\u00dft dir die Ruppiner Schweiz.&#8220;<\/em><\/p>\n<p>Individuell buchbar f\u00fcr maximal 6 Personen<\/p>\n<p><strong>Start:<\/strong> Kremserhof Zerm\u00fctzel<\/p>\n<p><strong>Kosten:<\/strong> Kutschfahrt 2 Stunden: 170,- \u20ac<\/p>\n<p>Kutschfahrt Tagestour: 290,- \u20ac<\/p>\n<p><strong>Picknick:<\/strong> ab 7,50 \u20ac pro Person<\/p>\n<p><a href=\"https:\/\/www.naturparkmagazin.de\/stechlin\/wp-content\/uploads\/sites\/38\/Strache_Fontane-Kutsche_003-3.jpg\"><img decoding=\"async\" loading=\"lazy\" class=\"aligncenter size-thumbnail wp-image-8374\" src=\"https:\/\/www.naturparkmagazin.de\/stechlin\/wp-content\/uploads\/sites\/38\/Strache_Fontane-Kutsche_003-3-300x180.jpg\" alt=\"NP SRL\/J\u00fcrgen Strache\" width=\"300\" height=\"180\" srcset=\"https:\/\/www.naturparkmagazin.de\/stechlin\/wp-content\/uploads\/sites\/38\/Strache_Fontane-Kutsche_003-3-300x180.jpg 300w, https:\/\/www.naturparkmagazin.de\/stechlin\/wp-content\/uploads\/sites\/38\/Strache_Fontane-Kutsche_003-3.jpg 500w, https:\/\/www.naturparkmagazin.de\/stechlin\/wp-content\/uploads\/sites\/38\/Strache_Fontane-Kutsche_003-3-200x120.jpg 200w\" sizes=\"(max-width: 300px) 100vw, 300px\" \/><\/a>Bei der Tagestour besteht die M\u00f6glichkeit in der Boltenm\u00fchle einzukehren.<\/p>\n<p>Anmeldung: J\u00fcrgen Strache &#8211; zertifizierter Natur- und Landschaftsf\u00fchrer des Naturparks Stechlin-Ruppiner Land<\/p>\n<p><a href=\"http:\/\/www.Kremserhof.de\">www.Kremserhof.de<\/a>, Tel.: 0171\/1707727<\/p>\n<p>&nbsp;<\/p>\n<p>&nbsp;<\/p>\n<p>&nbsp;<\/p>\n<p>&nbsp;<\/p>\n","protected":false},"excerpt":{"rendered":"<p>Erleben Sie die urw\u00fcchsige Ruppiner Schweiz und erkunden die Wege, die Fontane in seinen Wanderungen beschreibt, mit Pferd und stilechtem Wagen.<\/p>\n","protected":false},"author":39,"featured_media":5281,"comment_status":"open","ping_status":"open","sticky":false,"template":"","format":"standard","meta":[],"categories":[7],"tags":[],"yoast_head":"<!-- This site is optimized with the Yoast SEO plugin v19.10 - https:\/\/yoast.com\/wordpress\/plugins\/seo\/ -->\n<title>Mit Pferd &amp; Wagen auf Fontanes Spuren - Naturpark Stechlin-Ruppiner Land<\/title>\n<meta name=\"robots\" content=\"index, follow, max-snippet:-1, max-image-preview:large, max-video-preview:-1\" \/>\n<link rel=\"canonical\" href=\"https:\/\/www.naturparkmagazin.de\/stechlin\/mit-pferd-wagen-auf-fontanes-spuren\/\" \/>\n<meta property=\"og:locale\" content=\"de_DE\" \/>\n<meta property=\"og:type\" content=\"article\" \/>\n<meta property=\"og:title\" content=\"Mit Pferd &amp; Wagen auf Fontanes Spuren - Naturpark Stechlin-Ruppiner Land\" \/>\n<meta property=\"og:description\" content=\"Erleben Sie die urw\u00fcchsige Ruppiner Schweiz und erkunden die Wege, die Fontane in seinen Wanderungen beschreibt, mit Pferd und stilechtem Wagen.\" \/>\n<meta property=\"og:url\" content=\"https:\/\/www.naturparkmagazin.de\/stechlin\/mit-pferd-wagen-auf-fontanes-spuren\/\" \/>\n<meta property=\"og:site_name\" content=\"Naturpark Stechlin-Ruppiner Land\" \/>\n<meta property=\"article:published_time\" content=\"2019-05-16T06:17:39+00:00\" \/>\n<meta property=\"article:modified_time\" content=\"2019-05-28T11:36:30+00:00\" \/>\n<meta property=\"og:image\" content=\"https:\/\/www.naturparkmagazin.de\/stechlin\/wp-content\/uploads\/sites\/38\/J\u00fcrgen-Strache.jpg\" \/>\n\t<meta property=\"og:image:width\" content=\"200\" \/>\n\t<meta property=\"og:image:height\" content=\"200\" \/>\n\t<meta property=\"og:image:type\" content=\"image\/jpeg\" \/>\n<meta name=\"author\" content=\"marioschrumpf\" \/>\n<meta name=\"twitter:label1\" content=\"Verfasst von\" \/>\n\t<meta name=\"twitter:data1\" content=\"marioschrumpf\" \/>\n<script type=\"application\/ld+json\" class=\"yoast-schema-graph\">{\"@context\":\"https:\/\/schema.org\",\"@graph\":[{\"@type\":\"WebPage\",\"@id\":\"https:\/\/www.naturparkmagazin.de\/stechlin\/mit-pferd-wagen-auf-fontanes-spuren\/\",\"url\":\"https:\/\/www.naturparkmagazin.de\/stechlin\/mit-pferd-wagen-auf-fontanes-spuren\/\",\"name\":\"Mit Pferd &amp; Wagen auf Fontanes Spuren - Naturpark Stechlin-Ruppiner Land\",\"isPartOf\":{\"@id\":\"https:\/\/www.naturparkmagazin.de\/stechlin\/#website\"},\"datePublished\":\"2019-05-16T06:17:39+00:00\",\"dateModified\":\"2019-05-28T11:36:30+00:00\",\"author\":{\"@id\":\"https:\/\/www.naturparkmagazin.de\/stechlin\/#\/schema\/person\/3f0d93203df21c806dd63c76d9bb28bc\"},\"breadcrumb\":{\"@id\":\"https:\/\/www.naturparkmagazin.de\/stechlin\/mit-pferd-wagen-auf-fontanes-spuren\/#breadcrumb\"},\"inLanguage\":\"de\",\"potentialAction\":[{\"@type\":\"ReadAction\",\"target\":[\"https:\/\/www.naturparkmagazin.de\/stechlin\/mit-pferd-wagen-auf-fontanes-spuren\/\"]}]},{\"@type\":\"BreadcrumbList\",\"@id\":\"https:\/\/www.naturparkmagazin.de\/stechlin\/mit-pferd-wagen-auf-fontanes-spuren\/#breadcrumb\",\"itemListElement\":[{\"@type\":\"ListItem\",\"position\":1,\"name\":\"Home\",\"item\":\"https:\/\/www.naturparkmagazin.de\/stechlin\/\"},{\"@type\":\"ListItem\",\"position\":2,\"name\":\"Mit Pferd &amp; Wagen auf Fontanes Spuren\"}]},{\"@type\":\"WebSite\",\"@id\":\"https:\/\/www.naturparkmagazin.de\/stechlin\/#website\",\"url\":\"https:\/\/www.naturparkmagazin.de\/stechlin\/\",\"name\":\"Naturpark Stechlin-Ruppiner Land\",\"description\":\"\",\"potentialAction\":[{\"@type\":\"SearchAction\",\"target\":{\"@type\":\"EntryPoint\",\"urlTemplate\":\"https:\/\/www.naturparkmagazin.de\/stechlin\/?s={search_term_string}\"},\"query-input\":\"required name=search_term_string\"}],\"inLanguage\":\"de\"},{\"@type\":\"Person\",\"@id\":\"https:\/\/www.naturparkmagazin.de\/stechlin\/#\/schema\/person\/3f0d93203df21c806dd63c76d9bb28bc\",\"name\":\"marioschrumpf\",\"url\":\"https:\/\/www.naturparkmagazin.de\/stechlin\/author\/marioschrumpf\/\"}]}<\/script>\n<!-- \/ Yoast SEO plugin. -->","yoast_head_json":{"title":"Mit Pferd &amp; Wagen auf Fontanes Spuren - Naturpark Stechlin-Ruppiner Land","robots":{"index":"index","follow":"follow","max-snippet":"max-snippet:-1","max-image-preview":"max-image-preview:large","max-video-preview":"max-video-preview:-1"},"canonical":"https:\/\/www.naturparkmagazin.de\/stechlin\/mit-pferd-wagen-auf-fontanes-spuren\/","og_locale":"de_DE","og_type":"article","og_title":"Mit Pferd &amp; Wagen auf Fontanes Spuren - Naturpark Stechlin-Ruppiner Land","og_description":"Erleben Sie die urw\u00fcchsige Ruppiner Schweiz und erkunden die Wege, die Fontane in seinen Wanderungen beschreibt, mit Pferd und stilechtem Wagen.","og_url":"https:\/\/www.naturparkmagazin.de\/stechlin\/mit-pferd-wagen-auf-fontanes-spuren\/","og_site_name":"Naturpark Stechlin-Ruppiner Land","article_published_time":"2019-05-16T06:17:39+00:00","article_modified_time":"2019-05-28T11:36:30+00:00","og_image":[{"width":200,"height":200,"url":"https:\/\/www.naturparkmagazin.de\/stechlin\/wp-content\/uploads\/sites\/38\/J\u00fcrgen-Strache.jpg","type":"image\/jpeg"}],"author":"marioschrumpf","twitter_misc":{"Verfasst von":"marioschrumpf"},"schema":{"@context":"https:\/\/schema.org","@graph":[{"@type":"WebPage","@id":"https:\/\/www.naturparkmagazin.de\/stechlin\/mit-pferd-wagen-auf-fontanes-spuren\/","url":"https:\/\/www.naturparkmagazin.de\/stechlin\/mit-pferd-wagen-auf-fontanes-spuren\/","name":"Mit Pferd &amp; Wagen auf Fontanes Spuren - Naturpark Stechlin-Ruppiner Land","isPartOf":{"@id":"https:\/\/www.naturparkmagazin.de\/stechlin\/#website"},"datePublished":"2019-05-16T06:17:39+00:00","dateModified":"2019-05-28T11:36:30+00:00","author":{"@id":"https:\/\/www.naturparkmagazin.de\/stechlin\/#\/schema\/person\/3f0d93203df21c806dd63c76d9bb28bc"},"breadcrumb":{"@id":"https:\/\/www.naturparkmagazin.de\/stechlin\/mit-pferd-wagen-auf-fontanes-spuren\/#breadcrumb"},"inLanguage":"de","potentialAction":[{"@type":"ReadAction","target":["https:\/\/www.naturparkmagazin.de\/stechlin\/mit-pferd-wagen-auf-fontanes-spuren\/"]}]},{"@type":"BreadcrumbList","@id":"https:\/\/www.naturparkmagazin.de\/stechlin\/mit-pferd-wagen-auf-fontanes-spuren\/#breadcrumb","itemListElement":[{"@type":"ListItem","position":1,"name":"Home","item":"https:\/\/www.naturparkmagazin.de\/stechlin\/"},{"@type":"ListItem","position":2,"name":"Mit Pferd &amp; Wagen auf Fontanes Spuren"}]},{"@type":"WebSite","@id":"https:\/\/www.naturparkmagazin.de\/stechlin\/#website","url":"https:\/\/www.naturparkmagazin.de\/stechlin\/","name":"Naturpark Stechlin-Ruppiner Land","description":"","potentialAction":[{"@type":"SearchAction","target":{"@type":"EntryPoint","urlTemplate":"https:\/\/www.naturparkmagazin.de\/stechlin\/?s={search_term_string}"},"query-input":"required name=search_term_string"}],"inLanguage":"de"},{"@type":"Person","@id":"https:\/\/www.naturparkmagazin.de\/stechlin\/#\/schema\/person\/3f0d93203df21c806dd63c76d9bb28bc","name":"marioschrumpf","url":"https:\/\/www.naturparkmagazin.de\/stechlin\/author\/marioschrumpf\/"}]}},"_links":{"self":[{"href":"https:\/\/www.naturparkmagazin.de\/stechlin\/wp-json\/wp\/v2\/posts\/8338"}],"collection":[{"href":"https:\/\/www.naturparkmagazin.de\/stechlin\/wp-json\/wp\/v2\/posts"}],"about":[{"href":"https:\/\/www.naturparkmagazin.de\/stechlin\/wp-json\/wp\/v2\/types\/post"}],"author":[{"embeddable":true,"href":"https:\/\/www.naturparkmagazin.de\/stechlin\/wp-json\/wp\/v2\/users\/39"}],"replies":[{"embeddable":true,"href":"https:\/\/www.naturparkmagazin.de\/stechlin\/wp-json\/wp\/v2\/comments?post=8338"}],"version-history":[{"count":6,"href":"https:\/\/www.naturparkmagazin.de\/stechlin\/wp-json\/wp\/v2\/posts\/8338\/revisions"}],"predecessor-version":[{"id":8392,"href":"https:\/\/www.naturparkmagazin.de\/stechlin\/wp-json\/wp\/v2\/posts\/8338\/revisions\/8392"}],"wp:featuredmedia":[{"embeddable":true,"href":"https:\/\/www.naturparkmagazin.de\/stechlin\/wp-json\/wp\/v2\/media\/5281"}],"wp:attachment":[{"href":"https:\/\/www.naturparkmagazin.de\/stechlin\/wp-json\/wp\/v2\/media?parent=8338"}],"wp:term":[{"taxonomy":"category","embeddable":true,"href":"https:\/\/www.naturparkmagazin.de\/stechlin\/wp-json\/wp\/v2\/categories?post=8338"},{"taxonomy":"post_tag","embeddable":true,"href":"https:\/\/www.naturparkmagazin.de\/stechlin\/wp-json\/wp\/v2\/tags?post=8338"}],"curies":[{"name":"wp","href":"https:\/\/api.w.org\/{rel}","templated":true}]}}