{"id":8345,"date":"2020-01-16T09:06:41","date_gmt":"2020-01-16T08:06:41","guid":{"rendered":"https:\/\/www.naturparkmagazin.de\/stechlin\/?p=8345"},"modified":"2020-01-23T16:53:22","modified_gmt":"2020-01-23T15:53:22","slug":"bewusst-zu-gast-nachhaltiger-tourismus-im-naturpark-stechlin-ruppiner-land","status":"publish","type":"post","link":"https:\/\/www.naturparkmagazin.de\/stechlin\/bewusst-zu-gast-nachhaltiger-tourismus-im-naturpark-stechlin-ruppiner-land\/","title":{"rendered":"Bewusst zu Gast &#8211; nachhaltiger Tourismus im Naturpark Stechlin-Ruppiner Land"},"content":{"rendered":"<p><a href=\"https:\/\/www.naturparkmagazin.de\/stechlin\/wp-content\/uploads\/sites\/38\/IMG_1892_Sebastian-Zoepp_500x300.jpg\"><img decoding=\"async\" loading=\"lazy\" class=\"aligncenter size-thumbnail wp-image-8348\" src=\"https:\/\/www.naturparkmagazin.de\/stechlin\/wp-content\/uploads\/sites\/38\/IMG_1892_Sebastian-Zoepp_500x300-300x180.jpg\" alt=\"NP SRL\/Sebastian Zoepp\" width=\"300\" height=\"180\" srcset=\"https:\/\/www.naturparkmagazin.de\/stechlin\/wp-content\/uploads\/sites\/38\/IMG_1892_Sebastian-Zoepp_500x300-300x180.jpg 300w, https:\/\/www.naturparkmagazin.de\/stechlin\/wp-content\/uploads\/sites\/38\/IMG_1892_Sebastian-Zoepp_500x300.jpg 500w, https:\/\/www.naturparkmagazin.de\/stechlin\/wp-content\/uploads\/sites\/38\/IMG_1892_Sebastian-Zoepp_500x300-200x120.jpg 200w\" sizes=\"(max-width: 300px) 100vw, 300px\" \/><\/a><\/p>\n<p>Der Gast in einem Gro\u00dfschutzgebiet m\u00f6chte, wenn er sich in der Natur erholt, ein gutes Gef\u00fchl haben. Dieses Gef\u00fchl k\u00f6nnen Anbieter durch ganz einfache Ma\u00dfnahmen schaffen. Regionale Produkte, Engagement f\u00fcr und Wissen \u00fcber die Natur, M\u00fcllvermeidung, \u00f6kologisches Bauen und nachhaltige Ausstattung sind nur einige Beispiele, die f\u00fcr die Wahl des Urlaubsortes eines Gast wichtig sind.<\/p>\n<p>Bereits in 2019\u00a0fand in Himmelpfort eine Schulung f\u00fcr Touristiker mit dem Titel &#8222;Bewusst zu Gast &#8211; nachhaltiger Tourismus in den Naturparken Uckerm\u00e4rkische Seen und Stechlin-Ruppiner Land&#8220; statt.<\/p>\n<p><a href=\"https:\/\/www.naturparkmagazin.de\/stechlin\/wp-content\/uploads\/sites\/38\/IMG_1835_Sebastian-Zoepp_500x300.jpg\"><img decoding=\"async\" loading=\"lazy\" class=\"aligncenter size-thumbnail wp-image-8347\" src=\"https:\/\/www.naturparkmagazin.de\/stechlin\/wp-content\/uploads\/sites\/38\/IMG_1835_Sebastian-Zoepp_500x300-300x180.jpg\" alt=\"NP SRL\/Sebastian Zoepp\" width=\"300\" height=\"180\" srcset=\"https:\/\/www.naturparkmagazin.de\/stechlin\/wp-content\/uploads\/sites\/38\/IMG_1835_Sebastian-Zoepp_500x300-300x180.jpg 300w, https:\/\/www.naturparkmagazin.de\/stechlin\/wp-content\/uploads\/sites\/38\/IMG_1835_Sebastian-Zoepp_500x300.jpg 500w, https:\/\/www.naturparkmagazin.de\/stechlin\/wp-content\/uploads\/sites\/38\/IMG_1835_Sebastian-Zoepp_500x300-200x120.jpg 200w\" sizes=\"(max-width: 300px) 100vw, 300px\" \/><\/a><\/p>\n<p>Im Fr\u00fchjahr 2020 wird die Schulung ein zweites mal angeboten.<\/p>\n<p>Das Angebot richtet sich an alle Touristiker: Unternehmen, Mitarbeitet, Institutionen, Verb\u00e4nde und Tourismusvereine &#8211; alle Branchen sind herzlich willkommen!<\/p>\n<p>&nbsp;<\/p>\n<p>Hier finden Sie die Termine der f\u00fcnf Module:<\/p>\n<p>13.2.2020 &#8211; Modul 1: Grundlagen des nachhaltigen Tourismus<\/p>\n<p>20.2.2020 &#8211; Modul 2: Entwicklung nachhaltiger Tourismusangebote in Schutzgebieten<\/p>\n<p>27.2.2020 &#8211; Modul 3: Nachhaltige Beschaffung und Verpflegung<\/p>\n<p>12.3.2020 &#8211; Modul 4: Vermarktung nachhaltiger Tourismusprodukte<\/p>\n<p>19.2.2020 &#8211; Modul 5: Pr\u00e4sentation und Einzelberatung<\/p>\n<p>&nbsp;<\/p>\n<p>Kursort wird wieder die M\u00fchle Himmelpfort sein. Die Anmeldung zu dieser Schulung ist ab sofort m\u00f6glich.<\/p>\n<p>F\u00fcr detaillierte Nachfragen und Austausch zum Projekt und den einzelnen Formaten steht Tilmann Kunowski (Bewusst zu Gast-Projekt Koordinator Uckermark) zur Verf\u00fcgung:<\/p>\n<p><span style=\"text-decoration: underline\">Projektkoordination Uckermark<\/span><\/p>\n<p>M\u00fchle Himmelpfort<\/p>\n<p>Ansprechpartner: Tilman Kunowski<\/p>\n<p>Telefon: 033089.438990<\/p>\n<p>E-Mail: <a href=\"mailto:kunowski@bewusstzugast.de\">kunowski@bewusstzugast.de<\/a><\/p>\n<p>Weitere Infos: <a href=\"http:\/\/www.bewusstzugast.de\">www.bewusstzugast.de<\/a><\/p>\n","protected":false},"excerpt":{"rendered":"<p>Im Fr\u00fchjahr 2020 wird die bereits in 2019 angebotene Schulung f\u00fcr Touristiker zum nachhaltigen Tourismus wiederholt.<\/p>\n","protected":false},"author":39,"featured_media":8346,"comment_status":"open","ping_status":"open","sticky":false,"template":"","format":"standard","meta":[],"categories":[11],"tags":[],"yoast_head":"<!-- This site is optimized with the Yoast SEO plugin v19.10 - https:\/\/yoast.com\/wordpress\/plugins\/seo\/ -->\n<title>Bewusst zu Gast - nachhaltiger Tourismus im Naturpark Stechlin-Ruppiner Land - Naturpark Stechlin-Ruppiner Land<\/title>\n<meta name=\"robots\" content=\"index, follow, max-snippet:-1, max-image-preview:large, max-video-preview:-1\" \/>\n<link rel=\"canonical\" href=\"https:\/\/www.naturparkmagazin.de\/stechlin\/bewusst-zu-gast-nachhaltiger-tourismus-im-naturpark-stechlin-ruppiner-land\/\" \/>\n<meta property=\"og:locale\" content=\"de_DE\" \/>\n<meta property=\"og:type\" content=\"article\" \/>\n<meta property=\"og:title\" content=\"Bewusst zu Gast - nachhaltiger Tourismus im Naturpark Stechlin-Ruppiner Land - Naturpark Stechlin-Ruppiner Land\" \/>\n<meta property=\"og:description\" content=\"Im Fr\u00fchjahr 2020 wird die bereits in 2019 angebotene Schulung f\u00fcr Touristiker zum nachhaltigen Tourismus wiederholt.\" \/>\n<meta property=\"og:url\" content=\"https:\/\/www.naturparkmagazin.de\/stechlin\/bewusst-zu-gast-nachhaltiger-tourismus-im-naturpark-stechlin-ruppiner-land\/\" \/>\n<meta property=\"og:site_name\" content=\"Naturpark Stechlin-Ruppiner Land\" \/>\n<meta property=\"article:published_time\" content=\"2020-01-16T08:06:41+00:00\" \/>\n<meta property=\"article:modified_time\" content=\"2020-01-23T15:53:22+00:00\" \/>\n<meta property=\"og:image\" content=\"https:\/\/www.naturparkmagazin.de\/stechlin\/wp-content\/uploads\/sites\/38\/IMG_1892_Sebastian-Zoepp_200x200.jpg\" \/>\n\t<meta property=\"og:image:width\" content=\"200\" \/>\n\t<meta property=\"og:image:height\" content=\"200\" \/>\n\t<meta property=\"og:image:type\" content=\"image\/jpeg\" \/>\n<meta name=\"author\" content=\"marioschrumpf\" \/>\n<meta name=\"twitter:label1\" content=\"Verfasst von\" \/>\n\t<meta name=\"twitter:data1\" content=\"marioschrumpf\" \/>\n\t<meta name=\"twitter:label2\" content=\"Gesch\u00e4tzte Lesezeit\" \/>\n\t<meta name=\"twitter:data2\" content=\"1\u00a0Minute\" \/>\n<script type=\"application\/ld+json\" class=\"yoast-schema-graph\">{\"@context\":\"https:\/\/schema.org\",\"@graph\":[{\"@type\":\"WebPage\",\"@id\":\"https:\/\/www.naturparkmagazin.de\/stechlin\/bewusst-zu-gast-nachhaltiger-tourismus-im-naturpark-stechlin-ruppiner-land\/\",\"url\":\"https:\/\/www.naturparkmagazin.de\/stechlin\/bewusst-zu-gast-nachhaltiger-tourismus-im-naturpark-stechlin-ruppiner-land\/\",\"name\":\"Bewusst zu Gast - nachhaltiger Tourismus im Naturpark Stechlin-Ruppiner Land - Naturpark Stechlin-Ruppiner Land\",\"isPartOf\":{\"@id\":\"https:\/\/www.naturparkmagazin.de\/stechlin\/#website\"},\"datePublished\":\"2020-01-16T08:06:41+00:00\",\"dateModified\":\"2020-01-23T15:53:22+00:00\",\"author\":{\"@id\":\"https:\/\/www.naturparkmagazin.de\/stechlin\/#\/schema\/person\/3f0d93203df21c806dd63c76d9bb28bc\"},\"breadcrumb\":{\"@id\":\"https:\/\/www.naturparkmagazin.de\/stechlin\/bewusst-zu-gast-nachhaltiger-tourismus-im-naturpark-stechlin-ruppiner-land\/#breadcrumb\"},\"inLanguage\":\"de\",\"potentialAction\":[{\"@type\":\"ReadAction\",\"target\":[\"https:\/\/www.naturparkmagazin.de\/stechlin\/bewusst-zu-gast-nachhaltiger-tourismus-im-naturpark-stechlin-ruppiner-land\/\"]}]},{\"@type\":\"BreadcrumbList\",\"@id\":\"https:\/\/www.naturparkmagazin.de\/stechlin\/bewusst-zu-gast-nachhaltiger-tourismus-im-naturpark-stechlin-ruppiner-land\/#breadcrumb\",\"itemListElement\":[{\"@type\":\"ListItem\",\"position\":1,\"name\":\"Home\",\"item\":\"https:\/\/www.naturparkmagazin.de\/stechlin\/\"},{\"@type\":\"ListItem\",\"position\":2,\"name\":\"Bewusst zu Gast &#8211; nachhaltiger Tourismus im Naturpark Stechlin-Ruppiner Land\"}]},{\"@type\":\"WebSite\",\"@id\":\"https:\/\/www.naturparkmagazin.de\/stechlin\/#website\",\"url\":\"https:\/\/www.naturparkmagazin.de\/stechlin\/\",\"name\":\"Naturpark Stechlin-Ruppiner Land\",\"description\":\"\",\"potentialAction\":[{\"@type\":\"SearchAction\",\"target\":{\"@type\":\"EntryPoint\",\"urlTemplate\":\"https:\/\/www.naturparkmagazin.de\/stechlin\/?s={search_term_string}\"},\"query-input\":\"required name=search_term_string\"}],\"inLanguage\":\"de\"},{\"@type\":\"Person\",\"@id\":\"https:\/\/www.naturparkmagazin.de\/stechlin\/#\/schema\/person\/3f0d93203df21c806dd63c76d9bb28bc\",\"name\":\"marioschrumpf\",\"url\":\"https:\/\/www.naturparkmagazin.de\/stechlin\/author\/marioschrumpf\/\"}]}<\/script>\n<!-- \/ Yoast SEO plugin. -->","yoast_head_json":{"title":"Bewusst zu Gast - nachhaltiger Tourismus im Naturpark Stechlin-Ruppiner Land - Naturpark Stechlin-Ruppiner Land","robots":{"index":"index","follow":"follow","max-snippet":"max-snippet:-1","max-image-preview":"max-image-preview:large","max-video-preview":"max-video-preview:-1"},"canonical":"https:\/\/www.naturparkmagazin.de\/stechlin\/bewusst-zu-gast-nachhaltiger-tourismus-im-naturpark-stechlin-ruppiner-land\/","og_locale":"de_DE","og_type":"article","og_title":"Bewusst zu Gast - nachhaltiger Tourismus im Naturpark Stechlin-Ruppiner Land - Naturpark Stechlin-Ruppiner Land","og_description":"Im Fr\u00fchjahr 2020 wird die bereits in 2019 angebotene Schulung f\u00fcr Touristiker zum nachhaltigen Tourismus wiederholt.","og_url":"https:\/\/www.naturparkmagazin.de\/stechlin\/bewusst-zu-gast-nachhaltiger-tourismus-im-naturpark-stechlin-ruppiner-land\/","og_site_name":"Naturpark Stechlin-Ruppiner Land","article_published_time":"2020-01-16T08:06:41+00:00","article_modified_time":"2020-01-23T15:53:22+00:00","og_image":[{"width":200,"height":200,"url":"https:\/\/www.naturparkmagazin.de\/stechlin\/wp-content\/uploads\/sites\/38\/IMG_1892_Sebastian-Zoepp_200x200.jpg","type":"image\/jpeg"}],"author":"marioschrumpf","twitter_misc":{"Verfasst von":"marioschrumpf","Gesch\u00e4tzte Lesezeit":"1\u00a0Minute"},"schema":{"@context":"https:\/\/schema.org","@graph":[{"@type":"WebPage","@id":"https:\/\/www.naturparkmagazin.de\/stechlin\/bewusst-zu-gast-nachhaltiger-tourismus-im-naturpark-stechlin-ruppiner-land\/","url":"https:\/\/www.naturparkmagazin.de\/stechlin\/bewusst-zu-gast-nachhaltiger-tourismus-im-naturpark-stechlin-ruppiner-land\/","name":"Bewusst zu Gast - nachhaltiger Tourismus im Naturpark Stechlin-Ruppiner Land - Naturpark Stechlin-Ruppiner Land","isPartOf":{"@id":"https:\/\/www.naturparkmagazin.de\/stechlin\/#website"},"datePublished":"2020-01-16T08:06:41+00:00","dateModified":"2020-01-23T15:53:22+00:00","author":{"@id":"https:\/\/www.naturparkmagazin.de\/stechlin\/#\/schema\/person\/3f0d93203df21c806dd63c76d9bb28bc"},"breadcrumb":{"@id":"https:\/\/www.naturparkmagazin.de\/stechlin\/bewusst-zu-gast-nachhaltiger-tourismus-im-naturpark-stechlin-ruppiner-land\/#breadcrumb"},"inLanguage":"de","potentialAction":[{"@type":"ReadAction","target":["https:\/\/www.naturparkmagazin.de\/stechlin\/bewusst-zu-gast-nachhaltiger-tourismus-im-naturpark-stechlin-ruppiner-land\/"]}]},{"@type":"BreadcrumbList","@id":"https:\/\/www.naturparkmagazin.de\/stechlin\/bewusst-zu-gast-nachhaltiger-tourismus-im-naturpark-stechlin-ruppiner-land\/#breadcrumb","itemListElement":[{"@type":"ListItem","position":1,"name":"Home","item":"https:\/\/www.naturparkmagazin.de\/stechlin\/"},{"@type":"ListItem","position":2,"name":"Bewusst zu Gast &#8211; nachhaltiger Tourismus im Naturpark Stechlin-Ruppiner Land"}]},{"@type":"WebSite","@id":"https:\/\/www.naturparkmagazin.de\/stechlin\/#website","url":"https:\/\/www.naturparkmagazin.de\/stechlin\/","name":"Naturpark Stechlin-Ruppiner Land","description":"","potentialAction":[{"@type":"SearchAction","target":{"@type":"EntryPoint","urlTemplate":"https:\/\/www.naturparkmagazin.de\/stechlin\/?s={search_term_string}"},"query-input":"required name=search_term_string"}],"inLanguage":"de"},{"@type":"Person","@id":"https:\/\/www.naturparkmagazin.de\/stechlin\/#\/schema\/person\/3f0d93203df21c806dd63c76d9bb28bc","name":"marioschrumpf","url":"https:\/\/www.naturparkmagazin.de\/stechlin\/author\/marioschrumpf\/"}]}},"_links":{"self":[{"href":"https:\/\/www.naturparkmagazin.de\/stechlin\/wp-json\/wp\/v2\/posts\/8345"}],"collection":[{"href":"https:\/\/www.naturparkmagazin.de\/stechlin\/wp-json\/wp\/v2\/posts"}],"about":[{"href":"https:\/\/www.naturparkmagazin.de\/stechlin\/wp-json\/wp\/v2\/types\/post"}],"author":[{"embeddable":true,"href":"https:\/\/www.naturparkmagazin.de\/stechlin\/wp-json\/wp\/v2\/users\/39"}],"replies":[{"embeddable":true,"href":"https:\/\/www.naturparkmagazin.de\/stechlin\/wp-json\/wp\/v2\/comments?post=8345"}],"version-history":[{"count":8,"href":"https:\/\/www.naturparkmagazin.de\/stechlin\/wp-json\/wp\/v2\/posts\/8345\/revisions"}],"predecessor-version":[{"id":9180,"href":"https:\/\/www.naturparkmagazin.de\/stechlin\/wp-json\/wp\/v2\/posts\/8345\/revisions\/9180"}],"wp:featuredmedia":[{"embeddable":true,"href":"https:\/\/www.naturparkmagazin.de\/stechlin\/wp-json\/wp\/v2\/media\/8346"}],"wp:attachment":[{"href":"https:\/\/www.naturparkmagazin.de\/stechlin\/wp-json\/wp\/v2\/media?parent=8345"}],"wp:term":[{"taxonomy":"category","embeddable":true,"href":"https:\/\/www.naturparkmagazin.de\/stechlin\/wp-json\/wp\/v2\/categories?post=8345"},{"taxonomy":"post_tag","embeddable":true,"href":"https:\/\/www.naturparkmagazin.de\/stechlin\/wp-json\/wp\/v2\/tags?post=8345"}],"curies":[{"name":"wp","href":"https:\/\/api.w.org\/{rel}","templated":true}]}}