{"id":8352,"date":"2019-05-16T09:28:02","date_gmt":"2019-05-16T07:28:02","guid":{"rendered":"https:\/\/www.naturparkmagazin.de\/stechlin\/?p=8352"},"modified":"2025-06-19T13:49:52","modified_gmt":"2025-06-19T11:49:52","slug":"foto-ausstellung-mensch-und-tier-noch-bis-zum-16-juni-zu-sehen","status":"publish","type":"post","link":"https:\/\/www.naturparkmagazin.de\/stechlin\/foto-ausstellung-mensch-und-tier-noch-bis-zum-16-juni-zu-sehen\/","title":{"rendered":"Foto-Ausstellung &#8222;Mensch und Tier&#8220; noch bis zum 16. Juni zu sehen (2019)"},"content":{"rendered":"<div id=\"attachment_8353\" style=\"width: 310px\" class=\"wp-caption aligncenter\"><a href=\"https:\/\/www.naturparkmagazin.de\/stechlin\/wp-content\/uploads\/sites\/38\/Michelle-Puls-Paul-Elste14.jpg\"><img aria-describedby=\"caption-attachment-8353\" decoding=\"async\" loading=\"lazy\" class=\"size-thumbnail wp-image-8353\" src=\"https:\/\/www.naturparkmagazin.de\/stechlin\/wp-content\/uploads\/sites\/38\/Michelle-Puls-Paul-Elste14-300x180.jpg\" alt=\"Michelle Puls und Paul Elste (rechts im Bild) berichten den G\u00e4sten der Ausstellungser\u00f6ffnung \u00fcber ihr Engagement f\u00fcr den Tierschutz.\" width=\"300\" height=\"180\" srcset=\"https:\/\/www.naturparkmagazin.de\/stechlin\/wp-content\/uploads\/sites\/38\/Michelle-Puls-Paul-Elste14-300x180.jpg 300w, https:\/\/www.naturparkmagazin.de\/stechlin\/wp-content\/uploads\/sites\/38\/Michelle-Puls-Paul-Elste14.jpg 500w, https:\/\/www.naturparkmagazin.de\/stechlin\/wp-content\/uploads\/sites\/38\/Michelle-Puls-Paul-Elste14-200x120.jpg 200w\" sizes=\"(max-width: 300px) 100vw, 300px\" \/><\/a><p id=\"caption-attachment-8353\" class=\"wp-caption-text\">Michelle Puls und Paul Elste (rechts im Bild) berichten den G\u00e4sten der Ausstellungser\u00f6ffnung \u00fcber ihr Engagement f\u00fcr den Tierschutz.<\/p><\/div>\n<p>&nbsp;<\/p>\n<p>Michelle Puls und Paul Elste engagieren sich in ihrer Freizeit f\u00fcr den Tierschutz im Landkreis Oberhavel. Mit der Kamera haben die beiden Sch\u00fcler ihre Bem\u00fchungen festgehalten.<\/p>\n<div id=\"attachment_8355\" style=\"width: 310px\" class=\"wp-caption aligncenter\"><a href=\"https:\/\/www.naturparkmagazin.de\/stechlin\/wp-content\/uploads\/sites\/38\/putenmast-2018_Puls-Elste.jpg\"><img aria-describedby=\"caption-attachment-8355\" decoding=\"async\" loading=\"lazy\" class=\"size-thumbnail wp-image-8355\" src=\"https:\/\/www.naturparkmagazin.de\/stechlin\/wp-content\/uploads\/sites\/38\/putenmast-2018_Puls-Elste-300x180.jpg\" alt=\"Puten in Massentierhaltung\" width=\"300\" height=\"180\" srcset=\"https:\/\/www.naturparkmagazin.de\/stechlin\/wp-content\/uploads\/sites\/38\/putenmast-2018_Puls-Elste-300x180.jpg 300w, https:\/\/www.naturparkmagazin.de\/stechlin\/wp-content\/uploads\/sites\/38\/putenmast-2018_Puls-Elste.jpg 500w, https:\/\/www.naturparkmagazin.de\/stechlin\/wp-content\/uploads\/sites\/38\/putenmast-2018_Puls-Elste-200x120.jpg 200w\" sizes=\"(max-width: 300px) 100vw, 300px\" \/><\/a><p id=\"caption-attachment-8355\" class=\"wp-caption-text\">Puten in Massentierhaltung<\/p><\/div>\n<p>Beiden ist es wichtig, zu zeigen, wie der Mensch mit Tieren umgeht. Diese haben sie in ihrem privaten Zuhause, im Tierheim und in der Massentierhaltung in Bildern festgehalten.<\/p>\n<p>Michelle und Paul, beide Sch\u00fcler der 10.Klasse der Werner-von-Siemens-Oberschule Gransee, engagieren sich schon lange f\u00fcr den Tierschutz. Sie geh\u00f6ren zur Jugendtierschutzgruppe Oberhavel. Einmal in der Woche unterst\u00fctzen sie die Mitarbeiter des Tierheims Tornow bei der Pflege und Besch\u00e4ftigung der dortigen Sch\u00fctzlinge.<\/p>\n<div id=\"attachment_8354\" style=\"width: 310px\" class=\"wp-caption aligncenter\"><a href=\"https:\/\/www.naturparkmagazin.de\/stechlin\/wp-content\/uploads\/sites\/38\/Paul-Elste-201911.jpg\"><img aria-describedby=\"caption-attachment-8354\" decoding=\"async\" loading=\"lazy\" class=\"size-thumbnail wp-image-8354\" src=\"https:\/\/www.naturparkmagazin.de\/stechlin\/wp-content\/uploads\/sites\/38\/Paul-Elste-201911-300x180.jpg\" alt=\"F\u00fcr Paul Elste ist es bereits die zweite Ausstellung in der Regionalwerkstatt Stechlin.\" width=\"300\" height=\"180\" srcset=\"https:\/\/www.naturparkmagazin.de\/stechlin\/wp-content\/uploads\/sites\/38\/Paul-Elste-201911-300x180.jpg 300w, https:\/\/www.naturparkmagazin.de\/stechlin\/wp-content\/uploads\/sites\/38\/Paul-Elste-201911.jpg 500w, https:\/\/www.naturparkmagazin.de\/stechlin\/wp-content\/uploads\/sites\/38\/Paul-Elste-201911-200x120.jpg 200w\" sizes=\"(max-width: 300px) 100vw, 300px\" \/><\/a><p id=\"caption-attachment-8354\" class=\"wp-caption-text\">F\u00fcr Paul Elste ist es bereits die zweite Ausstellung in der Regionalwerkstatt Stechlin.<\/p><\/div>\n<p>F\u00fcr Paul Elste ist es nicht die erste Ausstellung im Naturpark Stechlin-Ruppiner Land. 2016 gab er Einblicke in die Tier-und Pflanzenvielfalt des Naturparks Stechlin.<\/p>\n<p>Die Ausstellung ist noch bis zum 16. Juni in der Regionalwerkstatt Stechlin in Menz zu sehen. Der Eintritt ist frei! Bitte im gegen\u00fcberliegenden NaturParkHaus melden.<\/p>\n<p>Herzlich willkommen!<\/p>\n","protected":false},"excerpt":{"rendered":"<p>Am 8. Mai wurde in der Regionalwerkstatt Stechlin in Menz die Fotoausstellung &#8222;Mensch und Tier&#8220; er\u00f6ffnet.<\/p>\n","protected":false},"author":39,"featured_media":8356,"comment_status":"open","ping_status":"open","sticky":false,"template":"","format":"standard","meta":[],"categories":[11],"tags":[],"yoast_head":"<!-- This site is optimized with the Yoast SEO plugin v19.10 - https:\/\/yoast.com\/wordpress\/plugins\/seo\/ -->\n<title>Foto-Ausstellung &quot;Mensch und Tier&quot; noch bis zum 16. Juni zu sehen (2019) - Naturpark Stechlin-Ruppiner Land<\/title>\n<meta name=\"robots\" content=\"index, follow, max-snippet:-1, max-image-preview:large, max-video-preview:-1\" \/>\n<link rel=\"canonical\" href=\"https:\/\/www.naturparkmagazin.de\/stechlin\/foto-ausstellung-mensch-und-tier-noch-bis-zum-16-juni-zu-sehen\/\" \/>\n<meta property=\"og:locale\" content=\"de_DE\" \/>\n<meta property=\"og:type\" content=\"article\" \/>\n<meta property=\"og:title\" content=\"Foto-Ausstellung &quot;Mensch und Tier&quot; noch bis zum 16. Juni zu sehen (2019) - Naturpark Stechlin-Ruppiner Land\" \/>\n<meta property=\"og:description\" content=\"Am 8. Mai wurde in der Regionalwerkstatt Stechlin in Menz die Fotoausstellung &quot;Mensch und Tier&quot; er\u00f6ffnet.\" \/>\n<meta property=\"og:url\" content=\"https:\/\/www.naturparkmagazin.de\/stechlin\/foto-ausstellung-mensch-und-tier-noch-bis-zum-16-juni-zu-sehen\/\" \/>\n<meta property=\"og:site_name\" content=\"Naturpark Stechlin-Ruppiner Land\" \/>\n<meta property=\"article:published_time\" content=\"2019-05-16T07:28:02+00:00\" \/>\n<meta property=\"article:modified_time\" content=\"2025-06-19T11:49:52+00:00\" \/>\n<meta property=\"og:image\" content=\"https:\/\/www.naturparkmagazin.de\/stechlin\/wp-content\/uploads\/sites\/38\/Hund_Elste-Puls.jpg\" \/>\n\t<meta property=\"og:image:width\" content=\"200\" \/>\n\t<meta property=\"og:image:height\" content=\"200\" \/>\n\t<meta property=\"og:image:type\" content=\"image\/jpeg\" \/>\n<meta name=\"author\" content=\"marioschrumpf\" \/>\n<meta name=\"twitter:label1\" content=\"Verfasst von\" \/>\n\t<meta name=\"twitter:data1\" content=\"marioschrumpf\" \/>\n\t<meta name=\"twitter:label2\" content=\"Gesch\u00e4tzte Lesezeit\" \/>\n\t<meta name=\"twitter:data2\" content=\"1\u00a0Minute\" \/>\n<script type=\"application\/ld+json\" class=\"yoast-schema-graph\">{\"@context\":\"https:\/\/schema.org\",\"@graph\":[{\"@type\":\"WebPage\",\"@id\":\"https:\/\/www.naturparkmagazin.de\/stechlin\/foto-ausstellung-mensch-und-tier-noch-bis-zum-16-juni-zu-sehen\/\",\"url\":\"https:\/\/www.naturparkmagazin.de\/stechlin\/foto-ausstellung-mensch-und-tier-noch-bis-zum-16-juni-zu-sehen\/\",\"name\":\"Foto-Ausstellung \\\"Mensch und Tier\\\" noch bis zum 16. Juni zu sehen (2019) - Naturpark Stechlin-Ruppiner Land\",\"isPartOf\":{\"@id\":\"https:\/\/www.naturparkmagazin.de\/stechlin\/#website\"},\"datePublished\":\"2019-05-16T07:28:02+00:00\",\"dateModified\":\"2025-06-19T11:49:52+00:00\",\"author\":{\"@id\":\"https:\/\/www.naturparkmagazin.de\/stechlin\/#\/schema\/person\/3f0d93203df21c806dd63c76d9bb28bc\"},\"breadcrumb\":{\"@id\":\"https:\/\/www.naturparkmagazin.de\/stechlin\/foto-ausstellung-mensch-und-tier-noch-bis-zum-16-juni-zu-sehen\/#breadcrumb\"},\"inLanguage\":\"de\",\"potentialAction\":[{\"@type\":\"ReadAction\",\"target\":[\"https:\/\/www.naturparkmagazin.de\/stechlin\/foto-ausstellung-mensch-und-tier-noch-bis-zum-16-juni-zu-sehen\/\"]}]},{\"@type\":\"BreadcrumbList\",\"@id\":\"https:\/\/www.naturparkmagazin.de\/stechlin\/foto-ausstellung-mensch-und-tier-noch-bis-zum-16-juni-zu-sehen\/#breadcrumb\",\"itemListElement\":[{\"@type\":\"ListItem\",\"position\":1,\"name\":\"Home\",\"item\":\"https:\/\/www.naturparkmagazin.de\/stechlin\/\"},{\"@type\":\"ListItem\",\"position\":2,\"name\":\"Foto-Ausstellung &#8222;Mensch und Tier&#8220; noch bis zum 16. Juni zu sehen (2019)\"}]},{\"@type\":\"WebSite\",\"@id\":\"https:\/\/www.naturparkmagazin.de\/stechlin\/#website\",\"url\":\"https:\/\/www.naturparkmagazin.de\/stechlin\/\",\"name\":\"Naturpark Stechlin-Ruppiner Land\",\"description\":\"\",\"potentialAction\":[{\"@type\":\"SearchAction\",\"target\":{\"@type\":\"EntryPoint\",\"urlTemplate\":\"https:\/\/www.naturparkmagazin.de\/stechlin\/?s={search_term_string}\"},\"query-input\":\"required name=search_term_string\"}],\"inLanguage\":\"de\"},{\"@type\":\"Person\",\"@id\":\"https:\/\/www.naturparkmagazin.de\/stechlin\/#\/schema\/person\/3f0d93203df21c806dd63c76d9bb28bc\",\"name\":\"marioschrumpf\",\"url\":\"https:\/\/www.naturparkmagazin.de\/stechlin\/author\/marioschrumpf\/\"}]}<\/script>\n<!-- \/ Yoast SEO plugin. -->","yoast_head_json":{"title":"Foto-Ausstellung \"Mensch und Tier\" noch bis zum 16. Juni zu sehen (2019) - Naturpark Stechlin-Ruppiner Land","robots":{"index":"index","follow":"follow","max-snippet":"max-snippet:-1","max-image-preview":"max-image-preview:large","max-video-preview":"max-video-preview:-1"},"canonical":"https:\/\/www.naturparkmagazin.de\/stechlin\/foto-ausstellung-mensch-und-tier-noch-bis-zum-16-juni-zu-sehen\/","og_locale":"de_DE","og_type":"article","og_title":"Foto-Ausstellung \"Mensch und Tier\" noch bis zum 16. Juni zu sehen (2019) - Naturpark Stechlin-Ruppiner Land","og_description":"Am 8. Mai wurde in der Regionalwerkstatt Stechlin in Menz die Fotoausstellung \"Mensch und Tier\" er\u00f6ffnet.","og_url":"https:\/\/www.naturparkmagazin.de\/stechlin\/foto-ausstellung-mensch-und-tier-noch-bis-zum-16-juni-zu-sehen\/","og_site_name":"Naturpark Stechlin-Ruppiner Land","article_published_time":"2019-05-16T07:28:02+00:00","article_modified_time":"2025-06-19T11:49:52+00:00","og_image":[{"width":200,"height":200,"url":"https:\/\/www.naturparkmagazin.de\/stechlin\/wp-content\/uploads\/sites\/38\/Hund_Elste-Puls.jpg","type":"image\/jpeg"}],"author":"marioschrumpf","twitter_misc":{"Verfasst von":"marioschrumpf","Gesch\u00e4tzte Lesezeit":"1\u00a0Minute"},"schema":{"@context":"https:\/\/schema.org","@graph":[{"@type":"WebPage","@id":"https:\/\/www.naturparkmagazin.de\/stechlin\/foto-ausstellung-mensch-und-tier-noch-bis-zum-16-juni-zu-sehen\/","url":"https:\/\/www.naturparkmagazin.de\/stechlin\/foto-ausstellung-mensch-und-tier-noch-bis-zum-16-juni-zu-sehen\/","name":"Foto-Ausstellung \"Mensch und Tier\" noch bis zum 16. Juni zu sehen (2019) - Naturpark Stechlin-Ruppiner Land","isPartOf":{"@id":"https:\/\/www.naturparkmagazin.de\/stechlin\/#website"},"datePublished":"2019-05-16T07:28:02+00:00","dateModified":"2025-06-19T11:49:52+00:00","author":{"@id":"https:\/\/www.naturparkmagazin.de\/stechlin\/#\/schema\/person\/3f0d93203df21c806dd63c76d9bb28bc"},"breadcrumb":{"@id":"https:\/\/www.naturparkmagazin.de\/stechlin\/foto-ausstellung-mensch-und-tier-noch-bis-zum-16-juni-zu-sehen\/#breadcrumb"},"inLanguage":"de","potentialAction":[{"@type":"ReadAction","target":["https:\/\/www.naturparkmagazin.de\/stechlin\/foto-ausstellung-mensch-und-tier-noch-bis-zum-16-juni-zu-sehen\/"]}]},{"@type":"BreadcrumbList","@id":"https:\/\/www.naturparkmagazin.de\/stechlin\/foto-ausstellung-mensch-und-tier-noch-bis-zum-16-juni-zu-sehen\/#breadcrumb","itemListElement":[{"@type":"ListItem","position":1,"name":"Home","item":"https:\/\/www.naturparkmagazin.de\/stechlin\/"},{"@type":"ListItem","position":2,"name":"Foto-Ausstellung &#8222;Mensch und Tier&#8220; noch bis zum 16. Juni zu sehen (2019)"}]},{"@type":"WebSite","@id":"https:\/\/www.naturparkmagazin.de\/stechlin\/#website","url":"https:\/\/www.naturparkmagazin.de\/stechlin\/","name":"Naturpark Stechlin-Ruppiner Land","description":"","potentialAction":[{"@type":"SearchAction","target":{"@type":"EntryPoint","urlTemplate":"https:\/\/www.naturparkmagazin.de\/stechlin\/?s={search_term_string}"},"query-input":"required name=search_term_string"}],"inLanguage":"de"},{"@type":"Person","@id":"https:\/\/www.naturparkmagazin.de\/stechlin\/#\/schema\/person\/3f0d93203df21c806dd63c76d9bb28bc","name":"marioschrumpf","url":"https:\/\/www.naturparkmagazin.de\/stechlin\/author\/marioschrumpf\/"}]}},"_links":{"self":[{"href":"https:\/\/www.naturparkmagazin.de\/stechlin\/wp-json\/wp\/v2\/posts\/8352"}],"collection":[{"href":"https:\/\/www.naturparkmagazin.de\/stechlin\/wp-json\/wp\/v2\/posts"}],"about":[{"href":"https:\/\/www.naturparkmagazin.de\/stechlin\/wp-json\/wp\/v2\/types\/post"}],"author":[{"embeddable":true,"href":"https:\/\/www.naturparkmagazin.de\/stechlin\/wp-json\/wp\/v2\/users\/39"}],"replies":[{"embeddable":true,"href":"https:\/\/www.naturparkmagazin.de\/stechlin\/wp-json\/wp\/v2\/comments?post=8352"}],"version-history":[{"count":3,"href":"https:\/\/www.naturparkmagazin.de\/stechlin\/wp-json\/wp\/v2\/posts\/8352\/revisions"}],"predecessor-version":[{"id":17523,"href":"https:\/\/www.naturparkmagazin.de\/stechlin\/wp-json\/wp\/v2\/posts\/8352\/revisions\/17523"}],"wp:featuredmedia":[{"embeddable":true,"href":"https:\/\/www.naturparkmagazin.de\/stechlin\/wp-json\/wp\/v2\/media\/8356"}],"wp:attachment":[{"href":"https:\/\/www.naturparkmagazin.de\/stechlin\/wp-json\/wp\/v2\/media?parent=8352"}],"wp:term":[{"taxonomy":"category","embeddable":true,"href":"https:\/\/www.naturparkmagazin.de\/stechlin\/wp-json\/wp\/v2\/categories?post=8352"},{"taxonomy":"post_tag","embeddable":true,"href":"https:\/\/www.naturparkmagazin.de\/stechlin\/wp-json\/wp\/v2\/tags?post=8352"}],"curies":[{"name":"wp","href":"https:\/\/api.w.org\/{rel}","templated":true}]}}