{"id":8358,"date":"2019-05-16T10:08:27","date_gmt":"2019-05-16T08:08:27","guid":{"rendered":"https:\/\/www.naturparkmagazin.de\/stechlin\/?p=8358"},"modified":"2025-02-24T17:00:24","modified_gmt":"2025-02-24T16:00:24","slug":"1-fontane-wandermarathon-erfolgreich-gestartet","status":"publish","type":"post","link":"https:\/\/www.naturparkmagazin.de\/stechlin\/1-fontane-wandermarathon-erfolgreich-gestartet\/","title":{"rendered":"1. Fontane-Wandermarathon erfolgreich gestartet (2019)"},"content":{"rendered":"<p>Mehr als 370 Teilnehmer wanderten am 11. Mai auf den Spuren Brandenburgs ber\u00fchmtesten Dichters, Theodor Fontane.<\/p>\n<p><a href=\"https:\/\/www.naturparkmagazin.de\/stechlin\/wp-content\/uploads\/sites\/38\/Fontane-2019_88.jpg\"><img decoding=\"async\" loading=\"lazy\" class=\"aligncenter size-thumbnail wp-image-8361\" src=\"https:\/\/www.naturparkmagazin.de\/stechlin\/wp-content\/uploads\/sites\/38\/Fontane-2019_88-300x180.jpg\" alt=\"NP SRL\/Mario Schrumpf\" width=\"300\" height=\"180\" srcset=\"https:\/\/www.naturparkmagazin.de\/stechlin\/wp-content\/uploads\/sites\/38\/Fontane-2019_88-300x180.jpg 300w, https:\/\/www.naturparkmagazin.de\/stechlin\/wp-content\/uploads\/sites\/38\/Fontane-2019_88.jpg 500w, https:\/\/www.naturparkmagazin.de\/stechlin\/wp-content\/uploads\/sites\/38\/Fontane-2019_88-200x120.jpg 200w\" sizes=\"(max-width: 300px) 100vw, 300px\" \/><\/a>Von Rheinsberg aus ging es in die Ruppiner Schweiz vorbei an der Braunsberger Dorfkirche, mit Stop am Tranditions-Gasthof Hacker in Binenwalde, in der Boltenm\u00fchle, entlang des Ufers von Kalk-, Tornow- und Zerm\u00fctzelsee. Der Kremserhof war Ziel des Halbmarathons \u00fcber 24 km. 16 Musiker von &#8222;M\u00e4rkisch Blech&#8220; aus Oberhavel umrahmten kulturell die Mittagspause. W\u00e4hrend die Halbmarathon-Wanderer im Shuttle-Bus nach Rheinsberg zur\u00fcckkehrten, nahmen die Wanderer der 44 km-Distanz die Strecke \u00fcber Fristow, R\u00e4gelsdorf und Zechow zur\u00fcck nach Rheinsberg per pedes in Angriff.<\/p>\n<p><a href=\"https:\/\/www.naturparkmagazin.de\/stechlin\/wp-content\/uploads\/sites\/38\/Fontane_110.jpg\"><img decoding=\"async\" loading=\"lazy\" class=\"aligncenter size-thumbnail wp-image-8362\" src=\"https:\/\/www.naturparkmagazin.de\/stechlin\/wp-content\/uploads\/sites\/38\/Fontane_110-300x180.jpg\" alt=\"NP SRL\/Mario Schrumpf\" width=\"300\" height=\"180\" srcset=\"https:\/\/www.naturparkmagazin.de\/stechlin\/wp-content\/uploads\/sites\/38\/Fontane_110-300x180.jpg 300w, https:\/\/www.naturparkmagazin.de\/stechlin\/wp-content\/uploads\/sites\/38\/Fontane_110.jpg 500w, https:\/\/www.naturparkmagazin.de\/stechlin\/wp-content\/uploads\/sites\/38\/Fontane_110-200x120.jpg 200w\" sizes=\"(max-width: 300px) 100vw, 300px\" \/><\/a><a href=\"https:\/\/www.naturparkmagazin.de\/stechlin\/wp-content\/uploads\/sites\/38\/Fontane_123.jpg\"><img decoding=\"async\" loading=\"lazy\" class=\"aligncenter size-thumbnail wp-image-8360\" src=\"https:\/\/www.naturparkmagazin.de\/stechlin\/wp-content\/uploads\/sites\/38\/Fontane_123-300x180.jpg\" alt=\"NP SRL\/Mario Schrumpf\" width=\"300\" height=\"180\" srcset=\"https:\/\/www.naturparkmagazin.de\/stechlin\/wp-content\/uploads\/sites\/38\/Fontane_123-300x180.jpg 300w, https:\/\/www.naturparkmagazin.de\/stechlin\/wp-content\/uploads\/sites\/38\/Fontane_123.jpg 500w, https:\/\/www.naturparkmagazin.de\/stechlin\/wp-content\/uploads\/sites\/38\/Fontane_123-200x120.jpg 200w\" sizes=\"(max-width: 300px) 100vw, 300px\" \/><\/a>Ein gro\u00dfes Dankesch\u00f6n an die Rheinsberger Preussenquelle f\u00fcr die Unterst\u00fctzung mit Mineralwasser und an die Stiftung des Landkreises Ostprignitz-Ruppin f\u00fcr die finanzielle Unterst\u00fctzung der Veranstaltung. Vizelandrat Werner N\u00fcse lie\u00df es nicht nehmen, die Wanderer pers\u00f6nlich in Zerm\u00fctzel zu begr\u00fc\u00dfen.<\/p>\n<p><a href=\"https:\/\/www.naturparkmagazin.de\/stechlin\/wp-content\/uploads\/sites\/38\/Fontane_135.jpg\"><img decoding=\"async\" loading=\"lazy\" class=\"aligncenter size-thumbnail wp-image-8359\" src=\"https:\/\/www.naturparkmagazin.de\/stechlin\/wp-content\/uploads\/sites\/38\/Fontane_135-300x180.jpg\" alt=\"NP SRL\/Mario Schrumpf\" width=\"300\" height=\"180\" srcset=\"https:\/\/www.naturparkmagazin.de\/stechlin\/wp-content\/uploads\/sites\/38\/Fontane_135-300x180.jpg 300w, https:\/\/www.naturparkmagazin.de\/stechlin\/wp-content\/uploads\/sites\/38\/Fontane_135.jpg 500w, https:\/\/www.naturparkmagazin.de\/stechlin\/wp-content\/uploads\/sites\/38\/Fontane_135-200x120.jpg 200w\" sizes=\"(max-width: 300px) 100vw, 300px\" \/><\/a>Ein herzliches Dankesch\u00f6n an die vielen flei\u00dfigen Helfer vor und hinter den Kulissen, die zum reibungslosen Ablauf beigetragen haben. Ohne ihre Unterst\u00fctzung w\u00e4re die Ausrichtung nicht denkbar!<\/p>\n<p>Das Lob der Teilnehmer ist der sch\u00f6nste Lohn f\u00fcr die engagierte, ehrenamtliche Arbeit! War doch die meist gestellte Frage am Ziel: wann findet der 2. Fontane-Wandermarathon statt? Wir kommen wieder!<\/p>\n<p>Der Termin wird unter <a href=\"http:\/\/www.Fontane-Wandermarathon.de\">www.Fontane-Wandermarathon.de <\/a>bekannt gegeben. Dort ist auch eine Fotostrecke vom 1. Fontane-Wandermarathon einsehbar.<\/p>\n<p>&nbsp;<\/p>\n","protected":false},"excerpt":{"rendered":"<p>Tolle Strecke, perfekte Markierung, freundliches Personal an den Kontrollpunkten&#8220; &#8211; die Teilnehmer des 1. Fontane-Wandermarathons im Naturpark waren voll des Lobes!<\/p>\n","protected":false},"author":39,"featured_media":8363,"comment_status":"open","ping_status":"open","sticky":false,"template":"","format":"standard","meta":[],"categories":[7],"tags":[],"yoast_head":"<!-- This site is optimized with the Yoast SEO plugin v19.10 - https:\/\/yoast.com\/wordpress\/plugins\/seo\/ -->\n<title>1. Fontane-Wandermarathon erfolgreich gestartet (2019) - Naturpark Stechlin-Ruppiner Land<\/title>\n<meta name=\"robots\" content=\"index, follow, max-snippet:-1, max-image-preview:large, max-video-preview:-1\" \/>\n<link rel=\"canonical\" href=\"https:\/\/www.naturparkmagazin.de\/stechlin\/1-fontane-wandermarathon-erfolgreich-gestartet\/\" \/>\n<meta property=\"og:locale\" content=\"de_DE\" \/>\n<meta property=\"og:type\" content=\"article\" \/>\n<meta property=\"og:title\" content=\"1. Fontane-Wandermarathon erfolgreich gestartet (2019) - Naturpark Stechlin-Ruppiner Land\" \/>\n<meta property=\"og:description\" content=\"Tolle Strecke, perfekte Markierung, freundliches Personal an den Kontrollpunkten&quot; - die Teilnehmer des 1. Fontane-Wandermarathons im Naturpark waren voll des Lobes!\" \/>\n<meta property=\"og:url\" content=\"https:\/\/www.naturparkmagazin.de\/stechlin\/1-fontane-wandermarathon-erfolgreich-gestartet\/\" \/>\n<meta property=\"og:site_name\" content=\"Naturpark Stechlin-Ruppiner Land\" \/>\n<meta property=\"article:published_time\" content=\"2019-05-16T08:08:27+00:00\" \/>\n<meta property=\"article:modified_time\" content=\"2025-02-24T16:00:24+00:00\" \/>\n<meta property=\"og:image\" content=\"https:\/\/www.naturparkmagazin.de\/stechlin\/wp-content\/uploads\/sites\/38\/Logo_Fontane-Wandermarathon_Entwurf_1.jpg\" \/>\n\t<meta property=\"og:image:width\" content=\"200\" \/>\n\t<meta property=\"og:image:height\" content=\"200\" \/>\n\t<meta property=\"og:image:type\" content=\"image\/jpeg\" \/>\n<meta name=\"author\" content=\"marioschrumpf\" \/>\n<meta name=\"twitter:label1\" content=\"Verfasst von\" \/>\n\t<meta name=\"twitter:data1\" content=\"marioschrumpf\" \/>\n\t<meta name=\"twitter:label2\" content=\"Gesch\u00e4tzte Lesezeit\" \/>\n\t<meta name=\"twitter:data2\" content=\"2\u00a0Minuten\" \/>\n<script type=\"application\/ld+json\" class=\"yoast-schema-graph\">{\"@context\":\"https:\/\/schema.org\",\"@graph\":[{\"@type\":\"WebPage\",\"@id\":\"https:\/\/www.naturparkmagazin.de\/stechlin\/1-fontane-wandermarathon-erfolgreich-gestartet\/\",\"url\":\"https:\/\/www.naturparkmagazin.de\/stechlin\/1-fontane-wandermarathon-erfolgreich-gestartet\/\",\"name\":\"1. Fontane-Wandermarathon erfolgreich gestartet (2019) - Naturpark Stechlin-Ruppiner Land\",\"isPartOf\":{\"@id\":\"https:\/\/www.naturparkmagazin.de\/stechlin\/#website\"},\"datePublished\":\"2019-05-16T08:08:27+00:00\",\"dateModified\":\"2025-02-24T16:00:24+00:00\",\"author\":{\"@id\":\"https:\/\/www.naturparkmagazin.de\/stechlin\/#\/schema\/person\/3f0d93203df21c806dd63c76d9bb28bc\"},\"breadcrumb\":{\"@id\":\"https:\/\/www.naturparkmagazin.de\/stechlin\/1-fontane-wandermarathon-erfolgreich-gestartet\/#breadcrumb\"},\"inLanguage\":\"de\",\"potentialAction\":[{\"@type\":\"ReadAction\",\"target\":[\"https:\/\/www.naturparkmagazin.de\/stechlin\/1-fontane-wandermarathon-erfolgreich-gestartet\/\"]}]},{\"@type\":\"BreadcrumbList\",\"@id\":\"https:\/\/www.naturparkmagazin.de\/stechlin\/1-fontane-wandermarathon-erfolgreich-gestartet\/#breadcrumb\",\"itemListElement\":[{\"@type\":\"ListItem\",\"position\":1,\"name\":\"Home\",\"item\":\"https:\/\/www.naturparkmagazin.de\/stechlin\/\"},{\"@type\":\"ListItem\",\"position\":2,\"name\":\"1. Fontane-Wandermarathon erfolgreich gestartet (2019)\"}]},{\"@type\":\"WebSite\",\"@id\":\"https:\/\/www.naturparkmagazin.de\/stechlin\/#website\",\"url\":\"https:\/\/www.naturparkmagazin.de\/stechlin\/\",\"name\":\"Naturpark Stechlin-Ruppiner Land\",\"description\":\"\",\"potentialAction\":[{\"@type\":\"SearchAction\",\"target\":{\"@type\":\"EntryPoint\",\"urlTemplate\":\"https:\/\/www.naturparkmagazin.de\/stechlin\/?s={search_term_string}\"},\"query-input\":\"required name=search_term_string\"}],\"inLanguage\":\"de\"},{\"@type\":\"Person\",\"@id\":\"https:\/\/www.naturparkmagazin.de\/stechlin\/#\/schema\/person\/3f0d93203df21c806dd63c76d9bb28bc\",\"name\":\"marioschrumpf\",\"url\":\"https:\/\/www.naturparkmagazin.de\/stechlin\/author\/marioschrumpf\/\"}]}<\/script>\n<!-- \/ Yoast SEO plugin. -->","yoast_head_json":{"title":"1. Fontane-Wandermarathon erfolgreich gestartet (2019) - Naturpark Stechlin-Ruppiner Land","robots":{"index":"index","follow":"follow","max-snippet":"max-snippet:-1","max-image-preview":"max-image-preview:large","max-video-preview":"max-video-preview:-1"},"canonical":"https:\/\/www.naturparkmagazin.de\/stechlin\/1-fontane-wandermarathon-erfolgreich-gestartet\/","og_locale":"de_DE","og_type":"article","og_title":"1. Fontane-Wandermarathon erfolgreich gestartet (2019) - Naturpark Stechlin-Ruppiner Land","og_description":"Tolle Strecke, perfekte Markierung, freundliches Personal an den Kontrollpunkten\" - die Teilnehmer des 1. Fontane-Wandermarathons im Naturpark waren voll des Lobes!","og_url":"https:\/\/www.naturparkmagazin.de\/stechlin\/1-fontane-wandermarathon-erfolgreich-gestartet\/","og_site_name":"Naturpark Stechlin-Ruppiner Land","article_published_time":"2019-05-16T08:08:27+00:00","article_modified_time":"2025-02-24T16:00:24+00:00","og_image":[{"width":200,"height":200,"url":"https:\/\/www.naturparkmagazin.de\/stechlin\/wp-content\/uploads\/sites\/38\/Logo_Fontane-Wandermarathon_Entwurf_1.jpg","type":"image\/jpeg"}],"author":"marioschrumpf","twitter_misc":{"Verfasst von":"marioschrumpf","Gesch\u00e4tzte Lesezeit":"2\u00a0Minuten"},"schema":{"@context":"https:\/\/schema.org","@graph":[{"@type":"WebPage","@id":"https:\/\/www.naturparkmagazin.de\/stechlin\/1-fontane-wandermarathon-erfolgreich-gestartet\/","url":"https:\/\/www.naturparkmagazin.de\/stechlin\/1-fontane-wandermarathon-erfolgreich-gestartet\/","name":"1. Fontane-Wandermarathon erfolgreich gestartet (2019) - Naturpark Stechlin-Ruppiner Land","isPartOf":{"@id":"https:\/\/www.naturparkmagazin.de\/stechlin\/#website"},"datePublished":"2019-05-16T08:08:27+00:00","dateModified":"2025-02-24T16:00:24+00:00","author":{"@id":"https:\/\/www.naturparkmagazin.de\/stechlin\/#\/schema\/person\/3f0d93203df21c806dd63c76d9bb28bc"},"breadcrumb":{"@id":"https:\/\/www.naturparkmagazin.de\/stechlin\/1-fontane-wandermarathon-erfolgreich-gestartet\/#breadcrumb"},"inLanguage":"de","potentialAction":[{"@type":"ReadAction","target":["https:\/\/www.naturparkmagazin.de\/stechlin\/1-fontane-wandermarathon-erfolgreich-gestartet\/"]}]},{"@type":"BreadcrumbList","@id":"https:\/\/www.naturparkmagazin.de\/stechlin\/1-fontane-wandermarathon-erfolgreich-gestartet\/#breadcrumb","itemListElement":[{"@type":"ListItem","position":1,"name":"Home","item":"https:\/\/www.naturparkmagazin.de\/stechlin\/"},{"@type":"ListItem","position":2,"name":"1. Fontane-Wandermarathon erfolgreich gestartet (2019)"}]},{"@type":"WebSite","@id":"https:\/\/www.naturparkmagazin.de\/stechlin\/#website","url":"https:\/\/www.naturparkmagazin.de\/stechlin\/","name":"Naturpark Stechlin-Ruppiner Land","description":"","potentialAction":[{"@type":"SearchAction","target":{"@type":"EntryPoint","urlTemplate":"https:\/\/www.naturparkmagazin.de\/stechlin\/?s={search_term_string}"},"query-input":"required name=search_term_string"}],"inLanguage":"de"},{"@type":"Person","@id":"https:\/\/www.naturparkmagazin.de\/stechlin\/#\/schema\/person\/3f0d93203df21c806dd63c76d9bb28bc","name":"marioschrumpf","url":"https:\/\/www.naturparkmagazin.de\/stechlin\/author\/marioschrumpf\/"}]}},"_links":{"self":[{"href":"https:\/\/www.naturparkmagazin.de\/stechlin\/wp-json\/wp\/v2\/posts\/8358"}],"collection":[{"href":"https:\/\/www.naturparkmagazin.de\/stechlin\/wp-json\/wp\/v2\/posts"}],"about":[{"href":"https:\/\/www.naturparkmagazin.de\/stechlin\/wp-json\/wp\/v2\/types\/post"}],"author":[{"embeddable":true,"href":"https:\/\/www.naturparkmagazin.de\/stechlin\/wp-json\/wp\/v2\/users\/39"}],"replies":[{"embeddable":true,"href":"https:\/\/www.naturparkmagazin.de\/stechlin\/wp-json\/wp\/v2\/comments?post=8358"}],"version-history":[{"count":8,"href":"https:\/\/www.naturparkmagazin.de\/stechlin\/wp-json\/wp\/v2\/posts\/8358\/revisions"}],"predecessor-version":[{"id":16841,"href":"https:\/\/www.naturparkmagazin.de\/stechlin\/wp-json\/wp\/v2\/posts\/8358\/revisions\/16841"}],"wp:featuredmedia":[{"embeddable":true,"href":"https:\/\/www.naturparkmagazin.de\/stechlin\/wp-json\/wp\/v2\/media\/8363"}],"wp:attachment":[{"href":"https:\/\/www.naturparkmagazin.de\/stechlin\/wp-json\/wp\/v2\/media?parent=8358"}],"wp:term":[{"taxonomy":"category","embeddable":true,"href":"https:\/\/www.naturparkmagazin.de\/stechlin\/wp-json\/wp\/v2\/categories?post=8358"},{"taxonomy":"post_tag","embeddable":true,"href":"https:\/\/www.naturparkmagazin.de\/stechlin\/wp-json\/wp\/v2\/tags?post=8358"}],"curies":[{"name":"wp","href":"https:\/\/api.w.org\/{rel}","templated":true}]}}