{"id":8399,"date":"2019-06-14T07:42:50","date_gmt":"2019-06-14T05:42:50","guid":{"rendered":"https:\/\/www.naturparkmagazin.de\/stechlin\/?p=8399"},"modified":"2025-04-25T08:45:16","modified_gmt":"2025-04-25T06:45:16","slug":"kanutour-auf-der-fristower-plagge","status":"publish","type":"post","link":"https:\/\/www.naturparkmagazin.de\/stechlin\/kanutour-auf-der-fristower-plagge\/","title":{"rendered":"Kanutour auf der Fristower Plagge (2019)"},"content":{"rendered":"<p>&#8222;<em>Otter und Biber beobachten \u2013 uns<\/em>\u201c. Das war das Motto der gef\u00fchrten RangerTour, die am 27. April auf dem Lindower Rhin stattfand. An der Kanustation kurz hinter Zippelsf\u00f6rde setzten wir die Kanadier in den hier noch Rheinsberger Rhin genannten Fluss ein und machten uns auf den Weg Richtung Fristower Plagge und Zerm\u00fctzelsee. Der erste Abschnitt erforderte durch die zur Flie\u00dfgeschwindigkeitserh\u00f6hung neu eingebrachten Buhnen zwar ein geschicktes Lenken, doch dies beanspruchte nicht die ganze Aufmerksamkeit der Paddler. Belohnt wurden die aufmerksamen Augen schon nach wenigen Metern, als sich der Seeadler ein Stelldichein gab. Auf einem Ast direkt \u00fcber dem Wasser sitzend lie\u00df er sich von den ruhig dahin gleitenden Booten nicht ernsthaft st\u00f6ren. Er lie\u00df sich fotografieren, flog dann ein kurzes St\u00fcck weiter und pr\u00e4sentierte sogar seinen Fu\u00dfring mit Nummer zum Ablesen. Die erste kleine Sensation war also schon mal perfekt.<\/p>\n<div id=\"attachment_8405\" style=\"width: 310px\" class=\"wp-caption aligncenter\"><a href=\"https:\/\/www.naturparkmagazin.de\/stechlin\/wp-content\/uploads\/sites\/38\/Claudia-G\u00f6tz_3803.jpg\"><img aria-describedby=\"caption-attachment-8405\" decoding=\"async\" loading=\"lazy\" class=\"size-thumbnail wp-image-8405\" src=\"https:\/\/www.naturparkmagazin.de\/stechlin\/wp-content\/uploads\/sites\/38\/Claudia-G\u00f6tz_3803-300x180.jpg\" alt=\"\u00a9 Claudia G\u00f6tz\" width=\"300\" height=\"180\" srcset=\"https:\/\/www.naturparkmagazin.de\/stechlin\/wp-content\/uploads\/sites\/38\/Claudia-G\u00f6tz_3803-300x180.jpg 300w, https:\/\/www.naturparkmagazin.de\/stechlin\/wp-content\/uploads\/sites\/38\/Claudia-G\u00f6tz_3803.jpg 500w, https:\/\/www.naturparkmagazin.de\/stechlin\/wp-content\/uploads\/sites\/38\/Claudia-G\u00f6tz_3803-200x120.jpg 200w\" sizes=\"(max-width: 300px) 100vw, 300px\" \/><\/a><p id=\"caption-attachment-8405\" class=\"wp-caption-text\">\u00a9 Claudia G\u00f6tz<\/p><\/div>\n<div id=\"attachment_8404\" style=\"width: 310px\" class=\"wp-caption aligncenter\"><a href=\"https:\/\/www.naturparkmagazin.de\/stechlin\/wp-content\/uploads\/sites\/38\/Claudia-G\u00f6tz_3811.jpg\"><img aria-describedby=\"caption-attachment-8404\" decoding=\"async\" loading=\"lazy\" class=\"size-thumbnail wp-image-8404\" src=\"https:\/\/www.naturparkmagazin.de\/stechlin\/wp-content\/uploads\/sites\/38\/Claudia-G\u00f6tz_3811-300x180.jpg\" alt=\"\u00a9 Claudia G\u00f6tz\" width=\"300\" height=\"180\" srcset=\"https:\/\/www.naturparkmagazin.de\/stechlin\/wp-content\/uploads\/sites\/38\/Claudia-G\u00f6tz_3811-300x180.jpg 300w, https:\/\/www.naturparkmagazin.de\/stechlin\/wp-content\/uploads\/sites\/38\/Claudia-G\u00f6tz_3811.jpg 500w, https:\/\/www.naturparkmagazin.de\/stechlin\/wp-content\/uploads\/sites\/38\/Claudia-G\u00f6tz_3811-200x120.jpg 200w\" sizes=\"(max-width: 300px) 100vw, 300px\" \/><\/a><p id=\"caption-attachment-8404\" class=\"wp-caption-text\">\u00a9 Claudia G\u00f6tz<\/p><\/div>\n<p>Aber, ach ja, weshalb waren wir nochmal hier? Wir wollten doch gucken, ob nicht nur die Otter und Biber uns beobachten, sondern ob auch wir einen Blick auf sie erhaschen k\u00f6nnen. Der Biber hat auf jeden Fall \u00fcberall seine Spuren hinterlassen: Abgenagte Zweige an seinen Fra\u00dfpl\u00e4tzen, angenagte Baumst\u00e4mme, Ein- und Ausstiege aus dem Wasser, Sassen in der Uferb\u00f6schung und nat\u00fcrlich seine Biberburgen. Wer genau hinschaut, entdeckt mehrere davon an beiden Uferseiten.<\/p>\n<p>Nach dem Zusammenfluss von Rheinsberger und Lindower Rhin nach einem knappen Kilometer, wurde das Paddeln aufgrund der Breite des Flusses (ab hier nur noch Rhin genannt) noch einfacher. Neben Bachstelzen und Stockenten begleitete uns nun auch einige Male der Ruf des Eisvogels, der blitzschnell \u00fcbers Wasser flog.<\/p>\n<p>Etwa einen weiteren Kilometer flussabw\u00e4rts beginnt die Fristower Plagge, ein uferloser Flussabschnitt mit Erlenwald links und rechts. Hier erwartete uns nun ein Schwarzmilanp\u00e4rchen, das unbeeindruckt auf zwei abgestorbenen Erlen thronte.<\/p>\n<div id=\"attachment_8403\" style=\"width: 210px\" class=\"wp-caption aligncenter\"><a href=\"https:\/\/www.naturparkmagazin.de\/stechlin\/wp-content\/uploads\/sites\/38\/Claudia-G\u00f6tz_3945.jpg\"><img aria-describedby=\"caption-attachment-8403\" decoding=\"async\" loading=\"lazy\" class=\"size-full wp-image-8403\" src=\"https:\/\/www.naturparkmagazin.de\/stechlin\/wp-content\/uploads\/sites\/38\/Claudia-G\u00f6tz_3945.jpg\" alt=\"\u00a9 Claudia G\u00f6tz\" width=\"200\" height=\"300\" \/><\/a><p id=\"caption-attachment-8403\" class=\"wp-caption-text\">\u00a9 Claudia G\u00f6tz<\/p><\/div>\n<p>Auch der Seeadler lie\u00df sich noch einmal blicken und die Bachstelze bekam Gesellschaft von der Gebirgsstelze.<\/p>\n<div id=\"attachment_8402\" style=\"width: 310px\" class=\"wp-caption aligncenter\"><a href=\"https:\/\/www.naturparkmagazin.de\/stechlin\/wp-content\/uploads\/sites\/38\/Claudia-G\u00f6tz_3969.jpg\"><img aria-describedby=\"caption-attachment-8402\" decoding=\"async\" loading=\"lazy\" class=\"size-thumbnail wp-image-8402\" src=\"https:\/\/www.naturparkmagazin.de\/stechlin\/wp-content\/uploads\/sites\/38\/Claudia-G\u00f6tz_3969-300x180.jpg\" alt=\"\u00a9 Claudia G\u00f6tz\" width=\"300\" height=\"180\" srcset=\"https:\/\/www.naturparkmagazin.de\/stechlin\/wp-content\/uploads\/sites\/38\/Claudia-G\u00f6tz_3969-300x180.jpg 300w, https:\/\/www.naturparkmagazin.de\/stechlin\/wp-content\/uploads\/sites\/38\/Claudia-G\u00f6tz_3969.jpg 500w, https:\/\/www.naturparkmagazin.de\/stechlin\/wp-content\/uploads\/sites\/38\/Claudia-G\u00f6tz_3969-200x120.jpg 200w\" sizes=\"(max-width: 300px) 100vw, 300px\" \/><\/a><p id=\"caption-attachment-8402\" class=\"wp-caption-text\">\u00a9 Claudia G\u00f6tz<\/p><\/div>\n<div id=\"attachment_8400\" style=\"width: 310px\" class=\"wp-caption aligncenter\"><a href=\"https:\/\/www.naturparkmagazin.de\/stechlin\/wp-content\/uploads\/sites\/38\/Claudia-G\u00f6tz_4023.jpg\"><img aria-describedby=\"caption-attachment-8400\" decoding=\"async\" loading=\"lazy\" class=\"size-thumbnail wp-image-8400\" src=\"https:\/\/www.naturparkmagazin.de\/stechlin\/wp-content\/uploads\/sites\/38\/Claudia-G\u00f6tz_4023-300x180.jpg\" alt=\"\u00a9 Claudia G\u00f6tz\" width=\"300\" height=\"180\" srcset=\"https:\/\/www.naturparkmagazin.de\/stechlin\/wp-content\/uploads\/sites\/38\/Claudia-G\u00f6tz_4023-300x180.jpg 300w, https:\/\/www.naturparkmagazin.de\/stechlin\/wp-content\/uploads\/sites\/38\/Claudia-G\u00f6tz_4023.jpg 500w, https:\/\/www.naturparkmagazin.de\/stechlin\/wp-content\/uploads\/sites\/38\/Claudia-G\u00f6tz_4023-200x120.jpg 200w\" sizes=\"(max-width: 300px) 100vw, 300px\" \/><\/a><p id=\"caption-attachment-8400\" class=\"wp-caption-text\">\u00a9 Claudia G\u00f6tz<\/p><\/div>\n<p>Nachdem wir weitere gut zweieinhalb Kilometer bis zum Zerm\u00fctzelsee gepaddelt und uns bei einer kleinen Rast an der Br\u00fccke zur F\u00f6rsterei Fristow gest\u00e4rkt hatten, machten wir uns auf den R\u00fcckweg. Auf dem sehr langsam dahin flie\u00dfenden Rhin bemerkt man die Flie\u00dfgeschwindigkeit auch flussaufw\u00e4rts fahrend kaum.<\/p>\n<p>Und, wer h\u00e4tte das gedacht, die Bekassine, die wir auf dem Hinweg schon auf einer toten Kiefer hatten sitzen sehen, f\u00fchrte uns ihre Flug-Show mit dem \u201e<em>meckernden<\/em>\u201c Balzflug vor. Wegen des \u201e<em>Meckerns<\/em>\u201c, das sie mit ihren beim Sturzflug vibrierenden Steuerfedern erzeugt, wird sie auch Himmelsziege genannt.<\/p>\n<p>Am Ausgangspunkt in Zippelsf\u00f6rde angelangt, gab es noch ein kleines Extra: einen Gang zu einer nahe gelegenen Biberburg. Und, als h\u00e4tten wir ihn bestellt, verlie\u00df nach f\u00fcnf Minuten ein Biber seine Burg und schwamm davon.<\/p>\n<div id=\"attachment_8401\" style=\"width: 310px\" class=\"wp-caption aligncenter\"><a href=\"https:\/\/www.naturparkmagazin.de\/stechlin\/wp-content\/uploads\/sites\/38\/Claudia-G\u00f6tz_4112.jpg\"><img aria-describedby=\"caption-attachment-8401\" decoding=\"async\" loading=\"lazy\" class=\"size-thumbnail wp-image-8401\" src=\"https:\/\/www.naturparkmagazin.de\/stechlin\/wp-content\/uploads\/sites\/38\/Claudia-G\u00f6tz_4112-300x180.jpg\" alt=\"\u00a9 Claudia G\u00f6tz\" width=\"300\" height=\"180\" srcset=\"https:\/\/www.naturparkmagazin.de\/stechlin\/wp-content\/uploads\/sites\/38\/Claudia-G\u00f6tz_4112-300x180.jpg 300w, https:\/\/www.naturparkmagazin.de\/stechlin\/wp-content\/uploads\/sites\/38\/Claudia-G\u00f6tz_4112.jpg 500w, https:\/\/www.naturparkmagazin.de\/stechlin\/wp-content\/uploads\/sites\/38\/Claudia-G\u00f6tz_4112-200x120.jpg 200w\" sizes=\"(max-width: 300px) 100vw, 300px\" \/><\/a><p id=\"caption-attachment-8401\" class=\"wp-caption-text\">\u00a9 Claudia G\u00f6tz<\/p><\/div>\n<p>Die Teilnehmer waren rundum zufrieden mit den reichhaltigen Naturbeobachtungen. Ein gro\u00dfes Dankesch\u00f6n geht an Claudia G\u00f6tz f\u00fcr die wunderbaren Tierfotos.<\/p>\n<p>Es muss also nicht immer der Rheinsberger Rhin zwischen Rheinsberg und Zippelsf\u00f6rde sein, auch auf dem breiteren St\u00fcck unterhalb von Zippelsf\u00f6rde und auf der Fristower Plagge lassen sich interessante Naturbeobachtungen machen. Und dadurch, dass der Fluss hier breiter ist, kann man dem Paddeln etwas weniger und der Natur umso mehr Aufmerksamkeit widmen.<\/p>\n<p>Wibke Avenhaus<\/p>\n<p>Naturwacht Stechlin-Ruppiner Land<\/p>\n","protected":false},"excerpt":{"rendered":"<p>\u201eOtter und Biber beobachten \u2013 uns\u201c war das Motto der gef\u00fchrten RangerTour am 27. April.<\/p>\n","protected":false},"author":39,"featured_media":8406,"comment_status":"open","ping_status":"open","sticky":false,"template":"","format":"standard","meta":[],"categories":[7],"tags":[],"yoast_head":"<!-- This site is optimized with the Yoast SEO plugin v19.10 - https:\/\/yoast.com\/wordpress\/plugins\/seo\/ -->\n<title>Kanutour auf der Fristower Plagge (2019) - Naturpark Stechlin-Ruppiner Land<\/title>\n<meta name=\"robots\" content=\"index, follow, max-snippet:-1, max-image-preview:large, max-video-preview:-1\" \/>\n<link rel=\"canonical\" href=\"https:\/\/www.naturparkmagazin.de\/stechlin\/kanutour-auf-der-fristower-plagge\/\" \/>\n<meta property=\"og:locale\" content=\"de_DE\" \/>\n<meta property=\"og:type\" content=\"article\" \/>\n<meta property=\"og:title\" content=\"Kanutour auf der Fristower Plagge (2019) - Naturpark Stechlin-Ruppiner Land\" \/>\n<meta property=\"og:description\" content=\"\u201eOtter und Biber beobachten \u2013 uns\u201c war das Motto der gef\u00fchrten RangerTour am 27. April.\" \/>\n<meta property=\"og:url\" content=\"https:\/\/www.naturparkmagazin.de\/stechlin\/kanutour-auf-der-fristower-plagge\/\" \/>\n<meta property=\"og:site_name\" content=\"Naturpark Stechlin-Ruppiner Land\" \/>\n<meta property=\"article:published_time\" content=\"2019-06-14T05:42:50+00:00\" \/>\n<meta property=\"article:modified_time\" content=\"2025-04-25T06:45:16+00:00\" \/>\n<meta property=\"og:image\" content=\"https:\/\/www.naturparkmagazin.de\/stechlin\/wp-content\/uploads\/sites\/38\/Claudia-G\u00f6tz_38111.jpg\" \/>\n\t<meta property=\"og:image:width\" content=\"200\" \/>\n\t<meta property=\"og:image:height\" content=\"200\" \/>\n\t<meta property=\"og:image:type\" content=\"image\/jpeg\" \/>\n<meta name=\"author\" content=\"marioschrumpf\" \/>\n<meta name=\"twitter:label1\" content=\"Verfasst von\" \/>\n\t<meta name=\"twitter:data1\" content=\"marioschrumpf\" \/>\n\t<meta name=\"twitter:label2\" content=\"Gesch\u00e4tzte Lesezeit\" \/>\n\t<meta name=\"twitter:data2\" content=\"3\u00a0Minuten\" \/>\n<script type=\"application\/ld+json\" class=\"yoast-schema-graph\">{\"@context\":\"https:\/\/schema.org\",\"@graph\":[{\"@type\":\"WebPage\",\"@id\":\"https:\/\/www.naturparkmagazin.de\/stechlin\/kanutour-auf-der-fristower-plagge\/\",\"url\":\"https:\/\/www.naturparkmagazin.de\/stechlin\/kanutour-auf-der-fristower-plagge\/\",\"name\":\"Kanutour auf der Fristower Plagge (2019) - Naturpark Stechlin-Ruppiner Land\",\"isPartOf\":{\"@id\":\"https:\/\/www.naturparkmagazin.de\/stechlin\/#website\"},\"datePublished\":\"2019-06-14T05:42:50+00:00\",\"dateModified\":\"2025-04-25T06:45:16+00:00\",\"author\":{\"@id\":\"https:\/\/www.naturparkmagazin.de\/stechlin\/#\/schema\/person\/3f0d93203df21c806dd63c76d9bb28bc\"},\"breadcrumb\":{\"@id\":\"https:\/\/www.naturparkmagazin.de\/stechlin\/kanutour-auf-der-fristower-plagge\/#breadcrumb\"},\"inLanguage\":\"de\",\"potentialAction\":[{\"@type\":\"ReadAction\",\"target\":[\"https:\/\/www.naturparkmagazin.de\/stechlin\/kanutour-auf-der-fristower-plagge\/\"]}]},{\"@type\":\"BreadcrumbList\",\"@id\":\"https:\/\/www.naturparkmagazin.de\/stechlin\/kanutour-auf-der-fristower-plagge\/#breadcrumb\",\"itemListElement\":[{\"@type\":\"ListItem\",\"position\":1,\"name\":\"Home\",\"item\":\"https:\/\/www.naturparkmagazin.de\/stechlin\/\"},{\"@type\":\"ListItem\",\"position\":2,\"name\":\"Kanutour auf der Fristower Plagge (2019)\"}]},{\"@type\":\"WebSite\",\"@id\":\"https:\/\/www.naturparkmagazin.de\/stechlin\/#website\",\"url\":\"https:\/\/www.naturparkmagazin.de\/stechlin\/\",\"name\":\"Naturpark Stechlin-Ruppiner Land\",\"description\":\"\",\"potentialAction\":[{\"@type\":\"SearchAction\",\"target\":{\"@type\":\"EntryPoint\",\"urlTemplate\":\"https:\/\/www.naturparkmagazin.de\/stechlin\/?s={search_term_string}\"},\"query-input\":\"required name=search_term_string\"}],\"inLanguage\":\"de\"},{\"@type\":\"Person\",\"@id\":\"https:\/\/www.naturparkmagazin.de\/stechlin\/#\/schema\/person\/3f0d93203df21c806dd63c76d9bb28bc\",\"name\":\"marioschrumpf\",\"url\":\"https:\/\/www.naturparkmagazin.de\/stechlin\/author\/marioschrumpf\/\"}]}<\/script>\n<!-- \/ Yoast SEO plugin. -->","yoast_head_json":{"title":"Kanutour auf der Fristower Plagge (2019) - Naturpark Stechlin-Ruppiner Land","robots":{"index":"index","follow":"follow","max-snippet":"max-snippet:-1","max-image-preview":"max-image-preview:large","max-video-preview":"max-video-preview:-1"},"canonical":"https:\/\/www.naturparkmagazin.de\/stechlin\/kanutour-auf-der-fristower-plagge\/","og_locale":"de_DE","og_type":"article","og_title":"Kanutour auf der Fristower Plagge (2019) - Naturpark Stechlin-Ruppiner Land","og_description":"\u201eOtter und Biber beobachten \u2013 uns\u201c war das Motto der gef\u00fchrten RangerTour am 27. April.","og_url":"https:\/\/www.naturparkmagazin.de\/stechlin\/kanutour-auf-der-fristower-plagge\/","og_site_name":"Naturpark Stechlin-Ruppiner Land","article_published_time":"2019-06-14T05:42:50+00:00","article_modified_time":"2025-04-25T06:45:16+00:00","og_image":[{"width":200,"height":200,"url":"https:\/\/www.naturparkmagazin.de\/stechlin\/wp-content\/uploads\/sites\/38\/Claudia-G\u00f6tz_38111.jpg","type":"image\/jpeg"}],"author":"marioschrumpf","twitter_misc":{"Verfasst von":"marioschrumpf","Gesch\u00e4tzte Lesezeit":"3\u00a0Minuten"},"schema":{"@context":"https:\/\/schema.org","@graph":[{"@type":"WebPage","@id":"https:\/\/www.naturparkmagazin.de\/stechlin\/kanutour-auf-der-fristower-plagge\/","url":"https:\/\/www.naturparkmagazin.de\/stechlin\/kanutour-auf-der-fristower-plagge\/","name":"Kanutour auf der Fristower Plagge (2019) - Naturpark Stechlin-Ruppiner Land","isPartOf":{"@id":"https:\/\/www.naturparkmagazin.de\/stechlin\/#website"},"datePublished":"2019-06-14T05:42:50+00:00","dateModified":"2025-04-25T06:45:16+00:00","author":{"@id":"https:\/\/www.naturparkmagazin.de\/stechlin\/#\/schema\/person\/3f0d93203df21c806dd63c76d9bb28bc"},"breadcrumb":{"@id":"https:\/\/www.naturparkmagazin.de\/stechlin\/kanutour-auf-der-fristower-plagge\/#breadcrumb"},"inLanguage":"de","potentialAction":[{"@type":"ReadAction","target":["https:\/\/www.naturparkmagazin.de\/stechlin\/kanutour-auf-der-fristower-plagge\/"]}]},{"@type":"BreadcrumbList","@id":"https:\/\/www.naturparkmagazin.de\/stechlin\/kanutour-auf-der-fristower-plagge\/#breadcrumb","itemListElement":[{"@type":"ListItem","position":1,"name":"Home","item":"https:\/\/www.naturparkmagazin.de\/stechlin\/"},{"@type":"ListItem","position":2,"name":"Kanutour auf der Fristower Plagge (2019)"}]},{"@type":"WebSite","@id":"https:\/\/www.naturparkmagazin.de\/stechlin\/#website","url":"https:\/\/www.naturparkmagazin.de\/stechlin\/","name":"Naturpark Stechlin-Ruppiner Land","description":"","potentialAction":[{"@type":"SearchAction","target":{"@type":"EntryPoint","urlTemplate":"https:\/\/www.naturparkmagazin.de\/stechlin\/?s={search_term_string}"},"query-input":"required name=search_term_string"}],"inLanguage":"de"},{"@type":"Person","@id":"https:\/\/www.naturparkmagazin.de\/stechlin\/#\/schema\/person\/3f0d93203df21c806dd63c76d9bb28bc","name":"marioschrumpf","url":"https:\/\/www.naturparkmagazin.de\/stechlin\/author\/marioschrumpf\/"}]}},"_links":{"self":[{"href":"https:\/\/www.naturparkmagazin.de\/stechlin\/wp-json\/wp\/v2\/posts\/8399"}],"collection":[{"href":"https:\/\/www.naturparkmagazin.de\/stechlin\/wp-json\/wp\/v2\/posts"}],"about":[{"href":"https:\/\/www.naturparkmagazin.de\/stechlin\/wp-json\/wp\/v2\/types\/post"}],"author":[{"embeddable":true,"href":"https:\/\/www.naturparkmagazin.de\/stechlin\/wp-json\/wp\/v2\/users\/39"}],"replies":[{"embeddable":true,"href":"https:\/\/www.naturparkmagazin.de\/stechlin\/wp-json\/wp\/v2\/comments?post=8399"}],"version-history":[{"count":5,"href":"https:\/\/www.naturparkmagazin.de\/stechlin\/wp-json\/wp\/v2\/posts\/8399\/revisions"}],"predecessor-version":[{"id":17166,"href":"https:\/\/www.naturparkmagazin.de\/stechlin\/wp-json\/wp\/v2\/posts\/8399\/revisions\/17166"}],"wp:featuredmedia":[{"embeddable":true,"href":"https:\/\/www.naturparkmagazin.de\/stechlin\/wp-json\/wp\/v2\/media\/8406"}],"wp:attachment":[{"href":"https:\/\/www.naturparkmagazin.de\/stechlin\/wp-json\/wp\/v2\/media?parent=8399"}],"wp:term":[{"taxonomy":"category","embeddable":true,"href":"https:\/\/www.naturparkmagazin.de\/stechlin\/wp-json\/wp\/v2\/categories?post=8399"},{"taxonomy":"post_tag","embeddable":true,"href":"https:\/\/www.naturparkmagazin.de\/stechlin\/wp-json\/wp\/v2\/tags?post=8399"}],"curies":[{"name":"wp","href":"https:\/\/api.w.org\/{rel}","templated":true}]}}