{"id":8408,"date":"2019-06-14T09:36:53","date_gmt":"2019-06-14T07:36:53","guid":{"rendered":"https:\/\/www.naturparkmagazin.de\/stechlin\/?p=8408"},"modified":"2019-06-18T06:39:09","modified_gmt":"2019-06-18T04:39:09","slug":"ein-knaeblein-steht-am-walde","status":"publish","type":"post","link":"https:\/\/www.naturparkmagazin.de\/stechlin\/ein-knaeblein-steht-am-walde\/","title":{"rendered":"Ein Kn\u00e4blein steht am Walde \u2026"},"content":{"rendered":"<p><a href=\"https:\/\/www.naturparkmagazin.de\/stechlin\/wp-content\/uploads\/sites\/38\/Orchideen_03.jpg\"><img decoding=\"async\" loading=\"lazy\" class=\"size-thumbnail wp-image-7063 aligncenter\" src=\"https:\/\/www.naturparkmagazin.de\/stechlin\/wp-content\/uploads\/sites\/38\/Orchideen_03-300x180.jpg\" alt=\"Feuchtwiese mit Bachnelkenwurz und Breitbl\u00e4ttrigem Knabenkraut.\" width=\"300\" height=\"180\" srcset=\"https:\/\/www.naturparkmagazin.de\/stechlin\/wp-content\/uploads\/sites\/38\/Orchideen_03-300x180.jpg 300w, https:\/\/www.naturparkmagazin.de\/stechlin\/wp-content\/uploads\/sites\/38\/Orchideen_03.jpg 500w, https:\/\/www.naturparkmagazin.de\/stechlin\/wp-content\/uploads\/sites\/38\/Orchideen_03-200x120.jpg 200w\" sizes=\"(max-width: 300px) 100vw, 300px\" \/><\/a><\/p>\n<p>Diese Abwandlung eines bekannten Kinderliedes ist der Beginn einer kleinen <strong>Erfolgsgeschichte aus dem Naturpark<\/strong> Stechlin-Ruppiner Land.<\/p>\n<p>In dieser Geschichte geht es um eine unserer einheimischen Orchideenarten, das <strong>Breitbl\u00e4ttrige Knabenkraut<\/strong>. Diese Orchideen lieben nasse F\u00fc\u00dfe (bzw. Knollen) und einen warmen Kopf. Sie wachsen also auf unseren sogenannten Feuchtwiesen und suchen sich leider oft Nachbarn aus, die sie \u00fcberwuchern.<\/p>\n<p>Eine dieser Feuchtwiesen befindet sich in unmittelbarer N\u00e4he des Wummsees, zwischen Flecken Zechlin und Zechlinerh\u00fctte, hart an der Grenze zu Mecklenburg-Vorpommern. Die Wiese befand sich im Besitz vieler Bauern bzw. ihrer Nachkommen. Die urspr\u00fcnglichen Eigent\u00fcmer hatten sie, per Los, w\u00e4hrend der Bodenreform erworben. Jedem geh\u00f6rte dann \u201e<em>ein ganz schmales Handtuch<\/em>\u201c.<\/p>\n<p>Das Gras auf den Wiesen wurde als Viehfutter genutzt.\u00a0Oft waren die Wiesen so feucht das man sie nicht betreten konnte. So wurden Gr\u00e4ben gezogen um sie zu entw\u00e4ssern. Diese Entw\u00e4sserung wurde den Wiesen zum Verh\u00e4ngnis. Der Boden trocknete aus, Stickstoff wurde freigesetzt. So entstand eine Brennnessel-\/Distelw\u00fcste. W\u00e4hrend dieser Zeit wurde nur noch kleinfl\u00e4chig, von einigen Kaninchenhaltern, gem\u00e4ht.<\/p>\n<p>Auf einer kleinen Fl\u00e4che innerhalb der Wiesen wuchsen schon immer ein paar Orchideen, sie \u00fcberstanden alle Widrigkeiten und ihre Anzahl lag bei 5-7 bl\u00fchenden Exemplaren.<\/p>\n<div id=\"attachment_7061\" style=\"width: 190px\" class=\"wp-caption aligncenter\"><a href=\"https:\/\/www.naturparkmagazin.de\/stechlin\/wp-content\/uploads\/sites\/38\/Orchideen_17.jpg\"><img aria-describedby=\"caption-attachment-7061\" decoding=\"async\" loading=\"lazy\" class=\"size-full wp-image-7061\" src=\"https:\/\/www.naturparkmagazin.de\/stechlin\/wp-content\/uploads\/sites\/38\/Orchideen_17.jpg\" alt=\"Breitbl\u00e4ttriges Knabenkraut\" width=\"180\" height=\"250\" \/><\/a><p id=\"caption-attachment-7061\" class=\"wp-caption-text\">Breitbl\u00e4ttriges Knabenkraut<\/p><\/div>\n<p>Auf Initiative der Naturwacht im Naturpark sollte 1997 die Wiese nun wieder besser mit Wasser versorgt und das Moor wiedervern\u00e4sst werden. Das Wummseeprojekt 1 wurde ins Leben gerufen. Nach einigen Vorarbeiten wurden die Entw\u00e4sserungsgr\u00e4ben verschlossen, Plomben gesetzt und R\u00fcckstauvorrichtungen\u00a0geschaffen.<\/p>\n<p>Es hat funktioniert. Innerhalb k\u00fcrzester Zeit eroberten feuchtigkeitsliebenden Pflanzen wie Blutweiderich, Gilbweiderich und Kohlkratzdistel die Fl\u00e4che zur\u00fcck. Es entstand wieder eine bl\u00fchende Hochstaudenflur. Jedes Jahr z\u00e4hlten die Mitarbeiter der Naturwacht die bl\u00fchenden Exemplare der Orchideen, &#8230;\u00a0nur, sie wurden nicht mehr!<\/p>\n<p>Durch die Initiative, des f\u00fcr die Landnutzungen zust\u00e4ndigen Mitarbeiters in der Naturparkverwaltung,\u00a0 werden die Wiesen seit 2017 vom Landschaftspflegverein Norduckerm\u00e4rkische Seenlandschaft e.V. wieder gem\u00e4ht. Das Schnittgut wird abgetragen und an die Orchideen kommt wieder Licht und Luft.<\/p>\n<p>In diesem Jahr wurden <strong>97 bl\u00fchende Exemplare des Breitbl\u00e4ttrigen Knabenkrauts<\/strong> auf dieser Fl\u00e4che gez\u00e4hlt &#8211; der Wahnsinn!<\/p>\n<p>Wahrscheinlich kommt auch noch hinzu, dass durch die anhaltende Trockenheit die Fl\u00e4chen nicht mehr \u00fcberstaut sind, so dass die F\u00fc\u00dfe (Knollen) wie oben beschrieben noch nass sind, aber nicht im Wasser stehen.<\/p>\n<p>Somit haben die Orchideen am Wummsee die besten Voraussetzungen sich weiter zu vermehren.<\/p>\n<p>&nbsp;<\/p>\n<p>Anke Rudnik\nGebietsleiterin der Naturwacht Stechlin \u2013 Ruppiner Land<\/p>\n","protected":false},"excerpt":{"rendered":"<p>Diese Abwandlung eines bekannten Kinderliedes ist der Beginn einer kleinen Erfolgsgeschichte im Naturschutzgebiet Wummsee und Twernsee.<\/p>\n","protected":false},"author":39,"featured_media":7060,"comment_status":"open","ping_status":"open","sticky":false,"template":"","format":"standard","meta":[],"categories":[7],"tags":[],"yoast_head":"<!-- This site is optimized with the Yoast SEO plugin v19.10 - https:\/\/yoast.com\/wordpress\/plugins\/seo\/ -->\n<title>Ein Kn\u00e4blein steht am Walde \u2026 - Naturpark Stechlin-Ruppiner Land<\/title>\n<meta name=\"robots\" content=\"index, follow, max-snippet:-1, max-image-preview:large, max-video-preview:-1\" \/>\n<link rel=\"canonical\" href=\"https:\/\/www.naturparkmagazin.de\/stechlin\/ein-knaeblein-steht-am-walde\/\" \/>\n<meta property=\"og:locale\" content=\"de_DE\" \/>\n<meta property=\"og:type\" content=\"article\" \/>\n<meta property=\"og:title\" content=\"Ein Kn\u00e4blein steht am Walde \u2026 - Naturpark Stechlin-Ruppiner Land\" \/>\n<meta property=\"og:description\" content=\"Diese Abwandlung eines bekannten Kinderliedes ist der Beginn einer kleinen Erfolgsgeschichte im Naturschutzgebiet Wummsee und Twernsee.\" \/>\n<meta property=\"og:url\" content=\"https:\/\/www.naturparkmagazin.de\/stechlin\/ein-knaeblein-steht-am-walde\/\" \/>\n<meta property=\"og:site_name\" content=\"Naturpark Stechlin-Ruppiner Land\" \/>\n<meta property=\"article:published_time\" content=\"2019-06-14T07:36:53+00:00\" \/>\n<meta property=\"article:modified_time\" content=\"2019-06-18T04:39:09+00:00\" \/>\n<meta property=\"og:image\" content=\"https:\/\/www.naturparkmagazin.de\/stechlin\/wp-content\/uploads\/sites\/38\/Orchideen_14.jpg\" \/>\n\t<meta property=\"og:image:width\" content=\"200\" \/>\n\t<meta property=\"og:image:height\" content=\"200\" \/>\n\t<meta property=\"og:image:type\" content=\"image\/jpeg\" \/>\n<meta name=\"author\" content=\"marioschrumpf\" \/>\n<meta name=\"twitter:label1\" content=\"Verfasst von\" \/>\n\t<meta name=\"twitter:data1\" content=\"marioschrumpf\" \/>\n\t<meta name=\"twitter:label2\" content=\"Gesch\u00e4tzte Lesezeit\" \/>\n\t<meta name=\"twitter:data2\" content=\"2\u00a0Minuten\" \/>\n<script type=\"application\/ld+json\" class=\"yoast-schema-graph\">{\"@context\":\"https:\/\/schema.org\",\"@graph\":[{\"@type\":\"WebPage\",\"@id\":\"https:\/\/www.naturparkmagazin.de\/stechlin\/ein-knaeblein-steht-am-walde\/\",\"url\":\"https:\/\/www.naturparkmagazin.de\/stechlin\/ein-knaeblein-steht-am-walde\/\",\"name\":\"Ein Kn\u00e4blein steht am Walde \u2026 - Naturpark Stechlin-Ruppiner Land\",\"isPartOf\":{\"@id\":\"https:\/\/www.naturparkmagazin.de\/stechlin\/#website\"},\"datePublished\":\"2019-06-14T07:36:53+00:00\",\"dateModified\":\"2019-06-18T04:39:09+00:00\",\"author\":{\"@id\":\"https:\/\/www.naturparkmagazin.de\/stechlin\/#\/schema\/person\/3f0d93203df21c806dd63c76d9bb28bc\"},\"breadcrumb\":{\"@id\":\"https:\/\/www.naturparkmagazin.de\/stechlin\/ein-knaeblein-steht-am-walde\/#breadcrumb\"},\"inLanguage\":\"de\",\"potentialAction\":[{\"@type\":\"ReadAction\",\"target\":[\"https:\/\/www.naturparkmagazin.de\/stechlin\/ein-knaeblein-steht-am-walde\/\"]}]},{\"@type\":\"BreadcrumbList\",\"@id\":\"https:\/\/www.naturparkmagazin.de\/stechlin\/ein-knaeblein-steht-am-walde\/#breadcrumb\",\"itemListElement\":[{\"@type\":\"ListItem\",\"position\":1,\"name\":\"Home\",\"item\":\"https:\/\/www.naturparkmagazin.de\/stechlin\/\"},{\"@type\":\"ListItem\",\"position\":2,\"name\":\"Ein Kn\u00e4blein steht am Walde \u2026\"}]},{\"@type\":\"WebSite\",\"@id\":\"https:\/\/www.naturparkmagazin.de\/stechlin\/#website\",\"url\":\"https:\/\/www.naturparkmagazin.de\/stechlin\/\",\"name\":\"Naturpark Stechlin-Ruppiner Land\",\"description\":\"\",\"potentialAction\":[{\"@type\":\"SearchAction\",\"target\":{\"@type\":\"EntryPoint\",\"urlTemplate\":\"https:\/\/www.naturparkmagazin.de\/stechlin\/?s={search_term_string}\"},\"query-input\":\"required name=search_term_string\"}],\"inLanguage\":\"de\"},{\"@type\":\"Person\",\"@id\":\"https:\/\/www.naturparkmagazin.de\/stechlin\/#\/schema\/person\/3f0d93203df21c806dd63c76d9bb28bc\",\"name\":\"marioschrumpf\",\"url\":\"https:\/\/www.naturparkmagazin.de\/stechlin\/author\/marioschrumpf\/\"}]}<\/script>\n<!-- \/ Yoast SEO plugin. -->","yoast_head_json":{"title":"Ein Kn\u00e4blein steht am Walde \u2026 - Naturpark Stechlin-Ruppiner Land","robots":{"index":"index","follow":"follow","max-snippet":"max-snippet:-1","max-image-preview":"max-image-preview:large","max-video-preview":"max-video-preview:-1"},"canonical":"https:\/\/www.naturparkmagazin.de\/stechlin\/ein-knaeblein-steht-am-walde\/","og_locale":"de_DE","og_type":"article","og_title":"Ein Kn\u00e4blein steht am Walde \u2026 - Naturpark Stechlin-Ruppiner Land","og_description":"Diese Abwandlung eines bekannten Kinderliedes ist der Beginn einer kleinen Erfolgsgeschichte im Naturschutzgebiet Wummsee und Twernsee.","og_url":"https:\/\/www.naturparkmagazin.de\/stechlin\/ein-knaeblein-steht-am-walde\/","og_site_name":"Naturpark Stechlin-Ruppiner Land","article_published_time":"2019-06-14T07:36:53+00:00","article_modified_time":"2019-06-18T04:39:09+00:00","og_image":[{"width":200,"height":200,"url":"https:\/\/www.naturparkmagazin.de\/stechlin\/wp-content\/uploads\/sites\/38\/Orchideen_14.jpg","type":"image\/jpeg"}],"author":"marioschrumpf","twitter_misc":{"Verfasst von":"marioschrumpf","Gesch\u00e4tzte Lesezeit":"2\u00a0Minuten"},"schema":{"@context":"https:\/\/schema.org","@graph":[{"@type":"WebPage","@id":"https:\/\/www.naturparkmagazin.de\/stechlin\/ein-knaeblein-steht-am-walde\/","url":"https:\/\/www.naturparkmagazin.de\/stechlin\/ein-knaeblein-steht-am-walde\/","name":"Ein Kn\u00e4blein steht am Walde \u2026 - Naturpark Stechlin-Ruppiner Land","isPartOf":{"@id":"https:\/\/www.naturparkmagazin.de\/stechlin\/#website"},"datePublished":"2019-06-14T07:36:53+00:00","dateModified":"2019-06-18T04:39:09+00:00","author":{"@id":"https:\/\/www.naturparkmagazin.de\/stechlin\/#\/schema\/person\/3f0d93203df21c806dd63c76d9bb28bc"},"breadcrumb":{"@id":"https:\/\/www.naturparkmagazin.de\/stechlin\/ein-knaeblein-steht-am-walde\/#breadcrumb"},"inLanguage":"de","potentialAction":[{"@type":"ReadAction","target":["https:\/\/www.naturparkmagazin.de\/stechlin\/ein-knaeblein-steht-am-walde\/"]}]},{"@type":"BreadcrumbList","@id":"https:\/\/www.naturparkmagazin.de\/stechlin\/ein-knaeblein-steht-am-walde\/#breadcrumb","itemListElement":[{"@type":"ListItem","position":1,"name":"Home","item":"https:\/\/www.naturparkmagazin.de\/stechlin\/"},{"@type":"ListItem","position":2,"name":"Ein Kn\u00e4blein steht am Walde \u2026"}]},{"@type":"WebSite","@id":"https:\/\/www.naturparkmagazin.de\/stechlin\/#website","url":"https:\/\/www.naturparkmagazin.de\/stechlin\/","name":"Naturpark Stechlin-Ruppiner Land","description":"","potentialAction":[{"@type":"SearchAction","target":{"@type":"EntryPoint","urlTemplate":"https:\/\/www.naturparkmagazin.de\/stechlin\/?s={search_term_string}"},"query-input":"required name=search_term_string"}],"inLanguage":"de"},{"@type":"Person","@id":"https:\/\/www.naturparkmagazin.de\/stechlin\/#\/schema\/person\/3f0d93203df21c806dd63c76d9bb28bc","name":"marioschrumpf","url":"https:\/\/www.naturparkmagazin.de\/stechlin\/author\/marioschrumpf\/"}]}},"_links":{"self":[{"href":"https:\/\/www.naturparkmagazin.de\/stechlin\/wp-json\/wp\/v2\/posts\/8408"}],"collection":[{"href":"https:\/\/www.naturparkmagazin.de\/stechlin\/wp-json\/wp\/v2\/posts"}],"about":[{"href":"https:\/\/www.naturparkmagazin.de\/stechlin\/wp-json\/wp\/v2\/types\/post"}],"author":[{"embeddable":true,"href":"https:\/\/www.naturparkmagazin.de\/stechlin\/wp-json\/wp\/v2\/users\/39"}],"replies":[{"embeddable":true,"href":"https:\/\/www.naturparkmagazin.de\/stechlin\/wp-json\/wp\/v2\/comments?post=8408"}],"version-history":[{"count":5,"href":"https:\/\/www.naturparkmagazin.de\/stechlin\/wp-json\/wp\/v2\/posts\/8408\/revisions"}],"predecessor-version":[{"id":8548,"href":"https:\/\/www.naturparkmagazin.de\/stechlin\/wp-json\/wp\/v2\/posts\/8408\/revisions\/8548"}],"wp:featuredmedia":[{"embeddable":true,"href":"https:\/\/www.naturparkmagazin.de\/stechlin\/wp-json\/wp\/v2\/media\/7060"}],"wp:attachment":[{"href":"https:\/\/www.naturparkmagazin.de\/stechlin\/wp-json\/wp\/v2\/media?parent=8408"}],"wp:term":[{"taxonomy":"category","embeddable":true,"href":"https:\/\/www.naturparkmagazin.de\/stechlin\/wp-json\/wp\/v2\/categories?post=8408"},{"taxonomy":"post_tag","embeddable":true,"href":"https:\/\/www.naturparkmagazin.de\/stechlin\/wp-json\/wp\/v2\/tags?post=8408"}],"curies":[{"name":"wp","href":"https:\/\/api.w.org\/{rel}","templated":true}]}}