{"id":8435,"date":"2019-06-14T09:50:52","date_gmt":"2019-06-14T07:50:52","guid":{"rendered":"https:\/\/www.naturparkmagazin.de\/stechlin\/?p=8435"},"modified":"2019-06-17T16:33:37","modified_gmt":"2019-06-17T14:33:37","slug":"im-walde-verbunden-die-sagenhafte-nacht-auf-dem-alten-wallberg","status":"publish","type":"post","link":"https:\/\/www.naturparkmagazin.de\/stechlin\/im-walde-verbunden-die-sagenhafte-nacht-auf-dem-alten-wallberg\/","title":{"rendered":"Im Walde verbunden &#8211; Die sagenhafte Nacht auf dem alten Wallberg"},"content":{"rendered":"<p><strong><a href=\"https:\/\/www.naturparkmagazin.de\/stechlin\/wp-content\/uploads\/sites\/38\/Waldohreule_0112.jpg\"><img decoding=\"async\" loading=\"lazy\" class=\"aligncenter size-thumbnail wp-image-8436\" src=\"https:\/\/www.naturparkmagazin.de\/stechlin\/wp-content\/uploads\/sites\/38\/Waldohreule_0112-300x180.jpg\" alt=\"NP SRL\/Gudrun Quietzsch\" width=\"300\" height=\"180\" srcset=\"https:\/\/www.naturparkmagazin.de\/stechlin\/wp-content\/uploads\/sites\/38\/Waldohreule_0112-300x180.jpg 300w, https:\/\/www.naturparkmagazin.de\/stechlin\/wp-content\/uploads\/sites\/38\/Waldohreule_0112.jpg 500w, https:\/\/www.naturparkmagazin.de\/stechlin\/wp-content\/uploads\/sites\/38\/Waldohreule_0112-200x120.jpg 200w\" sizes=\"(max-width: 300px) 100vw, 300px\" \/><\/a><\/strong><\/p>\n<p>Auch wenn von der alten Ritterburg auf dem Wallberg in Menz nicht mehr viel zu sehen ist, es ist immer noch ein sagenhafter Ort. Sch\u00e4tze sollen hier vergraben worden sein, wilde J\u00e4ger schauten vorbei, sogar einen unterirdischen Gang soll es gegeben haben. Alles nur M\u00e4rchen? \u00a0Bei der n\u00e4chtlichen Runde wollen wir einmal nachsehen, wer auf dem alten Burgberg lebt und sein Unwesen treibt. Ist es vielleicht nur eine Fledermaus, die ihren n\u00e4chtlichen Runden zieht oder der Biber, der durch den See schwimmt.<\/p>\n<p><a href=\"https:\/\/www.naturparkmagazin.de\/stechlin\/wp-content\/uploads\/sites\/38\/Biber-in-der-J\u00e4glitz_Andree-Kienast.jpg\"><img decoding=\"async\" loading=\"lazy\" class=\"size-thumbnail wp-image-7956 aligncenter\" src=\"https:\/\/www.naturparkmagazin.de\/stechlin\/wp-content\/uploads\/sites\/38\/Biber-in-der-J\u00e4glitz_Andree-Kienast-300x180.jpg\" alt=\"Der Biber geh\u00f6rt zu den nachtaktiven Tieren am Rhin.\" width=\"300\" height=\"180\" srcset=\"https:\/\/www.naturparkmagazin.de\/stechlin\/wp-content\/uploads\/sites\/38\/Biber-in-der-J\u00e4glitz_Andree-Kienast-300x180.jpg 300w, https:\/\/www.naturparkmagazin.de\/stechlin\/wp-content\/uploads\/sites\/38\/Biber-in-der-J\u00e4glitz_Andree-Kienast.jpg 500w, https:\/\/www.naturparkmagazin.de\/stechlin\/wp-content\/uploads\/sites\/38\/Biber-in-der-J\u00e4glitz_Andree-Kienast-200x120.jpg 200w\" sizes=\"(max-width: 300px) 100vw, 300px\" \/><\/a><\/p>\n<p><strong>Treff: 31. Juli 2019, 20.00 Uhr<\/strong>, NaturParkHaus Stechlin in Menz<\/p>\n<p><strong>Dauer: <\/strong>ca. 3 Stunden<\/p>\n<p><strong>Leitung:<\/strong> NaturParkHaus Stechlin in Menz<\/p>\n<p><strong>Anmeldungen: <\/strong>nur nach Voranmeldung bis 29. Juli unter Tel. 033082 51210<\/p>\n<p><strong>Familienexkursion f\u00fcr Kinder ab 6 Jahre<\/strong><\/p>\n","protected":false},"excerpt":{"rendered":"<p>Auch wenn von der alten Ritterburg auf dem Wallberg in Menz nicht mehr viel zu sehen ist, es ist immer noch ein sagenhafter Ort.<\/p>\n","protected":false},"author":39,"featured_media":8437,"comment_status":"open","ping_status":"open","sticky":false,"template":"","format":"standard","meta":[],"categories":[11],"tags":[],"yoast_head":"<!-- This site is optimized with the Yoast SEO plugin v19.10 - https:\/\/yoast.com\/wordpress\/plugins\/seo\/ -->\n<title>Im Walde verbunden - Die sagenhafte Nacht auf dem alten Wallberg - Naturpark Stechlin-Ruppiner Land<\/title>\n<meta name=\"robots\" content=\"index, follow, max-snippet:-1, max-image-preview:large, max-video-preview:-1\" \/>\n<link rel=\"canonical\" href=\"https:\/\/www.naturparkmagazin.de\/stechlin\/im-walde-verbunden-die-sagenhafte-nacht-auf-dem-alten-wallberg\/\" \/>\n<meta property=\"og:locale\" content=\"de_DE\" \/>\n<meta property=\"og:type\" content=\"article\" \/>\n<meta property=\"og:title\" content=\"Im Walde verbunden - Die sagenhafte Nacht auf dem alten Wallberg - Naturpark Stechlin-Ruppiner Land\" \/>\n<meta property=\"og:description\" content=\"Auch wenn von der alten Ritterburg auf dem Wallberg in Menz nicht mehr viel zu sehen ist, es ist immer noch ein sagenhafter Ort.\" \/>\n<meta property=\"og:url\" content=\"https:\/\/www.naturparkmagazin.de\/stechlin\/im-walde-verbunden-die-sagenhafte-nacht-auf-dem-alten-wallberg\/\" \/>\n<meta property=\"og:site_name\" content=\"Naturpark Stechlin-Ruppiner Land\" \/>\n<meta property=\"article:published_time\" content=\"2019-06-14T07:50:52+00:00\" \/>\n<meta property=\"article:modified_time\" content=\"2019-06-17T14:33:37+00:00\" \/>\n<meta property=\"og:image\" content=\"https:\/\/www.naturparkmagazin.de\/stechlin\/wp-content\/uploads\/sites\/38\/Wallberg_0054.jpg\" \/>\n\t<meta property=\"og:image:width\" content=\"200\" \/>\n\t<meta property=\"og:image:height\" content=\"200\" \/>\n\t<meta property=\"og:image:type\" content=\"image\/jpeg\" \/>\n<meta name=\"author\" content=\"marioschrumpf\" \/>\n<meta name=\"twitter:label1\" content=\"Verfasst von\" \/>\n\t<meta name=\"twitter:data1\" content=\"marioschrumpf\" \/>\n\t<meta name=\"twitter:label2\" content=\"Gesch\u00e4tzte Lesezeit\" \/>\n\t<meta name=\"twitter:data2\" content=\"1\u00a0Minute\" \/>\n<script type=\"application\/ld+json\" class=\"yoast-schema-graph\">{\"@context\":\"https:\/\/schema.org\",\"@graph\":[{\"@type\":\"WebPage\",\"@id\":\"https:\/\/www.naturparkmagazin.de\/stechlin\/im-walde-verbunden-die-sagenhafte-nacht-auf-dem-alten-wallberg\/\",\"url\":\"https:\/\/www.naturparkmagazin.de\/stechlin\/im-walde-verbunden-die-sagenhafte-nacht-auf-dem-alten-wallberg\/\",\"name\":\"Im Walde verbunden - Die sagenhafte Nacht auf dem alten Wallberg - Naturpark Stechlin-Ruppiner Land\",\"isPartOf\":{\"@id\":\"https:\/\/www.naturparkmagazin.de\/stechlin\/#website\"},\"datePublished\":\"2019-06-14T07:50:52+00:00\",\"dateModified\":\"2019-06-17T14:33:37+00:00\",\"author\":{\"@id\":\"https:\/\/www.naturparkmagazin.de\/stechlin\/#\/schema\/person\/3f0d93203df21c806dd63c76d9bb28bc\"},\"breadcrumb\":{\"@id\":\"https:\/\/www.naturparkmagazin.de\/stechlin\/im-walde-verbunden-die-sagenhafte-nacht-auf-dem-alten-wallberg\/#breadcrumb\"},\"inLanguage\":\"de\",\"potentialAction\":[{\"@type\":\"ReadAction\",\"target\":[\"https:\/\/www.naturparkmagazin.de\/stechlin\/im-walde-verbunden-die-sagenhafte-nacht-auf-dem-alten-wallberg\/\"]}]},{\"@type\":\"BreadcrumbList\",\"@id\":\"https:\/\/www.naturparkmagazin.de\/stechlin\/im-walde-verbunden-die-sagenhafte-nacht-auf-dem-alten-wallberg\/#breadcrumb\",\"itemListElement\":[{\"@type\":\"ListItem\",\"position\":1,\"name\":\"Home\",\"item\":\"https:\/\/www.naturparkmagazin.de\/stechlin\/\"},{\"@type\":\"ListItem\",\"position\":2,\"name\":\"Im Walde verbunden &#8211; Die sagenhafte Nacht auf dem alten Wallberg\"}]},{\"@type\":\"WebSite\",\"@id\":\"https:\/\/www.naturparkmagazin.de\/stechlin\/#website\",\"url\":\"https:\/\/www.naturparkmagazin.de\/stechlin\/\",\"name\":\"Naturpark Stechlin-Ruppiner Land\",\"description\":\"\",\"potentialAction\":[{\"@type\":\"SearchAction\",\"target\":{\"@type\":\"EntryPoint\",\"urlTemplate\":\"https:\/\/www.naturparkmagazin.de\/stechlin\/?s={search_term_string}\"},\"query-input\":\"required name=search_term_string\"}],\"inLanguage\":\"de\"},{\"@type\":\"Person\",\"@id\":\"https:\/\/www.naturparkmagazin.de\/stechlin\/#\/schema\/person\/3f0d93203df21c806dd63c76d9bb28bc\",\"name\":\"marioschrumpf\",\"url\":\"https:\/\/www.naturparkmagazin.de\/stechlin\/author\/marioschrumpf\/\"}]}<\/script>\n<!-- \/ Yoast SEO plugin. -->","yoast_head_json":{"title":"Im Walde verbunden - Die sagenhafte Nacht auf dem alten Wallberg - Naturpark Stechlin-Ruppiner Land","robots":{"index":"index","follow":"follow","max-snippet":"max-snippet:-1","max-image-preview":"max-image-preview:large","max-video-preview":"max-video-preview:-1"},"canonical":"https:\/\/www.naturparkmagazin.de\/stechlin\/im-walde-verbunden-die-sagenhafte-nacht-auf-dem-alten-wallberg\/","og_locale":"de_DE","og_type":"article","og_title":"Im Walde verbunden - Die sagenhafte Nacht auf dem alten Wallberg - Naturpark Stechlin-Ruppiner Land","og_description":"Auch wenn von der alten Ritterburg auf dem Wallberg in Menz nicht mehr viel zu sehen ist, es ist immer noch ein sagenhafter Ort.","og_url":"https:\/\/www.naturparkmagazin.de\/stechlin\/im-walde-verbunden-die-sagenhafte-nacht-auf-dem-alten-wallberg\/","og_site_name":"Naturpark Stechlin-Ruppiner Land","article_published_time":"2019-06-14T07:50:52+00:00","article_modified_time":"2019-06-17T14:33:37+00:00","og_image":[{"width":200,"height":200,"url":"https:\/\/www.naturparkmagazin.de\/stechlin\/wp-content\/uploads\/sites\/38\/Wallberg_0054.jpg","type":"image\/jpeg"}],"author":"marioschrumpf","twitter_misc":{"Verfasst von":"marioschrumpf","Gesch\u00e4tzte Lesezeit":"1\u00a0Minute"},"schema":{"@context":"https:\/\/schema.org","@graph":[{"@type":"WebPage","@id":"https:\/\/www.naturparkmagazin.de\/stechlin\/im-walde-verbunden-die-sagenhafte-nacht-auf-dem-alten-wallberg\/","url":"https:\/\/www.naturparkmagazin.de\/stechlin\/im-walde-verbunden-die-sagenhafte-nacht-auf-dem-alten-wallberg\/","name":"Im Walde verbunden - Die sagenhafte Nacht auf dem alten Wallberg - Naturpark Stechlin-Ruppiner Land","isPartOf":{"@id":"https:\/\/www.naturparkmagazin.de\/stechlin\/#website"},"datePublished":"2019-06-14T07:50:52+00:00","dateModified":"2019-06-17T14:33:37+00:00","author":{"@id":"https:\/\/www.naturparkmagazin.de\/stechlin\/#\/schema\/person\/3f0d93203df21c806dd63c76d9bb28bc"},"breadcrumb":{"@id":"https:\/\/www.naturparkmagazin.de\/stechlin\/im-walde-verbunden-die-sagenhafte-nacht-auf-dem-alten-wallberg\/#breadcrumb"},"inLanguage":"de","potentialAction":[{"@type":"ReadAction","target":["https:\/\/www.naturparkmagazin.de\/stechlin\/im-walde-verbunden-die-sagenhafte-nacht-auf-dem-alten-wallberg\/"]}]},{"@type":"BreadcrumbList","@id":"https:\/\/www.naturparkmagazin.de\/stechlin\/im-walde-verbunden-die-sagenhafte-nacht-auf-dem-alten-wallberg\/#breadcrumb","itemListElement":[{"@type":"ListItem","position":1,"name":"Home","item":"https:\/\/www.naturparkmagazin.de\/stechlin\/"},{"@type":"ListItem","position":2,"name":"Im Walde verbunden &#8211; Die sagenhafte Nacht auf dem alten Wallberg"}]},{"@type":"WebSite","@id":"https:\/\/www.naturparkmagazin.de\/stechlin\/#website","url":"https:\/\/www.naturparkmagazin.de\/stechlin\/","name":"Naturpark Stechlin-Ruppiner Land","description":"","potentialAction":[{"@type":"SearchAction","target":{"@type":"EntryPoint","urlTemplate":"https:\/\/www.naturparkmagazin.de\/stechlin\/?s={search_term_string}"},"query-input":"required name=search_term_string"}],"inLanguage":"de"},{"@type":"Person","@id":"https:\/\/www.naturparkmagazin.de\/stechlin\/#\/schema\/person\/3f0d93203df21c806dd63c76d9bb28bc","name":"marioschrumpf","url":"https:\/\/www.naturparkmagazin.de\/stechlin\/author\/marioschrumpf\/"}]}},"_links":{"self":[{"href":"https:\/\/www.naturparkmagazin.de\/stechlin\/wp-json\/wp\/v2\/posts\/8435"}],"collection":[{"href":"https:\/\/www.naturparkmagazin.de\/stechlin\/wp-json\/wp\/v2\/posts"}],"about":[{"href":"https:\/\/www.naturparkmagazin.de\/stechlin\/wp-json\/wp\/v2\/types\/post"}],"author":[{"embeddable":true,"href":"https:\/\/www.naturparkmagazin.de\/stechlin\/wp-json\/wp\/v2\/users\/39"}],"replies":[{"embeddable":true,"href":"https:\/\/www.naturparkmagazin.de\/stechlin\/wp-json\/wp\/v2\/comments?post=8435"}],"version-history":[{"count":4,"href":"https:\/\/www.naturparkmagazin.de\/stechlin\/wp-json\/wp\/v2\/posts\/8435\/revisions"}],"predecessor-version":[{"id":8512,"href":"https:\/\/www.naturparkmagazin.de\/stechlin\/wp-json\/wp\/v2\/posts\/8435\/revisions\/8512"}],"wp:featuredmedia":[{"embeddable":true,"href":"https:\/\/www.naturparkmagazin.de\/stechlin\/wp-json\/wp\/v2\/media\/8437"}],"wp:attachment":[{"href":"https:\/\/www.naturparkmagazin.de\/stechlin\/wp-json\/wp\/v2\/media?parent=8435"}],"wp:term":[{"taxonomy":"category","embeddable":true,"href":"https:\/\/www.naturparkmagazin.de\/stechlin\/wp-json\/wp\/v2\/categories?post=8435"},{"taxonomy":"post_tag","embeddable":true,"href":"https:\/\/www.naturparkmagazin.de\/stechlin\/wp-json\/wp\/v2\/tags?post=8435"}],"curies":[{"name":"wp","href":"https:\/\/api.w.org\/{rel}","templated":true}]}}