{"id":8443,"date":"2019-06-14T13:51:49","date_gmt":"2019-06-14T11:51:49","guid":{"rendered":"https:\/\/www.naturparkmagazin.de\/stechlin\/?p=8443"},"modified":"2019-06-17T16:24:09","modified_gmt":"2019-06-17T14:24:09","slug":"o-arzgebirg-wie-bist-du-schie","status":"publish","type":"post","link":"https:\/\/www.naturparkmagazin.de\/stechlin\/o-arzgebirg-wie-bist-du-schie\/","title":{"rendered":"O Arzgebirg, wie bist du schie!"},"content":{"rendered":"<div id=\"attachment_8454\" style=\"width: 310px\" class=\"wp-caption aligncenter\"><a href=\"https:\/\/www.naturparkmagazin.de\/stechlin\/wp-content\/uploads\/sites\/38\/gruppenbild1.jpg\"><img aria-describedby=\"caption-attachment-8454\" decoding=\"async\" loading=\"lazy\" class=\"wp-image-8454 size-thumbnail\" src=\"https:\/\/www.naturparkmagazin.de\/stechlin\/wp-content\/uploads\/sites\/38\/gruppenbild1-300x180.jpg\" alt=\"NP SRL\/Oldorff\" width=\"300\" height=\"180\" srcset=\"https:\/\/www.naturparkmagazin.de\/stechlin\/wp-content\/uploads\/sites\/38\/gruppenbild1-300x180.jpg 300w, https:\/\/www.naturparkmagazin.de\/stechlin\/wp-content\/uploads\/sites\/38\/gruppenbild1.jpg 500w, https:\/\/www.naturparkmagazin.de\/stechlin\/wp-content\/uploads\/sites\/38\/gruppenbild1-200x120.jpg 200w\" sizes=\"(max-width: 300px) 100vw, 300px\" \/><\/a><p id=\"caption-attachment-8454\" class=\"wp-caption-text\">Versammlung belebter und unbelebter Pers\u00f6nlichkeiten auf dem Schlosshof Lichtenwalde<\/p><\/div>\n<p><em>O Arzgebirg, wie bist du schie,<\/em>\n<em> mit deine W\u00e4lder, ihr Wiesen, Barg on Tol,<\/em>\n<em> in Winter wei\u00df, in Sommer gr\u00fc.<\/em>\n<em> O Arzgebirg, wie bist du schie! \u2026 (Anton G\u00fcnther)<\/em><\/p>\n<p>In rund 4 Tagen hat die \u201eDelegation\u201c unseres Naturparks, bestehend aus Kolleg*innen der Verwaltung, der Naturwacht, des Besucherinfozentrums und des hiesigen Landschaftspflegeverbandes, unterschiedlichste Stationen im Naturpark Erzgebirge \/ Vogtland durchlaufen und Einblick in eine ebenso vielseitige wie andere Natur- und Kulturlandschaft erlangt.<\/p>\n<div id=\"attachment_8453\" style=\"width: 310px\" class=\"wp-caption aligncenter\"><a href=\"https:\/\/www.naturparkmagazin.de\/stechlin\/wp-content\/uploads\/sites\/38\/schloss-lichtenwalde.jpg\"><img aria-describedby=\"caption-attachment-8453\" decoding=\"async\" loading=\"lazy\" class=\"wp-image-8453 size-thumbnail\" src=\"https:\/\/www.naturparkmagazin.de\/stechlin\/wp-content\/uploads\/sites\/38\/schloss-lichtenwalde-300x180.jpg\" alt=\"Schloss Lichtenwalde sowie Schloaapark, eingebettet in die malerische Kulisse des Erzgebirgsvorlandes\" width=\"300\" height=\"180\" srcset=\"https:\/\/www.naturparkmagazin.de\/stechlin\/wp-content\/uploads\/sites\/38\/schloss-lichtenwalde-300x180.jpg 300w, https:\/\/www.naturparkmagazin.de\/stechlin\/wp-content\/uploads\/sites\/38\/schloss-lichtenwalde.jpg 500w, https:\/\/www.naturparkmagazin.de\/stechlin\/wp-content\/uploads\/sites\/38\/schloss-lichtenwalde-200x120.jpg 200w\" sizes=\"(max-width: 300px) 100vw, 300px\" \/><\/a><p id=\"caption-attachment-8453\" class=\"wp-caption-text\">Schloss Lichtenwalde sowie Schlosspark, eingebettet in die malerische Kulisse des Erzgebirgsvorlandes<\/p><\/div>\n<div id=\"attachment_8463\" style=\"width: 310px\" class=\"wp-caption aligncenter\"><a href=\"https:\/\/www.naturparkmagazin.de\/stechlin\/wp-content\/uploads\/sites\/38\/schlosspark-lichtenwalde.jpg\"><img aria-describedby=\"caption-attachment-8463\" decoding=\"async\" loading=\"lazy\" class=\"size-thumbnail wp-image-8463\" src=\"https:\/\/www.naturparkmagazin.de\/stechlin\/wp-content\/uploads\/sites\/38\/schlosspark-lichtenwalde-300x180.jpg\" alt=\"Schlosspark Lichtenwalde\" width=\"300\" height=\"180\" srcset=\"https:\/\/www.naturparkmagazin.de\/stechlin\/wp-content\/uploads\/sites\/38\/schlosspark-lichtenwalde-300x180.jpg 300w, https:\/\/www.naturparkmagazin.de\/stechlin\/wp-content\/uploads\/sites\/38\/schlosspark-lichtenwalde.jpg 500w, https:\/\/www.naturparkmagazin.de\/stechlin\/wp-content\/uploads\/sites\/38\/schlosspark-lichtenwalde-200x120.jpg 200w\" sizes=\"(max-width: 300px) 100vw, 300px\" \/><\/a><p id=\"caption-attachment-8463\" class=\"wp-caption-text\">Schlosspark Lichtenwalde<\/p><\/div>\n<p>Das s\u00e4chsische Burgenland im Vorfeld des Erzgebirges war mit Schloss und Schlossgarten Lichtenwalde am ersten Tag Startpunkt in eine ungewohnt h\u00fcgelige und dabei enger besiedelte Landschaft, als wir dieses von Brandenburg kennen. Das sehenswerte Kleinod vor den Toren von Chemnitz spiegelt die Verliebtheit ihrer Erbauer in die Landschaft der vielen T\u00e4ler wider. Ein sehenswerter Schlossgarten schmiegt sich an den Hang des allgegenw\u00e4rtigen Zschopautals.<\/p>\n<div id=\"attachment_8459\" style=\"width: 310px\" class=\"wp-caption aligncenter\"><a href=\"https:\/\/www.naturparkmagazin.de\/stechlin\/wp-content\/uploads\/sites\/38\/lpv-fl\u00f6ha-zschopautal.jpg\"><img aria-describedby=\"caption-attachment-8459\" decoding=\"async\" loading=\"lazy\" class=\"wp-image-8459 size-thumbnail\" src=\"https:\/\/www.naturparkmagazin.de\/stechlin\/wp-content\/uploads\/sites\/38\/lpv-fl\u00f6ha-zschopautal-300x180.jpg\" alt=\"Vortrag durch Heike Rossa \u00fcber die langj\u00e4hrig erfolgreiche Arbeit des LPV Zschopau-\/F\u00f6hatal\" width=\"300\" height=\"180\" srcset=\"https:\/\/www.naturparkmagazin.de\/stechlin\/wp-content\/uploads\/sites\/38\/lpv-fl\u00f6ha-zschopautal-300x180.jpg 300w, https:\/\/www.naturparkmagazin.de\/stechlin\/wp-content\/uploads\/sites\/38\/lpv-fl\u00f6ha-zschopautal.jpg 500w, https:\/\/www.naturparkmagazin.de\/stechlin\/wp-content\/uploads\/sites\/38\/lpv-fl\u00f6ha-zschopautal-200x120.jpg 200w\" sizes=\"(max-width: 300px) 100vw, 300px\" \/><\/a><p id=\"caption-attachment-8459\" class=\"wp-caption-text\">Vortrag durch Heike Rossa \u00fcber die langj\u00e4hrig erfolgreiche Arbeit des LPV Fl\u00f6hatal<\/p><\/div>\n<div id=\"attachment_8456\" style=\"width: 310px\" class=\"wp-caption aligncenter\"><a href=\"https:\/\/www.naturparkmagazin.de\/stechlin\/wp-content\/uploads\/sites\/38\/feldhecken.jpg\"><img aria-describedby=\"caption-attachment-8456\" decoding=\"async\" loading=\"lazy\" class=\"wp-image-8456 size-thumbnail\" src=\"https:\/\/www.naturparkmagazin.de\/stechlin\/wp-content\/uploads\/sites\/38\/feldhecken-300x180.jpg\" alt=\"NP SRL\/Oldorff\" width=\"300\" height=\"180\" srcset=\"https:\/\/www.naturparkmagazin.de\/stechlin\/wp-content\/uploads\/sites\/38\/feldhecken-300x180.jpg 300w, https:\/\/www.naturparkmagazin.de\/stechlin\/wp-content\/uploads\/sites\/38\/feldhecken.jpg 500w, https:\/\/www.naturparkmagazin.de\/stechlin\/wp-content\/uploads\/sites\/38\/feldhecken-200x120.jpg 200w\" sizes=\"(max-width: 300px) 100vw, 300px\" \/><\/a><p id=\"caption-attachment-8456\" class=\"wp-caption-text\">Feldhecke bei Marienberg<\/p><\/div>\n<p>In der Naturschutzstation Pobershau erhielten wir Einblick in die vielf\u00e4ltige Arbeit des schon viele Jahrzehnte aktiven Landschaftspflegeverband Zschopau-\/Fl\u00f6hatal e.V. Unter anderem zeigte uns Frau Rossa den Natur- und Lehrgarten direkt an der Station und f\u00fchrte im Anschluss noch eine Tour zu den Steinr\u00fccken und anderen Feldhecken im Raum von Marienberg.<\/p>\n<div id=\"attachment_8455\" style=\"width: 310px\" class=\"wp-caption aligncenter\"><a href=\"https:\/\/www.naturparkmagazin.de\/stechlin\/wp-content\/uploads\/sites\/38\/schwarzwassertal.jpg\"><img aria-describedby=\"caption-attachment-8455\" decoding=\"async\" loading=\"lazy\" class=\"size-thumbnail wp-image-8455\" src=\"https:\/\/www.naturparkmagazin.de\/stechlin\/wp-content\/uploads\/sites\/38\/schwarzwassertal-300x500.jpg\" alt=\"Schwarzwassertal bei Pobershau\" width=\"300\" height=\"500\" srcset=\"https:\/\/www.naturparkmagazin.de\/stechlin\/wp-content\/uploads\/sites\/38\/schwarzwassertal.jpg 300w, https:\/\/www.naturparkmagazin.de\/stechlin\/wp-content\/uploads\/sites\/38\/schwarzwassertal-200x333.jpg 200w\" sizes=\"(max-width: 300px) 100vw, 300px\" \/><\/a><p id=\"caption-attachment-8455\" class=\"wp-caption-text\">Schwarzwassertal bei Pobershau<\/p><\/div>\n<div id=\"attachment_8451\" style=\"width: 310px\" class=\"wp-caption aligncenter\"><a href=\"https:\/\/www.naturparkmagazin.de\/stechlin\/wp-content\/uploads\/sites\/38\/seiffen.jpg\"><img aria-describedby=\"caption-attachment-8451\" decoding=\"async\" loading=\"lazy\" class=\"wp-image-8451 size-thumbnail\" src=\"https:\/\/www.naturparkmagazin.de\/stechlin\/wp-content\/uploads\/sites\/38\/seiffen-300x500.jpg\" alt=\"Seiffen - Kunsthandwerk \u00fcberall\" width=\"300\" height=\"500\" srcset=\"https:\/\/www.naturparkmagazin.de\/stechlin\/wp-content\/uploads\/sites\/38\/seiffen.jpg 300w, https:\/\/www.naturparkmagazin.de\/stechlin\/wp-content\/uploads\/sites\/38\/seiffen-200x333.jpg 200w\" sizes=\"(max-width: 300px) 100vw, 300px\" \/><\/a><p id=\"caption-attachment-8451\" class=\"wp-caption-text\">Seiffen &#8211; Weihnachtsmann-Werkstatt<\/p><\/div>\n<p>Ein Teil der Gruppe schloss daran eine Tour durch das verregnete Schwarzwassertal an. Die etwas weniger Wassererprobten versuchten sich an der Kultur des Erzgebirgsraumes in der Weihnachtsmann-Werkstatt in Seiffen.<\/p>\n<div id=\"attachment_8450\" style=\"width: 310px\" class=\"wp-caption aligncenter\"><a href=\"https:\/\/www.naturparkmagazin.de\/stechlin\/wp-content\/uploads\/sites\/38\/exkursion-moor1.jpg\"><img aria-describedby=\"caption-attachment-8450\" decoding=\"async\" loading=\"lazy\" class=\"size-thumbnail wp-image-8450\" src=\"https:\/\/www.naturparkmagazin.de\/stechlin\/wp-content\/uploads\/sites\/38\/exkursion-moor1-300x180.jpg\" alt=\"Zusammen mit Anke Haupt ins Moor\" width=\"300\" height=\"180\" srcset=\"https:\/\/www.naturparkmagazin.de\/stechlin\/wp-content\/uploads\/sites\/38\/exkursion-moor1-300x180.jpg 300w, https:\/\/www.naturparkmagazin.de\/stechlin\/wp-content\/uploads\/sites\/38\/exkursion-moor1.jpg 500w, https:\/\/www.naturparkmagazin.de\/stechlin\/wp-content\/uploads\/sites\/38\/exkursion-moor1-200x120.jpg 200w\" sizes=\"(max-width: 300px) 100vw, 300px\" \/><\/a><p id=\"caption-attachment-8450\" class=\"wp-caption-text\">Zusammen mit Anke Haupt ins Moor<\/p><\/div>\n<div id=\"attachment_8449\" style=\"width: 310px\" class=\"wp-caption aligncenter\"><a href=\"https:\/\/www.naturparkmagazin.de\/stechlin\/wp-content\/uploads\/sites\/38\/exkursion-moor4.jpg\"><img aria-describedby=\"caption-attachment-8449\" decoding=\"async\" loading=\"lazy\" class=\"wp-image-8449 size-thumbnail\" src=\"https:\/\/www.naturparkmagazin.de\/stechlin\/wp-content\/uploads\/sites\/38\/exkursion-moor4-300x500.jpg\" alt=\"ein aufw\u00e4ndiges System von Gr\u00e4ben wird schlau verschlossen, um das gesamte System wiederzuvern\u00e4ssen\" width=\"300\" height=\"500\" srcset=\"https:\/\/www.naturparkmagazin.de\/stechlin\/wp-content\/uploads\/sites\/38\/exkursion-moor4.jpg 300w, https:\/\/www.naturparkmagazin.de\/stechlin\/wp-content\/uploads\/sites\/38\/exkursion-moor4-200x333.jpg 200w\" sizes=\"(max-width: 300px) 100vw, 300px\" \/><\/a><p id=\"caption-attachment-8449\" class=\"wp-caption-text\">Ein aufw\u00e4ndiges System von Gr\u00e4ben wird schlau verschlossen, um das gesamte Moorgebiet wiederzuvern\u00e4ssen<\/p><\/div>\n<p>Am Folgetag f\u00fchrte uns Anke Haupt von der Naturparkverwaltung in die Stengelheide, eines der vielen Moor-Wiedervern\u00e4ssungsprojekte im Erzgebirgsraum.<\/p>\n<div id=\"attachment_8448\" style=\"width: 310px\" class=\"wp-caption aligncenter\"><a href=\"https:\/\/www.naturparkmagazin.de\/stechlin\/wp-content\/uploads\/sites\/38\/exkursion-moor3.jpg\"><img aria-describedby=\"caption-attachment-8448\" decoding=\"async\" loading=\"lazy\" class=\"size-thumbnail wp-image-8448\" src=\"https:\/\/www.naturparkmagazin.de\/stechlin\/wp-content\/uploads\/sites\/38\/exkursion-moor3-300x500.jpg\" alt=\"wiedervern\u00e4sster Moorabschnitt\" width=\"300\" height=\"500\" srcset=\"https:\/\/www.naturparkmagazin.de\/stechlin\/wp-content\/uploads\/sites\/38\/exkursion-moor3.jpg 300w, https:\/\/www.naturparkmagazin.de\/stechlin\/wp-content\/uploads\/sites\/38\/exkursion-moor3-200x333.jpg 200w\" sizes=\"(max-width: 300px) 100vw, 300px\" \/><\/a><p id=\"caption-attachment-8448\" class=\"wp-caption-text\">Wiedervern\u00e4sster Moorabschnitt<\/p><\/div>\n<p><a href=\"https:\/\/www.naturparkmagazin.de\/stechlin\/wp-content\/uploads\/sites\/38\/exkursion-moor2.jpg\"><img decoding=\"async\" loading=\"lazy\" class=\"aligncenter size-thumbnail wp-image-8447\" src=\"https:\/\/www.naturparkmagazin.de\/stechlin\/wp-content\/uploads\/sites\/38\/exkursion-moor2-300x180.jpg\" alt=\"NP SRL\/Oldorff\" width=\"300\" height=\"180\" srcset=\"https:\/\/www.naturparkmagazin.de\/stechlin\/wp-content\/uploads\/sites\/38\/exkursion-moor2-300x180.jpg 300w, https:\/\/www.naturparkmagazin.de\/stechlin\/wp-content\/uploads\/sites\/38\/exkursion-moor2.jpg 500w, https:\/\/www.naturparkmagazin.de\/stechlin\/wp-content\/uploads\/sites\/38\/exkursion-moor2-200x120.jpg 200w\" sizes=\"(max-width: 300px) 100vw, 300px\" \/><\/a><\/p>\n<p>Ein kleiner Abstecher auf den Hirtstein stillte mit seinen Basaltpfeifen unseren Durst auf geologische Besonderheiten dieser Region.<\/p>\n<div id=\"attachment_8446\" style=\"width: 310px\" class=\"wp-caption aligncenter\"><a href=\"https:\/\/www.naturparkmagazin.de\/stechlin\/wp-content\/uploads\/sites\/38\/hirtstein.jpg\"><img aria-describedby=\"caption-attachment-8446\" decoding=\"async\" loading=\"lazy\" class=\"size-thumbnail wp-image-8446\" src=\"https:\/\/www.naturparkmagazin.de\/stechlin\/wp-content\/uploads\/sites\/38\/hirtstein-300x180.jpg\" alt=\"freigelegter Basaltf\u00e4cher am Hirtstein\" width=\"300\" height=\"180\" srcset=\"https:\/\/www.naturparkmagazin.de\/stechlin\/wp-content\/uploads\/sites\/38\/hirtstein-300x180.jpg 300w, https:\/\/www.naturparkmagazin.de\/stechlin\/wp-content\/uploads\/sites\/38\/hirtstein.jpg 500w, https:\/\/www.naturparkmagazin.de\/stechlin\/wp-content\/uploads\/sites\/38\/hirtstein-200x120.jpg 200w\" sizes=\"(max-width: 300px) 100vw, 300px\" \/><\/a><p id=\"caption-attachment-8446\" class=\"wp-caption-text\">Freigelegter Basaltf\u00e4cher am Hirtstein<\/p><\/div>\n<p>Um das Erzgebirge zu verstehen, muss man auch einmal unter Tage gewesen sein. In Annaberg-Buchholz kommen dann Erzbergbau und Kunsthandwerk auf besondere Weise zusammen. Eine F\u00fchrung durch die Altstadt machte die wechselhafte Geschichte dieser Industriestadt lebendig.<\/p>\n<div id=\"attachment_8445\" style=\"width: 310px\" class=\"wp-caption aligncenter\"><a href=\"https:\/\/www.naturparkmagazin.de\/stechlin\/wp-content\/uploads\/sites\/38\/schaubergwerk.jpg\"><img aria-describedby=\"caption-attachment-8445\" decoding=\"async\" loading=\"lazy\" class=\"size-thumbnail wp-image-8445\" src=\"https:\/\/www.naturparkmagazin.de\/stechlin\/wp-content\/uploads\/sites\/38\/schaubergwerk-300x180.jpg\" alt=\"Besucherbergwerk R\u00f6hling bei Annaberg-Buchholz\" width=\"300\" height=\"180\" srcset=\"https:\/\/www.naturparkmagazin.de\/stechlin\/wp-content\/uploads\/sites\/38\/schaubergwerk-300x180.jpg 300w, https:\/\/www.naturparkmagazin.de\/stechlin\/wp-content\/uploads\/sites\/38\/schaubergwerk.jpg 500w, https:\/\/www.naturparkmagazin.de\/stechlin\/wp-content\/uploads\/sites\/38\/schaubergwerk-200x120.jpg 200w\" sizes=\"(max-width: 300px) 100vw, 300px\" \/><\/a><p id=\"caption-attachment-8445\" class=\"wp-caption-text\">Besucherbergwerk R\u00f6hling bei Annaberg-Buchholz<\/p><\/div>\n<div id=\"attachment_8465\" style=\"width: 310px\" class=\"wp-caption aligncenter\"><a href=\"https:\/\/www.naturparkmagazin.de\/stechlin\/wp-content\/uploads\/sites\/38\/annaberg-buchholz.jpg\"><img aria-describedby=\"caption-attachment-8465\" decoding=\"async\" loading=\"lazy\" class=\"size-thumbnail wp-image-8465\" src=\"https:\/\/www.naturparkmagazin.de\/stechlin\/wp-content\/uploads\/sites\/38\/annaberg-buchholz-300x180.jpg\" alt=\"Altstadtf\u00fchrung durch Annaberg-Buchholz\" width=\"300\" height=\"180\" srcset=\"https:\/\/www.naturparkmagazin.de\/stechlin\/wp-content\/uploads\/sites\/38\/annaberg-buchholz-300x180.jpg 300w, https:\/\/www.naturparkmagazin.de\/stechlin\/wp-content\/uploads\/sites\/38\/annaberg-buchholz.jpg 500w, https:\/\/www.naturparkmagazin.de\/stechlin\/wp-content\/uploads\/sites\/38\/annaberg-buchholz-200x120.jpg 200w\" sizes=\"(max-width: 300px) 100vw, 300px\" \/><\/a><p id=\"caption-attachment-8465\" class=\"wp-caption-text\">Altstadtf\u00fchrung durch Annaberg-Buchholz<\/p><\/div>\n<p>Schon fast auf dem langen R\u00fcckweg begaben wir uns am 4. Tag in den vogtl\u00e4ndischen Teil des Naturparks. Die hier noch heimische, aber stark gef\u00e4hrdete Flussperlmuschel wird u.a. in der Zuchtstation in Raun mit geh\u00f6rigem Aufwand vor dem Aussterben gerettet. Die dabei auftretenden Probleme, Gefahren und Erfolge im Spannungsfeld zwischen Artenschutz und Landschaftsnutzung zeichnen ein interessantes Bild der bachgepr\u00e4gten Erzgebirgst\u00e4ler.<\/p>\n<div id=\"attachment_8466\" style=\"width: 310px\" class=\"wp-caption aligncenter\"><a href=\"https:\/\/www.naturparkmagazin.de\/stechlin\/wp-content\/uploads\/sites\/38\/schale.jpg\"><img aria-describedby=\"caption-attachment-8466\" decoding=\"async\" loading=\"lazy\" class=\"size-thumbnail wp-image-8466\" src=\"https:\/\/www.naturparkmagazin.de\/stechlin\/wp-content\/uploads\/sites\/38\/schale-300x180.jpg\" alt=\"Innenseite einer Schale\" width=\"300\" height=\"180\" srcset=\"https:\/\/www.naturparkmagazin.de\/stechlin\/wp-content\/uploads\/sites\/38\/schale-300x180.jpg 300w, https:\/\/www.naturparkmagazin.de\/stechlin\/wp-content\/uploads\/sites\/38\/schale.jpg 500w, https:\/\/www.naturparkmagazin.de\/stechlin\/wp-content\/uploads\/sites\/38\/schale-200x120.jpg 200w\" sizes=\"(max-width: 300px) 100vw, 300px\" \/><\/a><p id=\"caption-attachment-8466\" class=\"wp-caption-text\">Innenseite einer Schale<\/p><\/div>\n<div id=\"attachment_8468\" style=\"width: 310px\" class=\"wp-caption aligncenter\"><a href=\"https:\/\/www.naturparkmagazin.de\/stechlin\/wp-content\/uploads\/sites\/38\/flussperlmuschenzuchtstation.jpg\"><img aria-describedby=\"caption-attachment-8468\" decoding=\"async\" loading=\"lazy\" class=\"size-thumbnail wp-image-8468\" src=\"https:\/\/www.naturparkmagazin.de\/stechlin\/wp-content\/uploads\/sites\/38\/flussperlmuschenzuchtstation-300x180.jpg\" alt=\"Flussperlmuschenzuchtstation in Raun\" width=\"300\" height=\"180\" srcset=\"https:\/\/www.naturparkmagazin.de\/stechlin\/wp-content\/uploads\/sites\/38\/flussperlmuschenzuchtstation-300x180.jpg 300w, https:\/\/www.naturparkmagazin.de\/stechlin\/wp-content\/uploads\/sites\/38\/flussperlmuschenzuchtstation.jpg 500w, https:\/\/www.naturparkmagazin.de\/stechlin\/wp-content\/uploads\/sites\/38\/flussperlmuschenzuchtstation-200x120.jpg 200w\" sizes=\"(max-width: 300px) 100vw, 300px\" \/><\/a><p id=\"caption-attachment-8468\" class=\"wp-caption-text\">Flussperlmuschenzuchtstation in Raun<\/p><\/div>\n<div id=\"attachment_8467\" style=\"width: 310px\" class=\"wp-caption aligncenter\"><a href=\"https:\/\/www.naturparkmagazin.de\/stechlin\/wp-content\/uploads\/sites\/38\/auswilderung-im-bach.jpg\"><img aria-describedby=\"caption-attachment-8467\" decoding=\"async\" loading=\"lazy\" class=\"size-thumbnail wp-image-8467\" src=\"https:\/\/www.naturparkmagazin.de\/stechlin\/wp-content\/uploads\/sites\/38\/auswilderung-im-bach-300x180.jpg\" alt=\"gesch\u00fctzte Ausbringung der jungen Muscheln in den Bach\" width=\"300\" height=\"180\" srcset=\"https:\/\/www.naturparkmagazin.de\/stechlin\/wp-content\/uploads\/sites\/38\/auswilderung-im-bach-300x180.jpg 300w, https:\/\/www.naturparkmagazin.de\/stechlin\/wp-content\/uploads\/sites\/38\/auswilderung-im-bach.jpg 500w, https:\/\/www.naturparkmagazin.de\/stechlin\/wp-content\/uploads\/sites\/38\/auswilderung-im-bach-200x120.jpg 200w\" sizes=\"(max-width: 300px) 100vw, 300px\" \/><\/a><p id=\"caption-attachment-8467\" class=\"wp-caption-text\">Gesch\u00fctzte Ausbringung der jungen Muscheln in den Bach<\/p><\/div>\n<p><span style=\"text-decoration: underline\">Fazit:<\/span><\/p>\n<p>Da ist mehr zu sehen, als in 4 Tagen zu schaffen w\u00e4re\u2026. \u2013 wir kommen wieder!<\/p>\n","protected":false},"excerpt":{"rendered":"<p>Vertreter*innen des Naturparks Stechlin-Ruppiner Land besuchten Ende Mai den Naturpark Erzgebirge \/ Vogtland zu einer Fachexkursion.<\/p>\n","protected":false},"author":39,"featured_media":8458,"comment_status":"open","ping_status":"open","sticky":false,"template":"","format":"standard","meta":[],"categories":[7],"tags":[],"yoast_head":"<!-- This site is optimized with the Yoast SEO plugin v19.10 - https:\/\/yoast.com\/wordpress\/plugins\/seo\/ -->\n<title>O Arzgebirg, wie bist du schie! - Naturpark Stechlin-Ruppiner Land<\/title>\n<meta name=\"robots\" content=\"index, follow, max-snippet:-1, max-image-preview:large, max-video-preview:-1\" \/>\n<link rel=\"canonical\" href=\"https:\/\/www.naturparkmagazin.de\/stechlin\/o-arzgebirg-wie-bist-du-schie\/\" \/>\n<meta property=\"og:locale\" content=\"de_DE\" \/>\n<meta property=\"og:type\" content=\"article\" \/>\n<meta property=\"og:title\" content=\"O Arzgebirg, wie bist du schie! - Naturpark Stechlin-Ruppiner Land\" \/>\n<meta property=\"og:description\" content=\"Vertreter*innen des Naturparks Stechlin-Ruppiner Land besuchten Ende Mai den Naturpark Erzgebirge \/ Vogtland zu einer Fachexkursion.\" \/>\n<meta property=\"og:url\" content=\"https:\/\/www.naturparkmagazin.de\/stechlin\/o-arzgebirg-wie-bist-du-schie\/\" \/>\n<meta property=\"og:site_name\" content=\"Naturpark Stechlin-Ruppiner Land\" \/>\n<meta property=\"article:published_time\" content=\"2019-06-14T11:51:49+00:00\" \/>\n<meta property=\"article:modified_time\" content=\"2019-06-17T14:24:09+00:00\" \/>\n<meta property=\"og:image\" content=\"https:\/\/www.naturparkmagazin.de\/stechlin\/wp-content\/uploads\/sites\/38\/teufelskralle.jpg\" \/>\n\t<meta property=\"og:image:width\" content=\"200\" \/>\n\t<meta property=\"og:image:height\" content=\"200\" \/>\n\t<meta property=\"og:image:type\" content=\"image\/jpeg\" \/>\n<meta name=\"author\" content=\"marioschrumpf\" \/>\n<meta name=\"twitter:label1\" content=\"Verfasst von\" \/>\n\t<meta name=\"twitter:data1\" content=\"marioschrumpf\" \/>\n\t<meta name=\"twitter:label2\" content=\"Gesch\u00e4tzte Lesezeit\" \/>\n\t<meta name=\"twitter:data2\" content=\"3\u00a0Minuten\" \/>\n<script type=\"application\/ld+json\" class=\"yoast-schema-graph\">{\"@context\":\"https:\/\/schema.org\",\"@graph\":[{\"@type\":\"WebPage\",\"@id\":\"https:\/\/www.naturparkmagazin.de\/stechlin\/o-arzgebirg-wie-bist-du-schie\/\",\"url\":\"https:\/\/www.naturparkmagazin.de\/stechlin\/o-arzgebirg-wie-bist-du-schie\/\",\"name\":\"O Arzgebirg, wie bist du schie! - Naturpark Stechlin-Ruppiner Land\",\"isPartOf\":{\"@id\":\"https:\/\/www.naturparkmagazin.de\/stechlin\/#website\"},\"datePublished\":\"2019-06-14T11:51:49+00:00\",\"dateModified\":\"2019-06-17T14:24:09+00:00\",\"author\":{\"@id\":\"https:\/\/www.naturparkmagazin.de\/stechlin\/#\/schema\/person\/3f0d93203df21c806dd63c76d9bb28bc\"},\"breadcrumb\":{\"@id\":\"https:\/\/www.naturparkmagazin.de\/stechlin\/o-arzgebirg-wie-bist-du-schie\/#breadcrumb\"},\"inLanguage\":\"de\",\"potentialAction\":[{\"@type\":\"ReadAction\",\"target\":[\"https:\/\/www.naturparkmagazin.de\/stechlin\/o-arzgebirg-wie-bist-du-schie\/\"]}]},{\"@type\":\"BreadcrumbList\",\"@id\":\"https:\/\/www.naturparkmagazin.de\/stechlin\/o-arzgebirg-wie-bist-du-schie\/#breadcrumb\",\"itemListElement\":[{\"@type\":\"ListItem\",\"position\":1,\"name\":\"Home\",\"item\":\"https:\/\/www.naturparkmagazin.de\/stechlin\/\"},{\"@type\":\"ListItem\",\"position\":2,\"name\":\"O Arzgebirg, wie bist du schie!\"}]},{\"@type\":\"WebSite\",\"@id\":\"https:\/\/www.naturparkmagazin.de\/stechlin\/#website\",\"url\":\"https:\/\/www.naturparkmagazin.de\/stechlin\/\",\"name\":\"Naturpark Stechlin-Ruppiner Land\",\"description\":\"\",\"potentialAction\":[{\"@type\":\"SearchAction\",\"target\":{\"@type\":\"EntryPoint\",\"urlTemplate\":\"https:\/\/www.naturparkmagazin.de\/stechlin\/?s={search_term_string}\"},\"query-input\":\"required name=search_term_string\"}],\"inLanguage\":\"de\"},{\"@type\":\"Person\",\"@id\":\"https:\/\/www.naturparkmagazin.de\/stechlin\/#\/schema\/person\/3f0d93203df21c806dd63c76d9bb28bc\",\"name\":\"marioschrumpf\",\"url\":\"https:\/\/www.naturparkmagazin.de\/stechlin\/author\/marioschrumpf\/\"}]}<\/script>\n<!-- \/ Yoast SEO plugin. -->","yoast_head_json":{"title":"O Arzgebirg, wie bist du schie! - Naturpark Stechlin-Ruppiner Land","robots":{"index":"index","follow":"follow","max-snippet":"max-snippet:-1","max-image-preview":"max-image-preview:large","max-video-preview":"max-video-preview:-1"},"canonical":"https:\/\/www.naturparkmagazin.de\/stechlin\/o-arzgebirg-wie-bist-du-schie\/","og_locale":"de_DE","og_type":"article","og_title":"O Arzgebirg, wie bist du schie! - Naturpark Stechlin-Ruppiner Land","og_description":"Vertreter*innen des Naturparks Stechlin-Ruppiner Land besuchten Ende Mai den Naturpark Erzgebirge \/ Vogtland zu einer Fachexkursion.","og_url":"https:\/\/www.naturparkmagazin.de\/stechlin\/o-arzgebirg-wie-bist-du-schie\/","og_site_name":"Naturpark Stechlin-Ruppiner Land","article_published_time":"2019-06-14T11:51:49+00:00","article_modified_time":"2019-06-17T14:24:09+00:00","og_image":[{"width":200,"height":200,"url":"https:\/\/www.naturparkmagazin.de\/stechlin\/wp-content\/uploads\/sites\/38\/teufelskralle.jpg","type":"image\/jpeg"}],"author":"marioschrumpf","twitter_misc":{"Verfasst von":"marioschrumpf","Gesch\u00e4tzte Lesezeit":"3\u00a0Minuten"},"schema":{"@context":"https:\/\/schema.org","@graph":[{"@type":"WebPage","@id":"https:\/\/www.naturparkmagazin.de\/stechlin\/o-arzgebirg-wie-bist-du-schie\/","url":"https:\/\/www.naturparkmagazin.de\/stechlin\/o-arzgebirg-wie-bist-du-schie\/","name":"O Arzgebirg, wie bist du schie! - Naturpark Stechlin-Ruppiner Land","isPartOf":{"@id":"https:\/\/www.naturparkmagazin.de\/stechlin\/#website"},"datePublished":"2019-06-14T11:51:49+00:00","dateModified":"2019-06-17T14:24:09+00:00","author":{"@id":"https:\/\/www.naturparkmagazin.de\/stechlin\/#\/schema\/person\/3f0d93203df21c806dd63c76d9bb28bc"},"breadcrumb":{"@id":"https:\/\/www.naturparkmagazin.de\/stechlin\/o-arzgebirg-wie-bist-du-schie\/#breadcrumb"},"inLanguage":"de","potentialAction":[{"@type":"ReadAction","target":["https:\/\/www.naturparkmagazin.de\/stechlin\/o-arzgebirg-wie-bist-du-schie\/"]}]},{"@type":"BreadcrumbList","@id":"https:\/\/www.naturparkmagazin.de\/stechlin\/o-arzgebirg-wie-bist-du-schie\/#breadcrumb","itemListElement":[{"@type":"ListItem","position":1,"name":"Home","item":"https:\/\/www.naturparkmagazin.de\/stechlin\/"},{"@type":"ListItem","position":2,"name":"O Arzgebirg, wie bist du schie!"}]},{"@type":"WebSite","@id":"https:\/\/www.naturparkmagazin.de\/stechlin\/#website","url":"https:\/\/www.naturparkmagazin.de\/stechlin\/","name":"Naturpark Stechlin-Ruppiner Land","description":"","potentialAction":[{"@type":"SearchAction","target":{"@type":"EntryPoint","urlTemplate":"https:\/\/www.naturparkmagazin.de\/stechlin\/?s={search_term_string}"},"query-input":"required name=search_term_string"}],"inLanguage":"de"},{"@type":"Person","@id":"https:\/\/www.naturparkmagazin.de\/stechlin\/#\/schema\/person\/3f0d93203df21c806dd63c76d9bb28bc","name":"marioschrumpf","url":"https:\/\/www.naturparkmagazin.de\/stechlin\/author\/marioschrumpf\/"}]}},"_links":{"self":[{"href":"https:\/\/www.naturparkmagazin.de\/stechlin\/wp-json\/wp\/v2\/posts\/8443"}],"collection":[{"href":"https:\/\/www.naturparkmagazin.de\/stechlin\/wp-json\/wp\/v2\/posts"}],"about":[{"href":"https:\/\/www.naturparkmagazin.de\/stechlin\/wp-json\/wp\/v2\/types\/post"}],"author":[{"embeddable":true,"href":"https:\/\/www.naturparkmagazin.de\/stechlin\/wp-json\/wp\/v2\/users\/39"}],"replies":[{"embeddable":true,"href":"https:\/\/www.naturparkmagazin.de\/stechlin\/wp-json\/wp\/v2\/comments?post=8443"}],"version-history":[{"count":13,"href":"https:\/\/www.naturparkmagazin.de\/stechlin\/wp-json\/wp\/v2\/posts\/8443\/revisions"}],"predecessor-version":[{"id":8460,"href":"https:\/\/www.naturparkmagazin.de\/stechlin\/wp-json\/wp\/v2\/posts\/8443\/revisions\/8460"}],"wp:featuredmedia":[{"embeddable":true,"href":"https:\/\/www.naturparkmagazin.de\/stechlin\/wp-json\/wp\/v2\/media\/8458"}],"wp:attachment":[{"href":"https:\/\/www.naturparkmagazin.de\/stechlin\/wp-json\/wp\/v2\/media?parent=8443"}],"wp:term":[{"taxonomy":"category","embeddable":true,"href":"https:\/\/www.naturparkmagazin.de\/stechlin\/wp-json\/wp\/v2\/categories?post=8443"},{"taxonomy":"post_tag","embeddable":true,"href":"https:\/\/www.naturparkmagazin.de\/stechlin\/wp-json\/wp\/v2\/tags?post=8443"}],"curies":[{"name":"wp","href":"https:\/\/api.w.org\/{rel}","templated":true}]}}