{"id":846,"date":"2014-03-19T11:59:14","date_gmt":"2014-03-19T10:59:14","guid":{"rendered":"http:\/\/www.naturparkmagazin.de\/stechlin\/?p=846"},"modified":"2014-03-25T12:40:20","modified_gmt":"2014-03-25T11:40:20","slug":"spaete-ehrung-fuer-johanna-pirl","status":"publish","type":"post","link":"https:\/\/www.naturparkmagazin.de\/stechlin\/spaete-ehrung-fuer-johanna-pirl\/","title":{"rendered":"Sp\u00e4te Ehrung f\u00fcr Johanna Pirl"},"content":{"rendered":"<div id=\"attachment_850\" style=\"width: 310px\" class=\"wp-caption alignnone\"><img aria-describedby=\"caption-attachment-850\" decoding=\"async\" loading=\"lazy\" class=\"size-full wp-image-850 \" alt=\"Johanna Pirl\" src=\"https:\/\/www.naturparkmagazin.de\/stechlin\/wp-content\/uploads\/sites\/38\/Pirl1.jpg\" width=\"300\" height=\"426\" srcset=\"https:\/\/www.naturparkmagazin.de\/stechlin\/wp-content\/uploads\/sites\/38\/Pirl1.jpg 300w, https:\/\/www.naturparkmagazin.de\/stechlin\/wp-content\/uploads\/sites\/38\/Pirl1-200x284.jpg 200w\" sizes=\"(max-width: 300px) 100vw, 300px\" \/><p id=\"caption-attachment-850\" class=\"wp-caption-text\">Johanna Pirl<\/p><\/div>\n<p>In Zusammenarbeit mit der Initiative Zernikow e.V., die in der gesamten Gemeinde Gro\u00dfwoltersdorf kulturelle Aktivit\u00e4ten unterst\u00fctzt, wird am <strong>12.4.14, 11 Uhr<\/strong> eine Tafel f\u00fcr Johanna Pirl, die gro\u00dfe Glash\u00fcttenbesitzerin an der Stra\u00dfe unterhalb der Kirche\/Weg zur &#8222;W\u00e4ssering&#8220; in <strong>Altglobsow<\/strong> feierlich eingeweiht.\u00a0 1767 \u00fcbernahm Madame Pirl, wie sie sp\u00e4ter genannt wurde, die Glash\u00fctte in Altglobsow. In einer Zeit, in der M\u00e4nner die Gesch\u00e4ftswelt dominierten, f\u00fchrte sie als erfolgreiche Gesch\u00e4ftsfrau die Glash\u00fctte.\u00a0 1780 verlegte sie aufgrund von Holzmangel\u00a0die Glash\u00fctte an den Dagowsee und gr\u00fcndete so den Ort Neuglobsow. Als &#8222;wei\u00dfe Frau&#8220; soll sie noch heute auf dem Friedhof in Altglobsow umgehen, wenn der Nebel \u00fcber die Wiesen wabert.<\/p>\n","protected":false},"excerpt":{"rendered":"<p>In Zusammenarbeit mit der Initiative Zernikow e.V. wird am 12.4.14, 11 Uhr eine Tafel f\u00fcr Johanna Pirl, die gro\u00dfe Glash\u00fcttenbesitzerin an der Stra\u00dfe unterhalb der Kirche\/Weg zur &#8222;W\u00e4ssering&#8220; in Altglobsow feierlich eingeweiht.<\/p>\n","protected":false},"author":39,"featured_media":896,"comment_status":"open","ping_status":"open","sticky":false,"template":"","format":"standard","meta":[],"categories":[7],"tags":[],"yoast_head":"<!-- This site is optimized with the Yoast SEO plugin v19.10 - https:\/\/yoast.com\/wordpress\/plugins\/seo\/ -->\n<title>Sp\u00e4te Ehrung f\u00fcr Johanna Pirl - Naturpark Stechlin-Ruppiner Land<\/title>\n<meta name=\"robots\" content=\"index, follow, max-snippet:-1, max-image-preview:large, max-video-preview:-1\" \/>\n<link rel=\"canonical\" href=\"https:\/\/www.naturparkmagazin.de\/stechlin\/spaete-ehrung-fuer-johanna-pirl\/\" \/>\n<meta property=\"og:locale\" content=\"de_DE\" \/>\n<meta property=\"og:type\" content=\"article\" \/>\n<meta property=\"og:title\" content=\"Sp\u00e4te Ehrung f\u00fcr Johanna Pirl - Naturpark Stechlin-Ruppiner Land\" \/>\n<meta property=\"og:description\" content=\"In Zusammenarbeit mit der Initiative Zernikow e.V. wird am 12.4.14, 11 Uhr eine Tafel f\u00fcr Johanna Pirl, die gro\u00dfe Glash\u00fcttenbesitzerin an der Stra\u00dfe unterhalb der Kirche\/Weg zur &quot;W\u00e4ssering&quot; in Altglobsow feierlich eingeweiht.\" \/>\n<meta property=\"og:url\" content=\"https:\/\/www.naturparkmagazin.de\/stechlin\/spaete-ehrung-fuer-johanna-pirl\/\" \/>\n<meta property=\"og:site_name\" content=\"Naturpark Stechlin-Ruppiner Land\" \/>\n<meta property=\"article:published_time\" content=\"2014-03-19T10:59:14+00:00\" \/>\n<meta property=\"article:modified_time\" content=\"2014-03-25T11:40:20+00:00\" \/>\n<meta property=\"og:image\" content=\"https:\/\/www.naturparkmagazin.de\/stechlin\/wp-content\/uploads\/sites\/38\/Johanna_Pirl_180.jpg\" \/>\n\t<meta property=\"og:image:width\" content=\"135\" \/>\n\t<meta property=\"og:image:height\" content=\"180\" \/>\n\t<meta property=\"og:image:type\" content=\"image\/jpeg\" \/>\n<meta name=\"author\" content=\"marioschrumpf\" \/>\n<meta name=\"twitter:label1\" content=\"Verfasst von\" \/>\n\t<meta name=\"twitter:data1\" content=\"marioschrumpf\" \/>\n\t<meta name=\"twitter:label2\" content=\"Gesch\u00e4tzte Lesezeit\" \/>\n\t<meta name=\"twitter:data2\" content=\"1\u00a0Minute\" \/>\n<script type=\"application\/ld+json\" class=\"yoast-schema-graph\">{\"@context\":\"https:\/\/schema.org\",\"@graph\":[{\"@type\":\"WebPage\",\"@id\":\"https:\/\/www.naturparkmagazin.de\/stechlin\/spaete-ehrung-fuer-johanna-pirl\/\",\"url\":\"https:\/\/www.naturparkmagazin.de\/stechlin\/spaete-ehrung-fuer-johanna-pirl\/\",\"name\":\"Sp\u00e4te Ehrung f\u00fcr Johanna Pirl - Naturpark Stechlin-Ruppiner Land\",\"isPartOf\":{\"@id\":\"https:\/\/www.naturparkmagazin.de\/stechlin\/#website\"},\"datePublished\":\"2014-03-19T10:59:14+00:00\",\"dateModified\":\"2014-03-25T11:40:20+00:00\",\"author\":{\"@id\":\"https:\/\/www.naturparkmagazin.de\/stechlin\/#\/schema\/person\/3f0d93203df21c806dd63c76d9bb28bc\"},\"breadcrumb\":{\"@id\":\"https:\/\/www.naturparkmagazin.de\/stechlin\/spaete-ehrung-fuer-johanna-pirl\/#breadcrumb\"},\"inLanguage\":\"de\",\"potentialAction\":[{\"@type\":\"ReadAction\",\"target\":[\"https:\/\/www.naturparkmagazin.de\/stechlin\/spaete-ehrung-fuer-johanna-pirl\/\"]}]},{\"@type\":\"BreadcrumbList\",\"@id\":\"https:\/\/www.naturparkmagazin.de\/stechlin\/spaete-ehrung-fuer-johanna-pirl\/#breadcrumb\",\"itemListElement\":[{\"@type\":\"ListItem\",\"position\":1,\"name\":\"Home\",\"item\":\"https:\/\/www.naturparkmagazin.de\/stechlin\/\"},{\"@type\":\"ListItem\",\"position\":2,\"name\":\"Sp\u00e4te Ehrung f\u00fcr Johanna Pirl\"}]},{\"@type\":\"WebSite\",\"@id\":\"https:\/\/www.naturparkmagazin.de\/stechlin\/#website\",\"url\":\"https:\/\/www.naturparkmagazin.de\/stechlin\/\",\"name\":\"Naturpark Stechlin-Ruppiner Land\",\"description\":\"\",\"potentialAction\":[{\"@type\":\"SearchAction\",\"target\":{\"@type\":\"EntryPoint\",\"urlTemplate\":\"https:\/\/www.naturparkmagazin.de\/stechlin\/?s={search_term_string}\"},\"query-input\":\"required name=search_term_string\"}],\"inLanguage\":\"de\"},{\"@type\":\"Person\",\"@id\":\"https:\/\/www.naturparkmagazin.de\/stechlin\/#\/schema\/person\/3f0d93203df21c806dd63c76d9bb28bc\",\"name\":\"marioschrumpf\",\"url\":\"https:\/\/www.naturparkmagazin.de\/stechlin\/author\/marioschrumpf\/\"}]}<\/script>\n<!-- \/ Yoast SEO plugin. -->","yoast_head_json":{"title":"Sp\u00e4te Ehrung f\u00fcr Johanna Pirl - Naturpark Stechlin-Ruppiner Land","robots":{"index":"index","follow":"follow","max-snippet":"max-snippet:-1","max-image-preview":"max-image-preview:large","max-video-preview":"max-video-preview:-1"},"canonical":"https:\/\/www.naturparkmagazin.de\/stechlin\/spaete-ehrung-fuer-johanna-pirl\/","og_locale":"de_DE","og_type":"article","og_title":"Sp\u00e4te Ehrung f\u00fcr Johanna Pirl - Naturpark Stechlin-Ruppiner Land","og_description":"In Zusammenarbeit mit der Initiative Zernikow e.V. wird am 12.4.14, 11 Uhr eine Tafel f\u00fcr Johanna Pirl, die gro\u00dfe Glash\u00fcttenbesitzerin an der Stra\u00dfe unterhalb der Kirche\/Weg zur \"W\u00e4ssering\" in Altglobsow feierlich eingeweiht.","og_url":"https:\/\/www.naturparkmagazin.de\/stechlin\/spaete-ehrung-fuer-johanna-pirl\/","og_site_name":"Naturpark Stechlin-Ruppiner Land","article_published_time":"2014-03-19T10:59:14+00:00","article_modified_time":"2014-03-25T11:40:20+00:00","og_image":[{"width":135,"height":180,"url":"https:\/\/www.naturparkmagazin.de\/stechlin\/wp-content\/uploads\/sites\/38\/Johanna_Pirl_180.jpg","type":"image\/jpeg"}],"author":"marioschrumpf","twitter_misc":{"Verfasst von":"marioschrumpf","Gesch\u00e4tzte Lesezeit":"1\u00a0Minute"},"schema":{"@context":"https:\/\/schema.org","@graph":[{"@type":"WebPage","@id":"https:\/\/www.naturparkmagazin.de\/stechlin\/spaete-ehrung-fuer-johanna-pirl\/","url":"https:\/\/www.naturparkmagazin.de\/stechlin\/spaete-ehrung-fuer-johanna-pirl\/","name":"Sp\u00e4te Ehrung f\u00fcr Johanna Pirl - Naturpark Stechlin-Ruppiner Land","isPartOf":{"@id":"https:\/\/www.naturparkmagazin.de\/stechlin\/#website"},"datePublished":"2014-03-19T10:59:14+00:00","dateModified":"2014-03-25T11:40:20+00:00","author":{"@id":"https:\/\/www.naturparkmagazin.de\/stechlin\/#\/schema\/person\/3f0d93203df21c806dd63c76d9bb28bc"},"breadcrumb":{"@id":"https:\/\/www.naturparkmagazin.de\/stechlin\/spaete-ehrung-fuer-johanna-pirl\/#breadcrumb"},"inLanguage":"de","potentialAction":[{"@type":"ReadAction","target":["https:\/\/www.naturparkmagazin.de\/stechlin\/spaete-ehrung-fuer-johanna-pirl\/"]}]},{"@type":"BreadcrumbList","@id":"https:\/\/www.naturparkmagazin.de\/stechlin\/spaete-ehrung-fuer-johanna-pirl\/#breadcrumb","itemListElement":[{"@type":"ListItem","position":1,"name":"Home","item":"https:\/\/www.naturparkmagazin.de\/stechlin\/"},{"@type":"ListItem","position":2,"name":"Sp\u00e4te Ehrung f\u00fcr Johanna Pirl"}]},{"@type":"WebSite","@id":"https:\/\/www.naturparkmagazin.de\/stechlin\/#website","url":"https:\/\/www.naturparkmagazin.de\/stechlin\/","name":"Naturpark Stechlin-Ruppiner Land","description":"","potentialAction":[{"@type":"SearchAction","target":{"@type":"EntryPoint","urlTemplate":"https:\/\/www.naturparkmagazin.de\/stechlin\/?s={search_term_string}"},"query-input":"required name=search_term_string"}],"inLanguage":"de"},{"@type":"Person","@id":"https:\/\/www.naturparkmagazin.de\/stechlin\/#\/schema\/person\/3f0d93203df21c806dd63c76d9bb28bc","name":"marioschrumpf","url":"https:\/\/www.naturparkmagazin.de\/stechlin\/author\/marioschrumpf\/"}]}},"_links":{"self":[{"href":"https:\/\/www.naturparkmagazin.de\/stechlin\/wp-json\/wp\/v2\/posts\/846"}],"collection":[{"href":"https:\/\/www.naturparkmagazin.de\/stechlin\/wp-json\/wp\/v2\/posts"}],"about":[{"href":"https:\/\/www.naturparkmagazin.de\/stechlin\/wp-json\/wp\/v2\/types\/post"}],"author":[{"embeddable":true,"href":"https:\/\/www.naturparkmagazin.de\/stechlin\/wp-json\/wp\/v2\/users\/39"}],"replies":[{"embeddable":true,"href":"https:\/\/www.naturparkmagazin.de\/stechlin\/wp-json\/wp\/v2\/comments?post=846"}],"version-history":[{"count":6,"href":"https:\/\/www.naturparkmagazin.de\/stechlin\/wp-json\/wp\/v2\/posts\/846\/revisions"}],"predecessor-version":[{"id":890,"href":"https:\/\/www.naturparkmagazin.de\/stechlin\/wp-json\/wp\/v2\/posts\/846\/revisions\/890"}],"wp:featuredmedia":[{"embeddable":true,"href":"https:\/\/www.naturparkmagazin.de\/stechlin\/wp-json\/wp\/v2\/media\/896"}],"wp:attachment":[{"href":"https:\/\/www.naturparkmagazin.de\/stechlin\/wp-json\/wp\/v2\/media?parent=846"}],"wp:term":[{"taxonomy":"category","embeddable":true,"href":"https:\/\/www.naturparkmagazin.de\/stechlin\/wp-json\/wp\/v2\/categories?post=846"},{"taxonomy":"post_tag","embeddable":true,"href":"https:\/\/www.naturparkmagazin.de\/stechlin\/wp-json\/wp\/v2\/tags?post=846"}],"curies":[{"name":"wp","href":"https:\/\/api.w.org\/{rel}","templated":true}]}}