{"id":8535,"date":"2019-06-14T06:51:00","date_gmt":"2019-06-14T04:51:00","guid":{"rendered":"https:\/\/www.naturparkmagazin.de\/stechlin\/?p=8535"},"modified":"2019-06-20T14:14:28","modified_gmt":"2019-06-20T12:14:28","slug":"naturpark-partner-im-wettbewerb-region-zukunft-erfolgreich","status":"publish","type":"post","link":"https:\/\/www.naturparkmagazin.de\/stechlin\/naturpark-partner-im-wettbewerb-region-zukunft-erfolgreich\/","title":{"rendered":"Naturpark-Partner im Wettbewerb &#8222;Region Zukunft erfolgreich&#8220;"},"content":{"rendered":"<div id=\"attachment_8536\" style=\"width: 310px\" class=\"wp-caption aligncenter\"><a href=\"https:\/\/www.naturparkmagazin.de\/stechlin\/wp-content\/uploads\/sites\/38\/Wettbewerb-Region-Zukunft_72.jpg\"><img aria-describedby=\"caption-attachment-8536\" decoding=\"async\" loading=\"lazy\" class=\"wp-image-8536 size-thumbnail\" src=\"https:\/\/www.naturparkmagazin.de\/stechlin\/wp-content\/uploads\/sites\/38\/Wettbewerb-Region-Zukunft_72-300x180.jpg\" alt=\"NP SRL\/J\u00f6rn Fritsch\" width=\"300\" height=\"180\" srcset=\"https:\/\/www.naturparkmagazin.de\/stechlin\/wp-content\/uploads\/sites\/38\/Wettbewerb-Region-Zukunft_72-300x180.jpg 300w, https:\/\/www.naturparkmagazin.de\/stechlin\/wp-content\/uploads\/sites\/38\/Wettbewerb-Region-Zukunft_72.jpg 500w, https:\/\/www.naturparkmagazin.de\/stechlin\/wp-content\/uploads\/sites\/38\/Wettbewerb-Region-Zukunft_72-200x120.jpg 200w\" sizes=\"(max-width: 300px) 100vw, 300px\" \/><\/a><p id=\"caption-attachment-8536\" class=\"wp-caption-text\">Die Preistr\u00e4ger aus dem Naturpark-Netzwerk<\/p><\/div>\n<p>Mit insgesamt 9 Beitr\u00e4gen konnten Partner unseres Naturpark-Netzwerkes der Reiseregion Ruppiner Seenland in diesem Jahr die Jury des Wettbewerbs \u201eRegion Zukunft\u201c der IHK Potsdam \u00fcberzeugen. Der Tourismusverband Ruppiner Seenland e.V. und seine Partner reichten vor allem Projekte ein, welche sich ganz im Zeichen des Fontanejahrs um den Dichterf\u00fcrsten und die Themen Wandern und Bewegung in der Natur drehen. Diese Projekte tragen zur F\u00f6rderung der Tourismuswirtschaft im l\u00e4ndlichen Raum des Naturparks bei, wof\u00fcr alle Projekttr\u00e4ger am Freitag, dem 14. Juni 2019 im gro\u00dfen Havelsaal der IHK Potsdam entsprechend geehrt und ausgezeichnet wurden.<\/p>\n<p>Der Beitrag \u201e<strong>Fontane.Kulinarik<\/strong>\u201c vom Tourismusverband Ruppiner Seenland e.V. bringt die Region an einen Tisch und bietet in den teilnehmenden gastronomischen Betrieben die Lieblingsspeisen des Dichters in neuen kreativen Variationen, um auch Fontane als Genussmensch erlebbar zu machen.<\/p>\n<p>\u201e<strong>Fontane.Rad<\/strong>\u201c als gemeinsames Projekt der Tourismusregionen\u00a0 Ruppiner Seenland und Havelland und der LAGs Havelland und Ostprignitz-Ruppin, verbindet die Reiseregionen und l\u00e4sst Besucher die Fontaneorte entlang einer\u00a0 knapp 300 Kilometer langen Radroute entdecken.<\/p>\n<p>&nbsp;<\/p>\n<div id=\"attachment_8565\" style=\"width: 310px\" class=\"wp-caption aligncenter\"><a href=\"https:\/\/www.naturparkmagazin.de\/stechlin\/wp-content\/uploads\/sites\/38\/Auszeichnung-IHK_33.jpg\"><img aria-describedby=\"caption-attachment-8565\" decoding=\"async\" loading=\"lazy\" class=\"size-thumbnail wp-image-8565\" src=\"https:\/\/www.naturparkmagazin.de\/stechlin\/wp-content\/uploads\/sites\/38\/Auszeichnung-IHK_33-300x180.jpg\" alt=\"J\u00f6rn Fritsch und Sigune Schmidt-Ulbrich nehmen den Preis f\u00fcr den Fontane-Wandermarathon entgegen.\" width=\"300\" height=\"180\" srcset=\"https:\/\/www.naturparkmagazin.de\/stechlin\/wp-content\/uploads\/sites\/38\/Auszeichnung-IHK_33-300x180.jpg 300w, https:\/\/www.naturparkmagazin.de\/stechlin\/wp-content\/uploads\/sites\/38\/Auszeichnung-IHK_33.jpg 500w, https:\/\/www.naturparkmagazin.de\/stechlin\/wp-content\/uploads\/sites\/38\/Auszeichnung-IHK_33-200x120.jpg 200w\" sizes=\"(max-width: 300px) 100vw, 300px\" \/><\/a><p id=\"caption-attachment-8565\" class=\"wp-caption-text\">J\u00f6rn Fritsch und Sigune Schmidt-Ulbrich nehmen den Preis f\u00fcr den Fontane-Wandermarathon entgegen.<\/p><\/div>\n<p>Mit dem \u201e<strong>1. Fontane-Wandermarathon<\/strong>\u201c, einem Kooperationsprojekt des Tourismusverbandes Ruppiner Seenland,\u00a0unseres Naturparks, der Stadt Rheinsberg und des Berliner Wanderverbandes e.V. wurde der Startschuss f\u00fcr eine regelm\u00e4\u00dfige Wanderveranstaltung auf den Spuren des Dichters und seiner Wanderungen gelegt.<\/p>\n<p>Das Thema Wandern steht auch im Mittelpunkt des Projektes \u201e<strong>Konzeptentwicklung und Neugestaltung des Rundwanderweges Wummsee und Kapellensee<\/strong>\u201c. Die Entwicklung eines Qualit\u00e4tswanderweges durch den Verein \u201eFitness-TREFF-Natur e.V.\u201c soll als Vorbild f\u00fcr die Einrichtung weiterer Wanderwege in der Region dienen.<\/p>\n<p><a href=\"https:\/\/www.naturparkmagazin.de\/stechlin\/wp-content\/uploads\/sites\/38\/Auszeichnung-IHK_78.jpg\"><img decoding=\"async\" loading=\"lazy\" class=\"aligncenter size-full wp-image-8564\" src=\"https:\/\/www.naturparkmagazin.de\/stechlin\/wp-content\/uploads\/sites\/38\/Auszeichnung-IHK_78.jpg\" alt=\"Auszeichnung IHK_78\" width=\"200\" height=\"300\" \/><\/a>Der \u201e<strong>Skulpturenwanderweg<\/strong>\u201c der vom Kunstverein Zehdenick e.V. als Beitrag eingereicht wurde, geh\u00f6rt ebenfalls dazu und wurde ebenso von der IHK Potsdam ausgezeichnet.<\/p>\n<div id=\"attachment_8563\" style=\"width: 210px\" class=\"wp-caption aligncenter\"><a href=\"https:\/\/www.naturparkmagazin.de\/stechlin\/wp-content\/uploads\/sites\/38\/Auszeichnung-IHK_51.jpg\"><img aria-describedby=\"caption-attachment-8563\" decoding=\"async\" loading=\"lazy\" class=\"size-full wp-image-8563\" src=\"https:\/\/www.naturparkmagazin.de\/stechlin\/wp-content\/uploads\/sites\/38\/Auszeichnung-IHK_51.jpg\" alt=\"Gudrun Lomas, Vorsitzende des Kunstvereins Zehdenick e. V. und Dr. Ralf Gruner, Leiter der Waldarbeitsschule Kunsterspring sind stolz auf die Auszeichnung f\u00fcr den Skulturenweg.\" width=\"200\" height=\"300\" \/><\/a><p id=\"caption-attachment-8563\" class=\"wp-caption-text\">Gudrun Lomas, Vorsitzende des Kunstvereins Zehdenick e. V. und Dr. Ralf Gruner, Leiter der Waldarbeitsschule Kunsterspring sind stolz auf die Auszeichnung f\u00fcr den Skulturenweg.<\/p><\/div>\n<p>\u201e<strong>Der Heidelauf verbindet<\/strong>\u201c und fand damit, als \u201e<strong>1. Temnitzer- Heide-Lauf<\/strong>\u201c, eingereicht vom Bewerberteam Spielvereinigung G\u00fchlen-Glienicke\/R\u00e4gelin, ebenfalls Beachtung bei der Jury.<\/p>\n<p>Nachhaltiger und gesunder Urlaub soll mit dem \u201e<strong>Mobilen Gesundheitsdorf<\/strong>\u201c des Netzwerkes \u201eGesundes Ruppiner Seenland\u201c angeboten werden, welches ebenso wie die Regionalinitiative Prignitz-Ruppin e.V.\u00a0 f\u00fcr die Initiative \u201e<strong>Ich bin und bleibe regional<\/strong>\u201c zur F\u00f6rderung regionaler Produkte, ausgezeichnet wurde.<\/p>\n<p>\u201e<strong>Die lange Nacht der Wirtschaft<\/strong>\u201c, der Regionalentwicklungsgesellschaft Nordwestbrandenburg mbH, war ebenfalls ein Preistr\u00e4ger aus dem Landkreis Ostprignitz-Ruppin.<\/p>\n<p>Diese Projekte zeigen, dass die Themen Nachhaltigkeit und gesunde Aktivangebote wie Wandern und Laufen wichtige Elemente des touristischen Angebotes des Naturparks geworden sind und, dass das Thema \u201eFontane\u201c, auch \u00fcber das Fontanejahr hinaus f\u00fcr die Reise-Region von Bedeutung sein wird.<\/p>\n<p>Mit der Schaffung, Erweiterung und St\u00e4rkung dieser Angebote im Bereich Radfahren, Wandern, Gesundheit und Genuss wird das Ruppiner Seenland auch k\u00fcnftig\u00a0 als Aktiv-Reiseregion in Brandenburg und Deutschland G\u00e4ste in die Region locken um Land, Natur, Sehensw\u00fcrdigkeiten und Leute zu erleben, wie einst\u00a0 der Dichterf\u00fcrst Theodor Fontane.<\/p>\n","protected":false},"excerpt":{"rendered":"<p>Mit insgesamt 9 Beitr\u00e4gen konnten Partner unseres Naturpark-Netzwerkes der Reiseregion Ruppiner Seenland in diesem Jahr die Jury des Wettbewerbs \u201eRegion Zukunft\u201c der IHK Potsdam \u00fcberzeugen.<\/p>\n","protected":false},"author":39,"featured_media":8537,"comment_status":"open","ping_status":"open","sticky":false,"template":"","format":"standard","meta":[],"categories":[7],"tags":[],"yoast_head":"<!-- This site is optimized with the Yoast SEO plugin v19.10 - https:\/\/yoast.com\/wordpress\/plugins\/seo\/ -->\n<title>Naturpark-Partner im Wettbewerb &quot;Region Zukunft erfolgreich&quot; - Naturpark Stechlin-Ruppiner Land<\/title>\n<meta name=\"robots\" content=\"index, follow, max-snippet:-1, max-image-preview:large, max-video-preview:-1\" \/>\n<link rel=\"canonical\" href=\"https:\/\/www.naturparkmagazin.de\/stechlin\/naturpark-partner-im-wettbewerb-region-zukunft-erfolgreich\/\" \/>\n<meta property=\"og:locale\" content=\"de_DE\" \/>\n<meta property=\"og:type\" content=\"article\" \/>\n<meta property=\"og:title\" content=\"Naturpark-Partner im Wettbewerb &quot;Region Zukunft erfolgreich&quot; - Naturpark Stechlin-Ruppiner Land\" \/>\n<meta property=\"og:description\" content=\"Mit insgesamt 9 Beitr\u00e4gen konnten Partner unseres Naturpark-Netzwerkes der Reiseregion Ruppiner Seenland in diesem Jahr die Jury des Wettbewerbs \u201eRegion Zukunft\u201c der IHK Potsdam \u00fcberzeugen.\" \/>\n<meta property=\"og:url\" content=\"https:\/\/www.naturparkmagazin.de\/stechlin\/naturpark-partner-im-wettbewerb-region-zukunft-erfolgreich\/\" \/>\n<meta property=\"og:site_name\" content=\"Naturpark Stechlin-Ruppiner Land\" \/>\n<meta property=\"article:published_time\" content=\"2019-06-14T04:51:00+00:00\" \/>\n<meta property=\"article:modified_time\" content=\"2019-06-20T12:14:28+00:00\" \/>\n<meta property=\"og:image\" content=\"https:\/\/www.naturparkmagazin.de\/stechlin\/wp-content\/uploads\/sites\/38\/Wettbewerb-Region-Zukunft_721.jpg\" \/>\n\t<meta property=\"og:image:width\" content=\"200\" \/>\n\t<meta property=\"og:image:height\" content=\"200\" \/>\n\t<meta property=\"og:image:type\" content=\"image\/jpeg\" \/>\n<meta name=\"author\" content=\"marioschrumpf\" \/>\n<meta name=\"twitter:label1\" content=\"Verfasst von\" \/>\n\t<meta name=\"twitter:data1\" content=\"marioschrumpf\" \/>\n\t<meta name=\"twitter:label2\" content=\"Gesch\u00e4tzte Lesezeit\" \/>\n\t<meta name=\"twitter:data2\" content=\"3\u00a0Minuten\" \/>\n<script type=\"application\/ld+json\" class=\"yoast-schema-graph\">{\"@context\":\"https:\/\/schema.org\",\"@graph\":[{\"@type\":\"WebPage\",\"@id\":\"https:\/\/www.naturparkmagazin.de\/stechlin\/naturpark-partner-im-wettbewerb-region-zukunft-erfolgreich\/\",\"url\":\"https:\/\/www.naturparkmagazin.de\/stechlin\/naturpark-partner-im-wettbewerb-region-zukunft-erfolgreich\/\",\"name\":\"Naturpark-Partner im Wettbewerb \\\"Region Zukunft erfolgreich\\\" - Naturpark Stechlin-Ruppiner Land\",\"isPartOf\":{\"@id\":\"https:\/\/www.naturparkmagazin.de\/stechlin\/#website\"},\"datePublished\":\"2019-06-14T04:51:00+00:00\",\"dateModified\":\"2019-06-20T12:14:28+00:00\",\"author\":{\"@id\":\"https:\/\/www.naturparkmagazin.de\/stechlin\/#\/schema\/person\/3f0d93203df21c806dd63c76d9bb28bc\"},\"breadcrumb\":{\"@id\":\"https:\/\/www.naturparkmagazin.de\/stechlin\/naturpark-partner-im-wettbewerb-region-zukunft-erfolgreich\/#breadcrumb\"},\"inLanguage\":\"de\",\"potentialAction\":[{\"@type\":\"ReadAction\",\"target\":[\"https:\/\/www.naturparkmagazin.de\/stechlin\/naturpark-partner-im-wettbewerb-region-zukunft-erfolgreich\/\"]}]},{\"@type\":\"BreadcrumbList\",\"@id\":\"https:\/\/www.naturparkmagazin.de\/stechlin\/naturpark-partner-im-wettbewerb-region-zukunft-erfolgreich\/#breadcrumb\",\"itemListElement\":[{\"@type\":\"ListItem\",\"position\":1,\"name\":\"Home\",\"item\":\"https:\/\/www.naturparkmagazin.de\/stechlin\/\"},{\"@type\":\"ListItem\",\"position\":2,\"name\":\"Naturpark-Partner im Wettbewerb &#8222;Region Zukunft erfolgreich&#8220;\"}]},{\"@type\":\"WebSite\",\"@id\":\"https:\/\/www.naturparkmagazin.de\/stechlin\/#website\",\"url\":\"https:\/\/www.naturparkmagazin.de\/stechlin\/\",\"name\":\"Naturpark Stechlin-Ruppiner Land\",\"description\":\"\",\"potentialAction\":[{\"@type\":\"SearchAction\",\"target\":{\"@type\":\"EntryPoint\",\"urlTemplate\":\"https:\/\/www.naturparkmagazin.de\/stechlin\/?s={search_term_string}\"},\"query-input\":\"required name=search_term_string\"}],\"inLanguage\":\"de\"},{\"@type\":\"Person\",\"@id\":\"https:\/\/www.naturparkmagazin.de\/stechlin\/#\/schema\/person\/3f0d93203df21c806dd63c76d9bb28bc\",\"name\":\"marioschrumpf\",\"url\":\"https:\/\/www.naturparkmagazin.de\/stechlin\/author\/marioschrumpf\/\"}]}<\/script>\n<!-- \/ Yoast SEO plugin. -->","yoast_head_json":{"title":"Naturpark-Partner im Wettbewerb \"Region Zukunft erfolgreich\" - Naturpark Stechlin-Ruppiner Land","robots":{"index":"index","follow":"follow","max-snippet":"max-snippet:-1","max-image-preview":"max-image-preview:large","max-video-preview":"max-video-preview:-1"},"canonical":"https:\/\/www.naturparkmagazin.de\/stechlin\/naturpark-partner-im-wettbewerb-region-zukunft-erfolgreich\/","og_locale":"de_DE","og_type":"article","og_title":"Naturpark-Partner im Wettbewerb \"Region Zukunft erfolgreich\" - Naturpark Stechlin-Ruppiner Land","og_description":"Mit insgesamt 9 Beitr\u00e4gen konnten Partner unseres Naturpark-Netzwerkes der Reiseregion Ruppiner Seenland in diesem Jahr die Jury des Wettbewerbs \u201eRegion Zukunft\u201c der IHK Potsdam \u00fcberzeugen.","og_url":"https:\/\/www.naturparkmagazin.de\/stechlin\/naturpark-partner-im-wettbewerb-region-zukunft-erfolgreich\/","og_site_name":"Naturpark Stechlin-Ruppiner Land","article_published_time":"2019-06-14T04:51:00+00:00","article_modified_time":"2019-06-20T12:14:28+00:00","og_image":[{"width":200,"height":200,"url":"https:\/\/www.naturparkmagazin.de\/stechlin\/wp-content\/uploads\/sites\/38\/Wettbewerb-Region-Zukunft_721.jpg","type":"image\/jpeg"}],"author":"marioschrumpf","twitter_misc":{"Verfasst von":"marioschrumpf","Gesch\u00e4tzte Lesezeit":"3\u00a0Minuten"},"schema":{"@context":"https:\/\/schema.org","@graph":[{"@type":"WebPage","@id":"https:\/\/www.naturparkmagazin.de\/stechlin\/naturpark-partner-im-wettbewerb-region-zukunft-erfolgreich\/","url":"https:\/\/www.naturparkmagazin.de\/stechlin\/naturpark-partner-im-wettbewerb-region-zukunft-erfolgreich\/","name":"Naturpark-Partner im Wettbewerb \"Region Zukunft erfolgreich\" - Naturpark Stechlin-Ruppiner Land","isPartOf":{"@id":"https:\/\/www.naturparkmagazin.de\/stechlin\/#website"},"datePublished":"2019-06-14T04:51:00+00:00","dateModified":"2019-06-20T12:14:28+00:00","author":{"@id":"https:\/\/www.naturparkmagazin.de\/stechlin\/#\/schema\/person\/3f0d93203df21c806dd63c76d9bb28bc"},"breadcrumb":{"@id":"https:\/\/www.naturparkmagazin.de\/stechlin\/naturpark-partner-im-wettbewerb-region-zukunft-erfolgreich\/#breadcrumb"},"inLanguage":"de","potentialAction":[{"@type":"ReadAction","target":["https:\/\/www.naturparkmagazin.de\/stechlin\/naturpark-partner-im-wettbewerb-region-zukunft-erfolgreich\/"]}]},{"@type":"BreadcrumbList","@id":"https:\/\/www.naturparkmagazin.de\/stechlin\/naturpark-partner-im-wettbewerb-region-zukunft-erfolgreich\/#breadcrumb","itemListElement":[{"@type":"ListItem","position":1,"name":"Home","item":"https:\/\/www.naturparkmagazin.de\/stechlin\/"},{"@type":"ListItem","position":2,"name":"Naturpark-Partner im Wettbewerb &#8222;Region Zukunft erfolgreich&#8220;"}]},{"@type":"WebSite","@id":"https:\/\/www.naturparkmagazin.de\/stechlin\/#website","url":"https:\/\/www.naturparkmagazin.de\/stechlin\/","name":"Naturpark Stechlin-Ruppiner Land","description":"","potentialAction":[{"@type":"SearchAction","target":{"@type":"EntryPoint","urlTemplate":"https:\/\/www.naturparkmagazin.de\/stechlin\/?s={search_term_string}"},"query-input":"required name=search_term_string"}],"inLanguage":"de"},{"@type":"Person","@id":"https:\/\/www.naturparkmagazin.de\/stechlin\/#\/schema\/person\/3f0d93203df21c806dd63c76d9bb28bc","name":"marioschrumpf","url":"https:\/\/www.naturparkmagazin.de\/stechlin\/author\/marioschrumpf\/"}]}},"_links":{"self":[{"href":"https:\/\/www.naturparkmagazin.de\/stechlin\/wp-json\/wp\/v2\/posts\/8535"}],"collection":[{"href":"https:\/\/www.naturparkmagazin.de\/stechlin\/wp-json\/wp\/v2\/posts"}],"about":[{"href":"https:\/\/www.naturparkmagazin.de\/stechlin\/wp-json\/wp\/v2\/types\/post"}],"author":[{"embeddable":true,"href":"https:\/\/www.naturparkmagazin.de\/stechlin\/wp-json\/wp\/v2\/users\/39"}],"replies":[{"embeddable":true,"href":"https:\/\/www.naturparkmagazin.de\/stechlin\/wp-json\/wp\/v2\/comments?post=8535"}],"version-history":[{"count":7,"href":"https:\/\/www.naturparkmagazin.de\/stechlin\/wp-json\/wp\/v2\/posts\/8535\/revisions"}],"predecessor-version":[{"id":8557,"href":"https:\/\/www.naturparkmagazin.de\/stechlin\/wp-json\/wp\/v2\/posts\/8535\/revisions\/8557"}],"wp:featuredmedia":[{"embeddable":true,"href":"https:\/\/www.naturparkmagazin.de\/stechlin\/wp-json\/wp\/v2\/media\/8537"}],"wp:attachment":[{"href":"https:\/\/www.naturparkmagazin.de\/stechlin\/wp-json\/wp\/v2\/media?parent=8535"}],"wp:term":[{"taxonomy":"category","embeddable":true,"href":"https:\/\/www.naturparkmagazin.de\/stechlin\/wp-json\/wp\/v2\/categories?post=8535"},{"taxonomy":"post_tag","embeddable":true,"href":"https:\/\/www.naturparkmagazin.de\/stechlin\/wp-json\/wp\/v2\/tags?post=8535"}],"curies":[{"name":"wp","href":"https:\/\/api.w.org\/{rel}","templated":true}]}}