{"id":8540,"date":"2019-06-14T07:30:17","date_gmt":"2019-06-14T05:30:17","guid":{"rendered":"https:\/\/www.naturparkmagazin.de\/stechlin\/?p=8540"},"modified":"2019-06-20T13:37:08","modified_gmt":"2019-06-20T11:37:08","slug":"vitalkur-fuer-den-rheinsberger-rhin","status":"publish","type":"post","link":"https:\/\/www.naturparkmagazin.de\/stechlin\/vitalkur-fuer-den-rheinsberger-rhin\/","title":{"rendered":"Vitalkur f\u00fcr den Rheinsberger Rhin"},"content":{"rendered":"<div id=\"attachment_8544\" style=\"width: 310px\" class=\"wp-caption aligncenter\"><a href=\"https:\/\/www.naturparkmagazin.de\/stechlin\/wp-content\/uploads\/sites\/38\/Besuch-StS-2019_21.jpg\"><img aria-describedby=\"caption-attachment-8544\" decoding=\"async\" loading=\"lazy\" class=\"size-thumbnail wp-image-8544\" src=\"https:\/\/www.naturparkmagazin.de\/stechlin\/wp-content\/uploads\/sites\/38\/Besuch-StS-2019_21-300x180.jpg\" alt=\"Projektmitarbeiterin Inka Willecke stellt die Ma\u00dfnahme vor\" width=\"300\" height=\"180\" srcset=\"https:\/\/www.naturparkmagazin.de\/stechlin\/wp-content\/uploads\/sites\/38\/Besuch-StS-2019_21-300x180.jpg 300w, https:\/\/www.naturparkmagazin.de\/stechlin\/wp-content\/uploads\/sites\/38\/Besuch-StS-2019_21.jpg 500w, https:\/\/www.naturparkmagazin.de\/stechlin\/wp-content\/uploads\/sites\/38\/Besuch-StS-2019_21-200x120.jpg 200w\" sizes=\"(max-width: 300px) 100vw, 300px\" \/><\/a><p id=\"caption-attachment-8544\" class=\"wp-caption-text\">Projektmitarbeiterin Inka Willecke stellt die Ma\u00dfnahme vor.<\/p><\/div>\n<p>Brandenburgs Umweltstaatssekret\u00e4rin Carolin Schilde hat sich\u00a0am 12. Juni 2019 am Rheinsberger Rhin bei Zippelsf\u00f6rde einen Eindruck von der Arbeit im EU LIFE-Projekt \u201eFeuchtw\u00e4lder\u201c des NaturSchutzFonds Brandenburg verschafft.<\/p>\n<p>Bis 2022 k\u00fcmmert sich die Landesnaturschutzstiftung in zehn Projektgebieten in den Landkreisen Prignitz, Ostprignitz-Ruppin, Oberhavel und Dahme-Spreewald um den Erhalt und die Verbesserung von Auen- und Moorw\u00e4ldern in Brandenburg.<\/p>\n<p>Intakte Auenw\u00e4lder sind nicht nur in Brandenburg selten geworden. Viele von ihnen wurden in der Vergangenheit entw\u00e4ssert und mussten der Nutzung als Acker, Weide oder Mahdfl\u00e4chen weichen. Nat\u00fcrlicherweise sind Fluss und Aue eine Einheit und stehen im steten Wechselspiel miteinander. Dadurch, dass viele Flie\u00dfgew\u00e4sser begradigt, staureguliert und ausgebaut wurden, ist diese nat\u00fcrliche Dynamik nur noch eingeschr\u00e4nkt vorhanden oder ganz verloren gegangen.<\/p>\n<p>Zu den Aufgaben im Projekt z\u00e4hlt es daher auch, die Struktur von Flie\u00dfgew\u00e4ssern zu verbessern, um so die flussbegleitenden Auenw\u00e4lder zu f\u00f6rdern. So wie unterhalb von Zippelsf\u00f6rde, wo der Rheinsberger Rhin tr\u00e4ge durch ein vollst\u00e4ndig begradigtes und nahezu strukturloses Gew\u00e4sserbett flie\u00dft. Hier hatte die Stiftung auf 1,2 Kilometer Gew\u00e4sserl\u00e4nge zw\u00f6lf Str\u00f6mungshindernisse einbauen lassen. Dabei handelt es sich um sogenannte Ausfachungsbuhnen aus Erlen- und Robinienst\u00e4mmen, die abwechselnd an beiden Ufern fest im Rhin verankert wurden. Die verbauten B\u00e4ume konnten direkt vor Ort auf Fl\u00e4chen der Piepenbrock Forstbetriebe, einem wichtigen regionalen Partner des Projektes, gef\u00e4llt werden.<\/p>\n<p>Die Firma Biotop- und Landschaftsbau Henry Wengler baute die St\u00e4mme als Hindernisse ein, die nun die Struktur des Gew\u00e4ssers verbessern: Unterschiedliche Flie\u00dfgeschwindigkeiten schaffen Str\u00f6mungsvielfalt, M\u00e4ander bilden sich und unterschiedliche Materialien wie Sande und Kiese lagern sich ab.<\/p>\n<div id=\"attachment_8542\" style=\"width: 310px\" class=\"wp-caption aligncenter\"><a href=\"https:\/\/www.naturparkmagazin.de\/stechlin\/wp-content\/uploads\/sites\/38\/Besuch-StS-2019_51.jpg\"><img aria-describedby=\"caption-attachment-8542\" decoding=\"async\" loading=\"lazy\" class=\"size-thumbnail wp-image-8542\" src=\"https:\/\/www.naturparkmagazin.de\/stechlin\/wp-content\/uploads\/sites\/38\/Besuch-StS-2019_51-300x180.jpg\" alt=\"Frau Dr. Schilde im Gespr\u00e4ch mit dem Leiter des Piepenbrock-Forstbetriebes R\u00fcdiger Cours und seiner Frau.\" width=\"300\" height=\"180\" srcset=\"https:\/\/www.naturparkmagazin.de\/stechlin\/wp-content\/uploads\/sites\/38\/Besuch-StS-2019_51-300x180.jpg 300w, https:\/\/www.naturparkmagazin.de\/stechlin\/wp-content\/uploads\/sites\/38\/Besuch-StS-2019_51.jpg 500w, https:\/\/www.naturparkmagazin.de\/stechlin\/wp-content\/uploads\/sites\/38\/Besuch-StS-2019_51-200x120.jpg 200w\" sizes=\"(max-width: 300px) 100vw, 300px\" \/><\/a><p id=\"caption-attachment-8542\" class=\"wp-caption-text\">Frau Dr. Schilde im Gespr\u00e4ch mit dem Leiter des Piepenbrock Forstbetriebes R\u00fcdiger Cours und seiner Frau.<\/p><\/div>\n<p>So entstehen neue Lebensr\u00e4ume im und am Rheinsberger Rhin. Wie zum Beispiel f\u00fcr das seltene Bachneunauge. Diese bedrohte Art ist auf kiesige Strukturen an der Gew\u00e4ssersohle angewiesen und kann sich nun wieder ausbreiten.<\/p>\n<p>Durch die Bauma\u00dfnahme der Stiftung vergr\u00f6\u00dfert sich auch die Zahl\u00a0von Jungfischen. Diese nutzen die neu entstandenen Flachwasserbereiche als Kinderstube und finden dort Schutz vor R\u00e4ubern, die ihnen in das seichte Wasser nicht folgen k\u00f6nnen. Auch Wasserinsekten finden dort neue Unterschlupfm\u00f6glichkeiten. Krebse f\u00fchlen sich ebenfalls wohl und Amphibien nutzen derartige Habitate zum Laichen.<\/p>\n<p>\u201e<em>Technisch vergleichsweise unkomplizierte Bauwerke wie solche Buhnen sorgen letztendlich f\u00fcr eine nat\u00fcrlichere Dynamik und mehr Artenvielfalt im Fluss und seiner Aue<\/em>\u201c, konnte sich Brandenburgs Umweltstaatssekret\u00e4rin\u00a0von der belebenden Wirkung der Bauwerke \u00fcberzeugen. F\u00fcr alle Paddler gibt es \u00fcbrigens die gute Nachricht, dass sich die Hindernisse auf dem Rhin problemlos umfahren lassen.<\/p>\n<p>In der zweiten Projekth\u00e4lfte stehen nun gr\u00f6\u00dfere Ma\u00dfnahmen wie Altarmanschl\u00fcsse am Rheinsberger Rhin und an der Stepenitz an, f\u00fcr die das Team von LIFE Feuchtw\u00e4lder aktuell die Planungs- und Genehmigungsverfahren voranbringt. Zudem soll in diesem Jahr im Naturpark Stechlin-Ruppiner Land die Infrastruktur f\u00fcr Wasserwanderer erneuert werden: Der Rheinsberger Rhin erh\u00e4lt mehrere neue Ausstiege f\u00fcr Paddler.<\/p>\n<p><strong>Hintergrund<\/strong>\nBis 2022 widmet sich die Stiftung NaturSchutzFonds Brandenburg in den Landkreisen Prignitz, Ostprignitz-Ruppin, Oberhavel und Dahme-Spreewald Auen- und Moorw\u00e4ldern. Um diese bedrohten Lebensr\u00e4ume zu erhalten und zu entwickeln, setzt das Projekt-Team zahlreiche Ma\u00dfnahmen um. Rund 3,8 Millionen Euro flie\u00dfen f\u00fcr das Projekt aus dem LIFE-Programm der Europ\u00e4ischen Union nach Brandenburg. Die Stiftung selbst steuert rund 1,3 Millionen Euro bei.<\/p>\n<p>Mit den Geldern wurden zum Beispiel in der Dahmeaue im Landkreis Dahme-Spreewald Gr\u00e4ben verf\u00fcllt, um wieder naturnahe Wasserverh\u00e4ltnisse herzustellen. N\u00f6rdlich von M\u00e4rkisch-Buchholz hat das Projektteam an der Dahme Ufergeh\u00f6lze pflanzen sowie einen Rundwanderweg mit Infotafeln rund um das \u201eLange Luch\u201c bei Hermsdorf-M\u00fchle anlegen lassen.<\/p>\n<p>Um die Gew\u00e4ssersohle zu stabilisieren und mehr Strukturen im Gew\u00e4sser zu schaffen, wurden im Landkreis Prignitz an neun Stellen insgesamt 241 Tonnen Kies aus einem Kieswerk bei Perleberg in die Panke und den Laasker Bach zwischen Putlitz und Gro\u00df Pankow eingebracht. Der Kies dient gleichzeitig als Laichbett f\u00fcr Fischarten wie Lachs oder Meerforelle. Auch die Kleine Bachmuschel und ihre Wirtsfische wie zum Beispiel die Elritze profitieren von der Ma\u00dfnahme. Drei Wasserb\u00fcffel des Vereins f\u00fcr tiergest\u00fctzte Therapie auf dem Gut Zippelsf\u00f6rde pflegen regelm\u00e4\u00dfig eine ehemals orchideenreiche Wiese zwischen Rheinsberger und Lindower Rhin. Dort, wo Wasserb\u00fcffel grasen, halten sie die Vegetation kurz, so dass Orchideen wieder Licht und Platz zum Wachsen bekommen. Die Weideeinrichtung wie zum Beispiel den Zaunbau hatte die Stiftung mit ihrem EU-Projekt finanziert.<\/p>\n<div id=\"attachment_8543\" style=\"width: 310px\" class=\"wp-caption aligncenter\"><a href=\"https:\/\/www.naturparkmagazin.de\/stechlin\/wp-content\/uploads\/sites\/38\/Besuch-StS-2019_37.jpg\"><img aria-describedby=\"caption-attachment-8543\" decoding=\"async\" loading=\"lazy\" class=\"wp-image-8543 size-thumbnail\" src=\"https:\/\/www.naturparkmagazin.de\/stechlin\/wp-content\/uploads\/sites\/38\/Besuch-StS-2019_37-300x180.jpg\" alt=\"Die Wasserb\u00fcffel f\u00fchlen sich wohl.\" width=\"300\" height=\"180\" srcset=\"https:\/\/www.naturparkmagazin.de\/stechlin\/wp-content\/uploads\/sites\/38\/Besuch-StS-2019_37-300x180.jpg 300w, https:\/\/www.naturparkmagazin.de\/stechlin\/wp-content\/uploads\/sites\/38\/Besuch-StS-2019_37.jpg 500w, https:\/\/www.naturparkmagazin.de\/stechlin\/wp-content\/uploads\/sites\/38\/Besuch-StS-2019_37-200x120.jpg 200w\" sizes=\"(max-width: 300px) 100vw, 300px\" \/><\/a><p id=\"caption-attachment-8543\" class=\"wp-caption-text\">Die Wasserb\u00fcffel f\u00fchlen sich im Projektgebiet wohl.<\/p><\/div>\n","protected":false},"excerpt":{"rendered":"<p>Brandenburgs Umweltstaatssekret\u00e4rin Carolin Schilde hat sich am 12. Juni 2019 am Rheinsberger Rhin bei Zippelsf\u00f6rde einen Eindruck von der Arbeit im EU LIFE-Projekt \u201eFeuchtw\u00e4lder\u201c verschafft.<\/p>\n","protected":false},"author":39,"featured_media":8541,"comment_status":"open","ping_status":"open","sticky":false,"template":"","format":"standard","meta":[],"categories":[7],"tags":[],"yoast_head":"<!-- This site is optimized with the Yoast SEO plugin v19.10 - https:\/\/yoast.com\/wordpress\/plugins\/seo\/ -->\n<title>Vitalkur f\u00fcr den Rheinsberger Rhin - Naturpark Stechlin-Ruppiner Land<\/title>\n<meta name=\"robots\" content=\"index, follow, max-snippet:-1, max-image-preview:large, max-video-preview:-1\" \/>\n<link rel=\"canonical\" href=\"https:\/\/www.naturparkmagazin.de\/stechlin\/vitalkur-fuer-den-rheinsberger-rhin\/\" \/>\n<meta property=\"og:locale\" content=\"de_DE\" \/>\n<meta property=\"og:type\" content=\"article\" \/>\n<meta property=\"og:title\" content=\"Vitalkur f\u00fcr den Rheinsberger Rhin - Naturpark Stechlin-Ruppiner Land\" \/>\n<meta property=\"og:description\" content=\"Brandenburgs Umweltstaatssekret\u00e4rin Carolin Schilde hat sich am 12. Juni 2019 am Rheinsberger Rhin bei Zippelsf\u00f6rde einen Eindruck von der Arbeit im EU LIFE-Projekt \u201eFeuchtw\u00e4lder\u201c verschafft.\" \/>\n<meta property=\"og:url\" content=\"https:\/\/www.naturparkmagazin.de\/stechlin\/vitalkur-fuer-den-rheinsberger-rhin\/\" \/>\n<meta property=\"og:site_name\" content=\"Naturpark Stechlin-Ruppiner Land\" \/>\n<meta property=\"article:published_time\" content=\"2019-06-14T05:30:17+00:00\" \/>\n<meta property=\"article:modified_time\" content=\"2019-06-20T11:37:08+00:00\" \/>\n<meta property=\"og:image\" content=\"https:\/\/www.naturparkmagazin.de\/stechlin\/wp-content\/uploads\/sites\/38\/Besuch-StS-2019_13.jpg\" \/>\n\t<meta property=\"og:image:width\" content=\"200\" \/>\n\t<meta property=\"og:image:height\" content=\"200\" \/>\n\t<meta property=\"og:image:type\" content=\"image\/jpeg\" \/>\n<meta name=\"author\" content=\"marioschrumpf\" \/>\n<meta name=\"twitter:label1\" content=\"Verfasst von\" \/>\n\t<meta name=\"twitter:data1\" content=\"marioschrumpf\" \/>\n\t<meta name=\"twitter:label2\" content=\"Gesch\u00e4tzte Lesezeit\" \/>\n\t<meta name=\"twitter:data2\" content=\"4\u00a0Minuten\" \/>\n<script type=\"application\/ld+json\" class=\"yoast-schema-graph\">{\"@context\":\"https:\/\/schema.org\",\"@graph\":[{\"@type\":\"WebPage\",\"@id\":\"https:\/\/www.naturparkmagazin.de\/stechlin\/vitalkur-fuer-den-rheinsberger-rhin\/\",\"url\":\"https:\/\/www.naturparkmagazin.de\/stechlin\/vitalkur-fuer-den-rheinsberger-rhin\/\",\"name\":\"Vitalkur f\u00fcr den Rheinsberger Rhin - Naturpark Stechlin-Ruppiner Land\",\"isPartOf\":{\"@id\":\"https:\/\/www.naturparkmagazin.de\/stechlin\/#website\"},\"datePublished\":\"2019-06-14T05:30:17+00:00\",\"dateModified\":\"2019-06-20T11:37:08+00:00\",\"author\":{\"@id\":\"https:\/\/www.naturparkmagazin.de\/stechlin\/#\/schema\/person\/3f0d93203df21c806dd63c76d9bb28bc\"},\"breadcrumb\":{\"@id\":\"https:\/\/www.naturparkmagazin.de\/stechlin\/vitalkur-fuer-den-rheinsberger-rhin\/#breadcrumb\"},\"inLanguage\":\"de\",\"potentialAction\":[{\"@type\":\"ReadAction\",\"target\":[\"https:\/\/www.naturparkmagazin.de\/stechlin\/vitalkur-fuer-den-rheinsberger-rhin\/\"]}]},{\"@type\":\"BreadcrumbList\",\"@id\":\"https:\/\/www.naturparkmagazin.de\/stechlin\/vitalkur-fuer-den-rheinsberger-rhin\/#breadcrumb\",\"itemListElement\":[{\"@type\":\"ListItem\",\"position\":1,\"name\":\"Home\",\"item\":\"https:\/\/www.naturparkmagazin.de\/stechlin\/\"},{\"@type\":\"ListItem\",\"position\":2,\"name\":\"Vitalkur f\u00fcr den Rheinsberger Rhin\"}]},{\"@type\":\"WebSite\",\"@id\":\"https:\/\/www.naturparkmagazin.de\/stechlin\/#website\",\"url\":\"https:\/\/www.naturparkmagazin.de\/stechlin\/\",\"name\":\"Naturpark Stechlin-Ruppiner Land\",\"description\":\"\",\"potentialAction\":[{\"@type\":\"SearchAction\",\"target\":{\"@type\":\"EntryPoint\",\"urlTemplate\":\"https:\/\/www.naturparkmagazin.de\/stechlin\/?s={search_term_string}\"},\"query-input\":\"required name=search_term_string\"}],\"inLanguage\":\"de\"},{\"@type\":\"Person\",\"@id\":\"https:\/\/www.naturparkmagazin.de\/stechlin\/#\/schema\/person\/3f0d93203df21c806dd63c76d9bb28bc\",\"name\":\"marioschrumpf\",\"url\":\"https:\/\/www.naturparkmagazin.de\/stechlin\/author\/marioschrumpf\/\"}]}<\/script>\n<!-- \/ Yoast SEO plugin. -->","yoast_head_json":{"title":"Vitalkur f\u00fcr den Rheinsberger Rhin - Naturpark Stechlin-Ruppiner Land","robots":{"index":"index","follow":"follow","max-snippet":"max-snippet:-1","max-image-preview":"max-image-preview:large","max-video-preview":"max-video-preview:-1"},"canonical":"https:\/\/www.naturparkmagazin.de\/stechlin\/vitalkur-fuer-den-rheinsberger-rhin\/","og_locale":"de_DE","og_type":"article","og_title":"Vitalkur f\u00fcr den Rheinsberger Rhin - Naturpark Stechlin-Ruppiner Land","og_description":"Brandenburgs Umweltstaatssekret\u00e4rin Carolin Schilde hat sich am 12. Juni 2019 am Rheinsberger Rhin bei Zippelsf\u00f6rde einen Eindruck von der Arbeit im EU LIFE-Projekt \u201eFeuchtw\u00e4lder\u201c verschafft.","og_url":"https:\/\/www.naturparkmagazin.de\/stechlin\/vitalkur-fuer-den-rheinsberger-rhin\/","og_site_name":"Naturpark Stechlin-Ruppiner Land","article_published_time":"2019-06-14T05:30:17+00:00","article_modified_time":"2019-06-20T11:37:08+00:00","og_image":[{"width":200,"height":200,"url":"https:\/\/www.naturparkmagazin.de\/stechlin\/wp-content\/uploads\/sites\/38\/Besuch-StS-2019_13.jpg","type":"image\/jpeg"}],"author":"marioschrumpf","twitter_misc":{"Verfasst von":"marioschrumpf","Gesch\u00e4tzte Lesezeit":"4\u00a0Minuten"},"schema":{"@context":"https:\/\/schema.org","@graph":[{"@type":"WebPage","@id":"https:\/\/www.naturparkmagazin.de\/stechlin\/vitalkur-fuer-den-rheinsberger-rhin\/","url":"https:\/\/www.naturparkmagazin.de\/stechlin\/vitalkur-fuer-den-rheinsberger-rhin\/","name":"Vitalkur f\u00fcr den Rheinsberger Rhin - Naturpark Stechlin-Ruppiner Land","isPartOf":{"@id":"https:\/\/www.naturparkmagazin.de\/stechlin\/#website"},"datePublished":"2019-06-14T05:30:17+00:00","dateModified":"2019-06-20T11:37:08+00:00","author":{"@id":"https:\/\/www.naturparkmagazin.de\/stechlin\/#\/schema\/person\/3f0d93203df21c806dd63c76d9bb28bc"},"breadcrumb":{"@id":"https:\/\/www.naturparkmagazin.de\/stechlin\/vitalkur-fuer-den-rheinsberger-rhin\/#breadcrumb"},"inLanguage":"de","potentialAction":[{"@type":"ReadAction","target":["https:\/\/www.naturparkmagazin.de\/stechlin\/vitalkur-fuer-den-rheinsberger-rhin\/"]}]},{"@type":"BreadcrumbList","@id":"https:\/\/www.naturparkmagazin.de\/stechlin\/vitalkur-fuer-den-rheinsberger-rhin\/#breadcrumb","itemListElement":[{"@type":"ListItem","position":1,"name":"Home","item":"https:\/\/www.naturparkmagazin.de\/stechlin\/"},{"@type":"ListItem","position":2,"name":"Vitalkur f\u00fcr den Rheinsberger Rhin"}]},{"@type":"WebSite","@id":"https:\/\/www.naturparkmagazin.de\/stechlin\/#website","url":"https:\/\/www.naturparkmagazin.de\/stechlin\/","name":"Naturpark Stechlin-Ruppiner Land","description":"","potentialAction":[{"@type":"SearchAction","target":{"@type":"EntryPoint","urlTemplate":"https:\/\/www.naturparkmagazin.de\/stechlin\/?s={search_term_string}"},"query-input":"required name=search_term_string"}],"inLanguage":"de"},{"@type":"Person","@id":"https:\/\/www.naturparkmagazin.de\/stechlin\/#\/schema\/person\/3f0d93203df21c806dd63c76d9bb28bc","name":"marioschrumpf","url":"https:\/\/www.naturparkmagazin.de\/stechlin\/author\/marioschrumpf\/"}]}},"_links":{"self":[{"href":"https:\/\/www.naturparkmagazin.de\/stechlin\/wp-json\/wp\/v2\/posts\/8540"}],"collection":[{"href":"https:\/\/www.naturparkmagazin.de\/stechlin\/wp-json\/wp\/v2\/posts"}],"about":[{"href":"https:\/\/www.naturparkmagazin.de\/stechlin\/wp-json\/wp\/v2\/types\/post"}],"author":[{"embeddable":true,"href":"https:\/\/www.naturparkmagazin.de\/stechlin\/wp-json\/wp\/v2\/users\/39"}],"replies":[{"embeddable":true,"href":"https:\/\/www.naturparkmagazin.de\/stechlin\/wp-json\/wp\/v2\/comments?post=8540"}],"version-history":[{"count":3,"href":"https:\/\/www.naturparkmagazin.de\/stechlin\/wp-json\/wp\/v2\/posts\/8540\/revisions"}],"predecessor-version":[{"id":8555,"href":"https:\/\/www.naturparkmagazin.de\/stechlin\/wp-json\/wp\/v2\/posts\/8540\/revisions\/8555"}],"wp:featuredmedia":[{"embeddable":true,"href":"https:\/\/www.naturparkmagazin.de\/stechlin\/wp-json\/wp\/v2\/media\/8541"}],"wp:attachment":[{"href":"https:\/\/www.naturparkmagazin.de\/stechlin\/wp-json\/wp\/v2\/media?parent=8540"}],"wp:term":[{"taxonomy":"category","embeddable":true,"href":"https:\/\/www.naturparkmagazin.de\/stechlin\/wp-json\/wp\/v2\/categories?post=8540"},{"taxonomy":"post_tag","embeddable":true,"href":"https:\/\/www.naturparkmagazin.de\/stechlin\/wp-json\/wp\/v2\/tags?post=8540"}],"curies":[{"name":"wp","href":"https:\/\/api.w.org\/{rel}","templated":true}]}}