{"id":8570,"date":"2021-06-15T09:01:02","date_gmt":"2021-06-15T07:01:02","guid":{"rendered":"https:\/\/www.naturparkmagazin.de\/stechlin\/?p=8570"},"modified":"2025-01-24T10:14:21","modified_gmt":"2025-01-24T09:14:21","slug":"ausstellung-25-jahre-waldfest-eroeffnet","status":"publish","type":"post","link":"https:\/\/www.naturparkmagazin.de\/stechlin\/ausstellung-25-jahre-waldfest-eroeffnet\/","title":{"rendered":"Ausstellung &#8222;25 Jahre Waldfest&#8220; wiederer\u00f6ffnet (2021)"},"content":{"rendered":"<p>Da es auch in diesem Jahr kein Waldfest geben wird, zeigen wir nochmals die Ausstellung zum 25 j\u00e4hrigen Jubil\u00e4um. Noch bis zum 31. August 2021, ist in der Regionalwerkstatt Stechlin in Menz die Sonderausstellung zum Waldfestjubil\u00e4um zu sehen.<\/p>\n<div id=\"attachment_8573\" style=\"width: 310px\" class=\"wp-caption aligncenter\"><a href=\"https:\/\/www.naturparkmagazin.de\/stechlin\/wp-content\/uploads\/sites\/38\/Ausstellung-25-J-Waldfest_06.jpg\"><img aria-describedby=\"caption-attachment-8573\" decoding=\"async\" loading=\"lazy\" class=\"wp-image-8573 size-thumbnail\" src=\"https:\/\/www.naturparkmagazin.de\/stechlin\/wp-content\/uploads\/sites\/38\/Ausstellung-25-J-Waldfest_06-300x180.jpg\" alt=\"Die Besucher folgen aufmerksam dem Vortrag von Dr. Wolfgang Henkel.\" width=\"300\" height=\"180\" srcset=\"https:\/\/www.naturparkmagazin.de\/stechlin\/wp-content\/uploads\/sites\/38\/Ausstellung-25-J-Waldfest_06-300x180.jpg 300w, https:\/\/www.naturparkmagazin.de\/stechlin\/wp-content\/uploads\/sites\/38\/Ausstellung-25-J-Waldfest_06.jpg 500w, https:\/\/www.naturparkmagazin.de\/stechlin\/wp-content\/uploads\/sites\/38\/Ausstellung-25-J-Waldfest_06-200x120.jpg 200w\" sizes=\"(max-width: 300px) 100vw, 300px\" \/><\/a><p id=\"caption-attachment-8573\" class=\"wp-caption-text\">Die Besucher folgen 2019 aufmerksam dem Vortrag von Dr. Wolfgang Henkel.<\/p><\/div>\n<p>&nbsp;<\/p>\n<div id=\"attachment_8572\" style=\"width: 310px\" class=\"wp-caption aligncenter\"><a href=\"https:\/\/www.naturparkmagazin.de\/stechlin\/wp-content\/uploads\/sites\/38\/Ausstellung-25-J-Waldfest_11.jpg\"><img aria-describedby=\"caption-attachment-8572\" decoding=\"async\" loading=\"lazy\" class=\"size-thumbnail wp-image-8572\" src=\"https:\/\/www.naturparkmagazin.de\/stechlin\/wp-content\/uploads\/sites\/38\/Ausstellung-25-J-Waldfest_11-300x180.jpg\" alt=\"Die Menzer Herbstzeitlosen lie\u00dfen es sich nicht nehmen zur Ausstellungser\u00f6ffnung nochmal f\u00fcr einen Auftritt zusammen zukommen. \" width=\"300\" height=\"180\" srcset=\"https:\/\/www.naturparkmagazin.de\/stechlin\/wp-content\/uploads\/sites\/38\/Ausstellung-25-J-Waldfest_11-300x180.jpg 300w, https:\/\/www.naturparkmagazin.de\/stechlin\/wp-content\/uploads\/sites\/38\/Ausstellung-25-J-Waldfest_11.jpg 500w, https:\/\/www.naturparkmagazin.de\/stechlin\/wp-content\/uploads\/sites\/38\/Ausstellung-25-J-Waldfest_11-200x120.jpg 200w\" sizes=\"(max-width: 300px) 100vw, 300px\" \/><\/a><p id=\"caption-attachment-8572\" class=\"wp-caption-text\">Die Menzer Herbstzeitlosen lie\u00dfen es sich nicht nehmen zur Ausstellungser\u00f6ffnung 2019 nochmal f\u00fcr einen Auftritt zusammen zukommen.<\/p><\/div>\n<div id=\"attachment_8571\" style=\"width: 310px\" class=\"wp-caption aligncenter\"><a href=\"https:\/\/www.naturparkmagazin.de\/stechlin\/wp-content\/uploads\/sites\/38\/Ausstellung-25-J-Waldfest_18.jpg\"><img aria-describedby=\"caption-attachment-8571\" decoding=\"async\" loading=\"lazy\" class=\"size-thumbnail wp-image-8571\" src=\"https:\/\/www.naturparkmagazin.de\/stechlin\/wp-content\/uploads\/sites\/38\/Ausstellung-25-J-Waldfest_18-300x180.jpg\" alt=\"Hauptorganisator der Ausstellung Thomas Hahn dankt den vielen Helfern, die Material beigesteuert haben.\" width=\"300\" height=\"180\" srcset=\"https:\/\/www.naturparkmagazin.de\/stechlin\/wp-content\/uploads\/sites\/38\/Ausstellung-25-J-Waldfest_18-300x180.jpg 300w, https:\/\/www.naturparkmagazin.de\/stechlin\/wp-content\/uploads\/sites\/38\/Ausstellung-25-J-Waldfest_18.jpg 500w, https:\/\/www.naturparkmagazin.de\/stechlin\/wp-content\/uploads\/sites\/38\/Ausstellung-25-J-Waldfest_18-200x120.jpg 200w\" sizes=\"(max-width: 300px) 100vw, 300px\" \/><\/a><p id=\"caption-attachment-8571\" class=\"wp-caption-text\">Hauptorganisator der Ausstellung 2019 Thomas Hahn dankt den vielen Helfern, die Material beigesteuert haben.<\/p><\/div>\n<p>&nbsp;<\/p>\n","protected":false},"excerpt":{"rendered":"<p>Noch bis zum 31. August 2021 ist in der Regionalwerkstatt Stechlin in Menz die Sonderausstellung zum Waldfestjubil\u00e4um zu sehen.<\/p>\n","protected":false},"author":39,"featured_media":8575,"comment_status":"open","ping_status":"open","sticky":false,"template":"","format":"standard","meta":[],"categories":[11],"tags":[],"yoast_head":"<!-- This site is optimized with the Yoast SEO plugin v19.10 - https:\/\/yoast.com\/wordpress\/plugins\/seo\/ -->\n<title>Ausstellung &quot;25 Jahre Waldfest&quot; wiederer\u00f6ffnet (2021) - Naturpark Stechlin-Ruppiner Land<\/title>\n<meta name=\"robots\" content=\"index, follow, max-snippet:-1, max-image-preview:large, max-video-preview:-1\" \/>\n<link rel=\"canonical\" href=\"https:\/\/www.naturparkmagazin.de\/stechlin\/ausstellung-25-jahre-waldfest-eroeffnet\/\" \/>\n<meta property=\"og:locale\" content=\"de_DE\" \/>\n<meta property=\"og:type\" content=\"article\" \/>\n<meta property=\"og:title\" content=\"Ausstellung &quot;25 Jahre Waldfest&quot; wiederer\u00f6ffnet (2021) - Naturpark Stechlin-Ruppiner Land\" \/>\n<meta property=\"og:description\" content=\"Noch bis zum 31. August 2021 ist in der Regionalwerkstatt Stechlin in Menz die Sonderausstellung zum Waldfestjubil\u00e4um zu sehen.\" \/>\n<meta property=\"og:url\" content=\"https:\/\/www.naturparkmagazin.de\/stechlin\/ausstellung-25-jahre-waldfest-eroeffnet\/\" \/>\n<meta property=\"og:site_name\" content=\"Naturpark Stechlin-Ruppiner Land\" \/>\n<meta property=\"article:published_time\" content=\"2021-06-15T07:01:02+00:00\" \/>\n<meta property=\"article:modified_time\" content=\"2025-01-24T09:14:21+00:00\" \/>\n<meta property=\"og:image\" content=\"https:\/\/www.naturparkmagazin.de\/stechlin\/wp-content\/uploads\/sites\/38\/Ausstellung-25-J-Waldfest_16.jpg\" \/>\n\t<meta property=\"og:image:width\" content=\"200\" \/>\n\t<meta property=\"og:image:height\" content=\"200\" \/>\n\t<meta property=\"og:image:type\" content=\"image\/jpeg\" \/>\n<meta name=\"author\" content=\"marioschrumpf\" \/>\n<meta name=\"twitter:label1\" content=\"Verfasst von\" \/>\n\t<meta name=\"twitter:data1\" content=\"marioschrumpf\" \/>\n\t<meta name=\"twitter:label2\" content=\"Gesch\u00e4tzte Lesezeit\" \/>\n\t<meta name=\"twitter:data2\" content=\"2\u00a0Minuten\" \/>\n<script type=\"application\/ld+json\" class=\"yoast-schema-graph\">{\"@context\":\"https:\/\/schema.org\",\"@graph\":[{\"@type\":\"WebPage\",\"@id\":\"https:\/\/www.naturparkmagazin.de\/stechlin\/ausstellung-25-jahre-waldfest-eroeffnet\/\",\"url\":\"https:\/\/www.naturparkmagazin.de\/stechlin\/ausstellung-25-jahre-waldfest-eroeffnet\/\",\"name\":\"Ausstellung \\\"25 Jahre Waldfest\\\" wiederer\u00f6ffnet (2021) - Naturpark Stechlin-Ruppiner Land\",\"isPartOf\":{\"@id\":\"https:\/\/www.naturparkmagazin.de\/stechlin\/#website\"},\"datePublished\":\"2021-06-15T07:01:02+00:00\",\"dateModified\":\"2025-01-24T09:14:21+00:00\",\"author\":{\"@id\":\"https:\/\/www.naturparkmagazin.de\/stechlin\/#\/schema\/person\/3f0d93203df21c806dd63c76d9bb28bc\"},\"breadcrumb\":{\"@id\":\"https:\/\/www.naturparkmagazin.de\/stechlin\/ausstellung-25-jahre-waldfest-eroeffnet\/#breadcrumb\"},\"inLanguage\":\"de\",\"potentialAction\":[{\"@type\":\"ReadAction\",\"target\":[\"https:\/\/www.naturparkmagazin.de\/stechlin\/ausstellung-25-jahre-waldfest-eroeffnet\/\"]}]},{\"@type\":\"BreadcrumbList\",\"@id\":\"https:\/\/www.naturparkmagazin.de\/stechlin\/ausstellung-25-jahre-waldfest-eroeffnet\/#breadcrumb\",\"itemListElement\":[{\"@type\":\"ListItem\",\"position\":1,\"name\":\"Home\",\"item\":\"https:\/\/www.naturparkmagazin.de\/stechlin\/\"},{\"@type\":\"ListItem\",\"position\":2,\"name\":\"Ausstellung &#8222;25 Jahre Waldfest&#8220; wiederer\u00f6ffnet (2021)\"}]},{\"@type\":\"WebSite\",\"@id\":\"https:\/\/www.naturparkmagazin.de\/stechlin\/#website\",\"url\":\"https:\/\/www.naturparkmagazin.de\/stechlin\/\",\"name\":\"Naturpark Stechlin-Ruppiner Land\",\"description\":\"\",\"potentialAction\":[{\"@type\":\"SearchAction\",\"target\":{\"@type\":\"EntryPoint\",\"urlTemplate\":\"https:\/\/www.naturparkmagazin.de\/stechlin\/?s={search_term_string}\"},\"query-input\":\"required name=search_term_string\"}],\"inLanguage\":\"de\"},{\"@type\":\"Person\",\"@id\":\"https:\/\/www.naturparkmagazin.de\/stechlin\/#\/schema\/person\/3f0d93203df21c806dd63c76d9bb28bc\",\"name\":\"marioschrumpf\",\"url\":\"https:\/\/www.naturparkmagazin.de\/stechlin\/author\/marioschrumpf\/\"}]}<\/script>\n<!-- \/ Yoast SEO plugin. -->","yoast_head_json":{"title":"Ausstellung \"25 Jahre Waldfest\" wiederer\u00f6ffnet (2021) - Naturpark Stechlin-Ruppiner Land","robots":{"index":"index","follow":"follow","max-snippet":"max-snippet:-1","max-image-preview":"max-image-preview:large","max-video-preview":"max-video-preview:-1"},"canonical":"https:\/\/www.naturparkmagazin.de\/stechlin\/ausstellung-25-jahre-waldfest-eroeffnet\/","og_locale":"de_DE","og_type":"article","og_title":"Ausstellung \"25 Jahre Waldfest\" wiederer\u00f6ffnet (2021) - Naturpark Stechlin-Ruppiner Land","og_description":"Noch bis zum 31. August 2021 ist in der Regionalwerkstatt Stechlin in Menz die Sonderausstellung zum Waldfestjubil\u00e4um zu sehen.","og_url":"https:\/\/www.naturparkmagazin.de\/stechlin\/ausstellung-25-jahre-waldfest-eroeffnet\/","og_site_name":"Naturpark Stechlin-Ruppiner Land","article_published_time":"2021-06-15T07:01:02+00:00","article_modified_time":"2025-01-24T09:14:21+00:00","og_image":[{"width":200,"height":200,"url":"https:\/\/www.naturparkmagazin.de\/stechlin\/wp-content\/uploads\/sites\/38\/Ausstellung-25-J-Waldfest_16.jpg","type":"image\/jpeg"}],"author":"marioschrumpf","twitter_misc":{"Verfasst von":"marioschrumpf","Gesch\u00e4tzte Lesezeit":"2\u00a0Minuten"},"schema":{"@context":"https:\/\/schema.org","@graph":[{"@type":"WebPage","@id":"https:\/\/www.naturparkmagazin.de\/stechlin\/ausstellung-25-jahre-waldfest-eroeffnet\/","url":"https:\/\/www.naturparkmagazin.de\/stechlin\/ausstellung-25-jahre-waldfest-eroeffnet\/","name":"Ausstellung \"25 Jahre Waldfest\" wiederer\u00f6ffnet (2021) - Naturpark Stechlin-Ruppiner Land","isPartOf":{"@id":"https:\/\/www.naturparkmagazin.de\/stechlin\/#website"},"datePublished":"2021-06-15T07:01:02+00:00","dateModified":"2025-01-24T09:14:21+00:00","author":{"@id":"https:\/\/www.naturparkmagazin.de\/stechlin\/#\/schema\/person\/3f0d93203df21c806dd63c76d9bb28bc"},"breadcrumb":{"@id":"https:\/\/www.naturparkmagazin.de\/stechlin\/ausstellung-25-jahre-waldfest-eroeffnet\/#breadcrumb"},"inLanguage":"de","potentialAction":[{"@type":"ReadAction","target":["https:\/\/www.naturparkmagazin.de\/stechlin\/ausstellung-25-jahre-waldfest-eroeffnet\/"]}]},{"@type":"BreadcrumbList","@id":"https:\/\/www.naturparkmagazin.de\/stechlin\/ausstellung-25-jahre-waldfest-eroeffnet\/#breadcrumb","itemListElement":[{"@type":"ListItem","position":1,"name":"Home","item":"https:\/\/www.naturparkmagazin.de\/stechlin\/"},{"@type":"ListItem","position":2,"name":"Ausstellung &#8222;25 Jahre Waldfest&#8220; wiederer\u00f6ffnet (2021)"}]},{"@type":"WebSite","@id":"https:\/\/www.naturparkmagazin.de\/stechlin\/#website","url":"https:\/\/www.naturparkmagazin.de\/stechlin\/","name":"Naturpark Stechlin-Ruppiner Land","description":"","potentialAction":[{"@type":"SearchAction","target":{"@type":"EntryPoint","urlTemplate":"https:\/\/www.naturparkmagazin.de\/stechlin\/?s={search_term_string}"},"query-input":"required name=search_term_string"}],"inLanguage":"de"},{"@type":"Person","@id":"https:\/\/www.naturparkmagazin.de\/stechlin\/#\/schema\/person\/3f0d93203df21c806dd63c76d9bb28bc","name":"marioschrumpf","url":"https:\/\/www.naturparkmagazin.de\/stechlin\/author\/marioschrumpf\/"}]}},"_links":{"self":[{"href":"https:\/\/www.naturparkmagazin.de\/stechlin\/wp-json\/wp\/v2\/posts\/8570"}],"collection":[{"href":"https:\/\/www.naturparkmagazin.de\/stechlin\/wp-json\/wp\/v2\/posts"}],"about":[{"href":"https:\/\/www.naturparkmagazin.de\/stechlin\/wp-json\/wp\/v2\/types\/post"}],"author":[{"embeddable":true,"href":"https:\/\/www.naturparkmagazin.de\/stechlin\/wp-json\/wp\/v2\/users\/39"}],"replies":[{"embeddable":true,"href":"https:\/\/www.naturparkmagazin.de\/stechlin\/wp-json\/wp\/v2\/comments?post=8570"}],"version-history":[{"count":5,"href":"https:\/\/www.naturparkmagazin.de\/stechlin\/wp-json\/wp\/v2\/posts\/8570\/revisions"}],"predecessor-version":[{"id":16596,"href":"https:\/\/www.naturparkmagazin.de\/stechlin\/wp-json\/wp\/v2\/posts\/8570\/revisions\/16596"}],"wp:featuredmedia":[{"embeddable":true,"href":"https:\/\/www.naturparkmagazin.de\/stechlin\/wp-json\/wp\/v2\/media\/8575"}],"wp:attachment":[{"href":"https:\/\/www.naturparkmagazin.de\/stechlin\/wp-json\/wp\/v2\/media?parent=8570"}],"wp:term":[{"taxonomy":"category","embeddable":true,"href":"https:\/\/www.naturparkmagazin.de\/stechlin\/wp-json\/wp\/v2\/categories?post=8570"},{"taxonomy":"post_tag","embeddable":true,"href":"https:\/\/www.naturparkmagazin.de\/stechlin\/wp-json\/wp\/v2\/tags?post=8570"}],"curies":[{"name":"wp","href":"https:\/\/api.w.org\/{rel}","templated":true}]}}