{"id":8586,"date":"2019-07-14T08:25:50","date_gmt":"2019-07-14T06:25:50","guid":{"rendered":"https:\/\/www.naturparkmagazin.de\/stechlin\/?p=8586"},"modified":"2025-02-24T16:59:53","modified_gmt":"2025-02-24T15:59:53","slug":"save-the-date-2-fontane-wandermarathon","status":"publish","type":"post","link":"https:\/\/www.naturparkmagazin.de\/stechlin\/save-the-date-2-fontane-wandermarathon\/","title":{"rendered":"Save the date &#8211; 2. Fontane-Wandermarathon (2019)"},"content":{"rendered":"<p>Der 2. Fontane-Wandermarathon wird am 2. Mai 2020 mit Start und Ziel in F\u00fcrstenberg\/Havel zum Stechlin f\u00fchren.<\/p>\n<div id=\"attachment_8590\" style=\"width: 310px\" class=\"wp-caption aligncenter\"><a href=\"https:\/\/www.naturparkmagazin.de\/stechlin\/wp-content\/uploads\/sites\/38\/Fontane-Wandermarathon_11.jpg\"><img aria-describedby=\"caption-attachment-8590\" decoding=\"async\" loading=\"lazy\" class=\"size-thumbnail wp-image-8590\" src=\"https:\/\/www.naturparkmagazin.de\/stechlin\/wp-content\/uploads\/sites\/38\/Fontane-Wandermarathon_11-300x180.jpg\" alt=\"Wanderer am Rheinsberger Rhin\" width=\"300\" height=\"180\" srcset=\"https:\/\/www.naturparkmagazin.de\/stechlin\/wp-content\/uploads\/sites\/38\/Fontane-Wandermarathon_11-300x180.jpg 300w, https:\/\/www.naturparkmagazin.de\/stechlin\/wp-content\/uploads\/sites\/38\/Fontane-Wandermarathon_11.jpg 500w, https:\/\/www.naturparkmagazin.de\/stechlin\/wp-content\/uploads\/sites\/38\/Fontane-Wandermarathon_11-200x120.jpg 200w\" sizes=\"(max-width: 300px) 100vw, 300px\" \/><\/a><p id=\"caption-attachment-8590\" class=\"wp-caption-text\">Wanderer am Rheinsberger Rhin<\/p><\/div>\n<p>Nach dem \u00fcberw\u00e4ltigenden Erfolg des 1. Fontane-Wandermarathons im Mai diesen Jahres wird es in 2020 eine zweite Auflage geben. Dies haben die Mitglieder des Orga-Teams auf ihrer gemeinsamen Dankesch\u00f6n-Veranstaltung beschlossen. Start- und Zielort f\u00fcr die Marathonstrecke wird die Wasserstadt F\u00fcrstenberg\/Havel sein. Der Halbmarathon wird voraussichtlich in Neuglobsow enden.<\/p>\n<p>Aktuelle Informationen gibt es unter <a href=\"http:\/\/www.fontane-wandermarathon.de\">www.fontane-wandermarathon.de<\/a>.<\/p>\n<div id=\"attachment_8589\" style=\"width: 310px\" class=\"wp-caption aligncenter\"><a href=\"https:\/\/www.naturparkmagazin.de\/stechlin\/wp-content\/uploads\/sites\/38\/Fontane-Wandermarathon_35.jpg\"><img aria-describedby=\"caption-attachment-8589\" decoding=\"async\" loading=\"lazy\" class=\"size-thumbnail wp-image-8589\" src=\"https:\/\/www.naturparkmagazin.de\/stechlin\/wp-content\/uploads\/sites\/38\/Fontane-Wandermarathon_35-300x180.jpg\" alt=\"Auf der Strecke.\" width=\"300\" height=\"180\" srcset=\"https:\/\/www.naturparkmagazin.de\/stechlin\/wp-content\/uploads\/sites\/38\/Fontane-Wandermarathon_35-300x180.jpg 300w, https:\/\/www.naturparkmagazin.de\/stechlin\/wp-content\/uploads\/sites\/38\/Fontane-Wandermarathon_35.jpg 500w, https:\/\/www.naturparkmagazin.de\/stechlin\/wp-content\/uploads\/sites\/38\/Fontane-Wandermarathon_35-200x120.jpg 200w\" sizes=\"(max-width: 300px) 100vw, 300px\" \/><\/a><p id=\"caption-attachment-8589\" class=\"wp-caption-text\">Auf der Strecke.<\/p><\/div>\n<p>Wer sich die 2. Auflage nicht entgehen lassen will, sollte sich den Termin <strong>dick<\/strong> im Kalender anstreichen! Und wie bereits bei der 1. Auflage gilt &#8211; bitte rechtzeitig um die limitierten Starpl\u00e4tze k\u00fcmmern!<\/p>\n<div id=\"attachment_8588\" style=\"width: 310px\" class=\"wp-caption aligncenter\"><a href=\"https:\/\/www.naturparkmagazin.de\/stechlin\/wp-content\/uploads\/sites\/38\/Fontane-Wandermarathon_16Bild.jpg\"><img aria-describedby=\"caption-attachment-8588\" decoding=\"async\" loading=\"lazy\" class=\"size-thumbnail wp-image-8588\" src=\"https:\/\/www.naturparkmagazin.de\/stechlin\/wp-content\/uploads\/sites\/38\/Fontane-Wandermarathon_16Bild-300x180.jpg\" alt=\"Durch den Schlosspark in Rheinsberg.\" width=\"300\" height=\"180\" srcset=\"https:\/\/www.naturparkmagazin.de\/stechlin\/wp-content\/uploads\/sites\/38\/Fontane-Wandermarathon_16Bild-300x180.jpg 300w, https:\/\/www.naturparkmagazin.de\/stechlin\/wp-content\/uploads\/sites\/38\/Fontane-Wandermarathon_16Bild.jpg 500w, https:\/\/www.naturparkmagazin.de\/stechlin\/wp-content\/uploads\/sites\/38\/Fontane-Wandermarathon_16Bild-200x120.jpg 200w\" sizes=\"(max-width: 300px) 100vw, 300px\" \/><\/a><p id=\"caption-attachment-8588\" class=\"wp-caption-text\">Durch den Schlosspark in Rheinsberg.<\/p><\/div>\n","protected":false},"excerpt":{"rendered":"<p>Der 2. Fontane-Wandermarathon wird am 2. Mai 2020 mit Start und Ziel in F\u00fcrstenberg\/Havel zum Stechlin f\u00fchren.<\/p>\n","protected":false},"author":39,"featured_media":8587,"comment_status":"open","ping_status":"open","sticky":false,"template":"","format":"standard","meta":[],"categories":[7],"tags":[],"yoast_head":"<!-- This site is optimized with the Yoast SEO plugin v19.10 - https:\/\/yoast.com\/wordpress\/plugins\/seo\/ -->\n<title>Save the date - 2. Fontane-Wandermarathon (2019) - Naturpark Stechlin-Ruppiner Land<\/title>\n<meta name=\"robots\" content=\"index, follow, max-snippet:-1, max-image-preview:large, max-video-preview:-1\" \/>\n<link rel=\"canonical\" href=\"https:\/\/www.naturparkmagazin.de\/stechlin\/save-the-date-2-fontane-wandermarathon\/\" \/>\n<meta property=\"og:locale\" content=\"de_DE\" \/>\n<meta property=\"og:type\" content=\"article\" \/>\n<meta property=\"og:title\" content=\"Save the date - 2. Fontane-Wandermarathon (2019) - Naturpark Stechlin-Ruppiner Land\" \/>\n<meta property=\"og:description\" content=\"Der 2. Fontane-Wandermarathon wird am 2. Mai 2020 mit Start und Ziel in F\u00fcrstenberg\/Havel zum Stechlin f\u00fchren.\" \/>\n<meta property=\"og:url\" content=\"https:\/\/www.naturparkmagazin.de\/stechlin\/save-the-date-2-fontane-wandermarathon\/\" \/>\n<meta property=\"og:site_name\" content=\"Naturpark Stechlin-Ruppiner Land\" \/>\n<meta property=\"article:published_time\" content=\"2019-07-14T06:25:50+00:00\" \/>\n<meta property=\"article:modified_time\" content=\"2025-02-24T15:59:53+00:00\" \/>\n<meta property=\"og:image\" content=\"https:\/\/www.naturparkmagazin.de\/stechlin\/wp-content\/uploads\/sites\/38\/Fontane-Wandermarathon_09.jpg\" \/>\n\t<meta property=\"og:image:width\" content=\"200\" \/>\n\t<meta property=\"og:image:height\" content=\"200\" \/>\n\t<meta property=\"og:image:type\" content=\"image\/jpeg\" \/>\n<meta name=\"author\" content=\"marioschrumpf\" \/>\n<meta name=\"twitter:label1\" content=\"Verfasst von\" \/>\n\t<meta name=\"twitter:data1\" content=\"marioschrumpf\" \/>\n\t<meta name=\"twitter:label2\" content=\"Gesch\u00e4tzte Lesezeit\" \/>\n\t<meta name=\"twitter:data2\" content=\"2\u00a0Minuten\" \/>\n<script type=\"application\/ld+json\" class=\"yoast-schema-graph\">{\"@context\":\"https:\/\/schema.org\",\"@graph\":[{\"@type\":\"WebPage\",\"@id\":\"https:\/\/www.naturparkmagazin.de\/stechlin\/save-the-date-2-fontane-wandermarathon\/\",\"url\":\"https:\/\/www.naturparkmagazin.de\/stechlin\/save-the-date-2-fontane-wandermarathon\/\",\"name\":\"Save the date - 2. Fontane-Wandermarathon (2019) - Naturpark Stechlin-Ruppiner Land\",\"isPartOf\":{\"@id\":\"https:\/\/www.naturparkmagazin.de\/stechlin\/#website\"},\"datePublished\":\"2019-07-14T06:25:50+00:00\",\"dateModified\":\"2025-02-24T15:59:53+00:00\",\"author\":{\"@id\":\"https:\/\/www.naturparkmagazin.de\/stechlin\/#\/schema\/person\/3f0d93203df21c806dd63c76d9bb28bc\"},\"breadcrumb\":{\"@id\":\"https:\/\/www.naturparkmagazin.de\/stechlin\/save-the-date-2-fontane-wandermarathon\/#breadcrumb\"},\"inLanguage\":\"de\",\"potentialAction\":[{\"@type\":\"ReadAction\",\"target\":[\"https:\/\/www.naturparkmagazin.de\/stechlin\/save-the-date-2-fontane-wandermarathon\/\"]}]},{\"@type\":\"BreadcrumbList\",\"@id\":\"https:\/\/www.naturparkmagazin.de\/stechlin\/save-the-date-2-fontane-wandermarathon\/#breadcrumb\",\"itemListElement\":[{\"@type\":\"ListItem\",\"position\":1,\"name\":\"Home\",\"item\":\"https:\/\/www.naturparkmagazin.de\/stechlin\/\"},{\"@type\":\"ListItem\",\"position\":2,\"name\":\"Save the date &#8211; 2. Fontane-Wandermarathon (2019)\"}]},{\"@type\":\"WebSite\",\"@id\":\"https:\/\/www.naturparkmagazin.de\/stechlin\/#website\",\"url\":\"https:\/\/www.naturparkmagazin.de\/stechlin\/\",\"name\":\"Naturpark Stechlin-Ruppiner Land\",\"description\":\"\",\"potentialAction\":[{\"@type\":\"SearchAction\",\"target\":{\"@type\":\"EntryPoint\",\"urlTemplate\":\"https:\/\/www.naturparkmagazin.de\/stechlin\/?s={search_term_string}\"},\"query-input\":\"required name=search_term_string\"}],\"inLanguage\":\"de\"},{\"@type\":\"Person\",\"@id\":\"https:\/\/www.naturparkmagazin.de\/stechlin\/#\/schema\/person\/3f0d93203df21c806dd63c76d9bb28bc\",\"name\":\"marioschrumpf\",\"url\":\"https:\/\/www.naturparkmagazin.de\/stechlin\/author\/marioschrumpf\/\"}]}<\/script>\n<!-- \/ Yoast SEO plugin. -->","yoast_head_json":{"title":"Save the date - 2. Fontane-Wandermarathon (2019) - Naturpark Stechlin-Ruppiner Land","robots":{"index":"index","follow":"follow","max-snippet":"max-snippet:-1","max-image-preview":"max-image-preview:large","max-video-preview":"max-video-preview:-1"},"canonical":"https:\/\/www.naturparkmagazin.de\/stechlin\/save-the-date-2-fontane-wandermarathon\/","og_locale":"de_DE","og_type":"article","og_title":"Save the date - 2. Fontane-Wandermarathon (2019) - Naturpark Stechlin-Ruppiner Land","og_description":"Der 2. Fontane-Wandermarathon wird am 2. Mai 2020 mit Start und Ziel in F\u00fcrstenberg\/Havel zum Stechlin f\u00fchren.","og_url":"https:\/\/www.naturparkmagazin.de\/stechlin\/save-the-date-2-fontane-wandermarathon\/","og_site_name":"Naturpark Stechlin-Ruppiner Land","article_published_time":"2019-07-14T06:25:50+00:00","article_modified_time":"2025-02-24T15:59:53+00:00","og_image":[{"width":200,"height":200,"url":"https:\/\/www.naturparkmagazin.de\/stechlin\/wp-content\/uploads\/sites\/38\/Fontane-Wandermarathon_09.jpg","type":"image\/jpeg"}],"author":"marioschrumpf","twitter_misc":{"Verfasst von":"marioschrumpf","Gesch\u00e4tzte Lesezeit":"2\u00a0Minuten"},"schema":{"@context":"https:\/\/schema.org","@graph":[{"@type":"WebPage","@id":"https:\/\/www.naturparkmagazin.de\/stechlin\/save-the-date-2-fontane-wandermarathon\/","url":"https:\/\/www.naturparkmagazin.de\/stechlin\/save-the-date-2-fontane-wandermarathon\/","name":"Save the date - 2. Fontane-Wandermarathon (2019) - Naturpark Stechlin-Ruppiner Land","isPartOf":{"@id":"https:\/\/www.naturparkmagazin.de\/stechlin\/#website"},"datePublished":"2019-07-14T06:25:50+00:00","dateModified":"2025-02-24T15:59:53+00:00","author":{"@id":"https:\/\/www.naturparkmagazin.de\/stechlin\/#\/schema\/person\/3f0d93203df21c806dd63c76d9bb28bc"},"breadcrumb":{"@id":"https:\/\/www.naturparkmagazin.de\/stechlin\/save-the-date-2-fontane-wandermarathon\/#breadcrumb"},"inLanguage":"de","potentialAction":[{"@type":"ReadAction","target":["https:\/\/www.naturparkmagazin.de\/stechlin\/save-the-date-2-fontane-wandermarathon\/"]}]},{"@type":"BreadcrumbList","@id":"https:\/\/www.naturparkmagazin.de\/stechlin\/save-the-date-2-fontane-wandermarathon\/#breadcrumb","itemListElement":[{"@type":"ListItem","position":1,"name":"Home","item":"https:\/\/www.naturparkmagazin.de\/stechlin\/"},{"@type":"ListItem","position":2,"name":"Save the date &#8211; 2. Fontane-Wandermarathon (2019)"}]},{"@type":"WebSite","@id":"https:\/\/www.naturparkmagazin.de\/stechlin\/#website","url":"https:\/\/www.naturparkmagazin.de\/stechlin\/","name":"Naturpark Stechlin-Ruppiner Land","description":"","potentialAction":[{"@type":"SearchAction","target":{"@type":"EntryPoint","urlTemplate":"https:\/\/www.naturparkmagazin.de\/stechlin\/?s={search_term_string}"},"query-input":"required name=search_term_string"}],"inLanguage":"de"},{"@type":"Person","@id":"https:\/\/www.naturparkmagazin.de\/stechlin\/#\/schema\/person\/3f0d93203df21c806dd63c76d9bb28bc","name":"marioschrumpf","url":"https:\/\/www.naturparkmagazin.de\/stechlin\/author\/marioschrumpf\/"}]}},"_links":{"self":[{"href":"https:\/\/www.naturparkmagazin.de\/stechlin\/wp-json\/wp\/v2\/posts\/8586"}],"collection":[{"href":"https:\/\/www.naturparkmagazin.de\/stechlin\/wp-json\/wp\/v2\/posts"}],"about":[{"href":"https:\/\/www.naturparkmagazin.de\/stechlin\/wp-json\/wp\/v2\/types\/post"}],"author":[{"embeddable":true,"href":"https:\/\/www.naturparkmagazin.de\/stechlin\/wp-json\/wp\/v2\/users\/39"}],"replies":[{"embeddable":true,"href":"https:\/\/www.naturparkmagazin.de\/stechlin\/wp-json\/wp\/v2\/comments?post=8586"}],"version-history":[{"count":4,"href":"https:\/\/www.naturparkmagazin.de\/stechlin\/wp-json\/wp\/v2\/posts\/8586\/revisions"}],"predecessor-version":[{"id":16840,"href":"https:\/\/www.naturparkmagazin.de\/stechlin\/wp-json\/wp\/v2\/posts\/8586\/revisions\/16840"}],"wp:featuredmedia":[{"embeddable":true,"href":"https:\/\/www.naturparkmagazin.de\/stechlin\/wp-json\/wp\/v2\/media\/8587"}],"wp:attachment":[{"href":"https:\/\/www.naturparkmagazin.de\/stechlin\/wp-json\/wp\/v2\/media?parent=8586"}],"wp:term":[{"taxonomy":"category","embeddable":true,"href":"https:\/\/www.naturparkmagazin.de\/stechlin\/wp-json\/wp\/v2\/categories?post=8586"},{"taxonomy":"post_tag","embeddable":true,"href":"https:\/\/www.naturparkmagazin.de\/stechlin\/wp-json\/wp\/v2\/tags?post=8586"}],"curies":[{"name":"wp","href":"https:\/\/api.w.org\/{rel}","templated":true}]}}