{"id":8592,"date":"2019-07-14T09:28:07","date_gmt":"2019-07-14T07:28:07","guid":{"rendered":"https:\/\/www.naturparkmagazin.de\/stechlin\/?p=8592"},"modified":"2025-01-24T10:13:31","modified_gmt":"2025-01-24T09:13:31","slug":"25-jahre-waldfest-menz","status":"publish","type":"post","link":"https:\/\/www.naturparkmagazin.de\/stechlin\/25-jahre-waldfest-menz\/","title":{"rendered":"25 Jahre Waldfest Menz (2019)"},"content":{"rendered":"<p>Petrus meinte es richtig gut mit dem Jubil\u00e4ums-Waldfest &#8211; Sonne pur den ganzen Tag!<\/p>\n<div id=\"attachment_8596\" style=\"width: 310px\" class=\"wp-caption aligncenter\"><a href=\"https:\/\/www.naturparkmagazin.de\/stechlin\/wp-content\/uploads\/sites\/38\/Waldfest_33.jpg\"><img aria-describedby=\"caption-attachment-8596\" decoding=\"async\" loading=\"lazy\" class=\"size-thumbnail wp-image-8596\" src=\"https:\/\/www.naturparkmagazin.de\/stechlin\/wp-content\/uploads\/sites\/38\/Waldfest_33-300x180.jpg\" alt=\"Der Oberhaveler Landrat Ludger Westkamp kam bereits im dritten Jahr hintereinander zum Waldfest.\" width=\"300\" height=\"180\" srcset=\"https:\/\/www.naturparkmagazin.de\/stechlin\/wp-content\/uploads\/sites\/38\/Waldfest_33-300x180.jpg 300w, https:\/\/www.naturparkmagazin.de\/stechlin\/wp-content\/uploads\/sites\/38\/Waldfest_33.jpg 500w, https:\/\/www.naturparkmagazin.de\/stechlin\/wp-content\/uploads\/sites\/38\/Waldfest_33-200x120.jpg 200w\" sizes=\"(max-width: 300px) 100vw, 300px\" \/><\/a><p id=\"caption-attachment-8596\" class=\"wp-caption-text\">Der Oberhaveler Landrat Ludger Westkamp kam bereits im dritten Jahr hintereinander zum Waldfest.<\/p><\/div>\n<div id=\"attachment_8597\" style=\"width: 210px\" class=\"wp-caption aligncenter\"><a href=\"https:\/\/www.naturparkmagazin.de\/stechlin\/wp-content\/uploads\/sites\/38\/Waldfest_13.jpg\"><img aria-describedby=\"caption-attachment-8597\" decoding=\"async\" loading=\"lazy\" class=\"size-full wp-image-8597\" src=\"https:\/\/www.naturparkmagazin.de\/stechlin\/wp-content\/uploads\/sites\/38\/Waldfest_13.jpg\" alt=\"Stechlins neuer B\u00fcrgermeister, Roy Lepschies, unterbrach f\u00fcr einen Tag seinen Ostsee-Urlaub, um pers\u00f6nlich das Waldfest zu er\u00f6ffnen.\" width=\"200\" height=\"300\" \/><\/a><p id=\"caption-attachment-8597\" class=\"wp-caption-text\">Stechlins neuer B\u00fcrgermeister, Roy Lepschies, unterbrach f\u00fcr einen Tag seinen Ostsee-Urlaub, um pers\u00f6nlich das Waldfest zu er\u00f6ffnen.<\/p><\/div>\n<p>Doch die Hitze hat der Feierlaune der Waldfestbesucher keinen Abbruch getan. Mehr als 3.000 Besucher str\u00f6mten nach Menz. Im Schatten der m\u00e4chtigen Linden auf dem Friedensplatz wandelten sie \u00fcber den traditionellen Waldmarkt. Der gro\u00dfe Renner war in diesem Jahr die von RBB-Moderatorin Carla Kniestedt moderierte B\u00fchnenshow. Die Zuschauerb\u00e4nke waren den ganzen Tag prall gef\u00fcllt. Wer sich sportlich bet\u00e4tigen wollte, war beim Iron Menz an der richtigen Stelle. 73 Teilnehmer stellten sich dem anspruchsvollen Wettbewerb.<\/p>\n<div id=\"attachment_8594\" style=\"width: 310px\" class=\"wp-caption aligncenter\"><a href=\"https:\/\/www.naturparkmagazin.de\/stechlin\/wp-content\/uploads\/sites\/38\/Waldfest_10.jpg\"><img aria-describedby=\"caption-attachment-8594\" decoding=\"async\" loading=\"lazy\" class=\"size-thumbnail wp-image-8594\" src=\"https:\/\/www.naturparkmagazin.de\/stechlin\/wp-content\/uploads\/sites\/38\/Waldfest_10-300x180.jpg\" alt=\"Das bunte B\u00fchnenprogramm begeisterte viele Zuschauer.\" width=\"300\" height=\"180\" srcset=\"https:\/\/www.naturparkmagazin.de\/stechlin\/wp-content\/uploads\/sites\/38\/Waldfest_10-300x180.jpg 300w, https:\/\/www.naturparkmagazin.de\/stechlin\/wp-content\/uploads\/sites\/38\/Waldfest_10.jpg 500w, https:\/\/www.naturparkmagazin.de\/stechlin\/wp-content\/uploads\/sites\/38\/Waldfest_10-200x120.jpg 200w\" sizes=\"(max-width: 300px) 100vw, 300px\" \/><\/a><p id=\"caption-attachment-8594\" class=\"wp-caption-text\">Das bunte B\u00fchnenprogramm begeisterte viele Zuschauer.<\/p><\/div>\n<p>Bereits am Freitag-Abend war die Menzer Dorfkirche gut gef\u00fcllt. Rundfunk-Journalistin Liane von Billerbeck und Pfarrer Mathias Wolf lasen Geschichte und Geschichten von, \u00fcber, gegen und mit Fontane im Fontane 200-Jubil\u00e4umsjahr.<\/p>\n<div id=\"attachment_8595\" style=\"width: 310px\" class=\"wp-caption aligncenter\"><a href=\"https:\/\/www.naturparkmagazin.de\/stechlin\/wp-content\/uploads\/sites\/38\/Waldfest_21.jpg\"><img aria-describedby=\"caption-attachment-8595\" decoding=\"async\" loading=\"lazy\" class=\"size-thumbnail wp-image-8595\" src=\"https:\/\/www.naturparkmagazin.de\/stechlin\/wp-content\/uploads\/sites\/38\/Waldfest_21-300x180.jpg\" alt=\"Die Kita Henriettes Schneckenh\u00e4uschen bedankte sich bei Ranger Thomas Hahn.\" width=\"300\" height=\"180\" srcset=\"https:\/\/www.naturparkmagazin.de\/stechlin\/wp-content\/uploads\/sites\/38\/Waldfest_21-300x180.jpg 300w, https:\/\/www.naturparkmagazin.de\/stechlin\/wp-content\/uploads\/sites\/38\/Waldfest_21.jpg 500w, https:\/\/www.naturparkmagazin.de\/stechlin\/wp-content\/uploads\/sites\/38\/Waldfest_21-200x120.jpg 200w\" sizes=\"(max-width: 300px) 100vw, 300px\" \/><\/a><p id=\"caption-attachment-8595\" class=\"wp-caption-text\">Die Kita Henriettes Schneckenh\u00e4uschen bedankte sich bei Ranger Thomas Hahn.<\/p><\/div>\n<div id=\"attachment_8593\" style=\"width: 310px\" class=\"wp-caption aligncenter\"><a href=\"https:\/\/www.naturparkmagazin.de\/stechlin\/wp-content\/uploads\/sites\/38\/Waldfest_69.jpg\"><img aria-describedby=\"caption-attachment-8593\" decoding=\"async\" loading=\"lazy\" class=\"size-thumbnail wp-image-8593\" src=\"https:\/\/www.naturparkmagazin.de\/stechlin\/wp-content\/uploads\/sites\/38\/Waldfest_69-300x180.jpg\" alt=\"Imker Klaus Werner kommt Jahr f\u00fcr Jahr als Aussteller zum Waldfest.\" width=\"300\" height=\"180\" srcset=\"https:\/\/www.naturparkmagazin.de\/stechlin\/wp-content\/uploads\/sites\/38\/Waldfest_69-300x180.jpg 300w, https:\/\/www.naturparkmagazin.de\/stechlin\/wp-content\/uploads\/sites\/38\/Waldfest_69.jpg 500w, https:\/\/www.naturparkmagazin.de\/stechlin\/wp-content\/uploads\/sites\/38\/Waldfest_69-200x120.jpg 200w\" sizes=\"(max-width: 300px) 100vw, 300px\" \/><\/a><p id=\"caption-attachment-8593\" class=\"wp-caption-text\">Imker Klaus Werner kommt Jahr f\u00fcr Jahr als Aussteller zum Waldfest.<\/p><\/div>\n<p>Nach der Waldandacht auf dem Wallberg ging es am Sonntag Morgen auf die traditionelle Radwanderung oder die Wanderung ins Naturschutzgebiet mit Revierf\u00f6rster a. D. J\u00f6rg Spr\u00f6\u00dfig und Gebietsleiterin der Naturwacht Anke Rudnik. J\u00f6rg Spr\u00f6\u00dfig fehlte in den zur\u00fcck liegenden 25 Jahren nur ganze 2x beim Waldfest! Seine Wanderungen haben mittlerweile Kult-Status erreicht!<\/p>\n<p>Das Waldfest klang am Sonntag Nachmittag mit einem Konzert in der Menzer Dorfkirche aus. Die Spieleleute ErdenMut pr\u00e4sentierten Volksmusik auf historischen Instrumenten.<\/p>\n","protected":false},"excerpt":{"rendered":"<p>Petrus meinte es richtig gut mit dem Jubil\u00e4ums-Waldfest &#8211; Sonne pur den ganzen Tag!<\/p>\n","protected":false},"author":39,"featured_media":8598,"comment_status":"open","ping_status":"open","sticky":false,"template":"","format":"standard","meta":[],"categories":[7],"tags":[],"yoast_head":"<!-- This site is optimized with the Yoast SEO plugin v19.10 - https:\/\/yoast.com\/wordpress\/plugins\/seo\/ -->\n<title>25 Jahre Waldfest Menz (2019) - Naturpark Stechlin-Ruppiner Land<\/title>\n<meta name=\"robots\" content=\"index, follow, max-snippet:-1, max-image-preview:large, max-video-preview:-1\" \/>\n<link rel=\"canonical\" href=\"https:\/\/www.naturparkmagazin.de\/stechlin\/25-jahre-waldfest-menz\/\" \/>\n<meta property=\"og:locale\" content=\"de_DE\" \/>\n<meta property=\"og:type\" content=\"article\" \/>\n<meta property=\"og:title\" content=\"25 Jahre Waldfest Menz (2019) - Naturpark Stechlin-Ruppiner Land\" \/>\n<meta property=\"og:description\" content=\"Petrus meinte es richtig gut mit dem Jubil\u00e4ums-Waldfest - Sonne pur den ganzen Tag!\" \/>\n<meta property=\"og:url\" content=\"https:\/\/www.naturparkmagazin.de\/stechlin\/25-jahre-waldfest-menz\/\" \/>\n<meta property=\"og:site_name\" content=\"Naturpark Stechlin-Ruppiner Land\" \/>\n<meta property=\"article:published_time\" content=\"2019-07-14T07:28:07+00:00\" \/>\n<meta property=\"article:modified_time\" content=\"2025-01-24T09:13:31+00:00\" \/>\n<meta property=\"og:image\" content=\"https:\/\/www.naturparkmagazin.de\/stechlin\/wp-content\/uploads\/sites\/38\/Waldfest_82.jpg\" \/>\n\t<meta property=\"og:image:width\" content=\"200\" \/>\n\t<meta property=\"og:image:height\" content=\"200\" \/>\n\t<meta property=\"og:image:type\" content=\"image\/jpeg\" \/>\n<meta name=\"author\" content=\"marioschrumpf\" \/>\n<meta name=\"twitter:label1\" content=\"Verfasst von\" \/>\n\t<meta name=\"twitter:data1\" content=\"marioschrumpf\" \/>\n\t<meta name=\"twitter:label2\" content=\"Gesch\u00e4tzte Lesezeit\" \/>\n\t<meta name=\"twitter:data2\" content=\"3\u00a0Minuten\" \/>\n<script type=\"application\/ld+json\" class=\"yoast-schema-graph\">{\"@context\":\"https:\/\/schema.org\",\"@graph\":[{\"@type\":\"WebPage\",\"@id\":\"https:\/\/www.naturparkmagazin.de\/stechlin\/25-jahre-waldfest-menz\/\",\"url\":\"https:\/\/www.naturparkmagazin.de\/stechlin\/25-jahre-waldfest-menz\/\",\"name\":\"25 Jahre Waldfest Menz (2019) - Naturpark Stechlin-Ruppiner Land\",\"isPartOf\":{\"@id\":\"https:\/\/www.naturparkmagazin.de\/stechlin\/#website\"},\"datePublished\":\"2019-07-14T07:28:07+00:00\",\"dateModified\":\"2025-01-24T09:13:31+00:00\",\"author\":{\"@id\":\"https:\/\/www.naturparkmagazin.de\/stechlin\/#\/schema\/person\/3f0d93203df21c806dd63c76d9bb28bc\"},\"breadcrumb\":{\"@id\":\"https:\/\/www.naturparkmagazin.de\/stechlin\/25-jahre-waldfest-menz\/#breadcrumb\"},\"inLanguage\":\"de\",\"potentialAction\":[{\"@type\":\"ReadAction\",\"target\":[\"https:\/\/www.naturparkmagazin.de\/stechlin\/25-jahre-waldfest-menz\/\"]}]},{\"@type\":\"BreadcrumbList\",\"@id\":\"https:\/\/www.naturparkmagazin.de\/stechlin\/25-jahre-waldfest-menz\/#breadcrumb\",\"itemListElement\":[{\"@type\":\"ListItem\",\"position\":1,\"name\":\"Home\",\"item\":\"https:\/\/www.naturparkmagazin.de\/stechlin\/\"},{\"@type\":\"ListItem\",\"position\":2,\"name\":\"25 Jahre Waldfest Menz (2019)\"}]},{\"@type\":\"WebSite\",\"@id\":\"https:\/\/www.naturparkmagazin.de\/stechlin\/#website\",\"url\":\"https:\/\/www.naturparkmagazin.de\/stechlin\/\",\"name\":\"Naturpark Stechlin-Ruppiner Land\",\"description\":\"\",\"potentialAction\":[{\"@type\":\"SearchAction\",\"target\":{\"@type\":\"EntryPoint\",\"urlTemplate\":\"https:\/\/www.naturparkmagazin.de\/stechlin\/?s={search_term_string}\"},\"query-input\":\"required name=search_term_string\"}],\"inLanguage\":\"de\"},{\"@type\":\"Person\",\"@id\":\"https:\/\/www.naturparkmagazin.de\/stechlin\/#\/schema\/person\/3f0d93203df21c806dd63c76d9bb28bc\",\"name\":\"marioschrumpf\",\"url\":\"https:\/\/www.naturparkmagazin.de\/stechlin\/author\/marioschrumpf\/\"}]}<\/script>\n<!-- \/ Yoast SEO plugin. -->","yoast_head_json":{"title":"25 Jahre Waldfest Menz (2019) - Naturpark Stechlin-Ruppiner Land","robots":{"index":"index","follow":"follow","max-snippet":"max-snippet:-1","max-image-preview":"max-image-preview:large","max-video-preview":"max-video-preview:-1"},"canonical":"https:\/\/www.naturparkmagazin.de\/stechlin\/25-jahre-waldfest-menz\/","og_locale":"de_DE","og_type":"article","og_title":"25 Jahre Waldfest Menz (2019) - Naturpark Stechlin-Ruppiner Land","og_description":"Petrus meinte es richtig gut mit dem Jubil\u00e4ums-Waldfest - Sonne pur den ganzen Tag!","og_url":"https:\/\/www.naturparkmagazin.de\/stechlin\/25-jahre-waldfest-menz\/","og_site_name":"Naturpark Stechlin-Ruppiner Land","article_published_time":"2019-07-14T07:28:07+00:00","article_modified_time":"2025-01-24T09:13:31+00:00","og_image":[{"width":200,"height":200,"url":"https:\/\/www.naturparkmagazin.de\/stechlin\/wp-content\/uploads\/sites\/38\/Waldfest_82.jpg","type":"image\/jpeg"}],"author":"marioschrumpf","twitter_misc":{"Verfasst von":"marioschrumpf","Gesch\u00e4tzte Lesezeit":"3\u00a0Minuten"},"schema":{"@context":"https:\/\/schema.org","@graph":[{"@type":"WebPage","@id":"https:\/\/www.naturparkmagazin.de\/stechlin\/25-jahre-waldfest-menz\/","url":"https:\/\/www.naturparkmagazin.de\/stechlin\/25-jahre-waldfest-menz\/","name":"25 Jahre Waldfest Menz (2019) - Naturpark Stechlin-Ruppiner Land","isPartOf":{"@id":"https:\/\/www.naturparkmagazin.de\/stechlin\/#website"},"datePublished":"2019-07-14T07:28:07+00:00","dateModified":"2025-01-24T09:13:31+00:00","author":{"@id":"https:\/\/www.naturparkmagazin.de\/stechlin\/#\/schema\/person\/3f0d93203df21c806dd63c76d9bb28bc"},"breadcrumb":{"@id":"https:\/\/www.naturparkmagazin.de\/stechlin\/25-jahre-waldfest-menz\/#breadcrumb"},"inLanguage":"de","potentialAction":[{"@type":"ReadAction","target":["https:\/\/www.naturparkmagazin.de\/stechlin\/25-jahre-waldfest-menz\/"]}]},{"@type":"BreadcrumbList","@id":"https:\/\/www.naturparkmagazin.de\/stechlin\/25-jahre-waldfest-menz\/#breadcrumb","itemListElement":[{"@type":"ListItem","position":1,"name":"Home","item":"https:\/\/www.naturparkmagazin.de\/stechlin\/"},{"@type":"ListItem","position":2,"name":"25 Jahre Waldfest Menz (2019)"}]},{"@type":"WebSite","@id":"https:\/\/www.naturparkmagazin.de\/stechlin\/#website","url":"https:\/\/www.naturparkmagazin.de\/stechlin\/","name":"Naturpark Stechlin-Ruppiner Land","description":"","potentialAction":[{"@type":"SearchAction","target":{"@type":"EntryPoint","urlTemplate":"https:\/\/www.naturparkmagazin.de\/stechlin\/?s={search_term_string}"},"query-input":"required name=search_term_string"}],"inLanguage":"de"},{"@type":"Person","@id":"https:\/\/www.naturparkmagazin.de\/stechlin\/#\/schema\/person\/3f0d93203df21c806dd63c76d9bb28bc","name":"marioschrumpf","url":"https:\/\/www.naturparkmagazin.de\/stechlin\/author\/marioschrumpf\/"}]}},"_links":{"self":[{"href":"https:\/\/www.naturparkmagazin.de\/stechlin\/wp-json\/wp\/v2\/posts\/8592"}],"collection":[{"href":"https:\/\/www.naturparkmagazin.de\/stechlin\/wp-json\/wp\/v2\/posts"}],"about":[{"href":"https:\/\/www.naturparkmagazin.de\/stechlin\/wp-json\/wp\/v2\/types\/post"}],"author":[{"embeddable":true,"href":"https:\/\/www.naturparkmagazin.de\/stechlin\/wp-json\/wp\/v2\/users\/39"}],"replies":[{"embeddable":true,"href":"https:\/\/www.naturparkmagazin.de\/stechlin\/wp-json\/wp\/v2\/comments?post=8592"}],"version-history":[{"count":4,"href":"https:\/\/www.naturparkmagazin.de\/stechlin\/wp-json\/wp\/v2\/posts\/8592\/revisions"}],"predecessor-version":[{"id":16595,"href":"https:\/\/www.naturparkmagazin.de\/stechlin\/wp-json\/wp\/v2\/posts\/8592\/revisions\/16595"}],"wp:featuredmedia":[{"embeddable":true,"href":"https:\/\/www.naturparkmagazin.de\/stechlin\/wp-json\/wp\/v2\/media\/8598"}],"wp:attachment":[{"href":"https:\/\/www.naturparkmagazin.de\/stechlin\/wp-json\/wp\/v2\/media?parent=8592"}],"wp:term":[{"taxonomy":"category","embeddable":true,"href":"https:\/\/www.naturparkmagazin.de\/stechlin\/wp-json\/wp\/v2\/categories?post=8592"},{"taxonomy":"post_tag","embeddable":true,"href":"https:\/\/www.naturparkmagazin.de\/stechlin\/wp-json\/wp\/v2\/tags?post=8592"}],"curies":[{"name":"wp","href":"https:\/\/api.w.org\/{rel}","templated":true}]}}