{"id":8606,"date":"2019-07-14T11:32:00","date_gmt":"2019-07-14T09:32:00","guid":{"rendered":"https:\/\/www.naturparkmagazin.de\/stechlin\/?p=8606"},"modified":"2019-07-11T09:47:07","modified_gmt":"2019-07-11T07:47:07","slug":"grosses-interesse-an-feldbesichtigung-in-binenwalde","status":"publish","type":"post","link":"https:\/\/www.naturparkmagazin.de\/stechlin\/grosses-interesse-an-feldbesichtigung-in-binenwalde\/","title":{"rendered":"Gro\u00dfes Interesse an Feldbesichtigung in Binenwalde"},"content":{"rendered":"<div id=\"attachment_8609\" style=\"width: 310px\" class=\"wp-caption aligncenter\"><a href=\"https:\/\/www.naturparkmagazin.de\/stechlin\/wp-content\/uploads\/sites\/38\/Feldbesichtigung_16.jpg\"><img aria-describedby=\"caption-attachment-8609\" decoding=\"async\" loading=\"lazy\" class=\"size-thumbnail wp-image-8609\" src=\"https:\/\/www.naturparkmagazin.de\/stechlin\/wp-content\/uploads\/sites\/38\/Feldbesichtigung_16-300x180.jpg\" alt=\"Mehr als 30 Interessierte waren mit dem Traktor-Kremser unterwegs.\" width=\"300\" height=\"180\" srcset=\"https:\/\/www.naturparkmagazin.de\/stechlin\/wp-content\/uploads\/sites\/38\/Feldbesichtigung_16-300x180.jpg 300w, https:\/\/www.naturparkmagazin.de\/stechlin\/wp-content\/uploads\/sites\/38\/Feldbesichtigung_16.jpg 500w, https:\/\/www.naturparkmagazin.de\/stechlin\/wp-content\/uploads\/sites\/38\/Feldbesichtigung_16-200x120.jpg 200w\" sizes=\"(max-width: 300px) 100vw, 300px\" \/><\/a><p id=\"caption-attachment-8609\" class=\"wp-caption-text\">Mehr als 30 Interessierte waren mit dem Traktor-Kremser unterwegs.<\/p><\/div>\n<p>Mehr als 30 Interessierte folgten am 5. Juli der Einladung des Landschaftspflegeverbandes (LPV) Prignitz-Ruppiner Land e. V. Mit dem Traktor-Kremser ging es in Binenwalde zu ausgew\u00e4hlten Fl\u00e4chen, die mit Unterst\u00fctzung des Landschaftspflegeverbandes umweltgerecht bewirtschaftet werden.<\/p>\n<div id=\"attachment_8608\" style=\"width: 310px\" class=\"wp-caption aligncenter\"><a href=\"https:\/\/www.naturparkmagazin.de\/stechlin\/wp-content\/uploads\/sites\/38\/Feldbesichtigung_23.jpg\"><img aria-describedby=\"caption-attachment-8608\" decoding=\"async\" loading=\"lazy\" class=\"size-thumbnail wp-image-8608\" src=\"https:\/\/www.naturparkmagazin.de\/stechlin\/wp-content\/uploads\/sites\/38\/Feldbesichtigung_23-300x180.jpg\" alt=\"Blau bl\u00fchende Phacelia (Bienenfreund)\" width=\"300\" height=\"180\" srcset=\"https:\/\/www.naturparkmagazin.de\/stechlin\/wp-content\/uploads\/sites\/38\/Feldbesichtigung_23-300x180.jpg 300w, https:\/\/www.naturparkmagazin.de\/stechlin\/wp-content\/uploads\/sites\/38\/Feldbesichtigung_23.jpg 500w, https:\/\/www.naturparkmagazin.de\/stechlin\/wp-content\/uploads\/sites\/38\/Feldbesichtigung_23-200x120.jpg 200w\" sizes=\"(max-width: 300px) 100vw, 300px\" \/><\/a><p id=\"caption-attachment-8608\" class=\"wp-caption-text\">Blau bl\u00fchende Phacelia (Bienenfreund)<\/p><\/div>\n<p>Zuerst wurde ein mit einer Bl\u00fchmischung f\u00fcr Insekten bestellter Acker in unmittelbarer N\u00e4he zum Kalksee besichtigt. Der LPV hat hier mit der \u00d6ko-Landbau Z\u00fchlen GmbH eine Vereinbarung zur extensiven Bewirtschaftung ohne D\u00fcngemittel und Pestizide zum Schutz des Kalksees geschlossen. Der Betrieb betreibt seit 2017 auf insgesamt 105 Hektar \u00f6kologischen Landbau.<\/p>\n<div id=\"attachment_8610\" style=\"width: 310px\" class=\"wp-caption aligncenter\"><a href=\"https:\/\/www.naturparkmagazin.de\/stechlin\/wp-content\/uploads\/sites\/38\/Feldbesichtigung_07.jpg\"><img aria-describedby=\"caption-attachment-8610\" decoding=\"async\" loading=\"lazy\" class=\"wp-image-8610 size-thumbnail\" src=\"https:\/\/www.naturparkmagazin.de\/stechlin\/wp-content\/uploads\/sites\/38\/Feldbesichtigung_07-300x180.jpg\" alt=\"Andreas erkl\u00e4rt die Zusammensetzung der Bl\u00fchmischung f\u00fcr Insekten auf dem Acker am Kalksee.\" width=\"300\" height=\"180\" srcset=\"https:\/\/www.naturparkmagazin.de\/stechlin\/wp-content\/uploads\/sites\/38\/Feldbesichtigung_07-300x180.jpg 300w, https:\/\/www.naturparkmagazin.de\/stechlin\/wp-content\/uploads\/sites\/38\/Feldbesichtigung_07.jpg 500w, https:\/\/www.naturparkmagazin.de\/stechlin\/wp-content\/uploads\/sites\/38\/Feldbesichtigung_07-200x120.jpg 200w\" sizes=\"(max-width: 300px) 100vw, 300px\" \/><\/a><p id=\"caption-attachment-8610\" class=\"wp-caption-text\">Andreas Bergmann, Vorsitzender des LPV Prignitz-Ruppiner Land e.V., erkl\u00e4rt die Zusammensetzung der Bl\u00fchmischung f\u00fcr Insekten auf dem Acker am Kalksee.<\/p><\/div>\n<p>Zweite Station war ein 14 Hektar gro\u00dfer Acker, der in 2019 auf \u00f6kologischen Landbau umgestellt wurde. Dort werden u.a. auf 3 Hektar \u00d6llein f\u00fcr &#8222;<a href=\"http:\/\/www.luisenhof-katerbow.de\/\">Die \u00d6lm\u00fchle Katerbow<\/a>&#8220; angebaut. Inhaberin Anke Stamer beliefert mit ihrem ausschlie\u00dflich aus regionalen und biozertifizierten Saaten gepresste \u00d6l Naturkostl\u00e4den in Neuruppin, Kyritz, Oranienburg und Rheinsberg. Die Fl\u00e4che wird durch die Bergmann-Franz GbR aus Berlinchen nach Bioland-Kriterien \u00f6kologisch bewirtschaftet. Der Betrieb hat insgesamt 65 Hektar im Naturpark in Bewirtschaftung. Partner des Betriebes ist die Rheinsberger Preussenquelle, die auf der Ackerfl\u00e4che in Binenwalde ihren CO2-Verbrauch durch Investitionen in die Humusanreicherung im Boden kompensiert. Gesch\u00e4ftsf\u00fchrer Frank Stieldorf erkl\u00e4rte die win-win-Situation f\u00fcr alle Beteiligten:\u00a0Schutz des Grundwassers durch \u00f6kologische Bewirtschaftung, Produktion eines Rohstoffes in Bio-Qualit\u00e4t f\u00fcr einen regionalen Produzenten, Belieferung des Naturkosthandels der Region mit einem hochwertigen Regionalprodukt sowie Erh\u00f6hung der Biodiversit\u00e4t durch kleinteilige Bewirtschaftung ohne Pestizideinsatz.<\/p>\n<div id=\"attachment_8607\" style=\"width: 190px\" class=\"wp-caption aligncenter\"><a href=\"https:\/\/www.naturparkmagazin.de\/stechlin\/wp-content\/uploads\/sites\/38\/Feldbesichtigung_36.jpg\"><img aria-describedby=\"caption-attachment-8607\" decoding=\"async\" loading=\"lazy\" class=\"size-full wp-image-8607\" src=\"https:\/\/www.naturparkmagazin.de\/stechlin\/wp-content\/uploads\/sites\/38\/Feldbesichtigung_36.jpg\" alt=\"Frank Stieldorf, Gesch\u00e4ftsf\u00fchrer der Rheinsberger Preussenquelle erl\u00e4utert die win-win-Situation f\u00fcr alle Seiten.\" width=\"180\" height=\"250\" \/><\/a><p id=\"caption-attachment-8607\" class=\"wp-caption-text\">Frank Stieldorf, Gesch\u00e4ftsf\u00fchrer der Rheinsberger Preussenquelle erl\u00e4utert die win-win-Situation f\u00fcr alle Seiten.<\/p><\/div>\n","protected":false},"excerpt":{"rendered":"<p>Mehr als 30 Interessierte folgten am 5. Juli der Einladung des Landschaftspflegeverbandes (LPV) Prignitz-Ruppiner Land e. V.<\/p>\n","protected":false},"author":39,"featured_media":8611,"comment_status":"open","ping_status":"open","sticky":false,"template":"","format":"standard","meta":[],"categories":[7],"tags":[],"yoast_head":"<!-- This site is optimized with the Yoast SEO plugin v19.10 - https:\/\/yoast.com\/wordpress\/plugins\/seo\/ -->\n<title>Gro\u00dfes Interesse an Feldbesichtigung in Binenwalde - Naturpark Stechlin-Ruppiner Land<\/title>\n<meta name=\"robots\" content=\"index, follow, max-snippet:-1, max-image-preview:large, max-video-preview:-1\" \/>\n<link rel=\"canonical\" href=\"https:\/\/www.naturparkmagazin.de\/stechlin\/grosses-interesse-an-feldbesichtigung-in-binenwalde\/\" \/>\n<meta property=\"og:locale\" content=\"de_DE\" \/>\n<meta property=\"og:type\" content=\"article\" \/>\n<meta property=\"og:title\" content=\"Gro\u00dfes Interesse an Feldbesichtigung in Binenwalde - Naturpark Stechlin-Ruppiner Land\" \/>\n<meta property=\"og:description\" content=\"Mehr als 30 Interessierte folgten am 5. Juli der Einladung des Landschaftspflegeverbandes (LPV) Prignitz-Ruppiner Land e. V.\" \/>\n<meta property=\"og:url\" content=\"https:\/\/www.naturparkmagazin.de\/stechlin\/grosses-interesse-an-feldbesichtigung-in-binenwalde\/\" \/>\n<meta property=\"og:site_name\" content=\"Naturpark Stechlin-Ruppiner Land\" \/>\n<meta property=\"article:published_time\" content=\"2019-07-14T09:32:00+00:00\" \/>\n<meta property=\"article:modified_time\" content=\"2019-07-11T07:47:07+00:00\" \/>\n<meta property=\"og:image\" content=\"https:\/\/www.naturparkmagazin.de\/stechlin\/wp-content\/uploads\/sites\/38\/Feldbesichtigung_28.jpg\" \/>\n\t<meta property=\"og:image:width\" content=\"200\" \/>\n\t<meta property=\"og:image:height\" content=\"200\" \/>\n\t<meta property=\"og:image:type\" content=\"image\/jpeg\" \/>\n<meta name=\"author\" content=\"marioschrumpf\" \/>\n<meta name=\"twitter:label1\" content=\"Verfasst von\" \/>\n\t<meta name=\"twitter:data1\" content=\"marioschrumpf\" \/>\n\t<meta name=\"twitter:label2\" content=\"Gesch\u00e4tzte Lesezeit\" \/>\n\t<meta name=\"twitter:data2\" content=\"2\u00a0Minuten\" \/>\n<script type=\"application\/ld+json\" class=\"yoast-schema-graph\">{\"@context\":\"https:\/\/schema.org\",\"@graph\":[{\"@type\":\"WebPage\",\"@id\":\"https:\/\/www.naturparkmagazin.de\/stechlin\/grosses-interesse-an-feldbesichtigung-in-binenwalde\/\",\"url\":\"https:\/\/www.naturparkmagazin.de\/stechlin\/grosses-interesse-an-feldbesichtigung-in-binenwalde\/\",\"name\":\"Gro\u00dfes Interesse an Feldbesichtigung in Binenwalde - Naturpark Stechlin-Ruppiner Land\",\"isPartOf\":{\"@id\":\"https:\/\/www.naturparkmagazin.de\/stechlin\/#website\"},\"datePublished\":\"2019-07-14T09:32:00+00:00\",\"dateModified\":\"2019-07-11T07:47:07+00:00\",\"author\":{\"@id\":\"https:\/\/www.naturparkmagazin.de\/stechlin\/#\/schema\/person\/3f0d93203df21c806dd63c76d9bb28bc\"},\"breadcrumb\":{\"@id\":\"https:\/\/www.naturparkmagazin.de\/stechlin\/grosses-interesse-an-feldbesichtigung-in-binenwalde\/#breadcrumb\"},\"inLanguage\":\"de\",\"potentialAction\":[{\"@type\":\"ReadAction\",\"target\":[\"https:\/\/www.naturparkmagazin.de\/stechlin\/grosses-interesse-an-feldbesichtigung-in-binenwalde\/\"]}]},{\"@type\":\"BreadcrumbList\",\"@id\":\"https:\/\/www.naturparkmagazin.de\/stechlin\/grosses-interesse-an-feldbesichtigung-in-binenwalde\/#breadcrumb\",\"itemListElement\":[{\"@type\":\"ListItem\",\"position\":1,\"name\":\"Home\",\"item\":\"https:\/\/www.naturparkmagazin.de\/stechlin\/\"},{\"@type\":\"ListItem\",\"position\":2,\"name\":\"Gro\u00dfes Interesse an Feldbesichtigung in Binenwalde\"}]},{\"@type\":\"WebSite\",\"@id\":\"https:\/\/www.naturparkmagazin.de\/stechlin\/#website\",\"url\":\"https:\/\/www.naturparkmagazin.de\/stechlin\/\",\"name\":\"Naturpark Stechlin-Ruppiner Land\",\"description\":\"\",\"potentialAction\":[{\"@type\":\"SearchAction\",\"target\":{\"@type\":\"EntryPoint\",\"urlTemplate\":\"https:\/\/www.naturparkmagazin.de\/stechlin\/?s={search_term_string}\"},\"query-input\":\"required name=search_term_string\"}],\"inLanguage\":\"de\"},{\"@type\":\"Person\",\"@id\":\"https:\/\/www.naturparkmagazin.de\/stechlin\/#\/schema\/person\/3f0d93203df21c806dd63c76d9bb28bc\",\"name\":\"marioschrumpf\",\"url\":\"https:\/\/www.naturparkmagazin.de\/stechlin\/author\/marioschrumpf\/\"}]}<\/script>\n<!-- \/ Yoast SEO plugin. -->","yoast_head_json":{"title":"Gro\u00dfes Interesse an Feldbesichtigung in Binenwalde - Naturpark Stechlin-Ruppiner Land","robots":{"index":"index","follow":"follow","max-snippet":"max-snippet:-1","max-image-preview":"max-image-preview:large","max-video-preview":"max-video-preview:-1"},"canonical":"https:\/\/www.naturparkmagazin.de\/stechlin\/grosses-interesse-an-feldbesichtigung-in-binenwalde\/","og_locale":"de_DE","og_type":"article","og_title":"Gro\u00dfes Interesse an Feldbesichtigung in Binenwalde - Naturpark Stechlin-Ruppiner Land","og_description":"Mehr als 30 Interessierte folgten am 5. Juli der Einladung des Landschaftspflegeverbandes (LPV) Prignitz-Ruppiner Land e. V.","og_url":"https:\/\/www.naturparkmagazin.de\/stechlin\/grosses-interesse-an-feldbesichtigung-in-binenwalde\/","og_site_name":"Naturpark Stechlin-Ruppiner Land","article_published_time":"2019-07-14T09:32:00+00:00","article_modified_time":"2019-07-11T07:47:07+00:00","og_image":[{"width":200,"height":200,"url":"https:\/\/www.naturparkmagazin.de\/stechlin\/wp-content\/uploads\/sites\/38\/Feldbesichtigung_28.jpg","type":"image\/jpeg"}],"author":"marioschrumpf","twitter_misc":{"Verfasst von":"marioschrumpf","Gesch\u00e4tzte Lesezeit":"2\u00a0Minuten"},"schema":{"@context":"https:\/\/schema.org","@graph":[{"@type":"WebPage","@id":"https:\/\/www.naturparkmagazin.de\/stechlin\/grosses-interesse-an-feldbesichtigung-in-binenwalde\/","url":"https:\/\/www.naturparkmagazin.de\/stechlin\/grosses-interesse-an-feldbesichtigung-in-binenwalde\/","name":"Gro\u00dfes Interesse an Feldbesichtigung in Binenwalde - Naturpark Stechlin-Ruppiner Land","isPartOf":{"@id":"https:\/\/www.naturparkmagazin.de\/stechlin\/#website"},"datePublished":"2019-07-14T09:32:00+00:00","dateModified":"2019-07-11T07:47:07+00:00","author":{"@id":"https:\/\/www.naturparkmagazin.de\/stechlin\/#\/schema\/person\/3f0d93203df21c806dd63c76d9bb28bc"},"breadcrumb":{"@id":"https:\/\/www.naturparkmagazin.de\/stechlin\/grosses-interesse-an-feldbesichtigung-in-binenwalde\/#breadcrumb"},"inLanguage":"de","potentialAction":[{"@type":"ReadAction","target":["https:\/\/www.naturparkmagazin.de\/stechlin\/grosses-interesse-an-feldbesichtigung-in-binenwalde\/"]}]},{"@type":"BreadcrumbList","@id":"https:\/\/www.naturparkmagazin.de\/stechlin\/grosses-interesse-an-feldbesichtigung-in-binenwalde\/#breadcrumb","itemListElement":[{"@type":"ListItem","position":1,"name":"Home","item":"https:\/\/www.naturparkmagazin.de\/stechlin\/"},{"@type":"ListItem","position":2,"name":"Gro\u00dfes Interesse an Feldbesichtigung in Binenwalde"}]},{"@type":"WebSite","@id":"https:\/\/www.naturparkmagazin.de\/stechlin\/#website","url":"https:\/\/www.naturparkmagazin.de\/stechlin\/","name":"Naturpark Stechlin-Ruppiner Land","description":"","potentialAction":[{"@type":"SearchAction","target":{"@type":"EntryPoint","urlTemplate":"https:\/\/www.naturparkmagazin.de\/stechlin\/?s={search_term_string}"},"query-input":"required name=search_term_string"}],"inLanguage":"de"},{"@type":"Person","@id":"https:\/\/www.naturparkmagazin.de\/stechlin\/#\/schema\/person\/3f0d93203df21c806dd63c76d9bb28bc","name":"marioschrumpf","url":"https:\/\/www.naturparkmagazin.de\/stechlin\/author\/marioschrumpf\/"}]}},"_links":{"self":[{"href":"https:\/\/www.naturparkmagazin.de\/stechlin\/wp-json\/wp\/v2\/posts\/8606"}],"collection":[{"href":"https:\/\/www.naturparkmagazin.de\/stechlin\/wp-json\/wp\/v2\/posts"}],"about":[{"href":"https:\/\/www.naturparkmagazin.de\/stechlin\/wp-json\/wp\/v2\/types\/post"}],"author":[{"embeddable":true,"href":"https:\/\/www.naturparkmagazin.de\/stechlin\/wp-json\/wp\/v2\/users\/39"}],"replies":[{"embeddable":true,"href":"https:\/\/www.naturparkmagazin.de\/stechlin\/wp-json\/wp\/v2\/comments?post=8606"}],"version-history":[{"count":5,"href":"https:\/\/www.naturparkmagazin.de\/stechlin\/wp-json\/wp\/v2\/posts\/8606\/revisions"}],"predecessor-version":[{"id":8645,"href":"https:\/\/www.naturparkmagazin.de\/stechlin\/wp-json\/wp\/v2\/posts\/8606\/revisions\/8645"}],"wp:featuredmedia":[{"embeddable":true,"href":"https:\/\/www.naturparkmagazin.de\/stechlin\/wp-json\/wp\/v2\/media\/8611"}],"wp:attachment":[{"href":"https:\/\/www.naturparkmagazin.de\/stechlin\/wp-json\/wp\/v2\/media?parent=8606"}],"wp:term":[{"taxonomy":"category","embeddable":true,"href":"https:\/\/www.naturparkmagazin.de\/stechlin\/wp-json\/wp\/v2\/categories?post=8606"},{"taxonomy":"post_tag","embeddable":true,"href":"https:\/\/www.naturparkmagazin.de\/stechlin\/wp-json\/wp\/v2\/tags?post=8606"}],"curies":[{"name":"wp","href":"https:\/\/api.w.org\/{rel}","templated":true}]}}