{"id":8638,"date":"2019-07-14T08:41:13","date_gmt":"2019-07-14T06:41:13","guid":{"rendered":"https:\/\/www.naturparkmagazin.de\/stechlin\/?p=8638"},"modified":"2019-07-19T09:37:16","modified_gmt":"2019-07-19T07:37:16","slug":"heidefest-in-pfalzheim-2","status":"publish","type":"post","link":"https:\/\/www.naturparkmagazin.de\/stechlin\/heidefest-in-pfalzheim-2\/","title":{"rendered":"Heidefest in Pfalzheim"},"content":{"rendered":"<div id=\"attachment_4582\" style=\"width: 310px\" class=\"wp-caption aligncenter\"><a href=\"https:\/\/www.naturparkmagazin.de\/stechlin\/wp-content\/uploads\/sites\/38\/natur-und-landschaftsf\u00fchrer.jpg\"><img aria-describedby=\"caption-attachment-4582\" decoding=\"async\" loading=\"lazy\" class=\"size-thumbnail wp-image-4582\" src=\"https:\/\/www.naturparkmagazin.de\/stechlin\/wp-content\/uploads\/sites\/38\/natur-und-landschaftsf\u00fchrer-300x180.jpg\" alt=\"Auf Nordic Walking-Tour mit Olaf Wolff\" width=\"300\" height=\"180\" srcset=\"https:\/\/www.naturparkmagazin.de\/stechlin\/wp-content\/uploads\/sites\/38\/natur-und-landschaftsf\u00fchrer-300x180.jpg 300w, https:\/\/www.naturparkmagazin.de\/stechlin\/wp-content\/uploads\/sites\/38\/natur-und-landschaftsf\u00fchrer.jpg 500w, https:\/\/www.naturparkmagazin.de\/stechlin\/wp-content\/uploads\/sites\/38\/natur-und-landschaftsf\u00fchrer-200x120.jpg 200w\" sizes=\"(max-width: 300px) 100vw, 300px\" \/><\/a><p id=\"caption-attachment-4582\" class=\"wp-caption-text\">Auf Nordic Walking-Tour mit Olaf Wolff<\/p><\/div>\n<p>Gef\u00fchrte Nordic Walking- und Wandertour auf der Kyritz-Ruppiner Heide.<\/p>\n<p>Im Norden Brandenburgs, zwischen den historischen St\u00e4dten F\u00fcrstenberg\/Havel, Zehdenick, Lindow (Mark), Neuruppin und Wittstock finden Nordic Walker und Wanderer ein deutschlandweit einmaliges Angebot vor \u2013 eine Kombination aus sportlichen M\u00f6glichkeiten und reizvoller Landschaft.<\/p>\n<p>Ob im Naturpark Stechlin-Ruppiner Land mit seinen Buchenw\u00e4ldern und Klarwasserseen (www.stechlin-ruppiner-land-naturpark.de), in der Kyritz-Ruppiner Heide als eine der gr\u00f6\u00dften zusammenh\u00e4ngenden Heidelandschaften Europas (www.kyritz-ruppiner-heide.de) oder auf dem \u00fcber 534 Kilometer umfassenden bundesweit einzigartigen Streckennetz des Laufparks Stechlin (www.laufpark-stechlin.de), &#8211; mit einer gef\u00fchrten Nordic Walking- oder Wander-Tour erleben Sie die wundersch\u00f6nen Landschaften und betreiben dabei Sport \u2013 eine gewinnbringende Kombination!<\/p>\n<p>W\u00e4hrend unserer ca. 2 &#8211; 3 st\u00fcndigen Tour zeige ich Ihnen lokale Sehensw\u00fcrdigkeiten und erz\u00e4hle Ihnen Wissenswertes aus der Region sowie ihrer Historie und gebe Ihnen sehr gern Tipps und Hilfestellung zur Optimierung Ihrer pers\u00f6nlichen Nordic Walking Technik.<\/p>\n<p>Wir haben ausreichend Zeit f\u00fcr Verschnaufpausen und zum Fotografieren, gern k\u00f6nnen wir auch eine Rast machen, schlie\u00dflich m\u00f6chten wir die Natur und die herrliche Landschaft genie\u00dfen. Nach diesem gef\u00fchrten Lauf haben Sie etwas f\u00fcr Ihre Gesundheit getan und Interessantes erfahren!<\/p>\n<p>Sie brauchen sich um nichts als Ihre Sportkleidung zu k\u00fcmmern. Bitte wetterangepasste Kleidung tragen und ausreichend Trinkfl\u00fcssigkeit mitbringen.<\/p>\n<p>Die Nordic Walking St\u00f6cke k\u00f6nnen bei mir ausgeliehen werden.<\/p>\n<p>Das Motto meiner Touren: Landschaftlich reizvoll \u2013 Sportlich angenehm.<\/p>\n<p><strong><a href=\"https:\/\/www.naturparkmagazin.de\/stechlin\/wp-content\/uploads\/sites\/38\/Unbenannt4.png\"><img decoding=\"async\" loading=\"lazy\" class=\"aligncenter size-full wp-image-6359\" src=\"https:\/\/www.naturparkmagazin.de\/stechlin\/wp-content\/uploads\/sites\/38\/Unbenannt4.png\" alt=\"NP SRL\/Olaff Wolff\" width=\"178\" height=\"178\" srcset=\"https:\/\/www.naturparkmagazin.de\/stechlin\/wp-content\/uploads\/sites\/38\/Unbenannt4.png 178w, https:\/\/www.naturparkmagazin.de\/stechlin\/wp-content\/uploads\/sites\/38\/Unbenannt4-30x30.png 30w\" sizes=\"(max-width: 178px) 100vw, 178px\" \/><\/a>Termin:<\/strong> 17. August, 11:30 Uhr<\/p>\n<p><strong>Treff:<\/strong> Pfalzheim<\/p>\n<p><strong>Kosten:<\/strong> 10 \u20ac\/Person<\/p>\n<p><strong>Anmeldung\/Info:<\/strong> Olaf Wolff, zertifizierter Natur- und Landschaftsf\u00fchrer (Tel.: 03391\/512672)<\/p>\n<p>&nbsp;<\/p>\n<p>&nbsp;<\/p>\n","protected":false},"excerpt":{"rendered":"<p>Am 17. August l\u00e4dt Olaf Wolff zu einer Heidetour ein.<\/p>\n","protected":false},"author":39,"featured_media":6836,"comment_status":"open","ping_status":"open","sticky":false,"template":"","format":"standard","meta":[],"categories":[11],"tags":[],"yoast_head":"<!-- This site is optimized with the Yoast SEO plugin v19.10 - https:\/\/yoast.com\/wordpress\/plugins\/seo\/ -->\n<title>Heidefest in Pfalzheim - Naturpark Stechlin-Ruppiner Land<\/title>\n<meta name=\"robots\" content=\"index, follow, max-snippet:-1, max-image-preview:large, max-video-preview:-1\" \/>\n<link rel=\"canonical\" href=\"https:\/\/www.naturparkmagazin.de\/stechlin\/heidefest-in-pfalzheim-2\/\" \/>\n<meta property=\"og:locale\" content=\"de_DE\" \/>\n<meta property=\"og:type\" content=\"article\" \/>\n<meta property=\"og:title\" content=\"Heidefest in Pfalzheim - Naturpark Stechlin-Ruppiner Land\" \/>\n<meta property=\"og:description\" content=\"Am 17. August l\u00e4dt Olaf Wolff zu einer Heidetour ein.\" \/>\n<meta property=\"og:url\" content=\"https:\/\/www.naturparkmagazin.de\/stechlin\/heidefest-in-pfalzheim-2\/\" \/>\n<meta property=\"og:site_name\" content=\"Naturpark Stechlin-Ruppiner Land\" \/>\n<meta property=\"article:published_time\" content=\"2019-07-14T06:41:13+00:00\" \/>\n<meta property=\"article:modified_time\" content=\"2019-07-19T07:37:16+00:00\" \/>\n<meta property=\"og:image\" content=\"https:\/\/www.naturparkmagazin.de\/stechlin\/wp-content\/uploads\/sites\/38\/Anwandern-KRH.jpg\" \/>\n\t<meta property=\"og:image:width\" content=\"200\" \/>\n\t<meta property=\"og:image:height\" content=\"200\" \/>\n\t<meta property=\"og:image:type\" content=\"image\/jpeg\" \/>\n<meta name=\"author\" content=\"marioschrumpf\" \/>\n<meta name=\"twitter:label1\" content=\"Verfasst von\" \/>\n\t<meta name=\"twitter:data1\" content=\"marioschrumpf\" \/>\n\t<meta name=\"twitter:label2\" content=\"Gesch\u00e4tzte Lesezeit\" \/>\n\t<meta name=\"twitter:data2\" content=\"1\u00a0Minute\" \/>\n<script type=\"application\/ld+json\" class=\"yoast-schema-graph\">{\"@context\":\"https:\/\/schema.org\",\"@graph\":[{\"@type\":\"WebPage\",\"@id\":\"https:\/\/www.naturparkmagazin.de\/stechlin\/heidefest-in-pfalzheim-2\/\",\"url\":\"https:\/\/www.naturparkmagazin.de\/stechlin\/heidefest-in-pfalzheim-2\/\",\"name\":\"Heidefest in Pfalzheim - Naturpark Stechlin-Ruppiner Land\",\"isPartOf\":{\"@id\":\"https:\/\/www.naturparkmagazin.de\/stechlin\/#website\"},\"datePublished\":\"2019-07-14T06:41:13+00:00\",\"dateModified\":\"2019-07-19T07:37:16+00:00\",\"author\":{\"@id\":\"https:\/\/www.naturparkmagazin.de\/stechlin\/#\/schema\/person\/3f0d93203df21c806dd63c76d9bb28bc\"},\"breadcrumb\":{\"@id\":\"https:\/\/www.naturparkmagazin.de\/stechlin\/heidefest-in-pfalzheim-2\/#breadcrumb\"},\"inLanguage\":\"de\",\"potentialAction\":[{\"@type\":\"ReadAction\",\"target\":[\"https:\/\/www.naturparkmagazin.de\/stechlin\/heidefest-in-pfalzheim-2\/\"]}]},{\"@type\":\"BreadcrumbList\",\"@id\":\"https:\/\/www.naturparkmagazin.de\/stechlin\/heidefest-in-pfalzheim-2\/#breadcrumb\",\"itemListElement\":[{\"@type\":\"ListItem\",\"position\":1,\"name\":\"Home\",\"item\":\"https:\/\/www.naturparkmagazin.de\/stechlin\/\"},{\"@type\":\"ListItem\",\"position\":2,\"name\":\"Heidefest in Pfalzheim\"}]},{\"@type\":\"WebSite\",\"@id\":\"https:\/\/www.naturparkmagazin.de\/stechlin\/#website\",\"url\":\"https:\/\/www.naturparkmagazin.de\/stechlin\/\",\"name\":\"Naturpark Stechlin-Ruppiner Land\",\"description\":\"\",\"potentialAction\":[{\"@type\":\"SearchAction\",\"target\":{\"@type\":\"EntryPoint\",\"urlTemplate\":\"https:\/\/www.naturparkmagazin.de\/stechlin\/?s={search_term_string}\"},\"query-input\":\"required name=search_term_string\"}],\"inLanguage\":\"de\"},{\"@type\":\"Person\",\"@id\":\"https:\/\/www.naturparkmagazin.de\/stechlin\/#\/schema\/person\/3f0d93203df21c806dd63c76d9bb28bc\",\"name\":\"marioschrumpf\",\"url\":\"https:\/\/www.naturparkmagazin.de\/stechlin\/author\/marioschrumpf\/\"}]}<\/script>\n<!-- \/ Yoast SEO plugin. -->","yoast_head_json":{"title":"Heidefest in Pfalzheim - Naturpark Stechlin-Ruppiner Land","robots":{"index":"index","follow":"follow","max-snippet":"max-snippet:-1","max-image-preview":"max-image-preview:large","max-video-preview":"max-video-preview:-1"},"canonical":"https:\/\/www.naturparkmagazin.de\/stechlin\/heidefest-in-pfalzheim-2\/","og_locale":"de_DE","og_type":"article","og_title":"Heidefest in Pfalzheim - Naturpark Stechlin-Ruppiner Land","og_description":"Am 17. August l\u00e4dt Olaf Wolff zu einer Heidetour ein.","og_url":"https:\/\/www.naturparkmagazin.de\/stechlin\/heidefest-in-pfalzheim-2\/","og_site_name":"Naturpark Stechlin-Ruppiner Land","article_published_time":"2019-07-14T06:41:13+00:00","article_modified_time":"2019-07-19T07:37:16+00:00","og_image":[{"width":200,"height":200,"url":"https:\/\/www.naturparkmagazin.de\/stechlin\/wp-content\/uploads\/sites\/38\/Anwandern-KRH.jpg","type":"image\/jpeg"}],"author":"marioschrumpf","twitter_misc":{"Verfasst von":"marioschrumpf","Gesch\u00e4tzte Lesezeit":"1\u00a0Minute"},"schema":{"@context":"https:\/\/schema.org","@graph":[{"@type":"WebPage","@id":"https:\/\/www.naturparkmagazin.de\/stechlin\/heidefest-in-pfalzheim-2\/","url":"https:\/\/www.naturparkmagazin.de\/stechlin\/heidefest-in-pfalzheim-2\/","name":"Heidefest in Pfalzheim - Naturpark Stechlin-Ruppiner Land","isPartOf":{"@id":"https:\/\/www.naturparkmagazin.de\/stechlin\/#website"},"datePublished":"2019-07-14T06:41:13+00:00","dateModified":"2019-07-19T07:37:16+00:00","author":{"@id":"https:\/\/www.naturparkmagazin.de\/stechlin\/#\/schema\/person\/3f0d93203df21c806dd63c76d9bb28bc"},"breadcrumb":{"@id":"https:\/\/www.naturparkmagazin.de\/stechlin\/heidefest-in-pfalzheim-2\/#breadcrumb"},"inLanguage":"de","potentialAction":[{"@type":"ReadAction","target":["https:\/\/www.naturparkmagazin.de\/stechlin\/heidefest-in-pfalzheim-2\/"]}]},{"@type":"BreadcrumbList","@id":"https:\/\/www.naturparkmagazin.de\/stechlin\/heidefest-in-pfalzheim-2\/#breadcrumb","itemListElement":[{"@type":"ListItem","position":1,"name":"Home","item":"https:\/\/www.naturparkmagazin.de\/stechlin\/"},{"@type":"ListItem","position":2,"name":"Heidefest in Pfalzheim"}]},{"@type":"WebSite","@id":"https:\/\/www.naturparkmagazin.de\/stechlin\/#website","url":"https:\/\/www.naturparkmagazin.de\/stechlin\/","name":"Naturpark Stechlin-Ruppiner Land","description":"","potentialAction":[{"@type":"SearchAction","target":{"@type":"EntryPoint","urlTemplate":"https:\/\/www.naturparkmagazin.de\/stechlin\/?s={search_term_string}"},"query-input":"required name=search_term_string"}],"inLanguage":"de"},{"@type":"Person","@id":"https:\/\/www.naturparkmagazin.de\/stechlin\/#\/schema\/person\/3f0d93203df21c806dd63c76d9bb28bc","name":"marioschrumpf","url":"https:\/\/www.naturparkmagazin.de\/stechlin\/author\/marioschrumpf\/"}]}},"_links":{"self":[{"href":"https:\/\/www.naturparkmagazin.de\/stechlin\/wp-json\/wp\/v2\/posts\/8638"}],"collection":[{"href":"https:\/\/www.naturparkmagazin.de\/stechlin\/wp-json\/wp\/v2\/posts"}],"about":[{"href":"https:\/\/www.naturparkmagazin.de\/stechlin\/wp-json\/wp\/v2\/types\/post"}],"author":[{"embeddable":true,"href":"https:\/\/www.naturparkmagazin.de\/stechlin\/wp-json\/wp\/v2\/users\/39"}],"replies":[{"embeddable":true,"href":"https:\/\/www.naturparkmagazin.de\/stechlin\/wp-json\/wp\/v2\/comments?post=8638"}],"version-history":[{"count":5,"href":"https:\/\/www.naturparkmagazin.de\/stechlin\/wp-json\/wp\/v2\/posts\/8638\/revisions"}],"predecessor-version":[{"id":8695,"href":"https:\/\/www.naturparkmagazin.de\/stechlin\/wp-json\/wp\/v2\/posts\/8638\/revisions\/8695"}],"wp:featuredmedia":[{"embeddable":true,"href":"https:\/\/www.naturparkmagazin.de\/stechlin\/wp-json\/wp\/v2\/media\/6836"}],"wp:attachment":[{"href":"https:\/\/www.naturparkmagazin.de\/stechlin\/wp-json\/wp\/v2\/media?parent=8638"}],"wp:term":[{"taxonomy":"category","embeddable":true,"href":"https:\/\/www.naturparkmagazin.de\/stechlin\/wp-json\/wp\/v2\/categories?post=8638"},{"taxonomy":"post_tag","embeddable":true,"href":"https:\/\/www.naturparkmagazin.de\/stechlin\/wp-json\/wp\/v2\/tags?post=8638"}],"curies":[{"name":"wp","href":"https:\/\/api.w.org\/{rel}","templated":true}]}}