{"id":8643,"date":"2019-07-14T09:45:30","date_gmt":"2019-07-14T07:45:30","guid":{"rendered":"https:\/\/www.naturparkmagazin.de\/stechlin\/?p=8643"},"modified":"2019-07-18T12:26:30","modified_gmt":"2019-07-18T10:26:30","slug":"lange-nacht-der-naturwacht","status":"publish","type":"post","link":"https:\/\/www.naturparkmagazin.de\/stechlin\/lange-nacht-der-naturwacht\/","title":{"rendered":"Lange Nacht der Naturwacht"},"content":{"rendered":"<div id=\"attachment_8649\" style=\"width: 310px\" class=\"wp-caption aligncenter\"><a href=\"https:\/\/www.naturparkmagazin.de\/stechlin\/wp-content\/uploads\/sites\/38\/Waldbaden.jpg\"><img aria-describedby=\"caption-attachment-8649\" decoding=\"async\" loading=\"lazy\" class=\"size-thumbnail wp-image-8649\" src=\"https:\/\/www.naturparkmagazin.de\/stechlin\/wp-content\/uploads\/sites\/38\/Waldbaden-300x180.jpg\" alt=\"Waldbaden\" width=\"300\" height=\"180\" srcset=\"https:\/\/www.naturparkmagazin.de\/stechlin\/wp-content\/uploads\/sites\/38\/Waldbaden-300x180.jpg 300w, https:\/\/www.naturparkmagazin.de\/stechlin\/wp-content\/uploads\/sites\/38\/Waldbaden.jpg 500w, https:\/\/www.naturparkmagazin.de\/stechlin\/wp-content\/uploads\/sites\/38\/Waldbaden-200x120.jpg 200w\" sizes=\"(max-width: 300px) 100vw, 300px\" \/><\/a><p id=\"caption-attachment-8649\" class=\"wp-caption-text\">Waldbaden<\/p><\/div>\n<p><strong>\u201eWaldbaden\u201c \u2013 Auszeit vom Alltag<\/strong><\/p>\n<p>In Japan hei\u00dft es Shinrin Yoku und bedeutet \u201eBaden in der Waldluft\u201c, es geht dabei um das Eintauchen in die Natur des Waldes. Es bedeutet mit allen Sinnen zu genie\u00dfen was uns im Wald umgibt (Ger\u00e4usche, Ger\u00fcche, Farben).<\/p>\n<p>Wir laden Sie ein zu einem Spaziergang in den fr\u00fchen Abendstunden, dann wenn die Umgebungsger\u00e4usche leiser werden und sich durch die aufsteigende Feuchtigkeit die Ger\u00fcche intensivieren.<\/p>\n<p><strong>Treff:<\/strong> 16. August, Schranke am Wittwesee, aus Richtung Rheinsberg \u00fcber Paulshorst kommend<\/p>\n<p><strong>Dauer:<\/strong> ca. 3 Stunden, Weg ca. 4 km<\/p>\n<p><strong>Zeit:<\/strong> 18.00 Uhr<\/p>\n<p><strong>Anmeldung bis 14.8. 2019:<\/strong> Tel.\/Fax\/ AB: 033082\/50214, bei einer Nachricht auf dem AB bitte eine R\u00fcckrufnummer nennen<\/p>\n<p><strong>Info:<\/strong> Naturwacht Stechlin\u2013Ruppiner Land Anke Rudnik, 0170\/7926947<\/p>\n","protected":false},"excerpt":{"rendered":"<p>\u201eWaldbaden\u201c \u2013 Auszeit vom Alltag<\/p>\n","protected":false},"author":39,"featured_media":8650,"comment_status":"open","ping_status":"open","sticky":false,"template":"","format":"standard","meta":[],"categories":[11],"tags":[],"yoast_head":"<!-- This site is optimized with the Yoast SEO plugin v19.10 - https:\/\/yoast.com\/wordpress\/plugins\/seo\/ -->\n<title>Lange Nacht der Naturwacht - Naturpark Stechlin-Ruppiner Land<\/title>\n<meta name=\"robots\" content=\"index, follow, max-snippet:-1, max-image-preview:large, max-video-preview:-1\" \/>\n<link rel=\"canonical\" href=\"https:\/\/www.naturparkmagazin.de\/stechlin\/lange-nacht-der-naturwacht\/\" \/>\n<meta property=\"og:locale\" content=\"de_DE\" \/>\n<meta property=\"og:type\" content=\"article\" \/>\n<meta property=\"og:title\" content=\"Lange Nacht der Naturwacht - Naturpark Stechlin-Ruppiner Land\" \/>\n<meta property=\"og:description\" content=\"\u201eWaldbaden\u201c \u2013 Auszeit vom Alltag\" \/>\n<meta property=\"og:url\" content=\"https:\/\/www.naturparkmagazin.de\/stechlin\/lange-nacht-der-naturwacht\/\" \/>\n<meta property=\"og:site_name\" content=\"Naturpark Stechlin-Ruppiner Land\" \/>\n<meta property=\"article:published_time\" content=\"2019-07-14T07:45:30+00:00\" \/>\n<meta property=\"article:modified_time\" content=\"2019-07-18T10:26:30+00:00\" \/>\n<meta property=\"og:image\" content=\"https:\/\/www.naturparkmagazin.de\/stechlin\/wp-content\/uploads\/sites\/38\/Waldbaden1.jpg\" \/>\n\t<meta property=\"og:image:width\" content=\"200\" \/>\n\t<meta property=\"og:image:height\" content=\"200\" \/>\n\t<meta property=\"og:image:type\" content=\"image\/jpeg\" \/>\n<meta name=\"author\" content=\"marioschrumpf\" \/>\n<meta name=\"twitter:label1\" content=\"Verfasst von\" \/>\n\t<meta name=\"twitter:data1\" content=\"marioschrumpf\" \/>\n\t<meta name=\"twitter:label2\" content=\"Gesch\u00e4tzte Lesezeit\" \/>\n\t<meta name=\"twitter:data2\" content=\"1\u00a0Minute\" \/>\n<script type=\"application\/ld+json\" class=\"yoast-schema-graph\">{\"@context\":\"https:\/\/schema.org\",\"@graph\":[{\"@type\":\"WebPage\",\"@id\":\"https:\/\/www.naturparkmagazin.de\/stechlin\/lange-nacht-der-naturwacht\/\",\"url\":\"https:\/\/www.naturparkmagazin.de\/stechlin\/lange-nacht-der-naturwacht\/\",\"name\":\"Lange Nacht der Naturwacht - Naturpark Stechlin-Ruppiner Land\",\"isPartOf\":{\"@id\":\"https:\/\/www.naturparkmagazin.de\/stechlin\/#website\"},\"datePublished\":\"2019-07-14T07:45:30+00:00\",\"dateModified\":\"2019-07-18T10:26:30+00:00\",\"author\":{\"@id\":\"https:\/\/www.naturparkmagazin.de\/stechlin\/#\/schema\/person\/3f0d93203df21c806dd63c76d9bb28bc\"},\"breadcrumb\":{\"@id\":\"https:\/\/www.naturparkmagazin.de\/stechlin\/lange-nacht-der-naturwacht\/#breadcrumb\"},\"inLanguage\":\"de\",\"potentialAction\":[{\"@type\":\"ReadAction\",\"target\":[\"https:\/\/www.naturparkmagazin.de\/stechlin\/lange-nacht-der-naturwacht\/\"]}]},{\"@type\":\"BreadcrumbList\",\"@id\":\"https:\/\/www.naturparkmagazin.de\/stechlin\/lange-nacht-der-naturwacht\/#breadcrumb\",\"itemListElement\":[{\"@type\":\"ListItem\",\"position\":1,\"name\":\"Home\",\"item\":\"https:\/\/www.naturparkmagazin.de\/stechlin\/\"},{\"@type\":\"ListItem\",\"position\":2,\"name\":\"Lange Nacht der Naturwacht\"}]},{\"@type\":\"WebSite\",\"@id\":\"https:\/\/www.naturparkmagazin.de\/stechlin\/#website\",\"url\":\"https:\/\/www.naturparkmagazin.de\/stechlin\/\",\"name\":\"Naturpark Stechlin-Ruppiner Land\",\"description\":\"\",\"potentialAction\":[{\"@type\":\"SearchAction\",\"target\":{\"@type\":\"EntryPoint\",\"urlTemplate\":\"https:\/\/www.naturparkmagazin.de\/stechlin\/?s={search_term_string}\"},\"query-input\":\"required name=search_term_string\"}],\"inLanguage\":\"de\"},{\"@type\":\"Person\",\"@id\":\"https:\/\/www.naturparkmagazin.de\/stechlin\/#\/schema\/person\/3f0d93203df21c806dd63c76d9bb28bc\",\"name\":\"marioschrumpf\",\"url\":\"https:\/\/www.naturparkmagazin.de\/stechlin\/author\/marioschrumpf\/\"}]}<\/script>\n<!-- \/ Yoast SEO plugin. -->","yoast_head_json":{"title":"Lange Nacht der Naturwacht - Naturpark Stechlin-Ruppiner Land","robots":{"index":"index","follow":"follow","max-snippet":"max-snippet:-1","max-image-preview":"max-image-preview:large","max-video-preview":"max-video-preview:-1"},"canonical":"https:\/\/www.naturparkmagazin.de\/stechlin\/lange-nacht-der-naturwacht\/","og_locale":"de_DE","og_type":"article","og_title":"Lange Nacht der Naturwacht - Naturpark Stechlin-Ruppiner Land","og_description":"\u201eWaldbaden\u201c \u2013 Auszeit vom Alltag","og_url":"https:\/\/www.naturparkmagazin.de\/stechlin\/lange-nacht-der-naturwacht\/","og_site_name":"Naturpark Stechlin-Ruppiner Land","article_published_time":"2019-07-14T07:45:30+00:00","article_modified_time":"2019-07-18T10:26:30+00:00","og_image":[{"width":200,"height":200,"url":"https:\/\/www.naturparkmagazin.de\/stechlin\/wp-content\/uploads\/sites\/38\/Waldbaden1.jpg","type":"image\/jpeg"}],"author":"marioschrumpf","twitter_misc":{"Verfasst von":"marioschrumpf","Gesch\u00e4tzte Lesezeit":"1\u00a0Minute"},"schema":{"@context":"https:\/\/schema.org","@graph":[{"@type":"WebPage","@id":"https:\/\/www.naturparkmagazin.de\/stechlin\/lange-nacht-der-naturwacht\/","url":"https:\/\/www.naturparkmagazin.de\/stechlin\/lange-nacht-der-naturwacht\/","name":"Lange Nacht der Naturwacht - Naturpark Stechlin-Ruppiner Land","isPartOf":{"@id":"https:\/\/www.naturparkmagazin.de\/stechlin\/#website"},"datePublished":"2019-07-14T07:45:30+00:00","dateModified":"2019-07-18T10:26:30+00:00","author":{"@id":"https:\/\/www.naturparkmagazin.de\/stechlin\/#\/schema\/person\/3f0d93203df21c806dd63c76d9bb28bc"},"breadcrumb":{"@id":"https:\/\/www.naturparkmagazin.de\/stechlin\/lange-nacht-der-naturwacht\/#breadcrumb"},"inLanguage":"de","potentialAction":[{"@type":"ReadAction","target":["https:\/\/www.naturparkmagazin.de\/stechlin\/lange-nacht-der-naturwacht\/"]}]},{"@type":"BreadcrumbList","@id":"https:\/\/www.naturparkmagazin.de\/stechlin\/lange-nacht-der-naturwacht\/#breadcrumb","itemListElement":[{"@type":"ListItem","position":1,"name":"Home","item":"https:\/\/www.naturparkmagazin.de\/stechlin\/"},{"@type":"ListItem","position":2,"name":"Lange Nacht der Naturwacht"}]},{"@type":"WebSite","@id":"https:\/\/www.naturparkmagazin.de\/stechlin\/#website","url":"https:\/\/www.naturparkmagazin.de\/stechlin\/","name":"Naturpark Stechlin-Ruppiner Land","description":"","potentialAction":[{"@type":"SearchAction","target":{"@type":"EntryPoint","urlTemplate":"https:\/\/www.naturparkmagazin.de\/stechlin\/?s={search_term_string}"},"query-input":"required name=search_term_string"}],"inLanguage":"de"},{"@type":"Person","@id":"https:\/\/www.naturparkmagazin.de\/stechlin\/#\/schema\/person\/3f0d93203df21c806dd63c76d9bb28bc","name":"marioschrumpf","url":"https:\/\/www.naturparkmagazin.de\/stechlin\/author\/marioschrumpf\/"}]}},"_links":{"self":[{"href":"https:\/\/www.naturparkmagazin.de\/stechlin\/wp-json\/wp\/v2\/posts\/8643"}],"collection":[{"href":"https:\/\/www.naturparkmagazin.de\/stechlin\/wp-json\/wp\/v2\/posts"}],"about":[{"href":"https:\/\/www.naturparkmagazin.de\/stechlin\/wp-json\/wp\/v2\/types\/post"}],"author":[{"embeddable":true,"href":"https:\/\/www.naturparkmagazin.de\/stechlin\/wp-json\/wp\/v2\/users\/39"}],"replies":[{"embeddable":true,"href":"https:\/\/www.naturparkmagazin.de\/stechlin\/wp-json\/wp\/v2\/comments?post=8643"}],"version-history":[{"count":3,"href":"https:\/\/www.naturparkmagazin.de\/stechlin\/wp-json\/wp\/v2\/posts\/8643\/revisions"}],"predecessor-version":[{"id":8661,"href":"https:\/\/www.naturparkmagazin.de\/stechlin\/wp-json\/wp\/v2\/posts\/8643\/revisions\/8661"}],"wp:featuredmedia":[{"embeddable":true,"href":"https:\/\/www.naturparkmagazin.de\/stechlin\/wp-json\/wp\/v2\/media\/8650"}],"wp:attachment":[{"href":"https:\/\/www.naturparkmagazin.de\/stechlin\/wp-json\/wp\/v2\/media?parent=8643"}],"wp:term":[{"taxonomy":"category","embeddable":true,"href":"https:\/\/www.naturparkmagazin.de\/stechlin\/wp-json\/wp\/v2\/categories?post=8643"},{"taxonomy":"post_tag","embeddable":true,"href":"https:\/\/www.naturparkmagazin.de\/stechlin\/wp-json\/wp\/v2\/tags?post=8643"}],"curies":[{"name":"wp","href":"https:\/\/api.w.org\/{rel}","templated":true}]}}