{"id":8698,"date":"2019-08-16T14:44:23","date_gmt":"2019-08-16T12:44:23","guid":{"rendered":"https:\/\/www.naturparkmagazin.de\/stechlin\/?p=8698"},"modified":"2019-08-26T15:17:42","modified_gmt":"2019-08-26T13:17:42","slug":"nachhaltiger-tourismus-im-aufwind","status":"publish","type":"post","link":"https:\/\/www.naturparkmagazin.de\/stechlin\/nachhaltiger-tourismus-im-aufwind\/","title":{"rendered":"Nachhaltiger Tourismus im Aufwind"},"content":{"rendered":"<p>Im Auftrag des Ostdeutschen Sparkassenverbandes wird allj\u00e4hrlich die Entwicklung des Tourismus in den ostdeutschen L\u00e4ndern untersucht.<\/p>\n<div id=\"attachment_8710\" style=\"width: 310px\" class=\"wp-caption aligncenter\"><a href=\"https:\/\/www.naturparkmagazin.de\/stechlin\/wp-content\/uploads\/sites\/38\/DSC_0022_k.jpg\"><img aria-describedby=\"caption-attachment-8710\" decoding=\"async\" loading=\"lazy\" class=\"size-thumbnail wp-image-8710\" src=\"https:\/\/www.naturparkmagazin.de\/stechlin\/wp-content\/uploads\/sites\/38\/DSC_0022_k-300x180.jpg\" alt=\"Kerstin Tammer (Tourismusinformation F\u00fcrstenberg\/H.) nimmt aus den H\u00e4nden von Wirtschaftsminister Prof. J\u00f6rg Steinbach die wiederholte Auszeichnung mit dem Service-Q entgegen.\" width=\"300\" height=\"180\" srcset=\"https:\/\/www.naturparkmagazin.de\/stechlin\/wp-content\/uploads\/sites\/38\/DSC_0022_k-300x180.jpg 300w, https:\/\/www.naturparkmagazin.de\/stechlin\/wp-content\/uploads\/sites\/38\/DSC_0022_k.jpg 500w, https:\/\/www.naturparkmagazin.de\/stechlin\/wp-content\/uploads\/sites\/38\/DSC_0022_k-200x120.jpg 200w\" sizes=\"(max-width: 300px) 100vw, 300px\" \/><\/a><p id=\"caption-attachment-8710\" class=\"wp-caption-text\">Kerstin Tammer (Tourismusinformation F\u00fcrstenberg\/H.) nimmt aus den H\u00e4nden von Wirtschaftsminister Prof. J\u00f6rg Steinbach die wiederholte Auszeichnung mit dem &#8222;Service-Q&#8220; entgegen.<\/p><\/div>\n<p>Die Ergebnisse f\u00fcr Brandenburg wurden am 22. August in Neuruppin vorgestellt. Seit 10 Jahren geht es aufw\u00e4rts im Brandenburg-Tourismus mit stetigem Anstieg der \u00dcbernachtungszahlen. Der Trend setzt sich auch im 1. Halbjahr 2019 fort mit einem Plus bei den \u00dcbernachtungszahlen von 3,7 %. Die Reiseregion Ruppiner Seenland mit dem Naturpark Stechlin-Ruppiner Land wei\u00dft mit einem Plus von\u00a05,5 % deutlich \u00fcber dem Brandenburger Durchschnitt auf. Damit steht unsere Region nach Potsdam, dem Spreewald und dem Lausitzer Seenland an 4. Stelle der Brandenburger Tourismusregionen. Allein in unserem Naturpark werden mehr als die H\u00e4lfte der \u00dcbernachtungen des gesamten Ruppiner Seenlandes generiert.<\/p>\n<div id=\"attachment_8717\" style=\"width: 310px\" class=\"wp-caption aligncenter\"><a href=\"https:\/\/www.naturparkmagazin.de\/stechlin\/wp-content\/uploads\/sites\/38\/pfarrkirche_DSC_0032.jpg\"><img aria-describedby=\"caption-attachment-8717\" decoding=\"async\" loading=\"lazy\" class=\"size-thumbnail wp-image-8717\" src=\"https:\/\/www.naturparkmagazin.de\/stechlin\/wp-content\/uploads\/sites\/38\/pfarrkirche_DSC_0032-300x180.jpg\" alt=\"Die Pfarrkirche Neuruppin war ein w\u00fcrdiger Veranstaltungsort.\" width=\"300\" height=\"180\" srcset=\"https:\/\/www.naturparkmagazin.de\/stechlin\/wp-content\/uploads\/sites\/38\/pfarrkirche_DSC_0032-300x180.jpg 300w, https:\/\/www.naturparkmagazin.de\/stechlin\/wp-content\/uploads\/sites\/38\/pfarrkirche_DSC_0032.jpg 500w, https:\/\/www.naturparkmagazin.de\/stechlin\/wp-content\/uploads\/sites\/38\/pfarrkirche_DSC_0032-200x120.jpg 200w\" sizes=\"(max-width: 300px) 100vw, 300px\" \/><\/a><p id=\"caption-attachment-8717\" class=\"wp-caption-text\">Die Pfarrkirche Neuruppin war ein w\u00fcrdiger Veranstaltungsort.<\/p><\/div>\n<p>Im Rahmen der Veranstaltung wurden mit der Tourismusinformation F\u00fcrstenberg\/H. und der Sportschule Lindow\/Mark zwei touristische Leistungstr\u00e4ger aus dem Netzwerk unseres Naturparks mit dem &#8222;Service-Q&#8220; ausgezeichnet.<\/p>\n<div id=\"attachment_8714\" style=\"width: 310px\" class=\"wp-caption aligncenter\"><a href=\"https:\/\/www.naturparkmagazin.de\/stechlin\/wp-content\/uploads\/sites\/38\/vitrine_DSC_0047.jpg\"><img aria-describedby=\"caption-attachment-8714\" decoding=\"async\" loading=\"lazy\" class=\"size-thumbnail wp-image-8714\" src=\"https:\/\/www.naturparkmagazin.de\/stechlin\/wp-content\/uploads\/sites\/38\/vitrine_DSC_0047-300x180.jpg\" alt=\"Gemeinsam wurde am Nachmittag die &quot;fontane.200&quot;-Ausstellung besucht.\" width=\"300\" height=\"180\" srcset=\"https:\/\/www.naturparkmagazin.de\/stechlin\/wp-content\/uploads\/sites\/38\/vitrine_DSC_0047-300x180.jpg 300w, https:\/\/www.naturparkmagazin.de\/stechlin\/wp-content\/uploads\/sites\/38\/vitrine_DSC_0047.jpg 500w, https:\/\/www.naturparkmagazin.de\/stechlin\/wp-content\/uploads\/sites\/38\/vitrine_DSC_0047-200x120.jpg 200w\" sizes=\"(max-width: 300px) 100vw, 300px\" \/><\/a><p id=\"caption-attachment-8714\" class=\"wp-caption-text\">Gemeinsam wurde am Nachmittag die &#8222;fontane.200&#8220;-Ausstellung besucht.<\/p><\/div>\n","protected":false},"excerpt":{"rendered":"<p>Seit 10 Jahren geht es aufw\u00e4rts im Brandenburg-Tourismus mit stetigem Anstieg der \u00dcbernachtungszahlen. Der Trend setzt sich auch im 1. Halbjahr 2019 fort.<\/p>\n","protected":false},"author":39,"featured_media":8716,"comment_status":"open","ping_status":"open","sticky":false,"template":"","format":"standard","meta":[],"categories":[7],"tags":[],"yoast_head":"<!-- This site is optimized with the Yoast SEO plugin v19.10 - https:\/\/yoast.com\/wordpress\/plugins\/seo\/ -->\n<title>Nachhaltiger Tourismus im Aufwind - Naturpark Stechlin-Ruppiner Land<\/title>\n<meta name=\"robots\" content=\"index, follow, max-snippet:-1, max-image-preview:large, max-video-preview:-1\" \/>\n<link rel=\"canonical\" href=\"https:\/\/www.naturparkmagazin.de\/stechlin\/nachhaltiger-tourismus-im-aufwind\/\" \/>\n<meta property=\"og:locale\" content=\"de_DE\" \/>\n<meta property=\"og:type\" content=\"article\" \/>\n<meta property=\"og:title\" content=\"Nachhaltiger Tourismus im Aufwind - Naturpark Stechlin-Ruppiner Land\" \/>\n<meta property=\"og:description\" content=\"Seit 10 Jahren geht es aufw\u00e4rts im Brandenburg-Tourismus mit stetigem Anstieg der \u00dcbernachtungszahlen. Der Trend setzt sich auch im 1. Halbjahr 2019 fort.\" \/>\n<meta property=\"og:url\" content=\"https:\/\/www.naturparkmagazin.de\/stechlin\/nachhaltiger-tourismus-im-aufwind\/\" \/>\n<meta property=\"og:site_name\" content=\"Naturpark Stechlin-Ruppiner Land\" \/>\n<meta property=\"article:published_time\" content=\"2019-08-16T12:44:23+00:00\" \/>\n<meta property=\"article:modified_time\" content=\"2019-08-26T13:17:42+00:00\" \/>\n<meta property=\"og:image\" content=\"https:\/\/www.naturparkmagazin.de\/stechlin\/wp-content\/uploads\/sites\/38\/tourismusbarometer_aufm_DSC_0037.jpg\" \/>\n\t<meta property=\"og:image:width\" content=\"200\" \/>\n\t<meta property=\"og:image:height\" content=\"200\" \/>\n\t<meta property=\"og:image:type\" content=\"image\/jpeg\" \/>\n<meta name=\"author\" content=\"marioschrumpf\" \/>\n<meta name=\"twitter:label1\" content=\"Verfasst von\" \/>\n\t<meta name=\"twitter:data1\" content=\"marioschrumpf\" \/>\n\t<meta name=\"twitter:label2\" content=\"Gesch\u00e4tzte Lesezeit\" \/>\n\t<meta name=\"twitter:data2\" content=\"1\u00a0Minute\" \/>\n<script type=\"application\/ld+json\" class=\"yoast-schema-graph\">{\"@context\":\"https:\/\/schema.org\",\"@graph\":[{\"@type\":\"WebPage\",\"@id\":\"https:\/\/www.naturparkmagazin.de\/stechlin\/nachhaltiger-tourismus-im-aufwind\/\",\"url\":\"https:\/\/www.naturparkmagazin.de\/stechlin\/nachhaltiger-tourismus-im-aufwind\/\",\"name\":\"Nachhaltiger Tourismus im Aufwind - Naturpark Stechlin-Ruppiner Land\",\"isPartOf\":{\"@id\":\"https:\/\/www.naturparkmagazin.de\/stechlin\/#website\"},\"datePublished\":\"2019-08-16T12:44:23+00:00\",\"dateModified\":\"2019-08-26T13:17:42+00:00\",\"author\":{\"@id\":\"https:\/\/www.naturparkmagazin.de\/stechlin\/#\/schema\/person\/3f0d93203df21c806dd63c76d9bb28bc\"},\"breadcrumb\":{\"@id\":\"https:\/\/www.naturparkmagazin.de\/stechlin\/nachhaltiger-tourismus-im-aufwind\/#breadcrumb\"},\"inLanguage\":\"de\",\"potentialAction\":[{\"@type\":\"ReadAction\",\"target\":[\"https:\/\/www.naturparkmagazin.de\/stechlin\/nachhaltiger-tourismus-im-aufwind\/\"]}]},{\"@type\":\"BreadcrumbList\",\"@id\":\"https:\/\/www.naturparkmagazin.de\/stechlin\/nachhaltiger-tourismus-im-aufwind\/#breadcrumb\",\"itemListElement\":[{\"@type\":\"ListItem\",\"position\":1,\"name\":\"Home\",\"item\":\"https:\/\/www.naturparkmagazin.de\/stechlin\/\"},{\"@type\":\"ListItem\",\"position\":2,\"name\":\"Nachhaltiger Tourismus im Aufwind\"}]},{\"@type\":\"WebSite\",\"@id\":\"https:\/\/www.naturparkmagazin.de\/stechlin\/#website\",\"url\":\"https:\/\/www.naturparkmagazin.de\/stechlin\/\",\"name\":\"Naturpark Stechlin-Ruppiner Land\",\"description\":\"\",\"potentialAction\":[{\"@type\":\"SearchAction\",\"target\":{\"@type\":\"EntryPoint\",\"urlTemplate\":\"https:\/\/www.naturparkmagazin.de\/stechlin\/?s={search_term_string}\"},\"query-input\":\"required name=search_term_string\"}],\"inLanguage\":\"de\"},{\"@type\":\"Person\",\"@id\":\"https:\/\/www.naturparkmagazin.de\/stechlin\/#\/schema\/person\/3f0d93203df21c806dd63c76d9bb28bc\",\"name\":\"marioschrumpf\",\"url\":\"https:\/\/www.naturparkmagazin.de\/stechlin\/author\/marioschrumpf\/\"}]}<\/script>\n<!-- \/ Yoast SEO plugin. -->","yoast_head_json":{"title":"Nachhaltiger Tourismus im Aufwind - Naturpark Stechlin-Ruppiner Land","robots":{"index":"index","follow":"follow","max-snippet":"max-snippet:-1","max-image-preview":"max-image-preview:large","max-video-preview":"max-video-preview:-1"},"canonical":"https:\/\/www.naturparkmagazin.de\/stechlin\/nachhaltiger-tourismus-im-aufwind\/","og_locale":"de_DE","og_type":"article","og_title":"Nachhaltiger Tourismus im Aufwind - Naturpark Stechlin-Ruppiner Land","og_description":"Seit 10 Jahren geht es aufw\u00e4rts im Brandenburg-Tourismus mit stetigem Anstieg der \u00dcbernachtungszahlen. Der Trend setzt sich auch im 1. Halbjahr 2019 fort.","og_url":"https:\/\/www.naturparkmagazin.de\/stechlin\/nachhaltiger-tourismus-im-aufwind\/","og_site_name":"Naturpark Stechlin-Ruppiner Land","article_published_time":"2019-08-16T12:44:23+00:00","article_modified_time":"2019-08-26T13:17:42+00:00","og_image":[{"width":200,"height":200,"url":"https:\/\/www.naturparkmagazin.de\/stechlin\/wp-content\/uploads\/sites\/38\/tourismusbarometer_aufm_DSC_0037.jpg","type":"image\/jpeg"}],"author":"marioschrumpf","twitter_misc":{"Verfasst von":"marioschrumpf","Gesch\u00e4tzte Lesezeit":"1\u00a0Minute"},"schema":{"@context":"https:\/\/schema.org","@graph":[{"@type":"WebPage","@id":"https:\/\/www.naturparkmagazin.de\/stechlin\/nachhaltiger-tourismus-im-aufwind\/","url":"https:\/\/www.naturparkmagazin.de\/stechlin\/nachhaltiger-tourismus-im-aufwind\/","name":"Nachhaltiger Tourismus im Aufwind - Naturpark Stechlin-Ruppiner Land","isPartOf":{"@id":"https:\/\/www.naturparkmagazin.de\/stechlin\/#website"},"datePublished":"2019-08-16T12:44:23+00:00","dateModified":"2019-08-26T13:17:42+00:00","author":{"@id":"https:\/\/www.naturparkmagazin.de\/stechlin\/#\/schema\/person\/3f0d93203df21c806dd63c76d9bb28bc"},"breadcrumb":{"@id":"https:\/\/www.naturparkmagazin.de\/stechlin\/nachhaltiger-tourismus-im-aufwind\/#breadcrumb"},"inLanguage":"de","potentialAction":[{"@type":"ReadAction","target":["https:\/\/www.naturparkmagazin.de\/stechlin\/nachhaltiger-tourismus-im-aufwind\/"]}]},{"@type":"BreadcrumbList","@id":"https:\/\/www.naturparkmagazin.de\/stechlin\/nachhaltiger-tourismus-im-aufwind\/#breadcrumb","itemListElement":[{"@type":"ListItem","position":1,"name":"Home","item":"https:\/\/www.naturparkmagazin.de\/stechlin\/"},{"@type":"ListItem","position":2,"name":"Nachhaltiger Tourismus im Aufwind"}]},{"@type":"WebSite","@id":"https:\/\/www.naturparkmagazin.de\/stechlin\/#website","url":"https:\/\/www.naturparkmagazin.de\/stechlin\/","name":"Naturpark Stechlin-Ruppiner Land","description":"","potentialAction":[{"@type":"SearchAction","target":{"@type":"EntryPoint","urlTemplate":"https:\/\/www.naturparkmagazin.de\/stechlin\/?s={search_term_string}"},"query-input":"required name=search_term_string"}],"inLanguage":"de"},{"@type":"Person","@id":"https:\/\/www.naturparkmagazin.de\/stechlin\/#\/schema\/person\/3f0d93203df21c806dd63c76d9bb28bc","name":"marioschrumpf","url":"https:\/\/www.naturparkmagazin.de\/stechlin\/author\/marioschrumpf\/"}]}},"_links":{"self":[{"href":"https:\/\/www.naturparkmagazin.de\/stechlin\/wp-json\/wp\/v2\/posts\/8698"}],"collection":[{"href":"https:\/\/www.naturparkmagazin.de\/stechlin\/wp-json\/wp\/v2\/posts"}],"about":[{"href":"https:\/\/www.naturparkmagazin.de\/stechlin\/wp-json\/wp\/v2\/types\/post"}],"author":[{"embeddable":true,"href":"https:\/\/www.naturparkmagazin.de\/stechlin\/wp-json\/wp\/v2\/users\/39"}],"replies":[{"embeddable":true,"href":"https:\/\/www.naturparkmagazin.de\/stechlin\/wp-json\/wp\/v2\/comments?post=8698"}],"version-history":[{"count":3,"href":"https:\/\/www.naturparkmagazin.de\/stechlin\/wp-json\/wp\/v2\/posts\/8698\/revisions"}],"predecessor-version":[{"id":8766,"href":"https:\/\/www.naturparkmagazin.de\/stechlin\/wp-json\/wp\/v2\/posts\/8698\/revisions\/8766"}],"wp:featuredmedia":[{"embeddable":true,"href":"https:\/\/www.naturparkmagazin.de\/stechlin\/wp-json\/wp\/v2\/media\/8716"}],"wp:attachment":[{"href":"https:\/\/www.naturparkmagazin.de\/stechlin\/wp-json\/wp\/v2\/media?parent=8698"}],"wp:term":[{"taxonomy":"category","embeddable":true,"href":"https:\/\/www.naturparkmagazin.de\/stechlin\/wp-json\/wp\/v2\/categories?post=8698"},{"taxonomy":"post_tag","embeddable":true,"href":"https:\/\/www.naturparkmagazin.de\/stechlin\/wp-json\/wp\/v2\/tags?post=8698"}],"curies":[{"name":"wp","href":"https:\/\/api.w.org\/{rel}","templated":true}]}}