{"id":87,"date":"2013-08-27T08:27:24","date_gmt":"2013-08-27T06:27:24","guid":{"rendered":"http:\/\/www.naturparkmagazin.de\/stechlin\/?p=87"},"modified":"2013-09-02T16:35:30","modified_gmt":"2013-09-02T14:35:30","slug":"heidekonferenz-in-der-kyritz-ruppiner-heide","status":"publish","type":"post","link":"https:\/\/www.naturparkmagazin.de\/stechlin\/heidekonferenz-in-der-kyritz-ruppiner-heide\/","title":{"rendered":"Heidekonferenz in der Kyritz-Ruppiner-Heide"},"content":{"rendered":"<p>Am 15.8. fand im Rahmen des Brandenburgischen Konversionssommers 2013 die 1. Heidekonferenz im Dorfgemeinschaftshaus in R\u00e4gelin statt. Der Naturpark engagiert sich seit vielen Jahren im Arbeitskreis zivile Nutzung f\u00fcr die friedliche Nutzung des Areals. Im Herbst letzten Jahres wurde der Naturpark zusammen mit der Bundesanstalt f\u00fcr Immobilienaufgabe (BImA) und der Heinz-Sielmann-Stiftung als Mitglied der Kommunalen Arbeitsgemeinschaft (KAG) &#8222;Kyritz-Ruppiner-Heide&#8220; aufgenommen.<\/p>\n<p>Ca. 3.000 Hektar im Norden der 12.000 Hektar umfassenden Liegenschaft (ehemaliges Bombodrom) liegen im Naturpark. F\u00fcr das ca. 9.000 Hektar gro\u00dfe FFH-Gebiet Wittstock-Ruppiner Heide wurde durch die BImA ein Managementplan beauftragt. Das vom Land Brandenburg gef\u00f6rderte Planwerk soll in zwei Jahren vorliegen. Naturparkleiter Dr. Mario Schrumpf stellte auf der Konferenz im Auftrag der KAG die &#8222;Masterplan-Projekte&#8220; vor. Diese regionale Initiative soll die k\u00fcnftige naturtouristische Entwicklung ausgew\u00e4hlter Teilfl\u00e4chen unterst\u00fctzen. Schwerpunkte sind die Aufarbeitung und Dokumentation der Geschichte der milit\u00e4rischen Nutzung und der demokratischen B\u00fcrgerbewegung, die Dokumentation der Landschaftsentwicklung; Besucherbetreuung, Pr\u00e4sentation und Marketing sowie touristische Infrastruktur wie Rundwege, barrierefreie Naturbeobachtungst\u00fcrme, Infotafeln und Rastpl\u00e4tze. (<a href=\"http:\/\/www.Kyritz-Ruppiner-Heide.de\">www.Kyritz-Ruppiner-Heide.de<\/a>)<\/p>\n","protected":false},"excerpt":{"rendered":"<p>Am 15.8. fand im Rahmen des Brandenburgischen Konversionssommers 2013 die 1. Heidekonferenz im Dorfgemeinschaftshaus in R\u00e4gelin statt. Der Naturpark engagiert sich seit vielen Jahren im Arbeitskreis zivile Nutzung f\u00fcr die friedliche Nutzung des Areals. Im Herbst letzten Jahres wurde der Naturpark zusammen mit der Bundesanstalt f\u00fcr Immobilienaufgabe (BImA) und der Heinz-Sielmann-Stiftung als Mitglied der Kommunalen<\/p>\n","protected":false},"author":39,"featured_media":88,"comment_status":"open","ping_status":"open","sticky":false,"template":"","format":"standard","meta":[],"categories":[7],"tags":[],"yoast_head":"<!-- This site is optimized with the Yoast SEO plugin v19.10 - https:\/\/yoast.com\/wordpress\/plugins\/seo\/ -->\n<title>Heidekonferenz in der Kyritz-Ruppiner-Heide - Naturpark Stechlin-Ruppiner Land<\/title>\n<meta name=\"robots\" content=\"index, follow, max-snippet:-1, max-image-preview:large, max-video-preview:-1\" \/>\n<link rel=\"canonical\" href=\"https:\/\/www.naturparkmagazin.de\/stechlin\/heidekonferenz-in-der-kyritz-ruppiner-heide\/\" \/>\n<meta property=\"og:locale\" content=\"de_DE\" \/>\n<meta property=\"og:type\" content=\"article\" \/>\n<meta property=\"og:title\" content=\"Heidekonferenz in der Kyritz-Ruppiner-Heide - Naturpark Stechlin-Ruppiner Land\" \/>\n<meta property=\"og:description\" content=\"Am 15.8. fand im Rahmen des Brandenburgischen Konversionssommers 2013 die 1. Heidekonferenz im Dorfgemeinschaftshaus in R\u00e4gelin statt. Der Naturpark engagiert sich seit vielen Jahren im Arbeitskreis zivile Nutzung f\u00fcr die friedliche Nutzung des Areals. Im Herbst letzten Jahres wurde der Naturpark zusammen mit der Bundesanstalt f\u00fcr Immobilienaufgabe (BImA) und der Heinz-Sielmann-Stiftung als Mitglied der Kommunalen\" \/>\n<meta property=\"og:url\" content=\"https:\/\/www.naturparkmagazin.de\/stechlin\/heidekonferenz-in-der-kyritz-ruppiner-heide\/\" \/>\n<meta property=\"og:site_name\" content=\"Naturpark Stechlin-Ruppiner Land\" \/>\n<meta property=\"article:published_time\" content=\"2013-08-27T06:27:24+00:00\" \/>\n<meta property=\"article:modified_time\" content=\"2013-09-02T14:35:30+00:00\" \/>\n<meta property=\"og:image\" content=\"https:\/\/www.naturparkmagazin.de\/stechlin\/wp-content\/uploads\/sites\/38\/Kutsche_Heidekonferenz.jpg\" \/>\n\t<meta property=\"og:image:width\" content=\"369\" \/>\n\t<meta property=\"og:image:height\" content=\"248\" \/>\n\t<meta property=\"og:image:type\" content=\"image\/jpeg\" \/>\n<meta name=\"author\" content=\"marioschrumpf\" \/>\n<meta name=\"twitter:label1\" content=\"Verfasst von\" \/>\n\t<meta name=\"twitter:data1\" content=\"marioschrumpf\" \/>\n\t<meta name=\"twitter:label2\" content=\"Gesch\u00e4tzte Lesezeit\" \/>\n\t<meta name=\"twitter:data2\" content=\"1\u00a0Minute\" \/>\n<script type=\"application\/ld+json\" class=\"yoast-schema-graph\">{\"@context\":\"https:\/\/schema.org\",\"@graph\":[{\"@type\":\"WebPage\",\"@id\":\"https:\/\/www.naturparkmagazin.de\/stechlin\/heidekonferenz-in-der-kyritz-ruppiner-heide\/\",\"url\":\"https:\/\/www.naturparkmagazin.de\/stechlin\/heidekonferenz-in-der-kyritz-ruppiner-heide\/\",\"name\":\"Heidekonferenz in der Kyritz-Ruppiner-Heide - Naturpark Stechlin-Ruppiner Land\",\"isPartOf\":{\"@id\":\"https:\/\/www.naturparkmagazin.de\/stechlin\/#website\"},\"datePublished\":\"2013-08-27T06:27:24+00:00\",\"dateModified\":\"2013-09-02T14:35:30+00:00\",\"author\":{\"@id\":\"https:\/\/www.naturparkmagazin.de\/stechlin\/#\/schema\/person\/3f0d93203df21c806dd63c76d9bb28bc\"},\"breadcrumb\":{\"@id\":\"https:\/\/www.naturparkmagazin.de\/stechlin\/heidekonferenz-in-der-kyritz-ruppiner-heide\/#breadcrumb\"},\"inLanguage\":\"de\",\"potentialAction\":[{\"@type\":\"ReadAction\",\"target\":[\"https:\/\/www.naturparkmagazin.de\/stechlin\/heidekonferenz-in-der-kyritz-ruppiner-heide\/\"]}]},{\"@type\":\"BreadcrumbList\",\"@id\":\"https:\/\/www.naturparkmagazin.de\/stechlin\/heidekonferenz-in-der-kyritz-ruppiner-heide\/#breadcrumb\",\"itemListElement\":[{\"@type\":\"ListItem\",\"position\":1,\"name\":\"Home\",\"item\":\"https:\/\/www.naturparkmagazin.de\/stechlin\/\"},{\"@type\":\"ListItem\",\"position\":2,\"name\":\"Heidekonferenz in der Kyritz-Ruppiner-Heide\"}]},{\"@type\":\"WebSite\",\"@id\":\"https:\/\/www.naturparkmagazin.de\/stechlin\/#website\",\"url\":\"https:\/\/www.naturparkmagazin.de\/stechlin\/\",\"name\":\"Naturpark Stechlin-Ruppiner Land\",\"description\":\"\",\"potentialAction\":[{\"@type\":\"SearchAction\",\"target\":{\"@type\":\"EntryPoint\",\"urlTemplate\":\"https:\/\/www.naturparkmagazin.de\/stechlin\/?s={search_term_string}\"},\"query-input\":\"required name=search_term_string\"}],\"inLanguage\":\"de\"},{\"@type\":\"Person\",\"@id\":\"https:\/\/www.naturparkmagazin.de\/stechlin\/#\/schema\/person\/3f0d93203df21c806dd63c76d9bb28bc\",\"name\":\"marioschrumpf\",\"url\":\"https:\/\/www.naturparkmagazin.de\/stechlin\/author\/marioschrumpf\/\"}]}<\/script>\n<!-- \/ Yoast SEO plugin. -->","yoast_head_json":{"title":"Heidekonferenz in der Kyritz-Ruppiner-Heide - Naturpark Stechlin-Ruppiner Land","robots":{"index":"index","follow":"follow","max-snippet":"max-snippet:-1","max-image-preview":"max-image-preview:large","max-video-preview":"max-video-preview:-1"},"canonical":"https:\/\/www.naturparkmagazin.de\/stechlin\/heidekonferenz-in-der-kyritz-ruppiner-heide\/","og_locale":"de_DE","og_type":"article","og_title":"Heidekonferenz in der Kyritz-Ruppiner-Heide - Naturpark Stechlin-Ruppiner Land","og_description":"Am 15.8. fand im Rahmen des Brandenburgischen Konversionssommers 2013 die 1. Heidekonferenz im Dorfgemeinschaftshaus in R\u00e4gelin statt. Der Naturpark engagiert sich seit vielen Jahren im Arbeitskreis zivile Nutzung f\u00fcr die friedliche Nutzung des Areals. Im Herbst letzten Jahres wurde der Naturpark zusammen mit der Bundesanstalt f\u00fcr Immobilienaufgabe (BImA) und der Heinz-Sielmann-Stiftung als Mitglied der Kommunalen","og_url":"https:\/\/www.naturparkmagazin.de\/stechlin\/heidekonferenz-in-der-kyritz-ruppiner-heide\/","og_site_name":"Naturpark Stechlin-Ruppiner Land","article_published_time":"2013-08-27T06:27:24+00:00","article_modified_time":"2013-09-02T14:35:30+00:00","og_image":[{"width":369,"height":248,"url":"https:\/\/www.naturparkmagazin.de\/stechlin\/wp-content\/uploads\/sites\/38\/Kutsche_Heidekonferenz.jpg","type":"image\/jpeg"}],"author":"marioschrumpf","twitter_misc":{"Verfasst von":"marioschrumpf","Gesch\u00e4tzte Lesezeit":"1\u00a0Minute"},"schema":{"@context":"https:\/\/schema.org","@graph":[{"@type":"WebPage","@id":"https:\/\/www.naturparkmagazin.de\/stechlin\/heidekonferenz-in-der-kyritz-ruppiner-heide\/","url":"https:\/\/www.naturparkmagazin.de\/stechlin\/heidekonferenz-in-der-kyritz-ruppiner-heide\/","name":"Heidekonferenz in der Kyritz-Ruppiner-Heide - Naturpark Stechlin-Ruppiner Land","isPartOf":{"@id":"https:\/\/www.naturparkmagazin.de\/stechlin\/#website"},"datePublished":"2013-08-27T06:27:24+00:00","dateModified":"2013-09-02T14:35:30+00:00","author":{"@id":"https:\/\/www.naturparkmagazin.de\/stechlin\/#\/schema\/person\/3f0d93203df21c806dd63c76d9bb28bc"},"breadcrumb":{"@id":"https:\/\/www.naturparkmagazin.de\/stechlin\/heidekonferenz-in-der-kyritz-ruppiner-heide\/#breadcrumb"},"inLanguage":"de","potentialAction":[{"@type":"ReadAction","target":["https:\/\/www.naturparkmagazin.de\/stechlin\/heidekonferenz-in-der-kyritz-ruppiner-heide\/"]}]},{"@type":"BreadcrumbList","@id":"https:\/\/www.naturparkmagazin.de\/stechlin\/heidekonferenz-in-der-kyritz-ruppiner-heide\/#breadcrumb","itemListElement":[{"@type":"ListItem","position":1,"name":"Home","item":"https:\/\/www.naturparkmagazin.de\/stechlin\/"},{"@type":"ListItem","position":2,"name":"Heidekonferenz in der Kyritz-Ruppiner-Heide"}]},{"@type":"WebSite","@id":"https:\/\/www.naturparkmagazin.de\/stechlin\/#website","url":"https:\/\/www.naturparkmagazin.de\/stechlin\/","name":"Naturpark Stechlin-Ruppiner Land","description":"","potentialAction":[{"@type":"SearchAction","target":{"@type":"EntryPoint","urlTemplate":"https:\/\/www.naturparkmagazin.de\/stechlin\/?s={search_term_string}"},"query-input":"required name=search_term_string"}],"inLanguage":"de"},{"@type":"Person","@id":"https:\/\/www.naturparkmagazin.de\/stechlin\/#\/schema\/person\/3f0d93203df21c806dd63c76d9bb28bc","name":"marioschrumpf","url":"https:\/\/www.naturparkmagazin.de\/stechlin\/author\/marioschrumpf\/"}]}},"_links":{"self":[{"href":"https:\/\/www.naturparkmagazin.de\/stechlin\/wp-json\/wp\/v2\/posts\/87"}],"collection":[{"href":"https:\/\/www.naturparkmagazin.de\/stechlin\/wp-json\/wp\/v2\/posts"}],"about":[{"href":"https:\/\/www.naturparkmagazin.de\/stechlin\/wp-json\/wp\/v2\/types\/post"}],"author":[{"embeddable":true,"href":"https:\/\/www.naturparkmagazin.de\/stechlin\/wp-json\/wp\/v2\/users\/39"}],"replies":[{"embeddable":true,"href":"https:\/\/www.naturparkmagazin.de\/stechlin\/wp-json\/wp\/v2\/comments?post=87"}],"version-history":[{"count":3,"href":"https:\/\/www.naturparkmagazin.de\/stechlin\/wp-json\/wp\/v2\/posts\/87\/revisions"}],"predecessor-version":[{"id":183,"href":"https:\/\/www.naturparkmagazin.de\/stechlin\/wp-json\/wp\/v2\/posts\/87\/revisions\/183"}],"wp:featuredmedia":[{"embeddable":true,"href":"https:\/\/www.naturparkmagazin.de\/stechlin\/wp-json\/wp\/v2\/media\/88"}],"wp:attachment":[{"href":"https:\/\/www.naturparkmagazin.de\/stechlin\/wp-json\/wp\/v2\/media?parent=87"}],"wp:term":[{"taxonomy":"category","embeddable":true,"href":"https:\/\/www.naturparkmagazin.de\/stechlin\/wp-json\/wp\/v2\/categories?post=87"},{"taxonomy":"post_tag","embeddable":true,"href":"https:\/\/www.naturparkmagazin.de\/stechlin\/wp-json\/wp\/v2\/tags?post=87"}],"curies":[{"name":"wp","href":"https:\/\/api.w.org\/{rel}","templated":true}]}}