{"id":8718,"date":"2019-08-16T13:43:23","date_gmt":"2019-08-16T11:43:23","guid":{"rendered":"https:\/\/www.naturparkmagazin.de\/stechlin\/?p=8718"},"modified":"2019-08-27T16:43:41","modified_gmt":"2019-08-27T14:43:41","slug":"im-hasengang-fuer-brandenburgs-ackerwildkraeuter","status":"publish","type":"post","link":"https:\/\/www.naturparkmagazin.de\/stechlin\/im-hasengang-fuer-brandenburgs-ackerwildkraeuter\/","title":{"rendered":"Im \u201eHasengang\u201c f\u00fcr Brandenburgs Ackerwildkr\u00e4uter"},"content":{"rendered":"<div id=\"attachment_8739\" style=\"width: 310px\" class=\"wp-caption aligncenter\"><a href=\"https:\/\/www.naturparkmagazin.de\/stechlin\/wp-content\/uploads\/sites\/38\/P7310022_k.jpg\"><img aria-describedby=\"caption-attachment-8739\" decoding=\"async\" loading=\"lazy\" class=\"wp-image-8739 size-thumbnail\" src=\"https:\/\/www.naturparkmagazin.de\/stechlin\/wp-content\/uploads\/sites\/38\/P7310022_k-300x180.jpg\" alt=\"NP SRL\" width=\"300\" height=\"180\" srcset=\"https:\/\/www.naturparkmagazin.de\/stechlin\/wp-content\/uploads\/sites\/38\/P7310022_k-300x180.jpg 300w, https:\/\/www.naturparkmagazin.de\/stechlin\/wp-content\/uploads\/sites\/38\/P7310022_k.jpg 500w, https:\/\/www.naturparkmagazin.de\/stechlin\/wp-content\/uploads\/sites\/38\/P7310022_k-200x120.jpg 200w\" sizes=\"(max-width: 300px) 100vw, 300px\" \/><\/a><p id=\"caption-attachment-8739\" class=\"wp-caption-text\">Auf diesem Acker am F\u00fcrstenberger Stadtrand werden die angezogenen Pflanzen ausgebracht.<\/p><\/div>\n<div id=\"attachment_8736\" style=\"width: 310px\" class=\"wp-caption aligncenter\"><a href=\"https:\/\/www.naturparkmagazin.de\/stechlin\/wp-content\/uploads\/sites\/38\/P6172415_k.jpg\"><img aria-describedby=\"caption-attachment-8736\" decoding=\"async\" loading=\"lazy\" class=\"wp-image-8736 size-thumbnail\" src=\"https:\/\/www.naturparkmagazin.de\/stechlin\/wp-content\/uploads\/sites\/38\/P6172415_k-300x500.jpg\" alt=\"NP SRL\" width=\"300\" height=\"500\" srcset=\"https:\/\/www.naturparkmagazin.de\/stechlin\/wp-content\/uploads\/sites\/38\/P6172415_k.jpg 300w, https:\/\/www.naturparkmagazin.de\/stechlin\/wp-content\/uploads\/sites\/38\/P6172415_k-200x333.jpg 200w\" sizes=\"(max-width: 300px) 100vw, 300px\" \/><\/a><p id=\"caption-attachment-8736\" class=\"wp-caption-text\">Bio-Landwirt Frank Rumpe<\/p><\/div>\n<p>Kaum ein Jahr ist vergangen, seit Frank Rumpe vom Biohof Kepos die Herausforderung angenommen hat, die seltenen Ackerkr\u00e4uter im Naturpark vor dem Verschwinden zu bewahren. Seit diesem Entschluss ist viel passiert: Nach dem Vorbild des rheinischen Projektes \u201e<em>Unkraut vergeht nicht \u2013 stimmt nicht!<\/em>\u201c wurden bereits zehn Juwelen des Ackers gesammelt und liebevoll vermehrt. Die ersten Saatgutsch\u00e4tze warten nun auf ihre \u201e<em>Auswilderung<\/em>\u201c. Geeignete \u00c4cker wurden bereits gefunden und auch das Interesse weiterer Landwirte ist gro\u00df.<\/p>\n<p>Unterst\u00fctzt wird Landwirt Rumpe bei der Herkulesaufgabe \u201e<em>Ackerwildkrautrettung Brandenburg<\/em>\u201c von einem tatkr\u00e4ftigen Team vor Ort: Silke Oldorff von der Naturparkverwaltung Stechlin-Ruppiner Land und die Biologin Susan Wittwer haben die Rarit\u00e4ten des Ackers im Naturpark aufgesp\u00fcrt und ihre Samen gesammelt. Im n\u00e4chsten Schritt s\u00e4te Chefg\u00e4rtnerin Caro Badecke diese in der G\u00e4rtnerei des Biohofes Kepos aus, wo sie die empfindlichen Ackerkr\u00e4uter zusammen mit Frank Rumpe und seinem Team hegt und pflegt.<a href=\"https:\/\/www.naturparkmagazin.de\/stechlin\/wp-content\/uploads\/sites\/38\/Ackerfrauenmantel_k.jpg\"><img decoding=\"async\" loading=\"lazy\" class=\"aligncenter size-thumbnail wp-image-8734\" src=\"https:\/\/www.naturparkmagazin.de\/stechlin\/wp-content\/uploads\/sites\/38\/Ackerfrauenmantel_k-300x500.jpg\" alt=\"NP SRL\" width=\"300\" height=\"500\" srcset=\"https:\/\/www.naturparkmagazin.de\/stechlin\/wp-content\/uploads\/sites\/38\/Ackerfrauenmantel_k.jpg 300w, https:\/\/www.naturparkmagazin.de\/stechlin\/wp-content\/uploads\/sites\/38\/Ackerfrauenmantel_k-200x333.jpg 200w\" sizes=\"(max-width: 300px) 100vw, 300px\" \/><\/a><\/p>\n<p><strong>Grundvoraussetzung: Detektivischer Sp\u00fcrsinn und Experimentierfreude<\/strong><\/p>\n<p>\u201e<em>Einfach war es nicht, im Naturpark noch Spenderfl\u00e4chen f\u00fcr alle gesuchten Ackerkr\u00e4uter zu finden<\/em>\u201c, berichtet Silke Oldorff. Denn die bekannten Vorkommen einzelner Arten, etwa L\u00e4mmersalat und Feld-Rittersporn, waren bereits erloschen. Die Ackerwildkrautretter gaben jedoch nicht auf: Sie erweiterten den Suchradius um 20\u00a0km und wurden tats\u00e4chlich f\u00fcndig.<\/p>\n<div id=\"attachment_8738\" style=\"width: 310px\" class=\"wp-caption aligncenter\"><a href=\"https:\/\/www.naturparkmagazin.de\/stechlin\/wp-content\/uploads\/sites\/38\/P7070607_k.jpg\"><img aria-describedby=\"caption-attachment-8738\" decoding=\"async\" loading=\"lazy\" class=\"wp-image-8738 size-thumbnail\" src=\"https:\/\/www.naturparkmagazin.de\/stechlin\/wp-content\/uploads\/sites\/38\/P7070607_k-300x180.jpg\" alt=\"NP SRL\" width=\"300\" height=\"180\" srcset=\"https:\/\/www.naturparkmagazin.de\/stechlin\/wp-content\/uploads\/sites\/38\/P7070607_k-300x180.jpg 300w, https:\/\/www.naturparkmagazin.de\/stechlin\/wp-content\/uploads\/sites\/38\/P7070607_k.jpg 500w, https:\/\/www.naturparkmagazin.de\/stechlin\/wp-content\/uploads\/sites\/38\/P7070607_k-200x120.jpg 200w\" sizes=\"(max-width: 300px) 100vw, 300px\" \/><\/a><p id=\"caption-attachment-8738\" class=\"wp-caption-text\">Feldrittersporn<\/p><\/div>\n<p>So konnten schon wenige Monate nach Projektstart im Herbst 2018 zehn von insgesamt 19 ausgew\u00e4hlten Naturpark-Zielarten ausges\u00e4t werden. Der Anspruch der Vermehrung: Keiner der kostbaren Samen darf verloren gehen! Experimentierfreude war hierbei an der Tagesordnung: \u201e<em>Kaum jemand hat Erfahrungen mit dem Vermehren von \u201aUnkraut\u2018. Wir fragten uns anfangs etwa: Nehmen wir jetzt Anzuchterde oder doch lieber gewachsene Ackerkrume f\u00fcr die Vermehrung<\/em>?\u201c, berichtet G\u00e4rtnerin Caro Badecke von den ersten Vermehrungsversuchen.<\/p>\n<p><strong>G\u00e4rtnerisches Geschick zahlt sich aus<\/strong><\/p>\n<p>Das \u201e<em>Team Brandenburg<\/em>\u201c entschied sich schlie\u00dflich f\u00fcr die sicherste, aber auch aufwendigste Vermehrungsmethode der \u201e<em>Unkr\u00e4uter<\/em>\u201c: Die Anzucht in Saatschalen mit anschlie\u00dfender Vereinzelung der Keimlinge und Auspflanzung ins Freiland. Zudem wurde das Saatgut auf eine Herbst- und eine Fr\u00fchjahrsaussaat aufgeteilt.<\/p>\n<p>Diese M\u00fche wurde mehr als belohnt: Alle Arten konnten erfolgreich vermehrt werden, besonders gut entwickelten sich die Herbsteinsaaten. \u201e<em>Es macht gro\u00dfe Freude, das Saatgut des Feldrittersporns zu ernten. Wenn ich daran denke, dass wir nur mit ein paar Samenkapseln angefangen haben und jetzt aus dem Vollen sch\u00f6pfen k\u00f6nnen! Aus jeder Bl\u00fcte wurde eine gef\u00fcllte Samenkapsel<\/em>\u201c, erz\u00e4hlt Silke Oldorff voller Begeisterung.<a href=\"https:\/\/www.naturparkmagazin.de\/stechlin\/wp-content\/uploads\/sites\/38\/P7070605_k.jpg\"><img decoding=\"async\" loading=\"lazy\" class=\"aligncenter size-thumbnail wp-image-8737\" src=\"https:\/\/www.naturparkmagazin.de\/stechlin\/wp-content\/uploads\/sites\/38\/P7070605_k-300x180.jpg\" alt=\"NP SRL\" width=\"300\" height=\"180\" srcset=\"https:\/\/www.naturparkmagazin.de\/stechlin\/wp-content\/uploads\/sites\/38\/P7070605_k-300x180.jpg 300w, https:\/\/www.naturparkmagazin.de\/stechlin\/wp-content\/uploads\/sites\/38\/P7070605_k.jpg 500w, https:\/\/www.naturparkmagazin.de\/stechlin\/wp-content\/uploads\/sites\/38\/P7070605_k-200x120.jpg 200w\" sizes=\"(max-width: 300px) 100vw, 300px\" \/><\/a><\/p>\n<p>&nbsp;<\/p>\n<p><strong>Unerwartete G\u00e4ste, gesellige Kr\u00e4uter und \u201eFr\u00fchstarter\u201c<\/strong><\/p>\n<p>Aber nicht jedes Ackerwildkraut konnte vollst\u00e4ndig geerntet werden. So fand der L\u00e4mmersalat weitere Liebhaber, eine Feldhasenfamilie mit Sinn f\u00fcr besonders exquisite Gaumenfreuden. Sie \u00fcberlie\u00df den Wildkrautrettern immerhin noch ein knappes Drittel des Bestandes zur Ernte.<\/p>\n<p>Wie unterschiedlich die Anspr\u00fcche der einzelnen Arten ausfallen k\u00f6nnen und dass auch Wildkr\u00e4uter Abwechslung lieben, zeigte sich bereits im ersten Vermehrungsjahr: \u201e<em>Der Gew\u00f6hnliche Ackerfrauenmantel hat sich in alle anderen Wildkrautkulturen hineingeschummelt und gedeiht dort sehr gut. Nur ganz allein, als \u201eMonokultur\u201c in seinem eigenen Beet, f\u00fchlt er sich \u00fcberhaupt nicht wohl<\/em>\u201c, berichtet Frank Rumpe.<\/p>\n<p>Manche Arten geben ihre Samen zudem so freigiebig preis, dass an eine kontrollierte Samenernte nicht zu denken ist. Diese Schwierigkeit l\u00f6sten die Wildkrautretter beim Acker-Stiefm\u00fctterchen, indem sie die ganzen Pflanzen bereits vor der Samenreife auf der Wiederansiedlungsfl\u00e4che einpflanzten. Hier d\u00fcrfen die Pflanzen nun nach Lust und Laune aussamen und so an Ort und Stelle den Grundstein f\u00fcr eine vielf\u00e4ltige Wildkrautflora legen.<a href=\"https:\/\/www.naturparkmagazin.de\/stechlin\/wp-content\/uploads\/sites\/38\/Ruchgras_k.jpg\"><img decoding=\"async\" loading=\"lazy\" class=\"aligncenter size-thumbnail wp-image-8741\" src=\"https:\/\/www.naturparkmagazin.de\/stechlin\/wp-content\/uploads\/sites\/38\/Ruchgras_k-300x180.jpg\" alt=\"NP SRL\" width=\"300\" height=\"180\" srcset=\"https:\/\/www.naturparkmagazin.de\/stechlin\/wp-content\/uploads\/sites\/38\/Ruchgras_k-300x180.jpg 300w, https:\/\/www.naturparkmagazin.de\/stechlin\/wp-content\/uploads\/sites\/38\/Ruchgras_k.jpg 500w, https:\/\/www.naturparkmagazin.de\/stechlin\/wp-content\/uploads\/sites\/38\/Ruchgras_k-200x120.jpg 200w\" sizes=\"(max-width: 300px) 100vw, 300px\" \/><\/a><\/p>\n<p><strong>Genressourcen-\u00c4cker als Zukunft<\/strong><\/p>\n<p>Die ersten extensiv bewirtschafteten Wiederansiedlungsfl\u00e4chen im Naturpark, getauft auf den Namen \u201e<em>Genressourcen-\u00c4cker<\/em>\u201c, wurden bereits im Sommer 2019 von Botanikern kartiert. So wird sichergestellt, dass auf den ausgew\u00e4hlten Feldern nur die seltenen Arten ausgebracht werden, die dort tats\u00e4chlich nicht mehr vorhanden sind.<\/p>\n<p>Das Team um Frank Rumpe hat gro\u00dfe Pl\u00e4ne f\u00fcr die Zukunft und erh\u00e4lt viel Zuspruch f\u00fcr ihr Projekt aus der Region: Schon 2020 soll nach M\u00f6glichkeit eine Saatgutvermehrung f\u00fcr Biobetriebe im Naturpark starten. Es bestehen bereits Anfragen von Landwirten, die sich beteiligen m\u00f6chten. Die Chancen, dass die Juwelen des Ackers im Naturpark Stechlin-Ruppiner Land auch in Zukunft eine Heimat finden werden? Sie stehen mehr als gut.<a href=\"https:\/\/www.naturparkmagazin.de\/stechlin\/wp-content\/uploads\/sites\/38\/Resedafalter_k.jpg\"><img decoding=\"async\" loading=\"lazy\" class=\"aligncenter size-thumbnail wp-image-8740\" src=\"https:\/\/www.naturparkmagazin.de\/stechlin\/wp-content\/uploads\/sites\/38\/Resedafalter_k-300x180.jpg\" alt=\"NP SRL\" width=\"300\" height=\"180\" srcset=\"https:\/\/www.naturparkmagazin.de\/stechlin\/wp-content\/uploads\/sites\/38\/Resedafalter_k-300x180.jpg 300w, https:\/\/www.naturparkmagazin.de\/stechlin\/wp-content\/uploads\/sites\/38\/Resedafalter_k.jpg 500w, https:\/\/www.naturparkmagazin.de\/stechlin\/wp-content\/uploads\/sites\/38\/Resedafalter_k-200x120.jpg 200w\" sizes=\"(max-width: 300px) 100vw, 300px\" \/><\/a><\/p>\n","protected":false},"excerpt":{"rendered":"<p>Kaum ein Jahr ist vergangen, seit Frank Rumpe vom Biohof Kepos die Herausforderung angenommen hat, die seltenen Ackerkr\u00e4uter im Naturpark vor dem Verschwinden zu bewahren. <\/p>\n","protected":false},"author":39,"featured_media":8735,"comment_status":"open","ping_status":"open","sticky":false,"template":"","format":"standard","meta":[],"categories":[7],"tags":[],"yoast_head":"<!-- This site is optimized with the Yoast SEO plugin v19.10 - https:\/\/yoast.com\/wordpress\/plugins\/seo\/ -->\n<title>Im \u201eHasengang\u201c f\u00fcr Brandenburgs Ackerwildkr\u00e4uter - Naturpark Stechlin-Ruppiner Land<\/title>\n<meta name=\"robots\" content=\"index, follow, max-snippet:-1, max-image-preview:large, max-video-preview:-1\" \/>\n<link rel=\"canonical\" href=\"https:\/\/www.naturparkmagazin.de\/stechlin\/im-hasengang-fuer-brandenburgs-ackerwildkraeuter\/\" \/>\n<meta property=\"og:locale\" content=\"de_DE\" \/>\n<meta property=\"og:type\" content=\"article\" \/>\n<meta property=\"og:title\" content=\"Im \u201eHasengang\u201c f\u00fcr Brandenburgs Ackerwildkr\u00e4uter - Naturpark Stechlin-Ruppiner Land\" \/>\n<meta property=\"og:description\" content=\"Kaum ein Jahr ist vergangen, seit Frank Rumpe vom Biohof Kepos die Herausforderung angenommen hat, die seltenen Ackerkr\u00e4uter im Naturpark vor dem Verschwinden zu bewahren.\" \/>\n<meta property=\"og:url\" content=\"https:\/\/www.naturparkmagazin.de\/stechlin\/im-hasengang-fuer-brandenburgs-ackerwildkraeuter\/\" \/>\n<meta property=\"og:site_name\" content=\"Naturpark Stechlin-Ruppiner Land\" \/>\n<meta property=\"article:published_time\" content=\"2019-08-16T11:43:23+00:00\" \/>\n<meta property=\"article:modified_time\" content=\"2019-08-27T14:43:41+00:00\" \/>\n<meta property=\"og:image\" content=\"https:\/\/www.naturparkmagazin.de\/stechlin\/wp-content\/uploads\/sites\/38\/L\u00e4mmersalat_aufm.jpg\" \/>\n\t<meta property=\"og:image:width\" content=\"200\" \/>\n\t<meta property=\"og:image:height\" content=\"200\" \/>\n\t<meta property=\"og:image:type\" content=\"image\/jpeg\" \/>\n<meta name=\"author\" content=\"marioschrumpf\" \/>\n<meta name=\"twitter:label1\" content=\"Verfasst von\" \/>\n\t<meta name=\"twitter:data1\" content=\"marioschrumpf\" \/>\n\t<meta name=\"twitter:label2\" content=\"Gesch\u00e4tzte Lesezeit\" \/>\n\t<meta name=\"twitter:data2\" content=\"4\u00a0Minuten\" \/>\n<script type=\"application\/ld+json\" class=\"yoast-schema-graph\">{\"@context\":\"https:\/\/schema.org\",\"@graph\":[{\"@type\":\"WebPage\",\"@id\":\"https:\/\/www.naturparkmagazin.de\/stechlin\/im-hasengang-fuer-brandenburgs-ackerwildkraeuter\/\",\"url\":\"https:\/\/www.naturparkmagazin.de\/stechlin\/im-hasengang-fuer-brandenburgs-ackerwildkraeuter\/\",\"name\":\"Im \u201eHasengang\u201c f\u00fcr Brandenburgs Ackerwildkr\u00e4uter - Naturpark Stechlin-Ruppiner Land\",\"isPartOf\":{\"@id\":\"https:\/\/www.naturparkmagazin.de\/stechlin\/#website\"},\"datePublished\":\"2019-08-16T11:43:23+00:00\",\"dateModified\":\"2019-08-27T14:43:41+00:00\",\"author\":{\"@id\":\"https:\/\/www.naturparkmagazin.de\/stechlin\/#\/schema\/person\/3f0d93203df21c806dd63c76d9bb28bc\"},\"breadcrumb\":{\"@id\":\"https:\/\/www.naturparkmagazin.de\/stechlin\/im-hasengang-fuer-brandenburgs-ackerwildkraeuter\/#breadcrumb\"},\"inLanguage\":\"de\",\"potentialAction\":[{\"@type\":\"ReadAction\",\"target\":[\"https:\/\/www.naturparkmagazin.de\/stechlin\/im-hasengang-fuer-brandenburgs-ackerwildkraeuter\/\"]}]},{\"@type\":\"BreadcrumbList\",\"@id\":\"https:\/\/www.naturparkmagazin.de\/stechlin\/im-hasengang-fuer-brandenburgs-ackerwildkraeuter\/#breadcrumb\",\"itemListElement\":[{\"@type\":\"ListItem\",\"position\":1,\"name\":\"Home\",\"item\":\"https:\/\/www.naturparkmagazin.de\/stechlin\/\"},{\"@type\":\"ListItem\",\"position\":2,\"name\":\"Im \u201eHasengang\u201c f\u00fcr Brandenburgs Ackerwildkr\u00e4uter\"}]},{\"@type\":\"WebSite\",\"@id\":\"https:\/\/www.naturparkmagazin.de\/stechlin\/#website\",\"url\":\"https:\/\/www.naturparkmagazin.de\/stechlin\/\",\"name\":\"Naturpark Stechlin-Ruppiner Land\",\"description\":\"\",\"potentialAction\":[{\"@type\":\"SearchAction\",\"target\":{\"@type\":\"EntryPoint\",\"urlTemplate\":\"https:\/\/www.naturparkmagazin.de\/stechlin\/?s={search_term_string}\"},\"query-input\":\"required name=search_term_string\"}],\"inLanguage\":\"de\"},{\"@type\":\"Person\",\"@id\":\"https:\/\/www.naturparkmagazin.de\/stechlin\/#\/schema\/person\/3f0d93203df21c806dd63c76d9bb28bc\",\"name\":\"marioschrumpf\",\"url\":\"https:\/\/www.naturparkmagazin.de\/stechlin\/author\/marioschrumpf\/\"}]}<\/script>\n<!-- \/ Yoast SEO plugin. -->","yoast_head_json":{"title":"Im \u201eHasengang\u201c f\u00fcr Brandenburgs Ackerwildkr\u00e4uter - Naturpark Stechlin-Ruppiner Land","robots":{"index":"index","follow":"follow","max-snippet":"max-snippet:-1","max-image-preview":"max-image-preview:large","max-video-preview":"max-video-preview:-1"},"canonical":"https:\/\/www.naturparkmagazin.de\/stechlin\/im-hasengang-fuer-brandenburgs-ackerwildkraeuter\/","og_locale":"de_DE","og_type":"article","og_title":"Im \u201eHasengang\u201c f\u00fcr Brandenburgs Ackerwildkr\u00e4uter - Naturpark Stechlin-Ruppiner Land","og_description":"Kaum ein Jahr ist vergangen, seit Frank Rumpe vom Biohof Kepos die Herausforderung angenommen hat, die seltenen Ackerkr\u00e4uter im Naturpark vor dem Verschwinden zu bewahren.","og_url":"https:\/\/www.naturparkmagazin.de\/stechlin\/im-hasengang-fuer-brandenburgs-ackerwildkraeuter\/","og_site_name":"Naturpark Stechlin-Ruppiner Land","article_published_time":"2019-08-16T11:43:23+00:00","article_modified_time":"2019-08-27T14:43:41+00:00","og_image":[{"width":200,"height":200,"url":"https:\/\/www.naturparkmagazin.de\/stechlin\/wp-content\/uploads\/sites\/38\/L\u00e4mmersalat_aufm.jpg","type":"image\/jpeg"}],"author":"marioschrumpf","twitter_misc":{"Verfasst von":"marioschrumpf","Gesch\u00e4tzte Lesezeit":"4\u00a0Minuten"},"schema":{"@context":"https:\/\/schema.org","@graph":[{"@type":"WebPage","@id":"https:\/\/www.naturparkmagazin.de\/stechlin\/im-hasengang-fuer-brandenburgs-ackerwildkraeuter\/","url":"https:\/\/www.naturparkmagazin.de\/stechlin\/im-hasengang-fuer-brandenburgs-ackerwildkraeuter\/","name":"Im \u201eHasengang\u201c f\u00fcr Brandenburgs Ackerwildkr\u00e4uter - Naturpark Stechlin-Ruppiner Land","isPartOf":{"@id":"https:\/\/www.naturparkmagazin.de\/stechlin\/#website"},"datePublished":"2019-08-16T11:43:23+00:00","dateModified":"2019-08-27T14:43:41+00:00","author":{"@id":"https:\/\/www.naturparkmagazin.de\/stechlin\/#\/schema\/person\/3f0d93203df21c806dd63c76d9bb28bc"},"breadcrumb":{"@id":"https:\/\/www.naturparkmagazin.de\/stechlin\/im-hasengang-fuer-brandenburgs-ackerwildkraeuter\/#breadcrumb"},"inLanguage":"de","potentialAction":[{"@type":"ReadAction","target":["https:\/\/www.naturparkmagazin.de\/stechlin\/im-hasengang-fuer-brandenburgs-ackerwildkraeuter\/"]}]},{"@type":"BreadcrumbList","@id":"https:\/\/www.naturparkmagazin.de\/stechlin\/im-hasengang-fuer-brandenburgs-ackerwildkraeuter\/#breadcrumb","itemListElement":[{"@type":"ListItem","position":1,"name":"Home","item":"https:\/\/www.naturparkmagazin.de\/stechlin\/"},{"@type":"ListItem","position":2,"name":"Im \u201eHasengang\u201c f\u00fcr Brandenburgs Ackerwildkr\u00e4uter"}]},{"@type":"WebSite","@id":"https:\/\/www.naturparkmagazin.de\/stechlin\/#website","url":"https:\/\/www.naturparkmagazin.de\/stechlin\/","name":"Naturpark Stechlin-Ruppiner Land","description":"","potentialAction":[{"@type":"SearchAction","target":{"@type":"EntryPoint","urlTemplate":"https:\/\/www.naturparkmagazin.de\/stechlin\/?s={search_term_string}"},"query-input":"required name=search_term_string"}],"inLanguage":"de"},{"@type":"Person","@id":"https:\/\/www.naturparkmagazin.de\/stechlin\/#\/schema\/person\/3f0d93203df21c806dd63c76d9bb28bc","name":"marioschrumpf","url":"https:\/\/www.naturparkmagazin.de\/stechlin\/author\/marioschrumpf\/"}]}},"_links":{"self":[{"href":"https:\/\/www.naturparkmagazin.de\/stechlin\/wp-json\/wp\/v2\/posts\/8718"}],"collection":[{"href":"https:\/\/www.naturparkmagazin.de\/stechlin\/wp-json\/wp\/v2\/posts"}],"about":[{"href":"https:\/\/www.naturparkmagazin.de\/stechlin\/wp-json\/wp\/v2\/types\/post"}],"author":[{"embeddable":true,"href":"https:\/\/www.naturparkmagazin.de\/stechlin\/wp-json\/wp\/v2\/users\/39"}],"replies":[{"embeddable":true,"href":"https:\/\/www.naturparkmagazin.de\/stechlin\/wp-json\/wp\/v2\/comments?post=8718"}],"version-history":[{"count":5,"href":"https:\/\/www.naturparkmagazin.de\/stechlin\/wp-json\/wp\/v2\/posts\/8718\/revisions"}],"predecessor-version":[{"id":8771,"href":"https:\/\/www.naturparkmagazin.de\/stechlin\/wp-json\/wp\/v2\/posts\/8718\/revisions\/8771"}],"wp:featuredmedia":[{"embeddable":true,"href":"https:\/\/www.naturparkmagazin.de\/stechlin\/wp-json\/wp\/v2\/media\/8735"}],"wp:attachment":[{"href":"https:\/\/www.naturparkmagazin.de\/stechlin\/wp-json\/wp\/v2\/media?parent=8718"}],"wp:term":[{"taxonomy":"category","embeddable":true,"href":"https:\/\/www.naturparkmagazin.de\/stechlin\/wp-json\/wp\/v2\/categories?post=8718"},{"taxonomy":"post_tag","embeddable":true,"href":"https:\/\/www.naturparkmagazin.de\/stechlin\/wp-json\/wp\/v2\/tags?post=8718"}],"curies":[{"name":"wp","href":"https:\/\/api.w.org\/{rel}","templated":true}]}}