{"id":8722,"date":"2019-08-16T14:06:01","date_gmt":"2019-08-16T12:06:01","guid":{"rendered":"https:\/\/www.naturparkmagazin.de\/stechlin\/?p=8722"},"modified":"2019-08-27T16:35:33","modified_gmt":"2019-08-27T14:35:33","slug":"sanierung-des-magistratssee-startet","status":"publish","type":"post","link":"https:\/\/www.naturparkmagazin.de\/stechlin\/sanierung-des-magistratssee-startet\/","title":{"rendered":"Sanierung des Magistratssee startet"},"content":{"rendered":"<p>Bereits seit 2013 gibt es Bestrebungen den Magistratssee bei Lindow\/Mark zu sanieren. Damals war J\u00f6rg T\u00fcmmel als Anwohner besorgt auf die Naturparkverwaltung zugekommen und wollte wissen, ob man den Prozess der zunehmenden Verlandung des Sees aufhalten kann.<\/p>\n<p>Im Folgejahr wurde eine Machbarkeitsstudie durch die Naturparkverwaltung bei Planer Herrmann Wiesing \u00a0(Agrar- und Umweltplanung) aus Beetzsee beauftragt. Die Ursachen der Verlandung wurden untersucht und Wege zur Revitalisierung des Sees aufgezeigt.<\/p>\n<div id=\"attachment_8725\" style=\"width: 310px\" class=\"wp-caption aligncenter\"><a href=\"https:\/\/www.naturparkmagazin.de\/stechlin\/wp-content\/uploads\/sites\/38\/P8054032_k.jpg\"><img aria-describedby=\"caption-attachment-8725\" decoding=\"async\" loading=\"lazy\" class=\"wp-image-8725 size-thumbnail\" src=\"https:\/\/www.naturparkmagazin.de\/stechlin\/wp-content\/uploads\/sites\/38\/P8054032_k-300x180.jpg\" alt=\"NP SRL\" width=\"300\" height=\"180\" srcset=\"https:\/\/www.naturparkmagazin.de\/stechlin\/wp-content\/uploads\/sites\/38\/P8054032_k-300x180.jpg 300w, https:\/\/www.naturparkmagazin.de\/stechlin\/wp-content\/uploads\/sites\/38\/P8054032_k.jpg 500w, https:\/\/www.naturparkmagazin.de\/stechlin\/wp-content\/uploads\/sites\/38\/P8054032_k-200x120.jpg 200w\" sizes=\"(max-width: 300px) 100vw, 300px\" \/><\/a><p id=\"caption-attachment-8725\" class=\"wp-caption-text\">Gemeinsam mit der Landesforstverwaltung wurden die Abfahrtswege f\u00fcr den Schlamm abgestimmt.<\/p><\/div>\n<p>Der See soll entschlammt und das Material auf benachbarte Felder aufgebracht werden, so Holger Lettow vom Gew\u00e4sserunterhaltungsverband Oberer Rhin\/Temnitz als Tr\u00e4ger der Ma\u00dfnahme. Nur so kann eine nat\u00fcrliche Gew\u00e4sserentwicklung wieder in Gang gesetzt werden. Vor 1990 wurden in dem See Karpfen und Enten intensiv gehalten, dazu kamen N\u00e4hrstoffeintr\u00e4ge aus der angrenzenden Milchviehanlage und von zwei Futtersilos.<\/p>\n<p>Momentan ist kein Wasser im See, ideale Voraussetzung f\u00fcr eine Entschlammung.<\/p>\n<div id=\"attachment_8727\" style=\"width: 310px\" class=\"wp-caption aligncenter\"><a href=\"https:\/\/www.naturparkmagazin.de\/stechlin\/wp-content\/uploads\/sites\/38\/See_k.jpg\"><img aria-describedby=\"caption-attachment-8727\" decoding=\"async\" loading=\"lazy\" class=\"wp-image-8727 size-thumbnail\" src=\"https:\/\/www.naturparkmagazin.de\/stechlin\/wp-content\/uploads\/sites\/38\/See_k-300x180.jpg\" alt=\"NP SRL\" width=\"300\" height=\"180\" srcset=\"https:\/\/www.naturparkmagazin.de\/stechlin\/wp-content\/uploads\/sites\/38\/See_k-300x180.jpg 300w, https:\/\/www.naturparkmagazin.de\/stechlin\/wp-content\/uploads\/sites\/38\/See_k.jpg 500w, https:\/\/www.naturparkmagazin.de\/stechlin\/wp-content\/uploads\/sites\/38\/See_k-200x120.jpg 200w\" sizes=\"(max-width: 300px) 100vw, 300px\" \/><\/a><p id=\"caption-attachment-8727\" class=\"wp-caption-text\">Aktuell steht der Magistratssee trocken.<\/p><\/div>\n<p>Bei der Bauanlaufberatung wurden vor Ort mit allen Beteiligten die Ma\u00dfnahmen und Bauabschnitte abgestimmt. Sie sind alle gekommen: \u00a0der Planer, der Projekttr\u00e4ger, ein Eigent\u00fcmer des Sees, der F\u00f6rster \u2013 der Wege zur Verf\u00fcgung stellt, der Landwirt \u2013 der den Seeschlamm zur D\u00fcngung seiner Felder nutzt, die Baufirma PS Kieswerke GmbH aus Perleberg, die Untere Naturschutzbeh\u00f6rde und die Nachbarn vom Haus Sch\u00f6nbirken sowie J\u00f6rg T\u00fcmmel, der seine Terrasse f\u00fcr die Anlaufberatung bereit gestellt hat.<\/p>\n<p>Gef\u00f6rdert wird das Projekt durch die <strong>Investitionsbank des Landes Brandenburg (70%)<\/strong> und die <strong>Stiftung NaturSchutzFonds Brandenburg (30%)<\/strong> in einer Gesamth\u00f6he von <strong>578.067,04 \u20ac.<\/strong><\/p>\n<p>Mehr als <strong>17.000 m\u00b3 Schlamm werden entnommen<\/strong>. Danach wird der Magistratssee einmalig mit Wasser aus dem benachbarten Wutzsee aufgef\u00fcllt.<\/p>\n<div id=\"attachment_8724\" style=\"width: 310px\" class=\"wp-caption aligncenter\"><a href=\"https:\/\/www.naturparkmagazin.de\/stechlin\/wp-content\/uploads\/sites\/38\/P8054014_k.jpg\"><img aria-describedby=\"caption-attachment-8724\" decoding=\"async\" loading=\"lazy\" class=\"wp-image-8724 size-thumbnail\" src=\"https:\/\/www.naturparkmagazin.de\/stechlin\/wp-content\/uploads\/sites\/38\/P8054014_k-300x180.jpg\" alt=\"NP SRL\" width=\"300\" height=\"180\" srcset=\"https:\/\/www.naturparkmagazin.de\/stechlin\/wp-content\/uploads\/sites\/38\/P8054014_k-300x180.jpg 300w, https:\/\/www.naturparkmagazin.de\/stechlin\/wp-content\/uploads\/sites\/38\/P8054014_k.jpg 500w, https:\/\/www.naturparkmagazin.de\/stechlin\/wp-content\/uploads\/sites\/38\/P8054014_k-200x120.jpg 200w\" sizes=\"(max-width: 300px) 100vw, 300px\" \/><\/a><p id=\"caption-attachment-8724\" class=\"wp-caption-text\">J\u00f6rg T\u00fcmmel (in blau) brachte das Vorhaben ins rollen.<\/p><\/div>\n","protected":false},"excerpt":{"rendered":"<p>Bereits seit 2013 gibt es Bestrebungen den Magistratssee bei Lindow\/Mark zu sanieren. Jetzt ist es soweit!<\/p>\n","protected":false},"author":39,"featured_media":8726,"comment_status":"open","ping_status":"open","sticky":false,"template":"","format":"standard","meta":[],"categories":[7],"tags":[],"yoast_head":"<!-- This site is optimized with the Yoast SEO plugin v19.10 - https:\/\/yoast.com\/wordpress\/plugins\/seo\/ -->\n<title>Sanierung des Magistratssee startet - Naturpark Stechlin-Ruppiner Land<\/title>\n<meta name=\"robots\" content=\"index, follow, max-snippet:-1, max-image-preview:large, max-video-preview:-1\" \/>\n<link rel=\"canonical\" href=\"https:\/\/www.naturparkmagazin.de\/stechlin\/sanierung-des-magistratssee-startet\/\" \/>\n<meta property=\"og:locale\" content=\"de_DE\" \/>\n<meta property=\"og:type\" content=\"article\" \/>\n<meta property=\"og:title\" content=\"Sanierung des Magistratssee startet - Naturpark Stechlin-Ruppiner Land\" \/>\n<meta property=\"og:description\" content=\"Bereits seit 2013 gibt es Bestrebungen den Magistratssee bei Lindow\/Mark zu sanieren. Jetzt ist es soweit!\" \/>\n<meta property=\"og:url\" content=\"https:\/\/www.naturparkmagazin.de\/stechlin\/sanierung-des-magistratssee-startet\/\" \/>\n<meta property=\"og:site_name\" content=\"Naturpark Stechlin-Ruppiner Land\" \/>\n<meta property=\"article:published_time\" content=\"2019-08-16T12:06:01+00:00\" \/>\n<meta property=\"article:modified_time\" content=\"2019-08-27T14:35:33+00:00\" \/>\n<meta property=\"og:image\" content=\"https:\/\/www.naturparkmagazin.de\/stechlin\/wp-content\/uploads\/sites\/38\/P8054042_aufm.jpg\" \/>\n\t<meta property=\"og:image:width\" content=\"200\" \/>\n\t<meta property=\"og:image:height\" content=\"200\" \/>\n\t<meta property=\"og:image:type\" content=\"image\/jpeg\" \/>\n<meta name=\"author\" content=\"marioschrumpf\" \/>\n<meta name=\"twitter:label1\" content=\"Verfasst von\" \/>\n\t<meta name=\"twitter:data1\" content=\"marioschrumpf\" \/>\n\t<meta name=\"twitter:label2\" content=\"Gesch\u00e4tzte Lesezeit\" \/>\n\t<meta name=\"twitter:data2\" content=\"2\u00a0Minuten\" \/>\n<script type=\"application\/ld+json\" class=\"yoast-schema-graph\">{\"@context\":\"https:\/\/schema.org\",\"@graph\":[{\"@type\":\"WebPage\",\"@id\":\"https:\/\/www.naturparkmagazin.de\/stechlin\/sanierung-des-magistratssee-startet\/\",\"url\":\"https:\/\/www.naturparkmagazin.de\/stechlin\/sanierung-des-magistratssee-startet\/\",\"name\":\"Sanierung des Magistratssee startet - Naturpark Stechlin-Ruppiner Land\",\"isPartOf\":{\"@id\":\"https:\/\/www.naturparkmagazin.de\/stechlin\/#website\"},\"datePublished\":\"2019-08-16T12:06:01+00:00\",\"dateModified\":\"2019-08-27T14:35:33+00:00\",\"author\":{\"@id\":\"https:\/\/www.naturparkmagazin.de\/stechlin\/#\/schema\/person\/3f0d93203df21c806dd63c76d9bb28bc\"},\"breadcrumb\":{\"@id\":\"https:\/\/www.naturparkmagazin.de\/stechlin\/sanierung-des-magistratssee-startet\/#breadcrumb\"},\"inLanguage\":\"de\",\"potentialAction\":[{\"@type\":\"ReadAction\",\"target\":[\"https:\/\/www.naturparkmagazin.de\/stechlin\/sanierung-des-magistratssee-startet\/\"]}]},{\"@type\":\"BreadcrumbList\",\"@id\":\"https:\/\/www.naturparkmagazin.de\/stechlin\/sanierung-des-magistratssee-startet\/#breadcrumb\",\"itemListElement\":[{\"@type\":\"ListItem\",\"position\":1,\"name\":\"Home\",\"item\":\"https:\/\/www.naturparkmagazin.de\/stechlin\/\"},{\"@type\":\"ListItem\",\"position\":2,\"name\":\"Sanierung des Magistratssee startet\"}]},{\"@type\":\"WebSite\",\"@id\":\"https:\/\/www.naturparkmagazin.de\/stechlin\/#website\",\"url\":\"https:\/\/www.naturparkmagazin.de\/stechlin\/\",\"name\":\"Naturpark Stechlin-Ruppiner Land\",\"description\":\"\",\"potentialAction\":[{\"@type\":\"SearchAction\",\"target\":{\"@type\":\"EntryPoint\",\"urlTemplate\":\"https:\/\/www.naturparkmagazin.de\/stechlin\/?s={search_term_string}\"},\"query-input\":\"required name=search_term_string\"}],\"inLanguage\":\"de\"},{\"@type\":\"Person\",\"@id\":\"https:\/\/www.naturparkmagazin.de\/stechlin\/#\/schema\/person\/3f0d93203df21c806dd63c76d9bb28bc\",\"name\":\"marioschrumpf\",\"url\":\"https:\/\/www.naturparkmagazin.de\/stechlin\/author\/marioschrumpf\/\"}]}<\/script>\n<!-- \/ Yoast SEO plugin. -->","yoast_head_json":{"title":"Sanierung des Magistratssee startet - Naturpark Stechlin-Ruppiner Land","robots":{"index":"index","follow":"follow","max-snippet":"max-snippet:-1","max-image-preview":"max-image-preview:large","max-video-preview":"max-video-preview:-1"},"canonical":"https:\/\/www.naturparkmagazin.de\/stechlin\/sanierung-des-magistratssee-startet\/","og_locale":"de_DE","og_type":"article","og_title":"Sanierung des Magistratssee startet - Naturpark Stechlin-Ruppiner Land","og_description":"Bereits seit 2013 gibt es Bestrebungen den Magistratssee bei Lindow\/Mark zu sanieren. Jetzt ist es soweit!","og_url":"https:\/\/www.naturparkmagazin.de\/stechlin\/sanierung-des-magistratssee-startet\/","og_site_name":"Naturpark Stechlin-Ruppiner Land","article_published_time":"2019-08-16T12:06:01+00:00","article_modified_time":"2019-08-27T14:35:33+00:00","og_image":[{"width":200,"height":200,"url":"https:\/\/www.naturparkmagazin.de\/stechlin\/wp-content\/uploads\/sites\/38\/P8054042_aufm.jpg","type":"image\/jpeg"}],"author":"marioschrumpf","twitter_misc":{"Verfasst von":"marioschrumpf","Gesch\u00e4tzte Lesezeit":"2\u00a0Minuten"},"schema":{"@context":"https:\/\/schema.org","@graph":[{"@type":"WebPage","@id":"https:\/\/www.naturparkmagazin.de\/stechlin\/sanierung-des-magistratssee-startet\/","url":"https:\/\/www.naturparkmagazin.de\/stechlin\/sanierung-des-magistratssee-startet\/","name":"Sanierung des Magistratssee startet - Naturpark Stechlin-Ruppiner Land","isPartOf":{"@id":"https:\/\/www.naturparkmagazin.de\/stechlin\/#website"},"datePublished":"2019-08-16T12:06:01+00:00","dateModified":"2019-08-27T14:35:33+00:00","author":{"@id":"https:\/\/www.naturparkmagazin.de\/stechlin\/#\/schema\/person\/3f0d93203df21c806dd63c76d9bb28bc"},"breadcrumb":{"@id":"https:\/\/www.naturparkmagazin.de\/stechlin\/sanierung-des-magistratssee-startet\/#breadcrumb"},"inLanguage":"de","potentialAction":[{"@type":"ReadAction","target":["https:\/\/www.naturparkmagazin.de\/stechlin\/sanierung-des-magistratssee-startet\/"]}]},{"@type":"BreadcrumbList","@id":"https:\/\/www.naturparkmagazin.de\/stechlin\/sanierung-des-magistratssee-startet\/#breadcrumb","itemListElement":[{"@type":"ListItem","position":1,"name":"Home","item":"https:\/\/www.naturparkmagazin.de\/stechlin\/"},{"@type":"ListItem","position":2,"name":"Sanierung des Magistratssee startet"}]},{"@type":"WebSite","@id":"https:\/\/www.naturparkmagazin.de\/stechlin\/#website","url":"https:\/\/www.naturparkmagazin.de\/stechlin\/","name":"Naturpark Stechlin-Ruppiner Land","description":"","potentialAction":[{"@type":"SearchAction","target":{"@type":"EntryPoint","urlTemplate":"https:\/\/www.naturparkmagazin.de\/stechlin\/?s={search_term_string}"},"query-input":"required name=search_term_string"}],"inLanguage":"de"},{"@type":"Person","@id":"https:\/\/www.naturparkmagazin.de\/stechlin\/#\/schema\/person\/3f0d93203df21c806dd63c76d9bb28bc","name":"marioschrumpf","url":"https:\/\/www.naturparkmagazin.de\/stechlin\/author\/marioschrumpf\/"}]}},"_links":{"self":[{"href":"https:\/\/www.naturparkmagazin.de\/stechlin\/wp-json\/wp\/v2\/posts\/8722"}],"collection":[{"href":"https:\/\/www.naturparkmagazin.de\/stechlin\/wp-json\/wp\/v2\/posts"}],"about":[{"href":"https:\/\/www.naturparkmagazin.de\/stechlin\/wp-json\/wp\/v2\/types\/post"}],"author":[{"embeddable":true,"href":"https:\/\/www.naturparkmagazin.de\/stechlin\/wp-json\/wp\/v2\/users\/39"}],"replies":[{"embeddable":true,"href":"https:\/\/www.naturparkmagazin.de\/stechlin\/wp-json\/wp\/v2\/comments?post=8722"}],"version-history":[{"count":6,"href":"https:\/\/www.naturparkmagazin.de\/stechlin\/wp-json\/wp\/v2\/posts\/8722\/revisions"}],"predecessor-version":[{"id":8769,"href":"https:\/\/www.naturparkmagazin.de\/stechlin\/wp-json\/wp\/v2\/posts\/8722\/revisions\/8769"}],"wp:featuredmedia":[{"embeddable":true,"href":"https:\/\/www.naturparkmagazin.de\/stechlin\/wp-json\/wp\/v2\/media\/8726"}],"wp:attachment":[{"href":"https:\/\/www.naturparkmagazin.de\/stechlin\/wp-json\/wp\/v2\/media?parent=8722"}],"wp:term":[{"taxonomy":"category","embeddable":true,"href":"https:\/\/www.naturparkmagazin.de\/stechlin\/wp-json\/wp\/v2\/categories?post=8722"},{"taxonomy":"post_tag","embeddable":true,"href":"https:\/\/www.naturparkmagazin.de\/stechlin\/wp-json\/wp\/v2\/tags?post=8722"}],"curies":[{"name":"wp","href":"https:\/\/api.w.org\/{rel}","templated":true}]}}