{"id":8779,"date":"2019-09-20T14:50:01","date_gmt":"2019-09-20T12:50:01","guid":{"rendered":"https:\/\/www.naturparkmagazin.de\/stechlin\/?p=8779"},"modified":"2019-09-20T15:32:52","modified_gmt":"2019-09-20T13:32:52","slug":"menzer-naturparkschule-besucht-rheinsberger-preussenquelle","status":"publish","type":"post","link":"https:\/\/www.naturparkmagazin.de\/stechlin\/menzer-naturparkschule-besucht-rheinsberger-preussenquelle\/","title":{"rendered":"Menzer Naturparkschule besucht Rheinsberger Preussenquelle"},"content":{"rendered":"<p>10 Sch\u00fcler der Theodor-Fontane-Schule Menz haben sich in Rheinsberg mit dem Thema Wasser besch\u00e4ftigt.<\/p>\n<p>Im Rahmen des Umweltprojekttages an der Naturparkschule besuchten die Sch\u00fcler der 3., 5. und 6. Klasse die Rheinsberger Preussenquelle. In Begleitung vom Naturparkleiter Dr. Mario Schrumpf gingen die Sch\u00fcler der Frage nach, wie kommt das Bio-Mineralwasser in die Flasche.<\/p>\n<p>Am Anfang stand die Besichtigung des 180 Meter tiefen Brunnens in der N\u00e4he des Schlossparkes auf dem Programm.<\/p>\n<div id=\"attachment_8806\" style=\"width: 310px\" class=\"wp-caption aligncenter\"><a href=\"https:\/\/www.naturparkmagazin.de\/stechlin\/wp-content\/uploads\/sites\/38\/brunnen.jpg\"><img aria-describedby=\"caption-attachment-8806\" decoding=\"async\" loading=\"lazy\" class=\"size-thumbnail wp-image-8806\" src=\"https:\/\/www.naturparkmagazin.de\/stechlin\/wp-content\/uploads\/sites\/38\/brunnen-300x180.jpg\" alt=\"Am Anfang wurde der 180 m tiefe Brunnen der Preussenquelle besucht.\" width=\"300\" height=\"180\" srcset=\"https:\/\/www.naturparkmagazin.de\/stechlin\/wp-content\/uploads\/sites\/38\/brunnen-300x180.jpg 300w, https:\/\/www.naturparkmagazin.de\/stechlin\/wp-content\/uploads\/sites\/38\/brunnen.jpg 500w, https:\/\/www.naturparkmagazin.de\/stechlin\/wp-content\/uploads\/sites\/38\/brunnen-200x120.jpg 200w\" sizes=\"(max-width: 300px) 100vw, 300px\" \/><\/a><p id=\"caption-attachment-8806\" class=\"wp-caption-text\">Am Anfang wurde der 180 m tiefe Brunnen der Preussenquelle besucht.<\/p><\/div>\n<p>Per pedes wurde der Weg des Wassers bis in das Gewerbegebiet verfolgt. Bei einer Verkostung des originalen Quellwassers lernten die Sch\u00fcler, dass das Wasser aufgrund des Eisengehaltes nicht schmeckt. Erst die Entfernung des Eisens mit Sauerstoff und Sandfilter sorgt f\u00fcr einen angenehmen Geschmack.<\/p>\n<div id=\"attachment_8805\" style=\"width: 310px\" class=\"wp-caption aligncenter\"><a href=\"https:\/\/www.naturparkmagazin.de\/stechlin\/wp-content\/uploads\/sites\/38\/verkostung.jpg\"><img aria-describedby=\"caption-attachment-8805\" decoding=\"async\" loading=\"lazy\" class=\"size-thumbnail wp-image-8805\" src=\"https:\/\/www.naturparkmagazin.de\/stechlin\/wp-content\/uploads\/sites\/38\/verkostung-300x180.jpg\" alt=\"Verkostung unterschiedlicher Mineralw\u00e4sser\" width=\"300\" height=\"180\" srcset=\"https:\/\/www.naturparkmagazin.de\/stechlin\/wp-content\/uploads\/sites\/38\/verkostung-300x180.jpg 300w, https:\/\/www.naturparkmagazin.de\/stechlin\/wp-content\/uploads\/sites\/38\/verkostung.jpg 500w, https:\/\/www.naturparkmagazin.de\/stechlin\/wp-content\/uploads\/sites\/38\/verkostung-200x120.jpg 200w\" sizes=\"(max-width: 300px) 100vw, 300px\" \/><\/a><p id=\"caption-attachment-8805\" class=\"wp-caption-text\">Verkostung unterschiedlicher Mineralw\u00e4sser<\/p><\/div>\n<p>In der Abf\u00fcllanlage konnten alle hautnah miterleben, wie das Wasser in die Flasche kommt.<\/p>\n<div id=\"attachment_8803\" style=\"width: 310px\" class=\"wp-caption aligncenter\"><a href=\"https:\/\/www.naturparkmagazin.de\/stechlin\/wp-content\/uploads\/sites\/38\/abf\u00fcllanlage.jpg\"><img aria-describedby=\"caption-attachment-8803\" decoding=\"async\" loading=\"lazy\" class=\"size-thumbnail wp-image-8803\" src=\"https:\/\/www.naturparkmagazin.de\/stechlin\/wp-content\/uploads\/sites\/38\/abf\u00fcllanlage-300x180.jpg\" alt=\"Wie kommt das Wasser in die Flasche?\" width=\"300\" height=\"180\" srcset=\"https:\/\/www.naturparkmagazin.de\/stechlin\/wp-content\/uploads\/sites\/38\/abf\u00fcllanlage-300x180.jpg 300w, https:\/\/www.naturparkmagazin.de\/stechlin\/wp-content\/uploads\/sites\/38\/abf\u00fcllanlage.jpg 500w, https:\/\/www.naturparkmagazin.de\/stechlin\/wp-content\/uploads\/sites\/38\/abf\u00fcllanlage-200x120.jpg 200w\" sizes=\"(max-width: 300px) 100vw, 300px\" \/><\/a><p id=\"caption-attachment-8803\" class=\"wp-caption-text\">Wie kommt das Wasser in die Flasche?<\/p><\/div>\n<p>Zum Abschluss durfte sich jeder eine Flasche Mineralwasser seiner Wahl mitnehmen.<\/p>\n<div id=\"attachment_8802\" style=\"width: 310px\" class=\"wp-caption aligncenter\"><a href=\"https:\/\/www.naturparkmagazin.de\/stechlin\/wp-content\/uploads\/sites\/38\/diskussion.jpg\"><img aria-describedby=\"caption-attachment-8802\" decoding=\"async\" loading=\"lazy\" class=\"size-thumbnail wp-image-8802\" src=\"https:\/\/www.naturparkmagazin.de\/stechlin\/wp-content\/uploads\/sites\/38\/diskussion-300x180.jpg\" alt=\"Diskussion mit dem Gesch\u00e4ftsf\u00fchrer Frank Stieldorf \u00fcber Wasser\" width=\"300\" height=\"180\" srcset=\"https:\/\/www.naturparkmagazin.de\/stechlin\/wp-content\/uploads\/sites\/38\/diskussion-300x180.jpg 300w, https:\/\/www.naturparkmagazin.de\/stechlin\/wp-content\/uploads\/sites\/38\/diskussion.jpg 500w, https:\/\/www.naturparkmagazin.de\/stechlin\/wp-content\/uploads\/sites\/38\/diskussion-200x120.jpg 200w\" sizes=\"(max-width: 300px) 100vw, 300px\" \/><\/a><p id=\"caption-attachment-8802\" class=\"wp-caption-text\">Diskussion mit dem Gesch\u00e4ftsf\u00fchrer Frank Stieldorf \u00fcber Wasser<\/p><\/div>\n","protected":false},"excerpt":{"rendered":"<p>10 Sch\u00fcler der Theodor-Fontane-Schule Menz haben sich in Rheinsberg mit dem Thema Wasser besch\u00e4ftigt.<\/p>\n","protected":false},"author":39,"featured_media":8804,"comment_status":"open","ping_status":"open","sticky":false,"template":"","format":"standard","meta":[],"categories":[7],"tags":[],"yoast_head":"<!-- This site is optimized with the Yoast SEO plugin v19.10 - https:\/\/yoast.com\/wordpress\/plugins\/seo\/ -->\n<title>Menzer Naturparkschule besucht Rheinsberger Preussenquelle - Naturpark Stechlin-Ruppiner Land<\/title>\n<meta name=\"robots\" content=\"index, follow, max-snippet:-1, max-image-preview:large, max-video-preview:-1\" \/>\n<link rel=\"canonical\" href=\"https:\/\/www.naturparkmagazin.de\/stechlin\/menzer-naturparkschule-besucht-rheinsberger-preussenquelle\/\" \/>\n<meta property=\"og:locale\" content=\"de_DE\" \/>\n<meta property=\"og:type\" content=\"article\" \/>\n<meta property=\"og:title\" content=\"Menzer Naturparkschule besucht Rheinsberger Preussenquelle - Naturpark Stechlin-Ruppiner Land\" \/>\n<meta property=\"og:description\" content=\"10 Sch\u00fcler der Theodor-Fontane-Schule Menz haben sich in Rheinsberg mit dem Thema Wasser besch\u00e4ftigt.\" \/>\n<meta property=\"og:url\" content=\"https:\/\/www.naturparkmagazin.de\/stechlin\/menzer-naturparkschule-besucht-rheinsberger-preussenquelle\/\" \/>\n<meta property=\"og:site_name\" content=\"Naturpark Stechlin-Ruppiner Land\" \/>\n<meta property=\"article:published_time\" content=\"2019-09-20T12:50:01+00:00\" \/>\n<meta property=\"article:modified_time\" content=\"2019-09-20T13:32:52+00:00\" \/>\n<meta property=\"og:image\" content=\"https:\/\/www.naturparkmagazin.de\/stechlin\/wp-content\/uploads\/sites\/38\/aufmacher_umweltaktionstag.jpg\" \/>\n\t<meta property=\"og:image:width\" content=\"200\" \/>\n\t<meta property=\"og:image:height\" content=\"200\" \/>\n\t<meta property=\"og:image:type\" content=\"image\/jpeg\" \/>\n<meta name=\"author\" content=\"marioschrumpf\" \/>\n<meta name=\"twitter:label1\" content=\"Verfasst von\" \/>\n\t<meta name=\"twitter:data1\" content=\"marioschrumpf\" \/>\n\t<meta name=\"twitter:label2\" content=\"Gesch\u00e4tzte Lesezeit\" \/>\n\t<meta name=\"twitter:data2\" content=\"1\u00a0Minute\" \/>\n<script type=\"application\/ld+json\" class=\"yoast-schema-graph\">{\"@context\":\"https:\/\/schema.org\",\"@graph\":[{\"@type\":\"WebPage\",\"@id\":\"https:\/\/www.naturparkmagazin.de\/stechlin\/menzer-naturparkschule-besucht-rheinsberger-preussenquelle\/\",\"url\":\"https:\/\/www.naturparkmagazin.de\/stechlin\/menzer-naturparkschule-besucht-rheinsberger-preussenquelle\/\",\"name\":\"Menzer Naturparkschule besucht Rheinsberger Preussenquelle - Naturpark Stechlin-Ruppiner Land\",\"isPartOf\":{\"@id\":\"https:\/\/www.naturparkmagazin.de\/stechlin\/#website\"},\"datePublished\":\"2019-09-20T12:50:01+00:00\",\"dateModified\":\"2019-09-20T13:32:52+00:00\",\"author\":{\"@id\":\"https:\/\/www.naturparkmagazin.de\/stechlin\/#\/schema\/person\/3f0d93203df21c806dd63c76d9bb28bc\"},\"breadcrumb\":{\"@id\":\"https:\/\/www.naturparkmagazin.de\/stechlin\/menzer-naturparkschule-besucht-rheinsberger-preussenquelle\/#breadcrumb\"},\"inLanguage\":\"de\",\"potentialAction\":[{\"@type\":\"ReadAction\",\"target\":[\"https:\/\/www.naturparkmagazin.de\/stechlin\/menzer-naturparkschule-besucht-rheinsberger-preussenquelle\/\"]}]},{\"@type\":\"BreadcrumbList\",\"@id\":\"https:\/\/www.naturparkmagazin.de\/stechlin\/menzer-naturparkschule-besucht-rheinsberger-preussenquelle\/#breadcrumb\",\"itemListElement\":[{\"@type\":\"ListItem\",\"position\":1,\"name\":\"Home\",\"item\":\"https:\/\/www.naturparkmagazin.de\/stechlin\/\"},{\"@type\":\"ListItem\",\"position\":2,\"name\":\"Menzer Naturparkschule besucht Rheinsberger Preussenquelle\"}]},{\"@type\":\"WebSite\",\"@id\":\"https:\/\/www.naturparkmagazin.de\/stechlin\/#website\",\"url\":\"https:\/\/www.naturparkmagazin.de\/stechlin\/\",\"name\":\"Naturpark Stechlin-Ruppiner Land\",\"description\":\"\",\"potentialAction\":[{\"@type\":\"SearchAction\",\"target\":{\"@type\":\"EntryPoint\",\"urlTemplate\":\"https:\/\/www.naturparkmagazin.de\/stechlin\/?s={search_term_string}\"},\"query-input\":\"required name=search_term_string\"}],\"inLanguage\":\"de\"},{\"@type\":\"Person\",\"@id\":\"https:\/\/www.naturparkmagazin.de\/stechlin\/#\/schema\/person\/3f0d93203df21c806dd63c76d9bb28bc\",\"name\":\"marioschrumpf\",\"url\":\"https:\/\/www.naturparkmagazin.de\/stechlin\/author\/marioschrumpf\/\"}]}<\/script>\n<!-- \/ Yoast SEO plugin. -->","yoast_head_json":{"title":"Menzer Naturparkschule besucht Rheinsberger Preussenquelle - Naturpark Stechlin-Ruppiner Land","robots":{"index":"index","follow":"follow","max-snippet":"max-snippet:-1","max-image-preview":"max-image-preview:large","max-video-preview":"max-video-preview:-1"},"canonical":"https:\/\/www.naturparkmagazin.de\/stechlin\/menzer-naturparkschule-besucht-rheinsberger-preussenquelle\/","og_locale":"de_DE","og_type":"article","og_title":"Menzer Naturparkschule besucht Rheinsberger Preussenquelle - Naturpark Stechlin-Ruppiner Land","og_description":"10 Sch\u00fcler der Theodor-Fontane-Schule Menz haben sich in Rheinsberg mit dem Thema Wasser besch\u00e4ftigt.","og_url":"https:\/\/www.naturparkmagazin.de\/stechlin\/menzer-naturparkschule-besucht-rheinsberger-preussenquelle\/","og_site_name":"Naturpark Stechlin-Ruppiner Land","article_published_time":"2019-09-20T12:50:01+00:00","article_modified_time":"2019-09-20T13:32:52+00:00","og_image":[{"width":200,"height":200,"url":"https:\/\/www.naturparkmagazin.de\/stechlin\/wp-content\/uploads\/sites\/38\/aufmacher_umweltaktionstag.jpg","type":"image\/jpeg"}],"author":"marioschrumpf","twitter_misc":{"Verfasst von":"marioschrumpf","Gesch\u00e4tzte Lesezeit":"1\u00a0Minute"},"schema":{"@context":"https:\/\/schema.org","@graph":[{"@type":"WebPage","@id":"https:\/\/www.naturparkmagazin.de\/stechlin\/menzer-naturparkschule-besucht-rheinsberger-preussenquelle\/","url":"https:\/\/www.naturparkmagazin.de\/stechlin\/menzer-naturparkschule-besucht-rheinsberger-preussenquelle\/","name":"Menzer Naturparkschule besucht Rheinsberger Preussenquelle - Naturpark Stechlin-Ruppiner Land","isPartOf":{"@id":"https:\/\/www.naturparkmagazin.de\/stechlin\/#website"},"datePublished":"2019-09-20T12:50:01+00:00","dateModified":"2019-09-20T13:32:52+00:00","author":{"@id":"https:\/\/www.naturparkmagazin.de\/stechlin\/#\/schema\/person\/3f0d93203df21c806dd63c76d9bb28bc"},"breadcrumb":{"@id":"https:\/\/www.naturparkmagazin.de\/stechlin\/menzer-naturparkschule-besucht-rheinsberger-preussenquelle\/#breadcrumb"},"inLanguage":"de","potentialAction":[{"@type":"ReadAction","target":["https:\/\/www.naturparkmagazin.de\/stechlin\/menzer-naturparkschule-besucht-rheinsberger-preussenquelle\/"]}]},{"@type":"BreadcrumbList","@id":"https:\/\/www.naturparkmagazin.de\/stechlin\/menzer-naturparkschule-besucht-rheinsberger-preussenquelle\/#breadcrumb","itemListElement":[{"@type":"ListItem","position":1,"name":"Home","item":"https:\/\/www.naturparkmagazin.de\/stechlin\/"},{"@type":"ListItem","position":2,"name":"Menzer Naturparkschule besucht Rheinsberger Preussenquelle"}]},{"@type":"WebSite","@id":"https:\/\/www.naturparkmagazin.de\/stechlin\/#website","url":"https:\/\/www.naturparkmagazin.de\/stechlin\/","name":"Naturpark Stechlin-Ruppiner Land","description":"","potentialAction":[{"@type":"SearchAction","target":{"@type":"EntryPoint","urlTemplate":"https:\/\/www.naturparkmagazin.de\/stechlin\/?s={search_term_string}"},"query-input":"required name=search_term_string"}],"inLanguage":"de"},{"@type":"Person","@id":"https:\/\/www.naturparkmagazin.de\/stechlin\/#\/schema\/person\/3f0d93203df21c806dd63c76d9bb28bc","name":"marioschrumpf","url":"https:\/\/www.naturparkmagazin.de\/stechlin\/author\/marioschrumpf\/"}]}},"_links":{"self":[{"href":"https:\/\/www.naturparkmagazin.de\/stechlin\/wp-json\/wp\/v2\/posts\/8779"}],"collection":[{"href":"https:\/\/www.naturparkmagazin.de\/stechlin\/wp-json\/wp\/v2\/posts"}],"about":[{"href":"https:\/\/www.naturparkmagazin.de\/stechlin\/wp-json\/wp\/v2\/types\/post"}],"author":[{"embeddable":true,"href":"https:\/\/www.naturparkmagazin.de\/stechlin\/wp-json\/wp\/v2\/users\/39"}],"replies":[{"embeddable":true,"href":"https:\/\/www.naturparkmagazin.de\/stechlin\/wp-json\/wp\/v2\/comments?post=8779"}],"version-history":[{"count":4,"href":"https:\/\/www.naturparkmagazin.de\/stechlin\/wp-json\/wp\/v2\/posts\/8779\/revisions"}],"predecessor-version":[{"id":8807,"href":"https:\/\/www.naturparkmagazin.de\/stechlin\/wp-json\/wp\/v2\/posts\/8779\/revisions\/8807"}],"wp:featuredmedia":[{"embeddable":true,"href":"https:\/\/www.naturparkmagazin.de\/stechlin\/wp-json\/wp\/v2\/media\/8804"}],"wp:attachment":[{"href":"https:\/\/www.naturparkmagazin.de\/stechlin\/wp-json\/wp\/v2\/media?parent=8779"}],"wp:term":[{"taxonomy":"category","embeddable":true,"href":"https:\/\/www.naturparkmagazin.de\/stechlin\/wp-json\/wp\/v2\/categories?post=8779"},{"taxonomy":"post_tag","embeddable":true,"href":"https:\/\/www.naturparkmagazin.de\/stechlin\/wp-json\/wp\/v2\/tags?post=8779"}],"curies":[{"name":"wp","href":"https:\/\/api.w.org\/{rel}","templated":true}]}}