{"id":8788,"date":"2019-09-20T15:25:24","date_gmt":"2019-09-20T13:25:24","guid":{"rendered":"https:\/\/www.naturparkmagazin.de\/stechlin\/?p=8788"},"modified":"2025-06-19T13:49:40","modified_gmt":"2025-06-19T11:49:40","slug":"nur-eine-wiese-naturfotoausstellung","status":"publish","type":"post","link":"https:\/\/www.naturparkmagazin.de\/stechlin\/nur-eine-wiese-naturfotoausstellung\/","title":{"rendered":"Nur eine Wiese &#8211; Naturfotoausstellung (2019)"},"content":{"rendered":"<div id=\"attachment_8800\" style=\"width: 310px\" class=\"wp-caption aligncenter\"><a href=\"https:\/\/www.naturparkmagazin.de\/stechlin\/wp-content\/uploads\/sites\/38\/Tautropfen.jpg\"><img aria-describedby=\"caption-attachment-8800\" decoding=\"async\" loading=\"lazy\" class=\"size-thumbnail wp-image-8800\" src=\"https:\/\/www.naturparkmagazin.de\/stechlin\/wp-content\/uploads\/sites\/38\/Tautropfen-300x180.jpg\" alt=\"Die Welt im Tautropfen\" width=\"300\" height=\"180\" srcset=\"https:\/\/www.naturparkmagazin.de\/stechlin\/wp-content\/uploads\/sites\/38\/Tautropfen-300x180.jpg 300w, https:\/\/www.naturparkmagazin.de\/stechlin\/wp-content\/uploads\/sites\/38\/Tautropfen.jpg 500w, https:\/\/www.naturparkmagazin.de\/stechlin\/wp-content\/uploads\/sites\/38\/Tautropfen-200x120.jpg 200w\" sizes=\"(max-width: 300px) 100vw, 300px\" \/><\/a><p id=\"caption-attachment-8800\" class=\"wp-caption-text\">Die Welt im Tautropfen<\/p><\/div>\n<p>Im Beisein der Fotografin Dr. Cornelia M\u00fcller wurde am 6. September eine neue Fotoausstellung in Menz er\u00f6ffnet.<\/p>\n<div id=\"attachment_8799\" style=\"width: 310px\" class=\"wp-caption aligncenter\"><a href=\"https:\/\/www.naturparkmagazin.de\/stechlin\/wp-content\/uploads\/sites\/38\/begr\u00fcssung.jpg\"><img aria-describedby=\"caption-attachment-8799\" decoding=\"async\" loading=\"lazy\" class=\"size-thumbnail wp-image-8799\" src=\"https:\/\/www.naturparkmagazin.de\/stechlin\/wp-content\/uploads\/sites\/38\/begr\u00fcssung-300x180.jpg\" alt=\"Cornelia M\u00fcller und Naturparkleiter Mario Schrumpf begr\u00fc\u00dfen die G\u00e4ste\" width=\"300\" height=\"180\" srcset=\"https:\/\/www.naturparkmagazin.de\/stechlin\/wp-content\/uploads\/sites\/38\/begr\u00fcssung-300x180.jpg 300w, https:\/\/www.naturparkmagazin.de\/stechlin\/wp-content\/uploads\/sites\/38\/begr\u00fcssung.jpg 500w, https:\/\/www.naturparkmagazin.de\/stechlin\/wp-content\/uploads\/sites\/38\/begr\u00fcssung-200x120.jpg 200w\" sizes=\"(max-width: 300px) 100vw, 300px\" \/><\/a><p id=\"caption-attachment-8799\" class=\"wp-caption-text\">Cornelia M\u00fcller und Naturparkleiter Mario Schrumpf begr\u00fc\u00dfen die G\u00e4ste<\/p><\/div>\n<p>Die Bilder sind zwischen 2016 und 2019 auf einer 500 m\u00b2 gro\u00dfen Wiese mit Teich und Geb\u00fcsch in Brandenburg an der Havel entstanden.<\/p>\n<div id=\"attachment_8798\" style=\"width: 310px\" class=\"wp-caption aligncenter\"><a href=\"https:\/\/www.naturparkmagazin.de\/stechlin\/wp-content\/uploads\/sites\/38\/er\u00f6ffnung.jpg\"><img aria-describedby=\"caption-attachment-8798\" decoding=\"async\" loading=\"lazy\" class=\"size-thumbnail wp-image-8798\" src=\"https:\/\/www.naturparkmagazin.de\/stechlin\/wp-content\/uploads\/sites\/38\/er\u00f6ffnung-300x180.jpg\" alt=\"Das Interesse an der Ausstellungser\u00f6ffnung war gro\u00df\" width=\"300\" height=\"180\" srcset=\"https:\/\/www.naturparkmagazin.de\/stechlin\/wp-content\/uploads\/sites\/38\/er\u00f6ffnung-300x180.jpg 300w, https:\/\/www.naturparkmagazin.de\/stechlin\/wp-content\/uploads\/sites\/38\/er\u00f6ffnung.jpg 500w, https:\/\/www.naturparkmagazin.de\/stechlin\/wp-content\/uploads\/sites\/38\/er\u00f6ffnung-200x120.jpg 200w\" sizes=\"(max-width: 300px) 100vw, 300px\" \/><\/a><p id=\"caption-attachment-8798\" class=\"wp-caption-text\">Das Interesse an der Ausstellungser\u00f6ffnung war gro\u00df<\/p><\/div>\n<p>Sie zeigen, dass auch der kleinste Fleck Natur wundersch\u00f6ne Entdeckungen bereit h\u00e4lt f\u00fcr den, der sich die Zeit nimmt, sie zu erkennen.<\/p>\n<div id=\"attachment_8797\" style=\"width: 310px\" class=\"wp-caption aligncenter\"><a href=\"https:\/\/www.naturparkmagazin.de\/stechlin\/wp-content\/uploads\/sites\/38\/cornelia-m\u00fcller.jpg\"><img aria-describedby=\"caption-attachment-8797\" decoding=\"async\" loading=\"lazy\" class=\"size-thumbnail wp-image-8797\" src=\"https:\/\/www.naturparkmagazin.de\/stechlin\/wp-content\/uploads\/sites\/38\/cornelia-m\u00fcller-300x180.jpg\" alt=\"Cornelia M\u00fcller (rechts) im Gespr\u00e4ch mit Ausstellungsbesuchern\" width=\"300\" height=\"180\" srcset=\"https:\/\/www.naturparkmagazin.de\/stechlin\/wp-content\/uploads\/sites\/38\/cornelia-m\u00fcller-300x180.jpg 300w, https:\/\/www.naturparkmagazin.de\/stechlin\/wp-content\/uploads\/sites\/38\/cornelia-m\u00fcller.jpg 500w, https:\/\/www.naturparkmagazin.de\/stechlin\/wp-content\/uploads\/sites\/38\/cornelia-m\u00fcller-200x120.jpg 200w\" sizes=\"(max-width: 300px) 100vw, 300px\" \/><\/a><p id=\"caption-attachment-8797\" class=\"wp-caption-text\">Cornelia M\u00fcller (rechts) im Gespr\u00e4ch mit Ausstellungsbesuchern<\/p><\/div>\n<p>Die Ausstellung ist noch bis zum 27.10.2019 zu sehen.<\/p>\n<p>Bitte im benachbarten NaturParkHaus melden. Der Eintritt ist frei! Herzlich willkommen.<\/p>\n","protected":false},"excerpt":{"rendered":"<p>Im Beisein der Fotografin Dr. Cornelia M\u00fcller wurde am 6. September eine neue Fotoausstellung in Menz er\u00f6ffnet.<\/p>\n","protected":false},"author":39,"featured_media":8796,"comment_status":"open","ping_status":"open","sticky":false,"template":"","format":"standard","meta":[],"categories":[11],"tags":[],"yoast_head":"<!-- This site is optimized with the Yoast SEO plugin v19.10 - https:\/\/yoast.com\/wordpress\/plugins\/seo\/ -->\n<title>Nur eine Wiese - Naturfotoausstellung (2019) - Naturpark Stechlin-Ruppiner Land<\/title>\n<meta name=\"robots\" content=\"index, follow, max-snippet:-1, max-image-preview:large, max-video-preview:-1\" \/>\n<link rel=\"canonical\" href=\"https:\/\/www.naturparkmagazin.de\/stechlin\/nur-eine-wiese-naturfotoausstellung\/\" \/>\n<meta property=\"og:locale\" content=\"de_DE\" \/>\n<meta property=\"og:type\" content=\"article\" \/>\n<meta property=\"og:title\" content=\"Nur eine Wiese - Naturfotoausstellung (2019) - Naturpark Stechlin-Ruppiner Land\" \/>\n<meta property=\"og:description\" content=\"Im Beisein der Fotografin Dr. Cornelia M\u00fcller wurde am 6. September eine neue Fotoausstellung in Menz er\u00f6ffnet.\" \/>\n<meta property=\"og:url\" content=\"https:\/\/www.naturparkmagazin.de\/stechlin\/nur-eine-wiese-naturfotoausstellung\/\" \/>\n<meta property=\"og:site_name\" content=\"Naturpark Stechlin-Ruppiner Land\" \/>\n<meta property=\"article:published_time\" content=\"2019-09-20T13:25:24+00:00\" \/>\n<meta property=\"article:modified_time\" content=\"2025-06-19T11:49:40+00:00\" \/>\n<meta property=\"og:image\" content=\"https:\/\/www.naturparkmagazin.de\/stechlin\/wp-content\/uploads\/sites\/38\/feder.jpg\" \/>\n\t<meta property=\"og:image:width\" content=\"200\" \/>\n\t<meta property=\"og:image:height\" content=\"200\" \/>\n\t<meta property=\"og:image:type\" content=\"image\/jpeg\" \/>\n<meta name=\"author\" content=\"marioschrumpf\" \/>\n<meta name=\"twitter:label1\" content=\"Verfasst von\" \/>\n\t<meta name=\"twitter:data1\" content=\"marioschrumpf\" \/>\n\t<meta name=\"twitter:label2\" content=\"Gesch\u00e4tzte Lesezeit\" \/>\n\t<meta name=\"twitter:data2\" content=\"1\u00a0Minute\" \/>\n<script type=\"application\/ld+json\" class=\"yoast-schema-graph\">{\"@context\":\"https:\/\/schema.org\",\"@graph\":[{\"@type\":\"WebPage\",\"@id\":\"https:\/\/www.naturparkmagazin.de\/stechlin\/nur-eine-wiese-naturfotoausstellung\/\",\"url\":\"https:\/\/www.naturparkmagazin.de\/stechlin\/nur-eine-wiese-naturfotoausstellung\/\",\"name\":\"Nur eine Wiese - Naturfotoausstellung (2019) - Naturpark Stechlin-Ruppiner Land\",\"isPartOf\":{\"@id\":\"https:\/\/www.naturparkmagazin.de\/stechlin\/#website\"},\"datePublished\":\"2019-09-20T13:25:24+00:00\",\"dateModified\":\"2025-06-19T11:49:40+00:00\",\"author\":{\"@id\":\"https:\/\/www.naturparkmagazin.de\/stechlin\/#\/schema\/person\/3f0d93203df21c806dd63c76d9bb28bc\"},\"breadcrumb\":{\"@id\":\"https:\/\/www.naturparkmagazin.de\/stechlin\/nur-eine-wiese-naturfotoausstellung\/#breadcrumb\"},\"inLanguage\":\"de\",\"potentialAction\":[{\"@type\":\"ReadAction\",\"target\":[\"https:\/\/www.naturparkmagazin.de\/stechlin\/nur-eine-wiese-naturfotoausstellung\/\"]}]},{\"@type\":\"BreadcrumbList\",\"@id\":\"https:\/\/www.naturparkmagazin.de\/stechlin\/nur-eine-wiese-naturfotoausstellung\/#breadcrumb\",\"itemListElement\":[{\"@type\":\"ListItem\",\"position\":1,\"name\":\"Home\",\"item\":\"https:\/\/www.naturparkmagazin.de\/stechlin\/\"},{\"@type\":\"ListItem\",\"position\":2,\"name\":\"Nur eine Wiese &#8211; Naturfotoausstellung (2019)\"}]},{\"@type\":\"WebSite\",\"@id\":\"https:\/\/www.naturparkmagazin.de\/stechlin\/#website\",\"url\":\"https:\/\/www.naturparkmagazin.de\/stechlin\/\",\"name\":\"Naturpark Stechlin-Ruppiner Land\",\"description\":\"\",\"potentialAction\":[{\"@type\":\"SearchAction\",\"target\":{\"@type\":\"EntryPoint\",\"urlTemplate\":\"https:\/\/www.naturparkmagazin.de\/stechlin\/?s={search_term_string}\"},\"query-input\":\"required name=search_term_string\"}],\"inLanguage\":\"de\"},{\"@type\":\"Person\",\"@id\":\"https:\/\/www.naturparkmagazin.de\/stechlin\/#\/schema\/person\/3f0d93203df21c806dd63c76d9bb28bc\",\"name\":\"marioschrumpf\",\"url\":\"https:\/\/www.naturparkmagazin.de\/stechlin\/author\/marioschrumpf\/\"}]}<\/script>\n<!-- \/ Yoast SEO plugin. -->","yoast_head_json":{"title":"Nur eine Wiese - Naturfotoausstellung (2019) - Naturpark Stechlin-Ruppiner Land","robots":{"index":"index","follow":"follow","max-snippet":"max-snippet:-1","max-image-preview":"max-image-preview:large","max-video-preview":"max-video-preview:-1"},"canonical":"https:\/\/www.naturparkmagazin.de\/stechlin\/nur-eine-wiese-naturfotoausstellung\/","og_locale":"de_DE","og_type":"article","og_title":"Nur eine Wiese - Naturfotoausstellung (2019) - Naturpark Stechlin-Ruppiner Land","og_description":"Im Beisein der Fotografin Dr. Cornelia M\u00fcller wurde am 6. September eine neue Fotoausstellung in Menz er\u00f6ffnet.","og_url":"https:\/\/www.naturparkmagazin.de\/stechlin\/nur-eine-wiese-naturfotoausstellung\/","og_site_name":"Naturpark Stechlin-Ruppiner Land","article_published_time":"2019-09-20T13:25:24+00:00","article_modified_time":"2025-06-19T11:49:40+00:00","og_image":[{"width":200,"height":200,"url":"https:\/\/www.naturparkmagazin.de\/stechlin\/wp-content\/uploads\/sites\/38\/feder.jpg","type":"image\/jpeg"}],"author":"marioschrumpf","twitter_misc":{"Verfasst von":"marioschrumpf","Gesch\u00e4tzte Lesezeit":"1\u00a0Minute"},"schema":{"@context":"https:\/\/schema.org","@graph":[{"@type":"WebPage","@id":"https:\/\/www.naturparkmagazin.de\/stechlin\/nur-eine-wiese-naturfotoausstellung\/","url":"https:\/\/www.naturparkmagazin.de\/stechlin\/nur-eine-wiese-naturfotoausstellung\/","name":"Nur eine Wiese - Naturfotoausstellung (2019) - Naturpark Stechlin-Ruppiner Land","isPartOf":{"@id":"https:\/\/www.naturparkmagazin.de\/stechlin\/#website"},"datePublished":"2019-09-20T13:25:24+00:00","dateModified":"2025-06-19T11:49:40+00:00","author":{"@id":"https:\/\/www.naturparkmagazin.de\/stechlin\/#\/schema\/person\/3f0d93203df21c806dd63c76d9bb28bc"},"breadcrumb":{"@id":"https:\/\/www.naturparkmagazin.de\/stechlin\/nur-eine-wiese-naturfotoausstellung\/#breadcrumb"},"inLanguage":"de","potentialAction":[{"@type":"ReadAction","target":["https:\/\/www.naturparkmagazin.de\/stechlin\/nur-eine-wiese-naturfotoausstellung\/"]}]},{"@type":"BreadcrumbList","@id":"https:\/\/www.naturparkmagazin.de\/stechlin\/nur-eine-wiese-naturfotoausstellung\/#breadcrumb","itemListElement":[{"@type":"ListItem","position":1,"name":"Home","item":"https:\/\/www.naturparkmagazin.de\/stechlin\/"},{"@type":"ListItem","position":2,"name":"Nur eine Wiese &#8211; Naturfotoausstellung (2019)"}]},{"@type":"WebSite","@id":"https:\/\/www.naturparkmagazin.de\/stechlin\/#website","url":"https:\/\/www.naturparkmagazin.de\/stechlin\/","name":"Naturpark Stechlin-Ruppiner Land","description":"","potentialAction":[{"@type":"SearchAction","target":{"@type":"EntryPoint","urlTemplate":"https:\/\/www.naturparkmagazin.de\/stechlin\/?s={search_term_string}"},"query-input":"required name=search_term_string"}],"inLanguage":"de"},{"@type":"Person","@id":"https:\/\/www.naturparkmagazin.de\/stechlin\/#\/schema\/person\/3f0d93203df21c806dd63c76d9bb28bc","name":"marioschrumpf","url":"https:\/\/www.naturparkmagazin.de\/stechlin\/author\/marioschrumpf\/"}]}},"_links":{"self":[{"href":"https:\/\/www.naturparkmagazin.de\/stechlin\/wp-json\/wp\/v2\/posts\/8788"}],"collection":[{"href":"https:\/\/www.naturparkmagazin.de\/stechlin\/wp-json\/wp\/v2\/posts"}],"about":[{"href":"https:\/\/www.naturparkmagazin.de\/stechlin\/wp-json\/wp\/v2\/types\/post"}],"author":[{"embeddable":true,"href":"https:\/\/www.naturparkmagazin.de\/stechlin\/wp-json\/wp\/v2\/users\/39"}],"replies":[{"embeddable":true,"href":"https:\/\/www.naturparkmagazin.de\/stechlin\/wp-json\/wp\/v2\/comments?post=8788"}],"version-history":[{"count":5,"href":"https:\/\/www.naturparkmagazin.de\/stechlin\/wp-json\/wp\/v2\/posts\/8788\/revisions"}],"predecessor-version":[{"id":17522,"href":"https:\/\/www.naturparkmagazin.de\/stechlin\/wp-json\/wp\/v2\/posts\/8788\/revisions\/17522"}],"wp:featuredmedia":[{"embeddable":true,"href":"https:\/\/www.naturparkmagazin.de\/stechlin\/wp-json\/wp\/v2\/media\/8796"}],"wp:attachment":[{"href":"https:\/\/www.naturparkmagazin.de\/stechlin\/wp-json\/wp\/v2\/media?parent=8788"}],"wp:term":[{"taxonomy":"category","embeddable":true,"href":"https:\/\/www.naturparkmagazin.de\/stechlin\/wp-json\/wp\/v2\/categories?post=8788"},{"taxonomy":"post_tag","embeddable":true,"href":"https:\/\/www.naturparkmagazin.de\/stechlin\/wp-json\/wp\/v2\/tags?post=8788"}],"curies":[{"name":"wp","href":"https:\/\/api.w.org\/{rel}","templated":true}]}}