{"id":8791,"date":"2019-09-20T15:31:37","date_gmt":"2019-09-20T13:31:37","guid":{"rendered":"https:\/\/www.naturparkmagazin.de\/stechlin\/?p=8791"},"modified":"2019-09-24T16:19:07","modified_gmt":"2019-09-24T14:19:07","slug":"startschuss-fuer-ein-neues-naturtouristisches-angebot","status":"publish","type":"post","link":"https:\/\/www.naturparkmagazin.de\/stechlin\/startschuss-fuer-ein-neues-naturtouristisches-angebot\/","title":{"rendered":"Startschuss f\u00fcr ein neues naturtouristisches Angebot"},"content":{"rendered":"<div id=\"attachment_8810\" style=\"width: 310px\" class=\"wp-caption aligncenter\"><a href=\"https:\/\/www.naturparkmagazin.de\/stechlin\/wp-content\/uploads\/sites\/38\/olaf-wolff.jpeg\"><img aria-describedby=\"caption-attachment-8810\" decoding=\"async\" loading=\"lazy\" class=\"size-thumbnail wp-image-8810\" src=\"https:\/\/www.naturparkmagazin.de\/stechlin\/wp-content\/uploads\/sites\/38\/olaf-wolff-300x180.jpeg\" alt=\"Olaf Wolff\" width=\"300\" height=\"180\" srcset=\"https:\/\/www.naturparkmagazin.de\/stechlin\/wp-content\/uploads\/sites\/38\/olaf-wolff-300x180.jpeg 300w, https:\/\/www.naturparkmagazin.de\/stechlin\/wp-content\/uploads\/sites\/38\/olaf-wolff.jpeg 500w, https:\/\/www.naturparkmagazin.de\/stechlin\/wp-content\/uploads\/sites\/38\/olaf-wolff-200x120.jpeg 200w\" sizes=\"(max-width: 300px) 100vw, 300px\" \/><\/a><p id=\"caption-attachment-8810\" class=\"wp-caption-text\">Olaf Wolff<\/p><\/div>\n<p>F\u00fcr den Natur- und Landschaftsf\u00fchrer und Betreiber des \u201eFitness-Studio-Natur\u201c (<a href=\"http:\/\/www.fitness-studio-natur\">www.fitness-studio-natur<\/a>) sowie Vorsitzenden des Fitness-TREFF-Natur e.V. Olaf Wolff nahm durch den Startschuss f\u00fcr den 1. Temnitzer-Heide-Lauf am 07. September 2019 eine Vision Gestalt an: Die Heide und das Amt Temnitz weiter natur- und gesundheitstouristisch zu erschlie\u00dfen.<\/p>\n<p>Und die Pr\u00e4miere ist gelungen. Fast 100 L\u00e4uferinnen und L\u00e4ufer waren dem Ruf der Veranstalter \u2013 der Spielervereinigung G\u00fchlen-Glienicke\/R\u00e4gelin, dem Fitness-TREFF-Natur e.V. und dem Amt Temnitz \u2013 gefolgt, um auf verschiedenen Distanzen und in unterschiedlichen Altersstufen um die besten Zeiten und Platzierungen zu wetteifern.<\/p>\n<p>Gerade in diesem Jahr habe es mit dem Start eines neuen Angebotes auf der Kyritz-Ruppiner-Heide einfach gepasst \u2013 zehn Jahre nach dem Verzicht der Bundesregierung auf milit\u00e4rische \u00dcbungen in der Heide sowie mit Blick auf den k\u00fcrzlich er\u00f6ffneten Aussichtsturm auf dem Sielmannh\u00fcgel, so Olaf Wolff.<\/p>\n<div id=\"attachment_8811\" style=\"width: 310px\" class=\"wp-caption aligncenter\"><a href=\"https:\/\/www.naturparkmagazin.de\/stechlin\/wp-content\/uploads\/sites\/38\/sielmann-turm.jpeg\"><img aria-describedby=\"caption-attachment-8811\" decoding=\"async\" loading=\"lazy\" class=\"size-thumbnail wp-image-8811\" src=\"https:\/\/www.naturparkmagazin.de\/stechlin\/wp-content\/uploads\/sites\/38\/sielmann-turm-300x180.jpeg\" alt=\"Laufstrecke in der Heide mit Sielmann-Turm im Hintergrund\" width=\"300\" height=\"180\" srcset=\"https:\/\/www.naturparkmagazin.de\/stechlin\/wp-content\/uploads\/sites\/38\/sielmann-turm-300x180.jpeg 300w, https:\/\/www.naturparkmagazin.de\/stechlin\/wp-content\/uploads\/sites\/38\/sielmann-turm.jpeg 500w, https:\/\/www.naturparkmagazin.de\/stechlin\/wp-content\/uploads\/sites\/38\/sielmann-turm-200x120.jpeg 200w\" sizes=\"(max-width: 300px) 100vw, 300px\" \/><\/a><p id=\"caption-attachment-8811\" class=\"wp-caption-text\">Laufstrecke in der Heide mit Sielmann-Turm im Hintergrund<\/p><\/div>\n<p>Nach dem Motto \u201eNach dem Lauf ist vor dem Lauf\u201c gehen die Veranstalter bereits jetzt in die Vorbereitungen des 2. Temnitzer-Heide-Laufs, der am 05. September 2020 stattfinden wird.<\/p>\n","protected":false},"excerpt":{"rendered":"<p>F\u00fcr den Natur- und Landschaftsf\u00fchrer und Betreiber des \u201eFitness-Studio-Natur\u201c (www.fitness-studio-natur) sowie Vorsitzenden des Fitness-TREFF-Natur e.V. Olaf Wolff nahm durch den Startschuss f\u00fcr den 1. Temnitzer-Heide-Lauf am 07. September 2019 eine Vision Gestalt an.<\/p>\n","protected":false},"author":39,"featured_media":8812,"comment_status":"open","ping_status":"open","sticky":false,"template":"","format":"standard","meta":[],"categories":[7],"tags":[],"yoast_head":"<!-- This site is optimized with the Yoast SEO plugin v19.10 - https:\/\/yoast.com\/wordpress\/plugins\/seo\/ -->\n<title>Startschuss f\u00fcr ein neues naturtouristisches Angebot - Naturpark Stechlin-Ruppiner Land<\/title>\n<meta name=\"robots\" content=\"index, follow, max-snippet:-1, max-image-preview:large, max-video-preview:-1\" \/>\n<link rel=\"canonical\" href=\"https:\/\/www.naturparkmagazin.de\/stechlin\/startschuss-fuer-ein-neues-naturtouristisches-angebot\/\" \/>\n<meta property=\"og:locale\" content=\"de_DE\" \/>\n<meta property=\"og:type\" content=\"article\" \/>\n<meta property=\"og:title\" content=\"Startschuss f\u00fcr ein neues naturtouristisches Angebot - Naturpark Stechlin-Ruppiner Land\" \/>\n<meta property=\"og:description\" content=\"F\u00fcr den Natur- und Landschaftsf\u00fchrer und Betreiber des \u201eFitness-Studio-Natur\u201c (www.fitness-studio-natur) sowie Vorsitzenden des Fitness-TREFF-Natur e.V. Olaf Wolff nahm durch den Startschuss f\u00fcr den 1. Temnitzer-Heide-Lauf am 07. September 2019 eine Vision Gestalt an.\" \/>\n<meta property=\"og:url\" content=\"https:\/\/www.naturparkmagazin.de\/stechlin\/startschuss-fuer-ein-neues-naturtouristisches-angebot\/\" \/>\n<meta property=\"og:site_name\" content=\"Naturpark Stechlin-Ruppiner Land\" \/>\n<meta property=\"article:published_time\" content=\"2019-09-20T13:31:37+00:00\" \/>\n<meta property=\"article:modified_time\" content=\"2019-09-24T14:19:07+00:00\" \/>\n<meta property=\"og:image\" content=\"https:\/\/www.naturparkmagazin.de\/stechlin\/wp-content\/uploads\/sites\/38\/aufmacher-heidelauf.jpg\" \/>\n\t<meta property=\"og:image:width\" content=\"200\" \/>\n\t<meta property=\"og:image:height\" content=\"200\" \/>\n\t<meta property=\"og:image:type\" content=\"image\/jpeg\" \/>\n<meta name=\"author\" content=\"marioschrumpf\" \/>\n<meta name=\"twitter:label1\" content=\"Verfasst von\" \/>\n\t<meta name=\"twitter:data1\" content=\"marioschrumpf\" \/>\n\t<meta name=\"twitter:label2\" content=\"Gesch\u00e4tzte Lesezeit\" \/>\n\t<meta name=\"twitter:data2\" content=\"1\u00a0Minute\" \/>\n<script type=\"application\/ld+json\" class=\"yoast-schema-graph\">{\"@context\":\"https:\/\/schema.org\",\"@graph\":[{\"@type\":\"WebPage\",\"@id\":\"https:\/\/www.naturparkmagazin.de\/stechlin\/startschuss-fuer-ein-neues-naturtouristisches-angebot\/\",\"url\":\"https:\/\/www.naturparkmagazin.de\/stechlin\/startschuss-fuer-ein-neues-naturtouristisches-angebot\/\",\"name\":\"Startschuss f\u00fcr ein neues naturtouristisches Angebot - Naturpark Stechlin-Ruppiner Land\",\"isPartOf\":{\"@id\":\"https:\/\/www.naturparkmagazin.de\/stechlin\/#website\"},\"datePublished\":\"2019-09-20T13:31:37+00:00\",\"dateModified\":\"2019-09-24T14:19:07+00:00\",\"author\":{\"@id\":\"https:\/\/www.naturparkmagazin.de\/stechlin\/#\/schema\/person\/3f0d93203df21c806dd63c76d9bb28bc\"},\"breadcrumb\":{\"@id\":\"https:\/\/www.naturparkmagazin.de\/stechlin\/startschuss-fuer-ein-neues-naturtouristisches-angebot\/#breadcrumb\"},\"inLanguage\":\"de\",\"potentialAction\":[{\"@type\":\"ReadAction\",\"target\":[\"https:\/\/www.naturparkmagazin.de\/stechlin\/startschuss-fuer-ein-neues-naturtouristisches-angebot\/\"]}]},{\"@type\":\"BreadcrumbList\",\"@id\":\"https:\/\/www.naturparkmagazin.de\/stechlin\/startschuss-fuer-ein-neues-naturtouristisches-angebot\/#breadcrumb\",\"itemListElement\":[{\"@type\":\"ListItem\",\"position\":1,\"name\":\"Home\",\"item\":\"https:\/\/www.naturparkmagazin.de\/stechlin\/\"},{\"@type\":\"ListItem\",\"position\":2,\"name\":\"Startschuss f\u00fcr ein neues naturtouristisches Angebot\"}]},{\"@type\":\"WebSite\",\"@id\":\"https:\/\/www.naturparkmagazin.de\/stechlin\/#website\",\"url\":\"https:\/\/www.naturparkmagazin.de\/stechlin\/\",\"name\":\"Naturpark Stechlin-Ruppiner Land\",\"description\":\"\",\"potentialAction\":[{\"@type\":\"SearchAction\",\"target\":{\"@type\":\"EntryPoint\",\"urlTemplate\":\"https:\/\/www.naturparkmagazin.de\/stechlin\/?s={search_term_string}\"},\"query-input\":\"required name=search_term_string\"}],\"inLanguage\":\"de\"},{\"@type\":\"Person\",\"@id\":\"https:\/\/www.naturparkmagazin.de\/stechlin\/#\/schema\/person\/3f0d93203df21c806dd63c76d9bb28bc\",\"name\":\"marioschrumpf\",\"url\":\"https:\/\/www.naturparkmagazin.de\/stechlin\/author\/marioschrumpf\/\"}]}<\/script>\n<!-- \/ Yoast SEO plugin. -->","yoast_head_json":{"title":"Startschuss f\u00fcr ein neues naturtouristisches Angebot - Naturpark Stechlin-Ruppiner Land","robots":{"index":"index","follow":"follow","max-snippet":"max-snippet:-1","max-image-preview":"max-image-preview:large","max-video-preview":"max-video-preview:-1"},"canonical":"https:\/\/www.naturparkmagazin.de\/stechlin\/startschuss-fuer-ein-neues-naturtouristisches-angebot\/","og_locale":"de_DE","og_type":"article","og_title":"Startschuss f\u00fcr ein neues naturtouristisches Angebot - Naturpark Stechlin-Ruppiner Land","og_description":"F\u00fcr den Natur- und Landschaftsf\u00fchrer und Betreiber des \u201eFitness-Studio-Natur\u201c (www.fitness-studio-natur) sowie Vorsitzenden des Fitness-TREFF-Natur e.V. Olaf Wolff nahm durch den Startschuss f\u00fcr den 1. Temnitzer-Heide-Lauf am 07. September 2019 eine Vision Gestalt an.","og_url":"https:\/\/www.naturparkmagazin.de\/stechlin\/startschuss-fuer-ein-neues-naturtouristisches-angebot\/","og_site_name":"Naturpark Stechlin-Ruppiner Land","article_published_time":"2019-09-20T13:31:37+00:00","article_modified_time":"2019-09-24T14:19:07+00:00","og_image":[{"width":200,"height":200,"url":"https:\/\/www.naturparkmagazin.de\/stechlin\/wp-content\/uploads\/sites\/38\/aufmacher-heidelauf.jpg","type":"image\/jpeg"}],"author":"marioschrumpf","twitter_misc":{"Verfasst von":"marioschrumpf","Gesch\u00e4tzte Lesezeit":"1\u00a0Minute"},"schema":{"@context":"https:\/\/schema.org","@graph":[{"@type":"WebPage","@id":"https:\/\/www.naturparkmagazin.de\/stechlin\/startschuss-fuer-ein-neues-naturtouristisches-angebot\/","url":"https:\/\/www.naturparkmagazin.de\/stechlin\/startschuss-fuer-ein-neues-naturtouristisches-angebot\/","name":"Startschuss f\u00fcr ein neues naturtouristisches Angebot - Naturpark Stechlin-Ruppiner Land","isPartOf":{"@id":"https:\/\/www.naturparkmagazin.de\/stechlin\/#website"},"datePublished":"2019-09-20T13:31:37+00:00","dateModified":"2019-09-24T14:19:07+00:00","author":{"@id":"https:\/\/www.naturparkmagazin.de\/stechlin\/#\/schema\/person\/3f0d93203df21c806dd63c76d9bb28bc"},"breadcrumb":{"@id":"https:\/\/www.naturparkmagazin.de\/stechlin\/startschuss-fuer-ein-neues-naturtouristisches-angebot\/#breadcrumb"},"inLanguage":"de","potentialAction":[{"@type":"ReadAction","target":["https:\/\/www.naturparkmagazin.de\/stechlin\/startschuss-fuer-ein-neues-naturtouristisches-angebot\/"]}]},{"@type":"BreadcrumbList","@id":"https:\/\/www.naturparkmagazin.de\/stechlin\/startschuss-fuer-ein-neues-naturtouristisches-angebot\/#breadcrumb","itemListElement":[{"@type":"ListItem","position":1,"name":"Home","item":"https:\/\/www.naturparkmagazin.de\/stechlin\/"},{"@type":"ListItem","position":2,"name":"Startschuss f\u00fcr ein neues naturtouristisches Angebot"}]},{"@type":"WebSite","@id":"https:\/\/www.naturparkmagazin.de\/stechlin\/#website","url":"https:\/\/www.naturparkmagazin.de\/stechlin\/","name":"Naturpark Stechlin-Ruppiner Land","description":"","potentialAction":[{"@type":"SearchAction","target":{"@type":"EntryPoint","urlTemplate":"https:\/\/www.naturparkmagazin.de\/stechlin\/?s={search_term_string}"},"query-input":"required name=search_term_string"}],"inLanguage":"de"},{"@type":"Person","@id":"https:\/\/www.naturparkmagazin.de\/stechlin\/#\/schema\/person\/3f0d93203df21c806dd63c76d9bb28bc","name":"marioschrumpf","url":"https:\/\/www.naturparkmagazin.de\/stechlin\/author\/marioschrumpf\/"}]}},"_links":{"self":[{"href":"https:\/\/www.naturparkmagazin.de\/stechlin\/wp-json\/wp\/v2\/posts\/8791"}],"collection":[{"href":"https:\/\/www.naturparkmagazin.de\/stechlin\/wp-json\/wp\/v2\/posts"}],"about":[{"href":"https:\/\/www.naturparkmagazin.de\/stechlin\/wp-json\/wp\/v2\/types\/post"}],"author":[{"embeddable":true,"href":"https:\/\/www.naturparkmagazin.de\/stechlin\/wp-json\/wp\/v2\/users\/39"}],"replies":[{"embeddable":true,"href":"https:\/\/www.naturparkmagazin.de\/stechlin\/wp-json\/wp\/v2\/comments?post=8791"}],"version-history":[{"count":6,"href":"https:\/\/www.naturparkmagazin.de\/stechlin\/wp-json\/wp\/v2\/posts\/8791\/revisions"}],"predecessor-version":[{"id":8826,"href":"https:\/\/www.naturparkmagazin.de\/stechlin\/wp-json\/wp\/v2\/posts\/8791\/revisions\/8826"}],"wp:featuredmedia":[{"embeddable":true,"href":"https:\/\/www.naturparkmagazin.de\/stechlin\/wp-json\/wp\/v2\/media\/8812"}],"wp:attachment":[{"href":"https:\/\/www.naturparkmagazin.de\/stechlin\/wp-json\/wp\/v2\/media?parent=8791"}],"wp:term":[{"taxonomy":"category","embeddable":true,"href":"https:\/\/www.naturparkmagazin.de\/stechlin\/wp-json\/wp\/v2\/categories?post=8791"},{"taxonomy":"post_tag","embeddable":true,"href":"https:\/\/www.naturparkmagazin.de\/stechlin\/wp-json\/wp\/v2\/tags?post=8791"}],"curies":[{"name":"wp","href":"https:\/\/api.w.org\/{rel}","templated":true}]}}