{"id":8857,"date":"2019-10-17T10:27:35","date_gmt":"2019-10-17T08:27:35","guid":{"rendered":"https:\/\/www.naturparkmagazin.de\/stechlin\/?p=8857"},"modified":"2025-01-24T10:25:41","modified_gmt":"2025-01-24T09:25:41","slug":"erfolgreiche-apfeltag-in-menz","status":"publish","type":"post","link":"https:\/\/www.naturparkmagazin.de\/stechlin\/erfolgreiche-apfeltag-in-menz\/","title":{"rendered":"Erfolgreicher Apfeltag in Menz (2019)"},"content":{"rendered":"<p>Mehr als 700 Besucher sind am 19. Oktober der Einladung zum Menzer Apfeltag gefolgt. Bereits zum 16. Mal haben Naturpark, F\u00f6rderverein und Naturwacht gemeinsam zum Fest rund um die paradiesische Frucht eingeladen.<\/p>\n<div id=\"attachment_8862\" style=\"width: 210px\" class=\"wp-caption aligncenter\"><a href=\"https:\/\/www.naturparkmagazin.de\/stechlin\/wp-content\/uploads\/sites\/38\/Apfeltag-2019_02.jpg\"><img aria-describedby=\"caption-attachment-8862\" decoding=\"async\" loading=\"lazy\" class=\"size-full wp-image-8862\" src=\"https:\/\/www.naturparkmagazin.de\/stechlin\/wp-content\/uploads\/sites\/38\/Apfeltag-2019_02.jpg\" alt=\"Pfarrer Matthias Wolf sprach die &quot;Worte zum (Apfel-) Tag&quot;.\" width=\"200\" height=\"300\" \/><\/a><p id=\"caption-attachment-8862\" class=\"wp-caption-text\">Pfarrer Matthias Wolf sprach die &#8222;Worte zum (Apfel-) Tag&#8220;.<\/p><\/div>\n<p>Der Menzer Pfarrer Matthias Wolf hat in seinen Worten Pers\u00f6nlichkeiten, die sich mit dem Apfel besch\u00e4ftigt haben, beleuchtet. Von A wie Adam und Eva bis W wie Wilhelm Tell hat er die Menschheitsgeschichte nach Apfelbez\u00fcgen durchforstet.<\/p>\n<div id=\"attachment_8860\" style=\"width: 310px\" class=\"wp-caption aligncenter\"><a href=\"https:\/\/www.naturparkmagazin.de\/stechlin\/wp-content\/uploads\/sites\/38\/Apfeltag-2019_33.jpg\"><img aria-describedby=\"caption-attachment-8860\" decoding=\"async\" loading=\"lazy\" class=\"size-thumbnail wp-image-8860\" src=\"https:\/\/www.naturparkmagazin.de\/stechlin\/wp-content\/uploads\/sites\/38\/Apfeltag-2019_33-300x180.jpg\" alt=\"Stolz pr\u00e4sentieren die Preistr\u00e4ger des Apfelkuchenwettbewerbes ihre Gewinner-Kuchen.\" width=\"300\" height=\"180\" srcset=\"https:\/\/www.naturparkmagazin.de\/stechlin\/wp-content\/uploads\/sites\/38\/Apfeltag-2019_33-300x180.jpg 300w, https:\/\/www.naturparkmagazin.de\/stechlin\/wp-content\/uploads\/sites\/38\/Apfeltag-2019_33.jpg 500w, https:\/\/www.naturparkmagazin.de\/stechlin\/wp-content\/uploads\/sites\/38\/Apfeltag-2019_33-200x120.jpg 200w\" sizes=\"(max-width: 300px) 100vw, 300px\" \/><\/a><p id=\"caption-attachment-8860\" class=\"wp-caption-text\">Stolz pr\u00e4sentieren die Preistr\u00e4ger des Apfelkuchenwettbewerbes ihre Gewinner-Kuchen.<\/p><\/div>\n<p>21 Kuchen wurden zum traditionellen Apfelkuchenwettbewerb eingereicht. Den Apfelhochstamm und damit den 1. Preis gewonnen hat Volker Friedrich aus Himmelpfort. Den 2. Preis, ein handsigniertes Buch der uckerm\u00e4rkischen Apfelgr\u00e4fin Daisy von Arnim hat seine Frau Jutta erk\u00e4mpft. Platz 3, je eine Kiste Apfelsaft, haben sich Mandy Hochmann aus Wendefeld und Klara Elste aus Seilershof geteilt.<\/p>\n<div id=\"attachment_8861\" style=\"width: 190px\" class=\"wp-caption aligncenter\"><a href=\"https:\/\/www.naturparkmagazin.de\/stechlin\/wp-content\/uploads\/sites\/38\/Apfeltag-2019_22.jpg\"><img aria-describedby=\"caption-attachment-8861\" decoding=\"async\" loading=\"lazy\" class=\"size-full wp-image-8861\" src=\"https:\/\/www.naturparkmagazin.de\/stechlin\/wp-content\/uploads\/sites\/38\/Apfeltag-2019_22.jpg\" alt=\"Roland Graeff aus dem Niederlausitzer Zeischa mit seinem winterharten Pfefferstrauch.\" width=\"180\" height=\"250\" \/><\/a><p id=\"caption-attachment-8861\" class=\"wp-caption-text\">Roland Graeff aus dem Niederlausitzer Zeischa mit seinem winterharten Pfefferstrauch.<\/p><\/div>\n<p>Gut besucht war auch der Vortrag von Roland Graeff aus Zeischa. Er gab einen \u00dcberblick \u00fcber den weltweiten Anbau von Pfeffer. Seine neue Leidenschaft ist der Anbau von Szechuan-Pfeffer in Brandenburg.<\/p>\n<div id=\"attachment_8863\" style=\"width: 310px\" class=\"wp-caption aligncenter\"><a href=\"https:\/\/www.naturparkmagazin.de\/stechlin\/wp-content\/uploads\/sites\/38\/Apfeltag-2019_18.jpg\"><img aria-describedby=\"caption-attachment-8863\" decoding=\"async\" loading=\"lazy\" class=\"size-thumbnail wp-image-8863\" src=\"https:\/\/www.naturparkmagazin.de\/stechlin\/wp-content\/uploads\/sites\/38\/Apfeltag-2019_18-300x180.jpg\" alt=\"Die Beratung von Experten inklusive gab es am Stand der Biesenthaler Baumschule.\" width=\"300\" height=\"180\" srcset=\"https:\/\/www.naturparkmagazin.de\/stechlin\/wp-content\/uploads\/sites\/38\/Apfeltag-2019_18-300x180.jpg 300w, https:\/\/www.naturparkmagazin.de\/stechlin\/wp-content\/uploads\/sites\/38\/Apfeltag-2019_18.jpg 500w, https:\/\/www.naturparkmagazin.de\/stechlin\/wp-content\/uploads\/sites\/38\/Apfeltag-2019_18-200x120.jpg 200w\" sizes=\"(max-width: 300px) 100vw, 300px\" \/><\/a><p id=\"caption-attachment-8863\" class=\"wp-caption-text\">Die Beratung vom Experten inklusive gab es am Stand der Biesenthaler Baumschule.<\/p><\/div>\n<p>Im Rahmen des Genressoucenprojektes Streuobst wechselten 130 Apfelb\u00e4ume alter Sorten den Besitzer.<\/p>\n<p>Die Zehdenicker Band &#8222;M\u00e4rkisch Blech&#8220; rundeten den gut besuchten Regionalmarkt ab.<\/p>\n<div id=\"attachment_8859\" style=\"width: 310px\" class=\"wp-caption aligncenter\"><a href=\"https:\/\/www.naturparkmagazin.de\/stechlin\/wp-content\/uploads\/sites\/38\/Apfeltag-2019_40.jpg\"><img aria-describedby=\"caption-attachment-8859\" decoding=\"async\" loading=\"lazy\" class=\"size-thumbnail wp-image-8859\" src=\"https:\/\/www.naturparkmagazin.de\/stechlin\/wp-content\/uploads\/sites\/38\/Apfeltag-2019_40-300x180.jpg\" alt=\"F\u00fcr gute Stimmung beim Regionalmarkt sorgte &quot;M\u00e4rkisch Blech&quot;.\" width=\"300\" height=\"180\" srcset=\"https:\/\/www.naturparkmagazin.de\/stechlin\/wp-content\/uploads\/sites\/38\/Apfeltag-2019_40-300x180.jpg 300w, https:\/\/www.naturparkmagazin.de\/stechlin\/wp-content\/uploads\/sites\/38\/Apfeltag-2019_40.jpg 500w, https:\/\/www.naturparkmagazin.de\/stechlin\/wp-content\/uploads\/sites\/38\/Apfeltag-2019_40-200x120.jpg 200w\" sizes=\"(max-width: 300px) 100vw, 300px\" \/><\/a><p id=\"caption-attachment-8859\" class=\"wp-caption-text\">F\u00fcr gute Stimmung beim Regionalmarkt sorgte &#8222;M\u00e4rkisch Blech&#8220;.<\/p><\/div>\n<p>&nbsp;<\/p>\n","protected":false},"excerpt":{"rendered":"<p>Mehr als 700 Besucher sind am 19. Oktober der Einladung zum 16. Menzer Apfeltag gefolgt.<\/p>\n","protected":false},"author":39,"featured_media":8858,"comment_status":"open","ping_status":"open","sticky":false,"template":"","format":"standard","meta":[],"categories":[7],"tags":[],"yoast_head":"<!-- This site is optimized with the Yoast SEO plugin v19.10 - https:\/\/yoast.com\/wordpress\/plugins\/seo\/ -->\n<title>Erfolgreicher Apfeltag in Menz (2019) - Naturpark Stechlin-Ruppiner Land<\/title>\n<meta name=\"robots\" content=\"index, follow, max-snippet:-1, max-image-preview:large, max-video-preview:-1\" \/>\n<link rel=\"canonical\" href=\"https:\/\/www.naturparkmagazin.de\/stechlin\/erfolgreiche-apfeltag-in-menz\/\" \/>\n<meta property=\"og:locale\" content=\"de_DE\" \/>\n<meta property=\"og:type\" content=\"article\" \/>\n<meta property=\"og:title\" content=\"Erfolgreicher Apfeltag in Menz (2019) - Naturpark Stechlin-Ruppiner Land\" \/>\n<meta property=\"og:description\" content=\"Mehr als 700 Besucher sind am 19. Oktober der Einladung zum 16. Menzer Apfeltag gefolgt.\" \/>\n<meta property=\"og:url\" content=\"https:\/\/www.naturparkmagazin.de\/stechlin\/erfolgreiche-apfeltag-in-menz\/\" \/>\n<meta property=\"og:site_name\" content=\"Naturpark Stechlin-Ruppiner Land\" \/>\n<meta property=\"article:published_time\" content=\"2019-10-17T08:27:35+00:00\" \/>\n<meta property=\"article:modified_time\" content=\"2025-01-24T09:25:41+00:00\" \/>\n<meta property=\"og:image\" content=\"https:\/\/www.naturparkmagazin.de\/stechlin\/wp-content\/uploads\/sites\/38\/Apfeltag-2019.jpg\" \/>\n\t<meta property=\"og:image:width\" content=\"200\" \/>\n\t<meta property=\"og:image:height\" content=\"200\" \/>\n\t<meta property=\"og:image:type\" content=\"image\/jpeg\" \/>\n<meta name=\"author\" content=\"marioschrumpf\" \/>\n<meta name=\"twitter:label1\" content=\"Verfasst von\" \/>\n\t<meta name=\"twitter:data1\" content=\"marioschrumpf\" \/>\n\t<meta name=\"twitter:label2\" content=\"Gesch\u00e4tzte Lesezeit\" \/>\n\t<meta name=\"twitter:data2\" content=\"3\u00a0Minuten\" \/>\n<script type=\"application\/ld+json\" class=\"yoast-schema-graph\">{\"@context\":\"https:\/\/schema.org\",\"@graph\":[{\"@type\":\"WebPage\",\"@id\":\"https:\/\/www.naturparkmagazin.de\/stechlin\/erfolgreiche-apfeltag-in-menz\/\",\"url\":\"https:\/\/www.naturparkmagazin.de\/stechlin\/erfolgreiche-apfeltag-in-menz\/\",\"name\":\"Erfolgreicher Apfeltag in Menz (2019) - Naturpark Stechlin-Ruppiner Land\",\"isPartOf\":{\"@id\":\"https:\/\/www.naturparkmagazin.de\/stechlin\/#website\"},\"datePublished\":\"2019-10-17T08:27:35+00:00\",\"dateModified\":\"2025-01-24T09:25:41+00:00\",\"author\":{\"@id\":\"https:\/\/www.naturparkmagazin.de\/stechlin\/#\/schema\/person\/3f0d93203df21c806dd63c76d9bb28bc\"},\"breadcrumb\":{\"@id\":\"https:\/\/www.naturparkmagazin.de\/stechlin\/erfolgreiche-apfeltag-in-menz\/#breadcrumb\"},\"inLanguage\":\"de\",\"potentialAction\":[{\"@type\":\"ReadAction\",\"target\":[\"https:\/\/www.naturparkmagazin.de\/stechlin\/erfolgreiche-apfeltag-in-menz\/\"]}]},{\"@type\":\"BreadcrumbList\",\"@id\":\"https:\/\/www.naturparkmagazin.de\/stechlin\/erfolgreiche-apfeltag-in-menz\/#breadcrumb\",\"itemListElement\":[{\"@type\":\"ListItem\",\"position\":1,\"name\":\"Home\",\"item\":\"https:\/\/www.naturparkmagazin.de\/stechlin\/\"},{\"@type\":\"ListItem\",\"position\":2,\"name\":\"Erfolgreicher Apfeltag in Menz (2019)\"}]},{\"@type\":\"WebSite\",\"@id\":\"https:\/\/www.naturparkmagazin.de\/stechlin\/#website\",\"url\":\"https:\/\/www.naturparkmagazin.de\/stechlin\/\",\"name\":\"Naturpark Stechlin-Ruppiner Land\",\"description\":\"\",\"potentialAction\":[{\"@type\":\"SearchAction\",\"target\":{\"@type\":\"EntryPoint\",\"urlTemplate\":\"https:\/\/www.naturparkmagazin.de\/stechlin\/?s={search_term_string}\"},\"query-input\":\"required name=search_term_string\"}],\"inLanguage\":\"de\"},{\"@type\":\"Person\",\"@id\":\"https:\/\/www.naturparkmagazin.de\/stechlin\/#\/schema\/person\/3f0d93203df21c806dd63c76d9bb28bc\",\"name\":\"marioschrumpf\",\"url\":\"https:\/\/www.naturparkmagazin.de\/stechlin\/author\/marioschrumpf\/\"}]}<\/script>\n<!-- \/ Yoast SEO plugin. -->","yoast_head_json":{"title":"Erfolgreicher Apfeltag in Menz (2019) - Naturpark Stechlin-Ruppiner Land","robots":{"index":"index","follow":"follow","max-snippet":"max-snippet:-1","max-image-preview":"max-image-preview:large","max-video-preview":"max-video-preview:-1"},"canonical":"https:\/\/www.naturparkmagazin.de\/stechlin\/erfolgreiche-apfeltag-in-menz\/","og_locale":"de_DE","og_type":"article","og_title":"Erfolgreicher Apfeltag in Menz (2019) - Naturpark Stechlin-Ruppiner Land","og_description":"Mehr als 700 Besucher sind am 19. Oktober der Einladung zum 16. Menzer Apfeltag gefolgt.","og_url":"https:\/\/www.naturparkmagazin.de\/stechlin\/erfolgreiche-apfeltag-in-menz\/","og_site_name":"Naturpark Stechlin-Ruppiner Land","article_published_time":"2019-10-17T08:27:35+00:00","article_modified_time":"2025-01-24T09:25:41+00:00","og_image":[{"width":200,"height":200,"url":"https:\/\/www.naturparkmagazin.de\/stechlin\/wp-content\/uploads\/sites\/38\/Apfeltag-2019.jpg","type":"image\/jpeg"}],"author":"marioschrumpf","twitter_misc":{"Verfasst von":"marioschrumpf","Gesch\u00e4tzte Lesezeit":"3\u00a0Minuten"},"schema":{"@context":"https:\/\/schema.org","@graph":[{"@type":"WebPage","@id":"https:\/\/www.naturparkmagazin.de\/stechlin\/erfolgreiche-apfeltag-in-menz\/","url":"https:\/\/www.naturparkmagazin.de\/stechlin\/erfolgreiche-apfeltag-in-menz\/","name":"Erfolgreicher Apfeltag in Menz (2019) - Naturpark Stechlin-Ruppiner Land","isPartOf":{"@id":"https:\/\/www.naturparkmagazin.de\/stechlin\/#website"},"datePublished":"2019-10-17T08:27:35+00:00","dateModified":"2025-01-24T09:25:41+00:00","author":{"@id":"https:\/\/www.naturparkmagazin.de\/stechlin\/#\/schema\/person\/3f0d93203df21c806dd63c76d9bb28bc"},"breadcrumb":{"@id":"https:\/\/www.naturparkmagazin.de\/stechlin\/erfolgreiche-apfeltag-in-menz\/#breadcrumb"},"inLanguage":"de","potentialAction":[{"@type":"ReadAction","target":["https:\/\/www.naturparkmagazin.de\/stechlin\/erfolgreiche-apfeltag-in-menz\/"]}]},{"@type":"BreadcrumbList","@id":"https:\/\/www.naturparkmagazin.de\/stechlin\/erfolgreiche-apfeltag-in-menz\/#breadcrumb","itemListElement":[{"@type":"ListItem","position":1,"name":"Home","item":"https:\/\/www.naturparkmagazin.de\/stechlin\/"},{"@type":"ListItem","position":2,"name":"Erfolgreicher Apfeltag in Menz (2019)"}]},{"@type":"WebSite","@id":"https:\/\/www.naturparkmagazin.de\/stechlin\/#website","url":"https:\/\/www.naturparkmagazin.de\/stechlin\/","name":"Naturpark Stechlin-Ruppiner Land","description":"","potentialAction":[{"@type":"SearchAction","target":{"@type":"EntryPoint","urlTemplate":"https:\/\/www.naturparkmagazin.de\/stechlin\/?s={search_term_string}"},"query-input":"required name=search_term_string"}],"inLanguage":"de"},{"@type":"Person","@id":"https:\/\/www.naturparkmagazin.de\/stechlin\/#\/schema\/person\/3f0d93203df21c806dd63c76d9bb28bc","name":"marioschrumpf","url":"https:\/\/www.naturparkmagazin.de\/stechlin\/author\/marioschrumpf\/"}]}},"_links":{"self":[{"href":"https:\/\/www.naturparkmagazin.de\/stechlin\/wp-json\/wp\/v2\/posts\/8857"}],"collection":[{"href":"https:\/\/www.naturparkmagazin.de\/stechlin\/wp-json\/wp\/v2\/posts"}],"about":[{"href":"https:\/\/www.naturparkmagazin.de\/stechlin\/wp-json\/wp\/v2\/types\/post"}],"author":[{"embeddable":true,"href":"https:\/\/www.naturparkmagazin.de\/stechlin\/wp-json\/wp\/v2\/users\/39"}],"replies":[{"embeddable":true,"href":"https:\/\/www.naturparkmagazin.de\/stechlin\/wp-json\/wp\/v2\/comments?post=8857"}],"version-history":[{"count":4,"href":"https:\/\/www.naturparkmagazin.de\/stechlin\/wp-json\/wp\/v2\/posts\/8857\/revisions"}],"predecessor-version":[{"id":16611,"href":"https:\/\/www.naturparkmagazin.de\/stechlin\/wp-json\/wp\/v2\/posts\/8857\/revisions\/16611"}],"wp:featuredmedia":[{"embeddable":true,"href":"https:\/\/www.naturparkmagazin.de\/stechlin\/wp-json\/wp\/v2\/media\/8858"}],"wp:attachment":[{"href":"https:\/\/www.naturparkmagazin.de\/stechlin\/wp-json\/wp\/v2\/media?parent=8857"}],"wp:term":[{"taxonomy":"category","embeddable":true,"href":"https:\/\/www.naturparkmagazin.de\/stechlin\/wp-json\/wp\/v2\/categories?post=8857"},{"taxonomy":"post_tag","embeddable":true,"href":"https:\/\/www.naturparkmagazin.de\/stechlin\/wp-json\/wp\/v2\/tags?post=8857"}],"curies":[{"name":"wp","href":"https:\/\/api.w.org\/{rel}","templated":true}]}}