{"id":8872,"date":"2019-10-17T07:53:03","date_gmt":"2019-10-17T05:53:03","guid":{"rendered":"https:\/\/www.naturparkmagazin.de\/stechlin\/?p=8872"},"modified":"2025-01-24T10:22:39","modified_gmt":"2025-01-24T09:22:39","slug":"kinderforstamt-feiert-20jaehriges-jubilaeum","status":"publish","type":"post","link":"https:\/\/www.naturparkmagazin.de\/stechlin\/kinderforstamt-feiert-20jaehriges-jubilaeum\/","title":{"rendered":"Kinderforstamt feiert 20j\u00e4hriges Jubil\u00e4um (2019)"},"content":{"rendered":"<p>Seit 20 Jahren tourt das Mobil des Kinderforstamtes &#8222;Eichkater&#8220; durch den Norden des Landkreises Oberhavel.<\/p>\n<div id=\"attachment_8873\" style=\"width: 310px\" class=\"wp-caption aligncenter\"><a href=\"https:\/\/www.naturparkmagazin.de\/stechlin\/wp-content\/uploads\/sites\/38\/Eichkater_006.jpg\"><img aria-describedby=\"caption-attachment-8873\" decoding=\"async\" loading=\"lazy\" class=\"size-thumbnail wp-image-8873\" src=\"https:\/\/www.naturparkmagazin.de\/stechlin\/wp-content\/uploads\/sites\/38\/Eichkater_006-300x180.jpg\" alt=\"Marion Schulze - erfolgreiche Leiterin des Kinderforstamtes.\" width=\"300\" height=\"180\" srcset=\"https:\/\/www.naturparkmagazin.de\/stechlin\/wp-content\/uploads\/sites\/38\/Eichkater_006-300x180.jpg 300w, https:\/\/www.naturparkmagazin.de\/stechlin\/wp-content\/uploads\/sites\/38\/Eichkater_006.jpg 500w, https:\/\/www.naturparkmagazin.de\/stechlin\/wp-content\/uploads\/sites\/38\/Eichkater_006-200x120.jpg 200w\" sizes=\"(max-width: 300px) 100vw, 300px\" \/><\/a><p id=\"caption-attachment-8873\" class=\"wp-caption-text\">Marion Schulze &#8211; erfolgreiche Leiterin des Kinderforstamtes.<\/p><\/div>\n<p>Waldp\u00e4dagogin Marion Schulze ist von Anfang an dabei. Erstmalig pr\u00e4sentierte sich der Eichkater zum Menzer Waldfest 1999. Georg Leppin vom damaligen Forstamt F\u00fcrstenberg\/Havel hatte die Idee f\u00fcr die mobile Waldp\u00e4dagogikeinrichtung. ABM-Kr\u00e4fte bauten damals einen Bauwagen um. Zw\u00f6lf Pl\u00e4tze und ein kleines Computerkabinett entstanden.Heute geh\u00f6rt der Eichkater zur Hoheitsoberf\u00f6rsterei Neuendorf des Landesbetriebes Forst Brandenburg.<\/p>\n<p>Gro\u00df war die Zahl der Gratulanten zum Jubil\u00e4um. Schulen, Kitas, Waldp\u00e4dagogik-KollegInnen aus allen Teilen des Landes, die Naturwacht und die Naturparkverwaltung bedankten sich f\u00fcr 20 Jahre erfolgreiche waldp\u00e4dagogische Arbeit.<\/p>\n<div id=\"attachment_8874\" style=\"width: 310px\" class=\"wp-caption aligncenter\"><a href=\"https:\/\/www.naturparkmagazin.de\/stechlin\/wp-content\/uploads\/sites\/38\/Eichkater_004.jpg\"><img aria-describedby=\"caption-attachment-8874\" decoding=\"async\" loading=\"lazy\" class=\"size-thumbnail wp-image-8874\" src=\"https:\/\/www.naturparkmagazin.de\/stechlin\/wp-content\/uploads\/sites\/38\/Eichkater_004-300x169.jpg\" alt=\"An der Station der Naturwacht konnten V\u00f6gel beobachtet werden.\" width=\"300\" height=\"169\" srcset=\"https:\/\/www.naturparkmagazin.de\/stechlin\/wp-content\/uploads\/sites\/38\/Eichkater_004-300x169.jpg 300w, https:\/\/www.naturparkmagazin.de\/stechlin\/wp-content\/uploads\/sites\/38\/Eichkater_004.jpg 500w, https:\/\/www.naturparkmagazin.de\/stechlin\/wp-content\/uploads\/sites\/38\/Eichkater_004-200x112.jpg 200w\" sizes=\"(max-width: 300px) 100vw, 300px\" \/><\/a><p id=\"caption-attachment-8874\" class=\"wp-caption-text\">An der Station der Naturwacht konnten V\u00f6gel beobachtet werden.<\/p><\/div>\n<div id=\"attachment_8875\" style=\"width: 310px\" class=\"wp-caption aligncenter\"><a href=\"https:\/\/www.naturparkmagazin.de\/stechlin\/wp-content\/uploads\/sites\/38\/Eichkater_001.jpg\"><img aria-describedby=\"caption-attachment-8875\" decoding=\"async\" loading=\"lazy\" class=\"size-thumbnail wp-image-8875\" src=\"https:\/\/www.naturparkmagazin.de\/stechlin\/wp-content\/uploads\/sites\/38\/Eichkater_001-300x180.jpg\" alt=\"F\u00fcr die Kita-Kinder wurde ein tolles Mitmachprogramm von Heike Valentin angeboten.\" width=\"300\" height=\"180\" srcset=\"https:\/\/www.naturparkmagazin.de\/stechlin\/wp-content\/uploads\/sites\/38\/Eichkater_001-300x180.jpg 300w, https:\/\/www.naturparkmagazin.de\/stechlin\/wp-content\/uploads\/sites\/38\/Eichkater_001.jpg 500w, https:\/\/www.naturparkmagazin.de\/stechlin\/wp-content\/uploads\/sites\/38\/Eichkater_001-200x120.jpg 200w\" sizes=\"(max-width: 300px) 100vw, 300px\" \/><\/a><p id=\"caption-attachment-8875\" class=\"wp-caption-text\">F\u00fcr die Kita-Kinder wurde ein tolles Mitmachprogramm von Heike Valentin angeboten.<\/p><\/div>\n<p>&nbsp;<\/p>\n","protected":false},"excerpt":{"rendered":"<p>Seit 20 Jahren tourt das Mobil des Kinderforstamtes &#8222;Eichkater&#8220; durch den Norden des Landkreises Oberhavel.<\/p>\n","protected":false},"author":39,"featured_media":8876,"comment_status":"open","ping_status":"open","sticky":false,"template":"","format":"standard","meta":[],"categories":[7],"tags":[],"yoast_head":"<!-- This site is optimized with the Yoast SEO plugin v19.10 - https:\/\/yoast.com\/wordpress\/plugins\/seo\/ -->\n<title>Kinderforstamt feiert 20j\u00e4hriges Jubil\u00e4um (2019) - Naturpark Stechlin-Ruppiner Land<\/title>\n<meta name=\"robots\" content=\"index, follow, max-snippet:-1, max-image-preview:large, max-video-preview:-1\" \/>\n<link rel=\"canonical\" href=\"https:\/\/www.naturparkmagazin.de\/stechlin\/kinderforstamt-feiert-20jaehriges-jubilaeum\/\" \/>\n<meta property=\"og:locale\" content=\"de_DE\" \/>\n<meta property=\"og:type\" content=\"article\" \/>\n<meta property=\"og:title\" content=\"Kinderforstamt feiert 20j\u00e4hriges Jubil\u00e4um (2019) - Naturpark Stechlin-Ruppiner Land\" \/>\n<meta property=\"og:description\" content=\"Seit 20 Jahren tourt das Mobil des Kinderforstamtes &quot;Eichkater&quot; durch den Norden des Landkreises Oberhavel.\" \/>\n<meta property=\"og:url\" content=\"https:\/\/www.naturparkmagazin.de\/stechlin\/kinderforstamt-feiert-20jaehriges-jubilaeum\/\" \/>\n<meta property=\"og:site_name\" content=\"Naturpark Stechlin-Ruppiner Land\" \/>\n<meta property=\"article:published_time\" content=\"2019-10-17T05:53:03+00:00\" \/>\n<meta property=\"article:modified_time\" content=\"2025-01-24T09:22:39+00:00\" \/>\n<meta property=\"og:image\" content=\"https:\/\/www.naturparkmagazin.de\/stechlin\/wp-content\/uploads\/sites\/38\/Eichkater.jpg\" \/>\n\t<meta property=\"og:image:width\" content=\"200\" \/>\n\t<meta property=\"og:image:height\" content=\"200\" \/>\n\t<meta property=\"og:image:type\" content=\"image\/jpeg\" \/>\n<meta name=\"author\" content=\"marioschrumpf\" \/>\n<meta name=\"twitter:label1\" content=\"Verfasst von\" \/>\n\t<meta name=\"twitter:data1\" content=\"marioschrumpf\" \/>\n\t<meta name=\"twitter:label2\" content=\"Gesch\u00e4tzte Lesezeit\" \/>\n\t<meta name=\"twitter:data2\" content=\"2\u00a0Minuten\" \/>\n<script type=\"application\/ld+json\" class=\"yoast-schema-graph\">{\"@context\":\"https:\/\/schema.org\",\"@graph\":[{\"@type\":\"WebPage\",\"@id\":\"https:\/\/www.naturparkmagazin.de\/stechlin\/kinderforstamt-feiert-20jaehriges-jubilaeum\/\",\"url\":\"https:\/\/www.naturparkmagazin.de\/stechlin\/kinderforstamt-feiert-20jaehriges-jubilaeum\/\",\"name\":\"Kinderforstamt feiert 20j\u00e4hriges Jubil\u00e4um (2019) - Naturpark Stechlin-Ruppiner Land\",\"isPartOf\":{\"@id\":\"https:\/\/www.naturparkmagazin.de\/stechlin\/#website\"},\"datePublished\":\"2019-10-17T05:53:03+00:00\",\"dateModified\":\"2025-01-24T09:22:39+00:00\",\"author\":{\"@id\":\"https:\/\/www.naturparkmagazin.de\/stechlin\/#\/schema\/person\/3f0d93203df21c806dd63c76d9bb28bc\"},\"breadcrumb\":{\"@id\":\"https:\/\/www.naturparkmagazin.de\/stechlin\/kinderforstamt-feiert-20jaehriges-jubilaeum\/#breadcrumb\"},\"inLanguage\":\"de\",\"potentialAction\":[{\"@type\":\"ReadAction\",\"target\":[\"https:\/\/www.naturparkmagazin.de\/stechlin\/kinderforstamt-feiert-20jaehriges-jubilaeum\/\"]}]},{\"@type\":\"BreadcrumbList\",\"@id\":\"https:\/\/www.naturparkmagazin.de\/stechlin\/kinderforstamt-feiert-20jaehriges-jubilaeum\/#breadcrumb\",\"itemListElement\":[{\"@type\":\"ListItem\",\"position\":1,\"name\":\"Home\",\"item\":\"https:\/\/www.naturparkmagazin.de\/stechlin\/\"},{\"@type\":\"ListItem\",\"position\":2,\"name\":\"Kinderforstamt feiert 20j\u00e4hriges Jubil\u00e4um (2019)\"}]},{\"@type\":\"WebSite\",\"@id\":\"https:\/\/www.naturparkmagazin.de\/stechlin\/#website\",\"url\":\"https:\/\/www.naturparkmagazin.de\/stechlin\/\",\"name\":\"Naturpark Stechlin-Ruppiner Land\",\"description\":\"\",\"potentialAction\":[{\"@type\":\"SearchAction\",\"target\":{\"@type\":\"EntryPoint\",\"urlTemplate\":\"https:\/\/www.naturparkmagazin.de\/stechlin\/?s={search_term_string}\"},\"query-input\":\"required name=search_term_string\"}],\"inLanguage\":\"de\"},{\"@type\":\"Person\",\"@id\":\"https:\/\/www.naturparkmagazin.de\/stechlin\/#\/schema\/person\/3f0d93203df21c806dd63c76d9bb28bc\",\"name\":\"marioschrumpf\",\"url\":\"https:\/\/www.naturparkmagazin.de\/stechlin\/author\/marioschrumpf\/\"}]}<\/script>\n<!-- \/ Yoast SEO plugin. -->","yoast_head_json":{"title":"Kinderforstamt feiert 20j\u00e4hriges Jubil\u00e4um (2019) - Naturpark Stechlin-Ruppiner Land","robots":{"index":"index","follow":"follow","max-snippet":"max-snippet:-1","max-image-preview":"max-image-preview:large","max-video-preview":"max-video-preview:-1"},"canonical":"https:\/\/www.naturparkmagazin.de\/stechlin\/kinderforstamt-feiert-20jaehriges-jubilaeum\/","og_locale":"de_DE","og_type":"article","og_title":"Kinderforstamt feiert 20j\u00e4hriges Jubil\u00e4um (2019) - Naturpark Stechlin-Ruppiner Land","og_description":"Seit 20 Jahren tourt das Mobil des Kinderforstamtes \"Eichkater\" durch den Norden des Landkreises Oberhavel.","og_url":"https:\/\/www.naturparkmagazin.de\/stechlin\/kinderforstamt-feiert-20jaehriges-jubilaeum\/","og_site_name":"Naturpark Stechlin-Ruppiner Land","article_published_time":"2019-10-17T05:53:03+00:00","article_modified_time":"2025-01-24T09:22:39+00:00","og_image":[{"width":200,"height":200,"url":"https:\/\/www.naturparkmagazin.de\/stechlin\/wp-content\/uploads\/sites\/38\/Eichkater.jpg","type":"image\/jpeg"}],"author":"marioschrumpf","twitter_misc":{"Verfasst von":"marioschrumpf","Gesch\u00e4tzte Lesezeit":"2\u00a0Minuten"},"schema":{"@context":"https:\/\/schema.org","@graph":[{"@type":"WebPage","@id":"https:\/\/www.naturparkmagazin.de\/stechlin\/kinderforstamt-feiert-20jaehriges-jubilaeum\/","url":"https:\/\/www.naturparkmagazin.de\/stechlin\/kinderforstamt-feiert-20jaehriges-jubilaeum\/","name":"Kinderforstamt feiert 20j\u00e4hriges Jubil\u00e4um (2019) - Naturpark Stechlin-Ruppiner Land","isPartOf":{"@id":"https:\/\/www.naturparkmagazin.de\/stechlin\/#website"},"datePublished":"2019-10-17T05:53:03+00:00","dateModified":"2025-01-24T09:22:39+00:00","author":{"@id":"https:\/\/www.naturparkmagazin.de\/stechlin\/#\/schema\/person\/3f0d93203df21c806dd63c76d9bb28bc"},"breadcrumb":{"@id":"https:\/\/www.naturparkmagazin.de\/stechlin\/kinderforstamt-feiert-20jaehriges-jubilaeum\/#breadcrumb"},"inLanguage":"de","potentialAction":[{"@type":"ReadAction","target":["https:\/\/www.naturparkmagazin.de\/stechlin\/kinderforstamt-feiert-20jaehriges-jubilaeum\/"]}]},{"@type":"BreadcrumbList","@id":"https:\/\/www.naturparkmagazin.de\/stechlin\/kinderforstamt-feiert-20jaehriges-jubilaeum\/#breadcrumb","itemListElement":[{"@type":"ListItem","position":1,"name":"Home","item":"https:\/\/www.naturparkmagazin.de\/stechlin\/"},{"@type":"ListItem","position":2,"name":"Kinderforstamt feiert 20j\u00e4hriges Jubil\u00e4um (2019)"}]},{"@type":"WebSite","@id":"https:\/\/www.naturparkmagazin.de\/stechlin\/#website","url":"https:\/\/www.naturparkmagazin.de\/stechlin\/","name":"Naturpark Stechlin-Ruppiner Land","description":"","potentialAction":[{"@type":"SearchAction","target":{"@type":"EntryPoint","urlTemplate":"https:\/\/www.naturparkmagazin.de\/stechlin\/?s={search_term_string}"},"query-input":"required name=search_term_string"}],"inLanguage":"de"},{"@type":"Person","@id":"https:\/\/www.naturparkmagazin.de\/stechlin\/#\/schema\/person\/3f0d93203df21c806dd63c76d9bb28bc","name":"marioschrumpf","url":"https:\/\/www.naturparkmagazin.de\/stechlin\/author\/marioschrumpf\/"}]}},"_links":{"self":[{"href":"https:\/\/www.naturparkmagazin.de\/stechlin\/wp-json\/wp\/v2\/posts\/8872"}],"collection":[{"href":"https:\/\/www.naturparkmagazin.de\/stechlin\/wp-json\/wp\/v2\/posts"}],"about":[{"href":"https:\/\/www.naturparkmagazin.de\/stechlin\/wp-json\/wp\/v2\/types\/post"}],"author":[{"embeddable":true,"href":"https:\/\/www.naturparkmagazin.de\/stechlin\/wp-json\/wp\/v2\/users\/39"}],"replies":[{"embeddable":true,"href":"https:\/\/www.naturparkmagazin.de\/stechlin\/wp-json\/wp\/v2\/comments?post=8872"}],"version-history":[{"count":4,"href":"https:\/\/www.naturparkmagazin.de\/stechlin\/wp-json\/wp\/v2\/posts\/8872\/revisions"}],"predecessor-version":[{"id":16607,"href":"https:\/\/www.naturparkmagazin.de\/stechlin\/wp-json\/wp\/v2\/posts\/8872\/revisions\/16607"}],"wp:featuredmedia":[{"embeddable":true,"href":"https:\/\/www.naturparkmagazin.de\/stechlin\/wp-json\/wp\/v2\/media\/8876"}],"wp:attachment":[{"href":"https:\/\/www.naturparkmagazin.de\/stechlin\/wp-json\/wp\/v2\/media?parent=8872"}],"wp:term":[{"taxonomy":"category","embeddable":true,"href":"https:\/\/www.naturparkmagazin.de\/stechlin\/wp-json\/wp\/v2\/categories?post=8872"},{"taxonomy":"post_tag","embeddable":true,"href":"https:\/\/www.naturparkmagazin.de\/stechlin\/wp-json\/wp\/v2\/tags?post=8872"}],"curies":[{"name":"wp","href":"https:\/\/api.w.org\/{rel}","templated":true}]}}