{"id":8885,"date":"2019-10-17T09:55:25","date_gmt":"2019-10-17T07:55:25","guid":{"rendered":"https:\/\/www.naturparkmagazin.de\/stechlin\/?p=8885"},"modified":"2019-10-24T15:08:00","modified_gmt":"2019-10-24T13:08:00","slug":"einladung-zum-8-dialog-am-stechlin","status":"publish","type":"post","link":"https:\/\/www.naturparkmagazin.de\/stechlin\/einladung-zum-8-dialog-am-stechlin\/","title":{"rendered":"Einladung zum 8. Dialog am Stechlin"},"content":{"rendered":"<p>Am 30. November laden das Leibniz-Institut f\u00fcr Gew\u00e4sser\u00f6kologie und Binnenfischerei und der Naturpark zum &#8222;Dialog am Stechlinsee&#8220; ein.<\/p>\n<p><a href=\"https:\/\/www.naturparkmagazin.de\/stechlin\/wp-content\/uploads\/sites\/38\/Dialog-am-Stechlinsee-2019-Poster.jpg\"><img decoding=\"async\" loading=\"lazy\" class=\"aligncenter size-full wp-image-8886\" src=\"https:\/\/www.naturparkmagazin.de\/stechlin\/wp-content\/uploads\/sites\/38\/Dialog-am-Stechlinsee-2019-Poster.jpg\" alt=\"NP SRL\/IGB Neuglobsow\" width=\"250\" height=\"350\" srcset=\"https:\/\/www.naturparkmagazin.de\/stechlin\/wp-content\/uploads\/sites\/38\/Dialog-am-Stechlinsee-2019-Poster.jpg 250w, https:\/\/www.naturparkmagazin.de\/stechlin\/wp-content\/uploads\/sites\/38\/Dialog-am-Stechlinsee-2019-Poster-200x280.jpg 200w\" sizes=\"(max-width: 250px) 100vw, 250px\" \/><\/a>Der 8. Dialog steht unter dem Thema &#8222;<em>Fische, Fischerei und Seen im Wandel<\/em>&#8222;. Im Stechlinsee Center Neuglobsow werden von 10-16 Uhr Wissenschaftler Vortr\u00e4ge halten und mit den G\u00e4sten diskutieren.<\/p>\n<p>Das Programm finden Sie unter <a href=\"http:\/\/www.igb-berlin.de\/dialogamstechlinsee\">www.igb-berlin.de\/dialogamstechlinsee<\/a>. Dort k\u00f6nnen Sie sich auch f\u00fcr die kostenfreie Veranstaltung bis zum 15.11. verbindlich anmelden. F\u00fcr R\u00fcckfragen steht Ihnen Frau Sydow (Tel.: 033082\/69910) zur Verf\u00fcgung.<\/p>\n<p>Am Vorabend begeht die limnologische Forschungsstation am Stechlin ihr 60j\u00e4hriges Jubil\u00e4um!<\/p>\n<p>Wir laden Sie zur Diskussion mit Ehemaligen bei einem Glas Sekt ein.<\/p>\n<div id=\"attachment_191\" style=\"width: 310px\" class=\"wp-caption aligncenter\"><a href=\"https:\/\/www.naturparkmagazin.de\/stechlin\/wp-content\/uploads\/sites\/38\/k-Stechlinsee.jpg\"><img aria-describedby=\"caption-attachment-191\" decoding=\"async\" loading=\"lazy\" class=\"size-thumbnail wp-image-191\" src=\"https:\/\/www.naturparkmagazin.de\/stechlin\/wp-content\/uploads\/sites\/38\/k-Stechlinsee-300x201.jpg\" alt=\"Der Stechlin -bedeutendster Klarwassersee Brandenburgs.\" width=\"300\" height=\"201\" srcset=\"https:\/\/www.naturparkmagazin.de\/stechlin\/wp-content\/uploads\/sites\/38\/k-Stechlinsee-300x201.jpg 300w, https:\/\/www.naturparkmagazin.de\/stechlin\/wp-content\/uploads\/sites\/38\/k-Stechlinsee-620x415.jpg 620w, https:\/\/www.naturparkmagazin.de\/stechlin\/wp-content\/uploads\/sites\/38\/k-Stechlinsee-940x629.jpg 940w, https:\/\/www.naturparkmagazin.de\/stechlin\/wp-content\/uploads\/sites\/38\/k-Stechlinsee-670x449.jpg 670w, https:\/\/www.naturparkmagazin.de\/stechlin\/wp-content\/uploads\/sites\/38\/k-Stechlinsee-200x134.jpg 200w, https:\/\/www.naturparkmagazin.de\/stechlin\/wp-content\/uploads\/sites\/38\/k-Stechlinsee.jpg 1936w\" sizes=\"(max-width: 300px) 100vw, 300px\" \/><\/a><p id=\"caption-attachment-191\" class=\"wp-caption-text\">Der Stechlin -bedeutendster Klarwassersee Brandenburgs.<\/p><\/div>\n","protected":false},"excerpt":{"rendered":"<p>Am 30. November laden das Leibniz-Institut f\u00fcr Gew\u00e4sser\u00f6kologie und Binnenfischerei und der Naturpark zum &#8222;Dialog am Stechlinsee&#8220; ein.<\/p>\n","protected":false},"author":39,"featured_media":8887,"comment_status":"open","ping_status":"open","sticky":false,"template":"","format":"standard","meta":[],"categories":[11],"tags":[],"yoast_head":"<!-- This site is optimized with the Yoast SEO plugin v19.10 - https:\/\/yoast.com\/wordpress\/plugins\/seo\/ -->\n<title>Einladung zum 8. Dialog am Stechlin - Naturpark Stechlin-Ruppiner Land<\/title>\n<meta name=\"robots\" content=\"index, follow, max-snippet:-1, max-image-preview:large, max-video-preview:-1\" \/>\n<link rel=\"canonical\" href=\"https:\/\/www.naturparkmagazin.de\/stechlin\/einladung-zum-8-dialog-am-stechlin\/\" \/>\n<meta property=\"og:locale\" content=\"de_DE\" \/>\n<meta property=\"og:type\" content=\"article\" \/>\n<meta property=\"og:title\" content=\"Einladung zum 8. Dialog am Stechlin - Naturpark Stechlin-Ruppiner Land\" \/>\n<meta property=\"og:description\" content=\"Am 30. November laden das Leibniz-Institut f\u00fcr Gew\u00e4sser\u00f6kologie und Binnenfischerei und der Naturpark zum &quot;Dialog am Stechlinsee&quot; ein.\" \/>\n<meta property=\"og:url\" content=\"https:\/\/www.naturparkmagazin.de\/stechlin\/einladung-zum-8-dialog-am-stechlin\/\" \/>\n<meta property=\"og:site_name\" content=\"Naturpark Stechlin-Ruppiner Land\" \/>\n<meta property=\"article:published_time\" content=\"2019-10-17T07:55:25+00:00\" \/>\n<meta property=\"article:modified_time\" content=\"2019-10-24T13:08:00+00:00\" \/>\n<meta property=\"og:image\" content=\"https:\/\/www.naturparkmagazin.de\/stechlin\/wp-content\/uploads\/sites\/38\/Dialog-am-Stechlinsee-2019-Foto-c-Michael-Feierabend.jpg\" \/>\n\t<meta property=\"og:image:width\" content=\"200\" \/>\n\t<meta property=\"og:image:height\" content=\"200\" \/>\n\t<meta property=\"og:image:type\" content=\"image\/jpeg\" \/>\n<meta name=\"author\" content=\"marioschrumpf\" \/>\n<meta name=\"twitter:label1\" content=\"Verfasst von\" \/>\n\t<meta name=\"twitter:data1\" content=\"marioschrumpf\" \/>\n\t<meta name=\"twitter:label2\" content=\"Gesch\u00e4tzte Lesezeit\" \/>\n\t<meta name=\"twitter:data2\" content=\"1\u00a0Minute\" \/>\n<script type=\"application\/ld+json\" class=\"yoast-schema-graph\">{\"@context\":\"https:\/\/schema.org\",\"@graph\":[{\"@type\":\"WebPage\",\"@id\":\"https:\/\/www.naturparkmagazin.de\/stechlin\/einladung-zum-8-dialog-am-stechlin\/\",\"url\":\"https:\/\/www.naturparkmagazin.de\/stechlin\/einladung-zum-8-dialog-am-stechlin\/\",\"name\":\"Einladung zum 8. Dialog am Stechlin - Naturpark Stechlin-Ruppiner Land\",\"isPartOf\":{\"@id\":\"https:\/\/www.naturparkmagazin.de\/stechlin\/#website\"},\"datePublished\":\"2019-10-17T07:55:25+00:00\",\"dateModified\":\"2019-10-24T13:08:00+00:00\",\"author\":{\"@id\":\"https:\/\/www.naturparkmagazin.de\/stechlin\/#\/schema\/person\/3f0d93203df21c806dd63c76d9bb28bc\"},\"breadcrumb\":{\"@id\":\"https:\/\/www.naturparkmagazin.de\/stechlin\/einladung-zum-8-dialog-am-stechlin\/#breadcrumb\"},\"inLanguage\":\"de\",\"potentialAction\":[{\"@type\":\"ReadAction\",\"target\":[\"https:\/\/www.naturparkmagazin.de\/stechlin\/einladung-zum-8-dialog-am-stechlin\/\"]}]},{\"@type\":\"BreadcrumbList\",\"@id\":\"https:\/\/www.naturparkmagazin.de\/stechlin\/einladung-zum-8-dialog-am-stechlin\/#breadcrumb\",\"itemListElement\":[{\"@type\":\"ListItem\",\"position\":1,\"name\":\"Home\",\"item\":\"https:\/\/www.naturparkmagazin.de\/stechlin\/\"},{\"@type\":\"ListItem\",\"position\":2,\"name\":\"Einladung zum 8. Dialog am Stechlin\"}]},{\"@type\":\"WebSite\",\"@id\":\"https:\/\/www.naturparkmagazin.de\/stechlin\/#website\",\"url\":\"https:\/\/www.naturparkmagazin.de\/stechlin\/\",\"name\":\"Naturpark Stechlin-Ruppiner Land\",\"description\":\"\",\"potentialAction\":[{\"@type\":\"SearchAction\",\"target\":{\"@type\":\"EntryPoint\",\"urlTemplate\":\"https:\/\/www.naturparkmagazin.de\/stechlin\/?s={search_term_string}\"},\"query-input\":\"required name=search_term_string\"}],\"inLanguage\":\"de\"},{\"@type\":\"Person\",\"@id\":\"https:\/\/www.naturparkmagazin.de\/stechlin\/#\/schema\/person\/3f0d93203df21c806dd63c76d9bb28bc\",\"name\":\"marioschrumpf\",\"url\":\"https:\/\/www.naturparkmagazin.de\/stechlin\/author\/marioschrumpf\/\"}]}<\/script>\n<!-- \/ Yoast SEO plugin. -->","yoast_head_json":{"title":"Einladung zum 8. Dialog am Stechlin - Naturpark Stechlin-Ruppiner Land","robots":{"index":"index","follow":"follow","max-snippet":"max-snippet:-1","max-image-preview":"max-image-preview:large","max-video-preview":"max-video-preview:-1"},"canonical":"https:\/\/www.naturparkmagazin.de\/stechlin\/einladung-zum-8-dialog-am-stechlin\/","og_locale":"de_DE","og_type":"article","og_title":"Einladung zum 8. Dialog am Stechlin - Naturpark Stechlin-Ruppiner Land","og_description":"Am 30. November laden das Leibniz-Institut f\u00fcr Gew\u00e4sser\u00f6kologie und Binnenfischerei und der Naturpark zum \"Dialog am Stechlinsee\" ein.","og_url":"https:\/\/www.naturparkmagazin.de\/stechlin\/einladung-zum-8-dialog-am-stechlin\/","og_site_name":"Naturpark Stechlin-Ruppiner Land","article_published_time":"2019-10-17T07:55:25+00:00","article_modified_time":"2019-10-24T13:08:00+00:00","og_image":[{"width":200,"height":200,"url":"https:\/\/www.naturparkmagazin.de\/stechlin\/wp-content\/uploads\/sites\/38\/Dialog-am-Stechlinsee-2019-Foto-c-Michael-Feierabend.jpg","type":"image\/jpeg"}],"author":"marioschrumpf","twitter_misc":{"Verfasst von":"marioschrumpf","Gesch\u00e4tzte Lesezeit":"1\u00a0Minute"},"schema":{"@context":"https:\/\/schema.org","@graph":[{"@type":"WebPage","@id":"https:\/\/www.naturparkmagazin.de\/stechlin\/einladung-zum-8-dialog-am-stechlin\/","url":"https:\/\/www.naturparkmagazin.de\/stechlin\/einladung-zum-8-dialog-am-stechlin\/","name":"Einladung zum 8. Dialog am Stechlin - Naturpark Stechlin-Ruppiner Land","isPartOf":{"@id":"https:\/\/www.naturparkmagazin.de\/stechlin\/#website"},"datePublished":"2019-10-17T07:55:25+00:00","dateModified":"2019-10-24T13:08:00+00:00","author":{"@id":"https:\/\/www.naturparkmagazin.de\/stechlin\/#\/schema\/person\/3f0d93203df21c806dd63c76d9bb28bc"},"breadcrumb":{"@id":"https:\/\/www.naturparkmagazin.de\/stechlin\/einladung-zum-8-dialog-am-stechlin\/#breadcrumb"},"inLanguage":"de","potentialAction":[{"@type":"ReadAction","target":["https:\/\/www.naturparkmagazin.de\/stechlin\/einladung-zum-8-dialog-am-stechlin\/"]}]},{"@type":"BreadcrumbList","@id":"https:\/\/www.naturparkmagazin.de\/stechlin\/einladung-zum-8-dialog-am-stechlin\/#breadcrumb","itemListElement":[{"@type":"ListItem","position":1,"name":"Home","item":"https:\/\/www.naturparkmagazin.de\/stechlin\/"},{"@type":"ListItem","position":2,"name":"Einladung zum 8. Dialog am Stechlin"}]},{"@type":"WebSite","@id":"https:\/\/www.naturparkmagazin.de\/stechlin\/#website","url":"https:\/\/www.naturparkmagazin.de\/stechlin\/","name":"Naturpark Stechlin-Ruppiner Land","description":"","potentialAction":[{"@type":"SearchAction","target":{"@type":"EntryPoint","urlTemplate":"https:\/\/www.naturparkmagazin.de\/stechlin\/?s={search_term_string}"},"query-input":"required name=search_term_string"}],"inLanguage":"de"},{"@type":"Person","@id":"https:\/\/www.naturparkmagazin.de\/stechlin\/#\/schema\/person\/3f0d93203df21c806dd63c76d9bb28bc","name":"marioschrumpf","url":"https:\/\/www.naturparkmagazin.de\/stechlin\/author\/marioschrumpf\/"}]}},"_links":{"self":[{"href":"https:\/\/www.naturparkmagazin.de\/stechlin\/wp-json\/wp\/v2\/posts\/8885"}],"collection":[{"href":"https:\/\/www.naturparkmagazin.de\/stechlin\/wp-json\/wp\/v2\/posts"}],"about":[{"href":"https:\/\/www.naturparkmagazin.de\/stechlin\/wp-json\/wp\/v2\/types\/post"}],"author":[{"embeddable":true,"href":"https:\/\/www.naturparkmagazin.de\/stechlin\/wp-json\/wp\/v2\/users\/39"}],"replies":[{"embeddable":true,"href":"https:\/\/www.naturparkmagazin.de\/stechlin\/wp-json\/wp\/v2\/comments?post=8885"}],"version-history":[{"count":3,"href":"https:\/\/www.naturparkmagazin.de\/stechlin\/wp-json\/wp\/v2\/posts\/8885\/revisions"}],"predecessor-version":[{"id":8920,"href":"https:\/\/www.naturparkmagazin.de\/stechlin\/wp-json\/wp\/v2\/posts\/8885\/revisions\/8920"}],"wp:featuredmedia":[{"embeddable":true,"href":"https:\/\/www.naturparkmagazin.de\/stechlin\/wp-json\/wp\/v2\/media\/8887"}],"wp:attachment":[{"href":"https:\/\/www.naturparkmagazin.de\/stechlin\/wp-json\/wp\/v2\/media?parent=8885"}],"wp:term":[{"taxonomy":"category","embeddable":true,"href":"https:\/\/www.naturparkmagazin.de\/stechlin\/wp-json\/wp\/v2\/categories?post=8885"},{"taxonomy":"post_tag","embeddable":true,"href":"https:\/\/www.naturparkmagazin.de\/stechlin\/wp-json\/wp\/v2\/tags?post=8885"}],"curies":[{"name":"wp","href":"https:\/\/api.w.org\/{rel}","templated":true}]}}