{"id":8889,"date":"2019-10-17T10:06:27","date_gmt":"2019-10-17T08:06:27","guid":{"rendered":"https:\/\/www.naturparkmagazin.de\/stechlin\/?p=8889"},"modified":"2019-10-24T14:54:11","modified_gmt":"2019-10-24T12:54:11","slug":"auszeichnung-fuer-naturnahe-gaerten","status":"publish","type":"post","link":"https:\/\/www.naturparkmagazin.de\/stechlin\/auszeichnung-fuer-naturnahe-gaerten\/","title":{"rendered":"Auszeichnung f\u00fcr naturnahe G\u00e4rten"},"content":{"rendered":"<p>Anl\u00e4sslich der Landesgartenschau in Wittstock\/Dosse hatte der Landschaftspflegeverband Prignitz-Ruppiner Land einen Wettbewerb f\u00fcr naturnahe Gartengestaltung ausgelobt.<\/p>\n<div id=\"attachment_8892\" style=\"width: 310px\" class=\"wp-caption aligncenter\"><a href=\"https:\/\/www.naturparkmagazin.de\/stechlin\/wp-content\/uploads\/sites\/38\/naturnaher-Garten_01.jpg\"><img aria-describedby=\"caption-attachment-8892\" decoding=\"async\" loading=\"lazy\" class=\"size-thumbnail wp-image-8892\" src=\"https:\/\/www.naturparkmagazin.de\/stechlin\/wp-content\/uploads\/sites\/38\/naturnaher-Garten_01-300x180.jpg\" alt=\"Bei Kaffee und Kuchen wurde im Pfarrgarten gefachsimpelt.\" width=\"300\" height=\"180\" srcset=\"https:\/\/www.naturparkmagazin.de\/stechlin\/wp-content\/uploads\/sites\/38\/naturnaher-Garten_01-300x180.jpg 300w, https:\/\/www.naturparkmagazin.de\/stechlin\/wp-content\/uploads\/sites\/38\/naturnaher-Garten_01.jpg 500w, https:\/\/www.naturparkmagazin.de\/stechlin\/wp-content\/uploads\/sites\/38\/naturnaher-Garten_01-200x120.jpg 200w\" sizes=\"(max-width: 300px) 100vw, 300px\" \/><\/a><p id=\"caption-attachment-8892\" class=\"wp-caption-text\">Bei Kaffee und Kuchen wurde im Pfarrgarten gefachsimpelt.<\/p><\/div>\n<p>15 Teilnehmer haben sich daran beteiligt. Ende September wurden im neugestalteten Pfarrgarten am Rande der LAGA die Preistr\u00e4ger ausgezeichnet. Gewonnen haben J\u00fcrgen Knospe aus Heinrichsdorf (1. Platz), Familie Gensch aus Zempow (2. Platz) und Familie Gerber aus Rohdan (3. Platz).<\/p>\n<div id=\"attachment_8893\" style=\"width: 310px\" class=\"wp-caption aligncenter\"><a href=\"https:\/\/www.naturparkmagazin.de\/stechlin\/wp-content\/uploads\/sites\/38\/naturnaher-Garten_11.jpg\"><img aria-describedby=\"caption-attachment-8893\" decoding=\"async\" loading=\"lazy\" class=\"size-thumbnail wp-image-8893\" src=\"https:\/\/www.naturparkmagazin.de\/stechlin\/wp-content\/uploads\/sites\/38\/naturnaher-Garten_11-300x180.jpg\" alt=\"Gruppenfoto der Preistr\u00e4ger und Jury.\" width=\"300\" height=\"180\" srcset=\"https:\/\/www.naturparkmagazin.de\/stechlin\/wp-content\/uploads\/sites\/38\/naturnaher-Garten_11-300x180.jpg 300w, https:\/\/www.naturparkmagazin.de\/stechlin\/wp-content\/uploads\/sites\/38\/naturnaher-Garten_11.jpg 500w, https:\/\/www.naturparkmagazin.de\/stechlin\/wp-content\/uploads\/sites\/38\/naturnaher-Garten_11-200x120.jpg 200w\" sizes=\"(max-width: 300px) 100vw, 300px\" \/><\/a><p id=\"caption-attachment-8893\" class=\"wp-caption-text\">Gruppenfoto der Preistr\u00e4ger und Jury.<\/p><\/div>\n<p>Als Preise wurden ein Apfelhochstamm der Sorte Prinz Albrecht von Preu\u00dfen, ein Walnussbaum aus der Walnussmeisterei Herzberg, ein Gutschein der Bioland-Rosenbaumschule Uckermark sowie frisch gepresstes \u00d6l aus der \u00d6lm\u00fchle Katerbow und B\u00fccher des Landschaftsf\u00f6rdervereins Rhinluch \u00fcberreicht.<\/p>\n<p>Ein herzliches Dankesch\u00f6n geht an alle Teilnehmer und an die Mitglieder der Jury sowie an den Landschaftspflegverband f\u00fcr die Organisation des Wettbewerbes!<\/p>\n<div id=\"attachment_8891\" style=\"width: 310px\" class=\"wp-caption aligncenter\"><a href=\"https:\/\/www.naturparkmagazin.de\/stechlin\/wp-content\/uploads\/sites\/38\/naturnaher-Garten_10.jpg\"><img aria-describedby=\"caption-attachment-8891\" decoding=\"async\" loading=\"lazy\" class=\"size-thumbnail wp-image-8891\" src=\"https:\/\/www.naturparkmagazin.de\/stechlin\/wp-content\/uploads\/sites\/38\/naturnaher-Garten_10-300x180.jpg\" alt=\"Naturparkleiter Dr. Mario Schrumpf bedankte sich beim Landschaftspflegeverein f\u00fcr die Initiative. \" width=\"300\" height=\"180\" srcset=\"https:\/\/www.naturparkmagazin.de\/stechlin\/wp-content\/uploads\/sites\/38\/naturnaher-Garten_10-300x180.jpg 300w, https:\/\/www.naturparkmagazin.de\/stechlin\/wp-content\/uploads\/sites\/38\/naturnaher-Garten_10.jpg 500w, https:\/\/www.naturparkmagazin.de\/stechlin\/wp-content\/uploads\/sites\/38\/naturnaher-Garten_10-200x120.jpg 200w\" sizes=\"(max-width: 300px) 100vw, 300px\" \/><\/a><p id=\"caption-attachment-8891\" class=\"wp-caption-text\">Naturparkleiter Dr. Mario Schrumpf bedankte sich beim Landschaftspflegeverband f\u00fcr die Initiative.<\/p><\/div>\n<p>&nbsp;<\/p>\n","protected":false},"excerpt":{"rendered":"<p>Anl\u00e4sslich der Landesgartenschau in Wittstock\/Dosse hatte der Landschaftspflegeverband Prignitz-Ruppiner Land einen Wettbewerb f\u00fcr naturnahe Gartengestaltung ausgelobt.<\/p>\n","protected":false},"author":39,"featured_media":8890,"comment_status":"open","ping_status":"open","sticky":false,"template":"","format":"standard","meta":[],"categories":[7],"tags":[],"yoast_head":"<!-- This site is optimized with the Yoast SEO plugin v19.10 - https:\/\/yoast.com\/wordpress\/plugins\/seo\/ -->\n<title>Auszeichnung f\u00fcr naturnahe G\u00e4rten - Naturpark Stechlin-Ruppiner Land<\/title>\n<meta name=\"robots\" content=\"index, follow, max-snippet:-1, max-image-preview:large, max-video-preview:-1\" \/>\n<link rel=\"canonical\" href=\"https:\/\/www.naturparkmagazin.de\/stechlin\/auszeichnung-fuer-naturnahe-gaerten\/\" \/>\n<meta property=\"og:locale\" content=\"de_DE\" \/>\n<meta property=\"og:type\" content=\"article\" \/>\n<meta property=\"og:title\" content=\"Auszeichnung f\u00fcr naturnahe G\u00e4rten - Naturpark Stechlin-Ruppiner Land\" \/>\n<meta property=\"og:description\" content=\"Anl\u00e4sslich der Landesgartenschau in Wittstock\/Dosse hatte der Landschaftspflegeverband Prignitz-Ruppiner Land einen Wettbewerb f\u00fcr naturnahe Gartengestaltung ausgelobt.\" \/>\n<meta property=\"og:url\" content=\"https:\/\/www.naturparkmagazin.de\/stechlin\/auszeichnung-fuer-naturnahe-gaerten\/\" \/>\n<meta property=\"og:site_name\" content=\"Naturpark Stechlin-Ruppiner Land\" \/>\n<meta property=\"article:published_time\" content=\"2019-10-17T08:06:27+00:00\" \/>\n<meta property=\"article:modified_time\" content=\"2019-10-24T12:54:11+00:00\" \/>\n<meta property=\"og:image\" content=\"https:\/\/www.naturparkmagazin.de\/stechlin\/wp-content\/uploads\/sites\/38\/naturnaher-Garten_07.jpg\" \/>\n\t<meta property=\"og:image:width\" content=\"200\" \/>\n\t<meta property=\"og:image:height\" content=\"200\" \/>\n\t<meta property=\"og:image:type\" content=\"image\/jpeg\" \/>\n<meta name=\"author\" content=\"marioschrumpf\" \/>\n<meta name=\"twitter:label1\" content=\"Verfasst von\" \/>\n\t<meta name=\"twitter:data1\" content=\"marioschrumpf\" \/>\n\t<meta name=\"twitter:label2\" content=\"Gesch\u00e4tzte Lesezeit\" \/>\n\t<meta name=\"twitter:data2\" content=\"1\u00a0Minute\" \/>\n<script type=\"application\/ld+json\" class=\"yoast-schema-graph\">{\"@context\":\"https:\/\/schema.org\",\"@graph\":[{\"@type\":\"WebPage\",\"@id\":\"https:\/\/www.naturparkmagazin.de\/stechlin\/auszeichnung-fuer-naturnahe-gaerten\/\",\"url\":\"https:\/\/www.naturparkmagazin.de\/stechlin\/auszeichnung-fuer-naturnahe-gaerten\/\",\"name\":\"Auszeichnung f\u00fcr naturnahe G\u00e4rten - Naturpark Stechlin-Ruppiner Land\",\"isPartOf\":{\"@id\":\"https:\/\/www.naturparkmagazin.de\/stechlin\/#website\"},\"datePublished\":\"2019-10-17T08:06:27+00:00\",\"dateModified\":\"2019-10-24T12:54:11+00:00\",\"author\":{\"@id\":\"https:\/\/www.naturparkmagazin.de\/stechlin\/#\/schema\/person\/3f0d93203df21c806dd63c76d9bb28bc\"},\"breadcrumb\":{\"@id\":\"https:\/\/www.naturparkmagazin.de\/stechlin\/auszeichnung-fuer-naturnahe-gaerten\/#breadcrumb\"},\"inLanguage\":\"de\",\"potentialAction\":[{\"@type\":\"ReadAction\",\"target\":[\"https:\/\/www.naturparkmagazin.de\/stechlin\/auszeichnung-fuer-naturnahe-gaerten\/\"]}]},{\"@type\":\"BreadcrumbList\",\"@id\":\"https:\/\/www.naturparkmagazin.de\/stechlin\/auszeichnung-fuer-naturnahe-gaerten\/#breadcrumb\",\"itemListElement\":[{\"@type\":\"ListItem\",\"position\":1,\"name\":\"Home\",\"item\":\"https:\/\/www.naturparkmagazin.de\/stechlin\/\"},{\"@type\":\"ListItem\",\"position\":2,\"name\":\"Auszeichnung f\u00fcr naturnahe G\u00e4rten\"}]},{\"@type\":\"WebSite\",\"@id\":\"https:\/\/www.naturparkmagazin.de\/stechlin\/#website\",\"url\":\"https:\/\/www.naturparkmagazin.de\/stechlin\/\",\"name\":\"Naturpark Stechlin-Ruppiner Land\",\"description\":\"\",\"potentialAction\":[{\"@type\":\"SearchAction\",\"target\":{\"@type\":\"EntryPoint\",\"urlTemplate\":\"https:\/\/www.naturparkmagazin.de\/stechlin\/?s={search_term_string}\"},\"query-input\":\"required name=search_term_string\"}],\"inLanguage\":\"de\"},{\"@type\":\"Person\",\"@id\":\"https:\/\/www.naturparkmagazin.de\/stechlin\/#\/schema\/person\/3f0d93203df21c806dd63c76d9bb28bc\",\"name\":\"marioschrumpf\",\"url\":\"https:\/\/www.naturparkmagazin.de\/stechlin\/author\/marioschrumpf\/\"}]}<\/script>\n<!-- \/ Yoast SEO plugin. -->","yoast_head_json":{"title":"Auszeichnung f\u00fcr naturnahe G\u00e4rten - Naturpark Stechlin-Ruppiner Land","robots":{"index":"index","follow":"follow","max-snippet":"max-snippet:-1","max-image-preview":"max-image-preview:large","max-video-preview":"max-video-preview:-1"},"canonical":"https:\/\/www.naturparkmagazin.de\/stechlin\/auszeichnung-fuer-naturnahe-gaerten\/","og_locale":"de_DE","og_type":"article","og_title":"Auszeichnung f\u00fcr naturnahe G\u00e4rten - Naturpark Stechlin-Ruppiner Land","og_description":"Anl\u00e4sslich der Landesgartenschau in Wittstock\/Dosse hatte der Landschaftspflegeverband Prignitz-Ruppiner Land einen Wettbewerb f\u00fcr naturnahe Gartengestaltung ausgelobt.","og_url":"https:\/\/www.naturparkmagazin.de\/stechlin\/auszeichnung-fuer-naturnahe-gaerten\/","og_site_name":"Naturpark Stechlin-Ruppiner Land","article_published_time":"2019-10-17T08:06:27+00:00","article_modified_time":"2019-10-24T12:54:11+00:00","og_image":[{"width":200,"height":200,"url":"https:\/\/www.naturparkmagazin.de\/stechlin\/wp-content\/uploads\/sites\/38\/naturnaher-Garten_07.jpg","type":"image\/jpeg"}],"author":"marioschrumpf","twitter_misc":{"Verfasst von":"marioschrumpf","Gesch\u00e4tzte Lesezeit":"1\u00a0Minute"},"schema":{"@context":"https:\/\/schema.org","@graph":[{"@type":"WebPage","@id":"https:\/\/www.naturparkmagazin.de\/stechlin\/auszeichnung-fuer-naturnahe-gaerten\/","url":"https:\/\/www.naturparkmagazin.de\/stechlin\/auszeichnung-fuer-naturnahe-gaerten\/","name":"Auszeichnung f\u00fcr naturnahe G\u00e4rten - Naturpark Stechlin-Ruppiner Land","isPartOf":{"@id":"https:\/\/www.naturparkmagazin.de\/stechlin\/#website"},"datePublished":"2019-10-17T08:06:27+00:00","dateModified":"2019-10-24T12:54:11+00:00","author":{"@id":"https:\/\/www.naturparkmagazin.de\/stechlin\/#\/schema\/person\/3f0d93203df21c806dd63c76d9bb28bc"},"breadcrumb":{"@id":"https:\/\/www.naturparkmagazin.de\/stechlin\/auszeichnung-fuer-naturnahe-gaerten\/#breadcrumb"},"inLanguage":"de","potentialAction":[{"@type":"ReadAction","target":["https:\/\/www.naturparkmagazin.de\/stechlin\/auszeichnung-fuer-naturnahe-gaerten\/"]}]},{"@type":"BreadcrumbList","@id":"https:\/\/www.naturparkmagazin.de\/stechlin\/auszeichnung-fuer-naturnahe-gaerten\/#breadcrumb","itemListElement":[{"@type":"ListItem","position":1,"name":"Home","item":"https:\/\/www.naturparkmagazin.de\/stechlin\/"},{"@type":"ListItem","position":2,"name":"Auszeichnung f\u00fcr naturnahe G\u00e4rten"}]},{"@type":"WebSite","@id":"https:\/\/www.naturparkmagazin.de\/stechlin\/#website","url":"https:\/\/www.naturparkmagazin.de\/stechlin\/","name":"Naturpark Stechlin-Ruppiner Land","description":"","potentialAction":[{"@type":"SearchAction","target":{"@type":"EntryPoint","urlTemplate":"https:\/\/www.naturparkmagazin.de\/stechlin\/?s={search_term_string}"},"query-input":"required name=search_term_string"}],"inLanguage":"de"},{"@type":"Person","@id":"https:\/\/www.naturparkmagazin.de\/stechlin\/#\/schema\/person\/3f0d93203df21c806dd63c76d9bb28bc","name":"marioschrumpf","url":"https:\/\/www.naturparkmagazin.de\/stechlin\/author\/marioschrumpf\/"}]}},"_links":{"self":[{"href":"https:\/\/www.naturparkmagazin.de\/stechlin\/wp-json\/wp\/v2\/posts\/8889"}],"collection":[{"href":"https:\/\/www.naturparkmagazin.de\/stechlin\/wp-json\/wp\/v2\/posts"}],"about":[{"href":"https:\/\/www.naturparkmagazin.de\/stechlin\/wp-json\/wp\/v2\/types\/post"}],"author":[{"embeddable":true,"href":"https:\/\/www.naturparkmagazin.de\/stechlin\/wp-json\/wp\/v2\/users\/39"}],"replies":[{"embeddable":true,"href":"https:\/\/www.naturparkmagazin.de\/stechlin\/wp-json\/wp\/v2\/comments?post=8889"}],"version-history":[{"count":2,"href":"https:\/\/www.naturparkmagazin.de\/stechlin\/wp-json\/wp\/v2\/posts\/8889\/revisions"}],"predecessor-version":[{"id":8914,"href":"https:\/\/www.naturparkmagazin.de\/stechlin\/wp-json\/wp\/v2\/posts\/8889\/revisions\/8914"}],"wp:featuredmedia":[{"embeddable":true,"href":"https:\/\/www.naturparkmagazin.de\/stechlin\/wp-json\/wp\/v2\/media\/8890"}],"wp:attachment":[{"href":"https:\/\/www.naturparkmagazin.de\/stechlin\/wp-json\/wp\/v2\/media?parent=8889"}],"wp:term":[{"taxonomy":"category","embeddable":true,"href":"https:\/\/www.naturparkmagazin.de\/stechlin\/wp-json\/wp\/v2\/categories?post=8889"},{"taxonomy":"post_tag","embeddable":true,"href":"https:\/\/www.naturparkmagazin.de\/stechlin\/wp-json\/wp\/v2\/tags?post=8889"}],"curies":[{"name":"wp","href":"https:\/\/api.w.org\/{rel}","templated":true}]}}