{"id":8895,"date":"2019-10-17T12:02:09","date_gmt":"2019-10-17T10:02:09","guid":{"rendered":"https:\/\/www.naturparkmagazin.de\/stechlin\/?p=8895"},"modified":"2019-10-30T09:31:57","modified_gmt":"2019-10-30T08:31:57","slug":"holzkunst-fuer-menz","status":"publish","type":"post","link":"https:\/\/www.naturparkmagazin.de\/stechlin\/holzkunst-fuer-menz\/","title":{"rendered":"Holzkunst f\u00fcr Menz"},"content":{"rendered":"<p>Am 26.10. wurden in Neuroofen im Rahmen einer Finnisage die Ergebnisse des 19. Internationalen Kunstsymposiums im Naturpark Stechlin-Ruppiner Land vorgestellt.<\/p>\n<p><a href=\"https:\/\/www.naturparkmagazin.de\/stechlin\/wp-content\/uploads\/sites\/38\/Einladung-Finissage_2019.jpg\"><img decoding=\"async\" loading=\"lazy\" class=\"aligncenter size-full wp-image-8896\" src=\"https:\/\/www.naturparkmagazin.de\/stechlin\/wp-content\/uploads\/sites\/38\/Einladung-Finissage_2019.jpg\" alt=\"NP SRL\/Gudrun Lomas\" width=\"180\" height=\"200\" \/><\/a>Eine Woche lang haben sechs K\u00fcnstlerInnen in Neuroofen Eichenst\u00e4mme bearbeitet. Die entstandenen Holzskulpturen werden im Ortsteil Menz in der Gemeinde Stechlin aufgestellt. Teilnehmende K\u00fcnstler waren in diesem Jahr Martin Bill, Schweiz; Nicole Bischoff, Niederlande sowie Georg Janthur, Jens Kanitz, Gudrun und Kuno Lomas, Deutschland.<\/p>\n<div id=\"attachment_8899\" style=\"width: 310px\" class=\"wp-caption aligncenter\"><a href=\"https:\/\/www.naturparkmagazin.de\/stechlin\/wp-content\/uploads\/sites\/38\/19.IKS_07.jpg\"><img aria-describedby=\"caption-attachment-8899\" decoding=\"async\" loading=\"lazy\" class=\"size-thumbnail wp-image-8899\" src=\"https:\/\/www.naturparkmagazin.de\/stechlin\/wp-content\/uploads\/sites\/38\/19.IKS_07-300x180.jpg\" alt=\"Georg Janthur bei der Arbeit.\" width=\"300\" height=\"180\" srcset=\"https:\/\/www.naturparkmagazin.de\/stechlin\/wp-content\/uploads\/sites\/38\/19.IKS_07-300x180.jpg 300w, https:\/\/www.naturparkmagazin.de\/stechlin\/wp-content\/uploads\/sites\/38\/19.IKS_07.jpg 500w, https:\/\/www.naturparkmagazin.de\/stechlin\/wp-content\/uploads\/sites\/38\/19.IKS_07-200x120.jpg 200w\" sizes=\"(max-width: 300px) 100vw, 300px\" \/><\/a><p id=\"caption-attachment-8899\" class=\"wp-caption-text\">Georg Janthur bei der Arbeit.<\/p><\/div>\n<div id=\"attachment_8897\" style=\"width: 310px\" class=\"wp-caption aligncenter\"><a href=\"https:\/\/www.naturparkmagazin.de\/stechlin\/wp-content\/uploads\/sites\/38\/19.IKS_17.jpg\"><img aria-describedby=\"caption-attachment-8897\" decoding=\"async\" loading=\"lazy\" class=\"size-thumbnail wp-image-8897\" src=\"https:\/\/www.naturparkmagazin.de\/stechlin\/wp-content\/uploads\/sites\/38\/19.IKS_17-300x180.jpg\" alt=\"Die k\u00fcnstlerische Leiterin Gudrun Lomas zeigt, wie der Vogel fliegen soll.\" width=\"300\" height=\"180\" srcset=\"https:\/\/www.naturparkmagazin.de\/stechlin\/wp-content\/uploads\/sites\/38\/19.IKS_17-300x180.jpg 300w, https:\/\/www.naturparkmagazin.de\/stechlin\/wp-content\/uploads\/sites\/38\/19.IKS_17.jpg 500w, https:\/\/www.naturparkmagazin.de\/stechlin\/wp-content\/uploads\/sites\/38\/19.IKS_17-200x120.jpg 200w\" sizes=\"(max-width: 300px) 100vw, 300px\" \/><\/a><p id=\"caption-attachment-8897\" class=\"wp-caption-text\">Die k\u00fcnstlerische Leiterin Gudrun Lomas zeigt, wie der Vogel fliegen soll.<\/p><\/div>\n<p>Das Symposium wurde finanziell vom Landesamt f\u00fcr Umwelt und der Gemeinde Stechlin unterst\u00fctzt. Der Landesbetrieb Forst stellte Holz und die Arbeitsfl\u00e4che bereit und organisierte den Transport. Die Waldarbeitsschule Kunsterspring half beim Zuschnitt der St\u00e4mme. Ein herzliches Dankesch\u00f6n auch an den Dorfverein Menz, die Firma Poltier\u00a0und den K\u00fcnstlerhof Roofensee f\u00fcr die Unterst\u00fctzung vor Ort.<\/p>\n<div id=\"attachment_8898\" style=\"width: 190px\" class=\"wp-caption aligncenter\"><a href=\"https:\/\/www.naturparkmagazin.de\/stechlin\/wp-content\/uploads\/sites\/38\/19.IKS_09.jpg\"><img aria-describedby=\"caption-attachment-8898\" decoding=\"async\" loading=\"lazy\" class=\"size-full wp-image-8898\" src=\"https:\/\/www.naturparkmagazin.de\/stechlin\/wp-content\/uploads\/sites\/38\/19.IKS_09.jpg\" alt=\"Jens Kanitz aus Neuruppin hat bereits an mehreren Kunstsymposien im Naturpark teilgenommen.\" width=\"180\" height=\"250\" \/><\/a><p id=\"caption-attachment-8898\" class=\"wp-caption-text\">Jens Kanitz aus Neuruppin hat bereits an mehreren Kunstsymposien im Naturpark teilgenommen.<\/p><\/div>\n","protected":false},"excerpt":{"rendered":"<p>Am 26.10. wurden in Neuroofen im Rahmen einer Finnisage die Ergebnisse des 19. Internationalen Kunstsymposiums vorgestellt.<\/p>\n","protected":false},"author":39,"featured_media":8900,"comment_status":"open","ping_status":"open","sticky":false,"template":"","format":"standard","meta":[],"categories":[7],"tags":[],"yoast_head":"<!-- This site is optimized with the Yoast SEO plugin v19.10 - https:\/\/yoast.com\/wordpress\/plugins\/seo\/ -->\n<title>Holzkunst f\u00fcr Menz - Naturpark Stechlin-Ruppiner Land<\/title>\n<meta name=\"robots\" content=\"index, follow, max-snippet:-1, max-image-preview:large, max-video-preview:-1\" \/>\n<link rel=\"canonical\" href=\"https:\/\/www.naturparkmagazin.de\/stechlin\/holzkunst-fuer-menz\/\" \/>\n<meta property=\"og:locale\" content=\"de_DE\" \/>\n<meta property=\"og:type\" content=\"article\" \/>\n<meta property=\"og:title\" content=\"Holzkunst f\u00fcr Menz - Naturpark Stechlin-Ruppiner Land\" \/>\n<meta property=\"og:description\" content=\"Am 26.10. wurden in Neuroofen im Rahmen einer Finnisage die Ergebnisse des 19. Internationalen Kunstsymposiums vorgestellt.\" \/>\n<meta property=\"og:url\" content=\"https:\/\/www.naturparkmagazin.de\/stechlin\/holzkunst-fuer-menz\/\" \/>\n<meta property=\"og:site_name\" content=\"Naturpark Stechlin-Ruppiner Land\" \/>\n<meta property=\"article:published_time\" content=\"2019-10-17T10:02:09+00:00\" \/>\n<meta property=\"article:modified_time\" content=\"2019-10-30T08:31:57+00:00\" \/>\n<meta property=\"og:image\" content=\"https:\/\/www.naturparkmagazin.de\/stechlin\/wp-content\/uploads\/sites\/38\/19.IKS_05.jpg\" \/>\n\t<meta property=\"og:image:width\" content=\"200\" \/>\n\t<meta property=\"og:image:height\" content=\"200\" \/>\n\t<meta property=\"og:image:type\" content=\"image\/jpeg\" \/>\n<meta name=\"author\" content=\"marioschrumpf\" \/>\n<meta name=\"twitter:label1\" content=\"Verfasst von\" \/>\n\t<meta name=\"twitter:data1\" content=\"marioschrumpf\" \/>\n\t<meta name=\"twitter:label2\" content=\"Gesch\u00e4tzte Lesezeit\" \/>\n\t<meta name=\"twitter:data2\" content=\"1\u00a0Minute\" \/>\n<script type=\"application\/ld+json\" class=\"yoast-schema-graph\">{\"@context\":\"https:\/\/schema.org\",\"@graph\":[{\"@type\":\"WebPage\",\"@id\":\"https:\/\/www.naturparkmagazin.de\/stechlin\/holzkunst-fuer-menz\/\",\"url\":\"https:\/\/www.naturparkmagazin.de\/stechlin\/holzkunst-fuer-menz\/\",\"name\":\"Holzkunst f\u00fcr Menz - Naturpark Stechlin-Ruppiner Land\",\"isPartOf\":{\"@id\":\"https:\/\/www.naturparkmagazin.de\/stechlin\/#website\"},\"datePublished\":\"2019-10-17T10:02:09+00:00\",\"dateModified\":\"2019-10-30T08:31:57+00:00\",\"author\":{\"@id\":\"https:\/\/www.naturparkmagazin.de\/stechlin\/#\/schema\/person\/3f0d93203df21c806dd63c76d9bb28bc\"},\"breadcrumb\":{\"@id\":\"https:\/\/www.naturparkmagazin.de\/stechlin\/holzkunst-fuer-menz\/#breadcrumb\"},\"inLanguage\":\"de\",\"potentialAction\":[{\"@type\":\"ReadAction\",\"target\":[\"https:\/\/www.naturparkmagazin.de\/stechlin\/holzkunst-fuer-menz\/\"]}]},{\"@type\":\"BreadcrumbList\",\"@id\":\"https:\/\/www.naturparkmagazin.de\/stechlin\/holzkunst-fuer-menz\/#breadcrumb\",\"itemListElement\":[{\"@type\":\"ListItem\",\"position\":1,\"name\":\"Home\",\"item\":\"https:\/\/www.naturparkmagazin.de\/stechlin\/\"},{\"@type\":\"ListItem\",\"position\":2,\"name\":\"Holzkunst f\u00fcr Menz\"}]},{\"@type\":\"WebSite\",\"@id\":\"https:\/\/www.naturparkmagazin.de\/stechlin\/#website\",\"url\":\"https:\/\/www.naturparkmagazin.de\/stechlin\/\",\"name\":\"Naturpark Stechlin-Ruppiner Land\",\"description\":\"\",\"potentialAction\":[{\"@type\":\"SearchAction\",\"target\":{\"@type\":\"EntryPoint\",\"urlTemplate\":\"https:\/\/www.naturparkmagazin.de\/stechlin\/?s={search_term_string}\"},\"query-input\":\"required name=search_term_string\"}],\"inLanguage\":\"de\"},{\"@type\":\"Person\",\"@id\":\"https:\/\/www.naturparkmagazin.de\/stechlin\/#\/schema\/person\/3f0d93203df21c806dd63c76d9bb28bc\",\"name\":\"marioschrumpf\",\"url\":\"https:\/\/www.naturparkmagazin.de\/stechlin\/author\/marioschrumpf\/\"}]}<\/script>\n<!-- \/ Yoast SEO plugin. -->","yoast_head_json":{"title":"Holzkunst f\u00fcr Menz - Naturpark Stechlin-Ruppiner Land","robots":{"index":"index","follow":"follow","max-snippet":"max-snippet:-1","max-image-preview":"max-image-preview:large","max-video-preview":"max-video-preview:-1"},"canonical":"https:\/\/www.naturparkmagazin.de\/stechlin\/holzkunst-fuer-menz\/","og_locale":"de_DE","og_type":"article","og_title":"Holzkunst f\u00fcr Menz - Naturpark Stechlin-Ruppiner Land","og_description":"Am 26.10. wurden in Neuroofen im Rahmen einer Finnisage die Ergebnisse des 19. Internationalen Kunstsymposiums vorgestellt.","og_url":"https:\/\/www.naturparkmagazin.de\/stechlin\/holzkunst-fuer-menz\/","og_site_name":"Naturpark Stechlin-Ruppiner Land","article_published_time":"2019-10-17T10:02:09+00:00","article_modified_time":"2019-10-30T08:31:57+00:00","og_image":[{"width":200,"height":200,"url":"https:\/\/www.naturparkmagazin.de\/stechlin\/wp-content\/uploads\/sites\/38\/19.IKS_05.jpg","type":"image\/jpeg"}],"author":"marioschrumpf","twitter_misc":{"Verfasst von":"marioschrumpf","Gesch\u00e4tzte Lesezeit":"1\u00a0Minute"},"schema":{"@context":"https:\/\/schema.org","@graph":[{"@type":"WebPage","@id":"https:\/\/www.naturparkmagazin.de\/stechlin\/holzkunst-fuer-menz\/","url":"https:\/\/www.naturparkmagazin.de\/stechlin\/holzkunst-fuer-menz\/","name":"Holzkunst f\u00fcr Menz - Naturpark Stechlin-Ruppiner Land","isPartOf":{"@id":"https:\/\/www.naturparkmagazin.de\/stechlin\/#website"},"datePublished":"2019-10-17T10:02:09+00:00","dateModified":"2019-10-30T08:31:57+00:00","author":{"@id":"https:\/\/www.naturparkmagazin.de\/stechlin\/#\/schema\/person\/3f0d93203df21c806dd63c76d9bb28bc"},"breadcrumb":{"@id":"https:\/\/www.naturparkmagazin.de\/stechlin\/holzkunst-fuer-menz\/#breadcrumb"},"inLanguage":"de","potentialAction":[{"@type":"ReadAction","target":["https:\/\/www.naturparkmagazin.de\/stechlin\/holzkunst-fuer-menz\/"]}]},{"@type":"BreadcrumbList","@id":"https:\/\/www.naturparkmagazin.de\/stechlin\/holzkunst-fuer-menz\/#breadcrumb","itemListElement":[{"@type":"ListItem","position":1,"name":"Home","item":"https:\/\/www.naturparkmagazin.de\/stechlin\/"},{"@type":"ListItem","position":2,"name":"Holzkunst f\u00fcr Menz"}]},{"@type":"WebSite","@id":"https:\/\/www.naturparkmagazin.de\/stechlin\/#website","url":"https:\/\/www.naturparkmagazin.de\/stechlin\/","name":"Naturpark Stechlin-Ruppiner Land","description":"","potentialAction":[{"@type":"SearchAction","target":{"@type":"EntryPoint","urlTemplate":"https:\/\/www.naturparkmagazin.de\/stechlin\/?s={search_term_string}"},"query-input":"required name=search_term_string"}],"inLanguage":"de"},{"@type":"Person","@id":"https:\/\/www.naturparkmagazin.de\/stechlin\/#\/schema\/person\/3f0d93203df21c806dd63c76d9bb28bc","name":"marioschrumpf","url":"https:\/\/www.naturparkmagazin.de\/stechlin\/author\/marioschrumpf\/"}]}},"_links":{"self":[{"href":"https:\/\/www.naturparkmagazin.de\/stechlin\/wp-json\/wp\/v2\/posts\/8895"}],"collection":[{"href":"https:\/\/www.naturparkmagazin.de\/stechlin\/wp-json\/wp\/v2\/posts"}],"about":[{"href":"https:\/\/www.naturparkmagazin.de\/stechlin\/wp-json\/wp\/v2\/types\/post"}],"author":[{"embeddable":true,"href":"https:\/\/www.naturparkmagazin.de\/stechlin\/wp-json\/wp\/v2\/users\/39"}],"replies":[{"embeddable":true,"href":"https:\/\/www.naturparkmagazin.de\/stechlin\/wp-json\/wp\/v2\/comments?post=8895"}],"version-history":[{"count":3,"href":"https:\/\/www.naturparkmagazin.de\/stechlin\/wp-json\/wp\/v2\/posts\/8895\/revisions"}],"predecessor-version":[{"id":8936,"href":"https:\/\/www.naturparkmagazin.de\/stechlin\/wp-json\/wp\/v2\/posts\/8895\/revisions\/8936"}],"wp:featuredmedia":[{"embeddable":true,"href":"https:\/\/www.naturparkmagazin.de\/stechlin\/wp-json\/wp\/v2\/media\/8900"}],"wp:attachment":[{"href":"https:\/\/www.naturparkmagazin.de\/stechlin\/wp-json\/wp\/v2\/media?parent=8895"}],"wp:term":[{"taxonomy":"category","embeddable":true,"href":"https:\/\/www.naturparkmagazin.de\/stechlin\/wp-json\/wp\/v2\/categories?post=8895"},{"taxonomy":"post_tag","embeddable":true,"href":"https:\/\/www.naturparkmagazin.de\/stechlin\/wp-json\/wp\/v2\/tags?post=8895"}],"curies":[{"name":"wp","href":"https:\/\/api.w.org\/{rel}","templated":true}]}}