{"id":8902,"date":"2019-10-17T14:27:20","date_gmt":"2019-10-17T12:27:20","guid":{"rendered":"https:\/\/www.naturparkmagazin.de\/stechlin\/?p=8902"},"modified":"2019-10-24T15:12:11","modified_gmt":"2019-10-24T13:12:11","slug":"im-gegenwind-zeitzeugengespraech-mit-dr-sebastian-pflugbeil-anlaesslich-von-30-jahre-friedliche-revolution","status":"publish","type":"post","link":"https:\/\/www.naturparkmagazin.de\/stechlin\/im-gegenwind-zeitzeugengespraech-mit-dr-sebastian-pflugbeil-anlaesslich-von-30-jahre-friedliche-revolution\/","title":{"rendered":"\u201eIm Gegenwind\u201c: Zeitzeugengespr\u00e4ch mit Dr. Sebastian Pflugbeil anl\u00e4sslich von \u201e30 Jahre Friedliche Revolution\u201c"},"content":{"rendered":"<p>Was haben die Ereignisse 1989 in Berlin und anderen gro\u00dfen St\u00e4dten mit Menz und unserer Region zu tun?<\/p>\n<p>Dieser Frage wird das 3. Zeitzeugengespr\u00e4ch des Vereins \u201eBegegnungsst\u00e4tte Stechlin e.V.\u201c am <strong>2.11.2019 um 16 Uhr<\/strong> im Stechlinsee-Center Neuglobsow nachgehen. Auch dieses Zeitzeugengespr\u00e4ch wird wieder bei <strong>freiem Eintritt<\/strong> angeboten.<\/p>\n<div id=\"attachment_8910\" style=\"width: 310px\" class=\"wp-caption aligncenter\"><a href=\"https:\/\/www.naturparkmagazin.de\/stechlin\/wp-content\/uploads\/sites\/38\/s-p-Photo-von-Xanthe-Hall1.jpg\"><img aria-describedby=\"caption-attachment-8910\" decoding=\"async\" loading=\"lazy\" class=\"size-thumbnail wp-image-8910\" src=\"https:\/\/www.naturparkmagazin.de\/stechlin\/wp-content\/uploads\/sites\/38\/s-p-Photo-von-Xanthe-Hall1-300x180.jpg\" alt=\"Copyright: Xanthe Hall\" width=\"300\" height=\"180\" srcset=\"https:\/\/www.naturparkmagazin.de\/stechlin\/wp-content\/uploads\/sites\/38\/s-p-Photo-von-Xanthe-Hall1-300x180.jpg 300w, https:\/\/www.naturparkmagazin.de\/stechlin\/wp-content\/uploads\/sites\/38\/s-p-Photo-von-Xanthe-Hall1.jpg 500w, https:\/\/www.naturparkmagazin.de\/stechlin\/wp-content\/uploads\/sites\/38\/s-p-Photo-von-Xanthe-Hall1-200x120.jpg 200w\" sizes=\"(max-width: 300px) 100vw, 300px\" \/><\/a><p id=\"caption-attachment-8910\" class=\"wp-caption-text\">Dr. Sebastian Pflugbeil (Copyright: Xanthe Hall)<\/p><\/div>\n<p>Dr. Sebastian Pflugbeil wird der Gast dieses Zeitzeugengespr\u00e4ches sein. Ebenso eingeladen ist Pfarrer i.R. Reinhard Dalchow, der ehemalige Menzer Gemeindepfarrer, der seinerzeit den Umweltkreis der Menzer Kirchgemeinde gr\u00fcndete. 1988 war Sebastian Pflugbeil prominenter Gast des 2. Umweltsonntages in Menz und sprach dort zum Thema \u201eEnergie und Umwelt\u201c, basierend auf einer Studie, die er und sein Kollege Joachim Listing verfasst hatten und die der Bund der Evangelischen Kirchen der DDR herausgab \u2013 zum Schutz der beiden Verfasser ohne deren Namen zu nennen.<\/p>\n<p>Auch 1990 war Dr. Pflugbeil wieder Gast in Menz, diesmal aber zu einem Gespr\u00e4ch im Pfarrhaus mit einem Vertreter des \u00d6ko-Instituts und einem Vertreter des KKW Rheinsberg, um \u00fcber den weiteren Umgang mit den KKW Rheinsberg zu beraten.<\/p>\n<p>Zu diesen gemeinsamen Aktionen wird Pfarrer i.R. Reinhard Dalchow erg\u00e4nzend aus seiner Sicht berichten.<\/p>\n<div id=\"attachment_8908\" style=\"width: 190px\" class=\"wp-caption aligncenter\"><a href=\"https:\/\/www.naturparkmagazin.de\/stechlin\/wp-content\/uploads\/sites\/38\/Foto-RDalchow_3.jpg\"><img aria-describedby=\"caption-attachment-8908\" decoding=\"async\" loading=\"lazy\" class=\"size-full wp-image-8908\" src=\"https:\/\/www.naturparkmagazin.de\/stechlin\/wp-content\/uploads\/sites\/38\/Foto-RDalchow_3.jpg\" alt=\"Pfarrer a.D. Reinhard Dalchow\" width=\"180\" height=\"300\" \/><\/a><p id=\"caption-attachment-8908\" class=\"wp-caption-text\">Pfarrer a.D. Reinhard Dalchow<\/p><\/div>\n<p>F\u00fcr beide, Dr. Pflugbeil und Pfarrer Dalchow, ist charakteristisch, dass sie nach 1989 nicht die H\u00e4nde in den Scho\u00df legten, sondern ihr Engagement fortsetzten \u2013 der eine zun\u00e4chst als Minister ohne Gesch\u00e4ftsbereich in der Modrow-Regierung, sp\u00e4ter 4 Jahre im Berliner Abgeordnetenhaus, der andere ab 1995 als Umweltbeauftragter der Evangelischen Kirche Berlin-Brandenburg \/Schlesische Oberlausitz.<\/p>\n<p>Flankiert wird das von Ruth Curio moderierte Zeitzeugengespr\u00e4ch von einer Ausstellung in der Neuglobsower Kirche. Dort wird \u00fcber die Aktivit\u00e4ten des Menzer Umweltkreises berichtet.<\/p>\n<p>Sie wird am <strong>2.11. 2019<\/strong> vor dem Gespr\u00e4ch um <strong>15 Uhr<\/strong> er\u00f6ffnet.<\/p>\n<p><a href=\"https:\/\/www.naturparkmagazin.de\/stechlin\/wp-content\/uploads\/sites\/38\/Logo-der-Umweltsonntage.jpg\"><img decoding=\"async\" loading=\"lazy\" class=\"aligncenter size-thumbnail wp-image-8907\" src=\"https:\/\/www.naturparkmagazin.de\/stechlin\/wp-content\/uploads\/sites\/38\/Logo-der-Umweltsonntage-300x192.jpg\" alt=\"NP SRL\/Logo der Umweltsonntage\" width=\"300\" height=\"192\" srcset=\"https:\/\/www.naturparkmagazin.de\/stechlin\/wp-content\/uploads\/sites\/38\/Logo-der-Umweltsonntage-300x192.jpg 300w, https:\/\/www.naturparkmagazin.de\/stechlin\/wp-content\/uploads\/sites\/38\/Logo-der-Umweltsonntage.jpg 500w, https:\/\/www.naturparkmagazin.de\/stechlin\/wp-content\/uploads\/sites\/38\/Logo-der-Umweltsonntage-200x128.jpg 200w\" sizes=\"(max-width: 300px) 100vw, 300px\" \/><\/a><\/p>\n","protected":false},"excerpt":{"rendered":"<p>Was haben die Ereignisse 1989 in Berlin und anderen gro\u00dfen St\u00e4dten mit Menz und unserer Region zu tun?<\/p>\n","protected":false},"author":39,"featured_media":8906,"comment_status":"open","ping_status":"open","sticky":false,"template":"","format":"standard","meta":[],"categories":[11],"tags":[],"yoast_head":"<!-- This site is optimized with the Yoast SEO plugin v19.10 - https:\/\/yoast.com\/wordpress\/plugins\/seo\/ -->\n<title>\u201eIm Gegenwind\u201c: Zeitzeugengespr\u00e4ch mit Dr. Sebastian Pflugbeil anl\u00e4sslich von \u201e30 Jahre Friedliche Revolution\u201c - Naturpark Stechlin-Ruppiner Land<\/title>\n<meta name=\"robots\" content=\"index, follow, max-snippet:-1, max-image-preview:large, max-video-preview:-1\" \/>\n<link rel=\"canonical\" href=\"https:\/\/www.naturparkmagazin.de\/stechlin\/im-gegenwind-zeitzeugengespraech-mit-dr-sebastian-pflugbeil-anlaesslich-von-30-jahre-friedliche-revolution\/\" \/>\n<meta property=\"og:locale\" content=\"de_DE\" \/>\n<meta property=\"og:type\" content=\"article\" \/>\n<meta property=\"og:title\" content=\"\u201eIm Gegenwind\u201c: Zeitzeugengespr\u00e4ch mit Dr. Sebastian Pflugbeil anl\u00e4sslich von \u201e30 Jahre Friedliche Revolution\u201c - Naturpark Stechlin-Ruppiner Land\" \/>\n<meta property=\"og:description\" content=\"Was haben die Ereignisse 1989 in Berlin und anderen gro\u00dfen St\u00e4dten mit Menz und unserer Region zu tun?\" \/>\n<meta property=\"og:url\" content=\"https:\/\/www.naturparkmagazin.de\/stechlin\/im-gegenwind-zeitzeugengespraech-mit-dr-sebastian-pflugbeil-anlaesslich-von-30-jahre-friedliche-revolution\/\" \/>\n<meta property=\"og:site_name\" content=\"Naturpark Stechlin-Ruppiner Land\" \/>\n<meta property=\"article:published_time\" content=\"2019-10-17T12:27:20+00:00\" \/>\n<meta property=\"article:modified_time\" content=\"2019-10-24T13:12:11+00:00\" \/>\n<meta property=\"og:image\" content=\"https:\/\/www.naturparkmagazin.de\/stechlin\/wp-content\/uploads\/sites\/38\/s-p-Photo-von-Xanthe-Hall.jpg\" \/>\n\t<meta property=\"og:image:width\" content=\"200\" \/>\n\t<meta property=\"og:image:height\" content=\"200\" \/>\n\t<meta property=\"og:image:type\" content=\"image\/jpeg\" \/>\n<meta name=\"author\" content=\"marioschrumpf\" \/>\n<meta name=\"twitter:label1\" content=\"Verfasst von\" \/>\n\t<meta name=\"twitter:data1\" content=\"marioschrumpf\" \/>\n\t<meta name=\"twitter:label2\" content=\"Gesch\u00e4tzte Lesezeit\" \/>\n\t<meta name=\"twitter:data2\" content=\"2\u00a0Minuten\" \/>\n<script type=\"application\/ld+json\" class=\"yoast-schema-graph\">{\"@context\":\"https:\/\/schema.org\",\"@graph\":[{\"@type\":\"WebPage\",\"@id\":\"https:\/\/www.naturparkmagazin.de\/stechlin\/im-gegenwind-zeitzeugengespraech-mit-dr-sebastian-pflugbeil-anlaesslich-von-30-jahre-friedliche-revolution\/\",\"url\":\"https:\/\/www.naturparkmagazin.de\/stechlin\/im-gegenwind-zeitzeugengespraech-mit-dr-sebastian-pflugbeil-anlaesslich-von-30-jahre-friedliche-revolution\/\",\"name\":\"\u201eIm Gegenwind\u201c: Zeitzeugengespr\u00e4ch mit Dr. Sebastian Pflugbeil anl\u00e4sslich von \u201e30 Jahre Friedliche Revolution\u201c - Naturpark Stechlin-Ruppiner Land\",\"isPartOf\":{\"@id\":\"https:\/\/www.naturparkmagazin.de\/stechlin\/#website\"},\"datePublished\":\"2019-10-17T12:27:20+00:00\",\"dateModified\":\"2019-10-24T13:12:11+00:00\",\"author\":{\"@id\":\"https:\/\/www.naturparkmagazin.de\/stechlin\/#\/schema\/person\/3f0d93203df21c806dd63c76d9bb28bc\"},\"breadcrumb\":{\"@id\":\"https:\/\/www.naturparkmagazin.de\/stechlin\/im-gegenwind-zeitzeugengespraech-mit-dr-sebastian-pflugbeil-anlaesslich-von-30-jahre-friedliche-revolution\/#breadcrumb\"},\"inLanguage\":\"de\",\"potentialAction\":[{\"@type\":\"ReadAction\",\"target\":[\"https:\/\/www.naturparkmagazin.de\/stechlin\/im-gegenwind-zeitzeugengespraech-mit-dr-sebastian-pflugbeil-anlaesslich-von-30-jahre-friedliche-revolution\/\"]}]},{\"@type\":\"BreadcrumbList\",\"@id\":\"https:\/\/www.naturparkmagazin.de\/stechlin\/im-gegenwind-zeitzeugengespraech-mit-dr-sebastian-pflugbeil-anlaesslich-von-30-jahre-friedliche-revolution\/#breadcrumb\",\"itemListElement\":[{\"@type\":\"ListItem\",\"position\":1,\"name\":\"Home\",\"item\":\"https:\/\/www.naturparkmagazin.de\/stechlin\/\"},{\"@type\":\"ListItem\",\"position\":2,\"name\":\"\u201eIm Gegenwind\u201c: Zeitzeugengespr\u00e4ch mit Dr. Sebastian Pflugbeil anl\u00e4sslich von \u201e30 Jahre Friedliche Revolution\u201c\"}]},{\"@type\":\"WebSite\",\"@id\":\"https:\/\/www.naturparkmagazin.de\/stechlin\/#website\",\"url\":\"https:\/\/www.naturparkmagazin.de\/stechlin\/\",\"name\":\"Naturpark Stechlin-Ruppiner Land\",\"description\":\"\",\"potentialAction\":[{\"@type\":\"SearchAction\",\"target\":{\"@type\":\"EntryPoint\",\"urlTemplate\":\"https:\/\/www.naturparkmagazin.de\/stechlin\/?s={search_term_string}\"},\"query-input\":\"required name=search_term_string\"}],\"inLanguage\":\"de\"},{\"@type\":\"Person\",\"@id\":\"https:\/\/www.naturparkmagazin.de\/stechlin\/#\/schema\/person\/3f0d93203df21c806dd63c76d9bb28bc\",\"name\":\"marioschrumpf\",\"url\":\"https:\/\/www.naturparkmagazin.de\/stechlin\/author\/marioschrumpf\/\"}]}<\/script>\n<!-- \/ Yoast SEO plugin. -->","yoast_head_json":{"title":"\u201eIm Gegenwind\u201c: Zeitzeugengespr\u00e4ch mit Dr. Sebastian Pflugbeil anl\u00e4sslich von \u201e30 Jahre Friedliche Revolution\u201c - Naturpark Stechlin-Ruppiner Land","robots":{"index":"index","follow":"follow","max-snippet":"max-snippet:-1","max-image-preview":"max-image-preview:large","max-video-preview":"max-video-preview:-1"},"canonical":"https:\/\/www.naturparkmagazin.de\/stechlin\/im-gegenwind-zeitzeugengespraech-mit-dr-sebastian-pflugbeil-anlaesslich-von-30-jahre-friedliche-revolution\/","og_locale":"de_DE","og_type":"article","og_title":"\u201eIm Gegenwind\u201c: Zeitzeugengespr\u00e4ch mit Dr. Sebastian Pflugbeil anl\u00e4sslich von \u201e30 Jahre Friedliche Revolution\u201c - Naturpark Stechlin-Ruppiner Land","og_description":"Was haben die Ereignisse 1989 in Berlin und anderen gro\u00dfen St\u00e4dten mit Menz und unserer Region zu tun?","og_url":"https:\/\/www.naturparkmagazin.de\/stechlin\/im-gegenwind-zeitzeugengespraech-mit-dr-sebastian-pflugbeil-anlaesslich-von-30-jahre-friedliche-revolution\/","og_site_name":"Naturpark Stechlin-Ruppiner Land","article_published_time":"2019-10-17T12:27:20+00:00","article_modified_time":"2019-10-24T13:12:11+00:00","og_image":[{"width":200,"height":200,"url":"https:\/\/www.naturparkmagazin.de\/stechlin\/wp-content\/uploads\/sites\/38\/s-p-Photo-von-Xanthe-Hall.jpg","type":"image\/jpeg"}],"author":"marioschrumpf","twitter_misc":{"Verfasst von":"marioschrumpf","Gesch\u00e4tzte Lesezeit":"2\u00a0Minuten"},"schema":{"@context":"https:\/\/schema.org","@graph":[{"@type":"WebPage","@id":"https:\/\/www.naturparkmagazin.de\/stechlin\/im-gegenwind-zeitzeugengespraech-mit-dr-sebastian-pflugbeil-anlaesslich-von-30-jahre-friedliche-revolution\/","url":"https:\/\/www.naturparkmagazin.de\/stechlin\/im-gegenwind-zeitzeugengespraech-mit-dr-sebastian-pflugbeil-anlaesslich-von-30-jahre-friedliche-revolution\/","name":"\u201eIm Gegenwind\u201c: Zeitzeugengespr\u00e4ch mit Dr. Sebastian Pflugbeil anl\u00e4sslich von \u201e30 Jahre Friedliche Revolution\u201c - Naturpark Stechlin-Ruppiner Land","isPartOf":{"@id":"https:\/\/www.naturparkmagazin.de\/stechlin\/#website"},"datePublished":"2019-10-17T12:27:20+00:00","dateModified":"2019-10-24T13:12:11+00:00","author":{"@id":"https:\/\/www.naturparkmagazin.de\/stechlin\/#\/schema\/person\/3f0d93203df21c806dd63c76d9bb28bc"},"breadcrumb":{"@id":"https:\/\/www.naturparkmagazin.de\/stechlin\/im-gegenwind-zeitzeugengespraech-mit-dr-sebastian-pflugbeil-anlaesslich-von-30-jahre-friedliche-revolution\/#breadcrumb"},"inLanguage":"de","potentialAction":[{"@type":"ReadAction","target":["https:\/\/www.naturparkmagazin.de\/stechlin\/im-gegenwind-zeitzeugengespraech-mit-dr-sebastian-pflugbeil-anlaesslich-von-30-jahre-friedliche-revolution\/"]}]},{"@type":"BreadcrumbList","@id":"https:\/\/www.naturparkmagazin.de\/stechlin\/im-gegenwind-zeitzeugengespraech-mit-dr-sebastian-pflugbeil-anlaesslich-von-30-jahre-friedliche-revolution\/#breadcrumb","itemListElement":[{"@type":"ListItem","position":1,"name":"Home","item":"https:\/\/www.naturparkmagazin.de\/stechlin\/"},{"@type":"ListItem","position":2,"name":"\u201eIm Gegenwind\u201c: Zeitzeugengespr\u00e4ch mit Dr. Sebastian Pflugbeil anl\u00e4sslich von \u201e30 Jahre Friedliche Revolution\u201c"}]},{"@type":"WebSite","@id":"https:\/\/www.naturparkmagazin.de\/stechlin\/#website","url":"https:\/\/www.naturparkmagazin.de\/stechlin\/","name":"Naturpark Stechlin-Ruppiner Land","description":"","potentialAction":[{"@type":"SearchAction","target":{"@type":"EntryPoint","urlTemplate":"https:\/\/www.naturparkmagazin.de\/stechlin\/?s={search_term_string}"},"query-input":"required name=search_term_string"}],"inLanguage":"de"},{"@type":"Person","@id":"https:\/\/www.naturparkmagazin.de\/stechlin\/#\/schema\/person\/3f0d93203df21c806dd63c76d9bb28bc","name":"marioschrumpf","url":"https:\/\/www.naturparkmagazin.de\/stechlin\/author\/marioschrumpf\/"}]}},"_links":{"self":[{"href":"https:\/\/www.naturparkmagazin.de\/stechlin\/wp-json\/wp\/v2\/posts\/8902"}],"collection":[{"href":"https:\/\/www.naturparkmagazin.de\/stechlin\/wp-json\/wp\/v2\/posts"}],"about":[{"href":"https:\/\/www.naturparkmagazin.de\/stechlin\/wp-json\/wp\/v2\/types\/post"}],"author":[{"embeddable":true,"href":"https:\/\/www.naturparkmagazin.de\/stechlin\/wp-json\/wp\/v2\/users\/39"}],"replies":[{"embeddable":true,"href":"https:\/\/www.naturparkmagazin.de\/stechlin\/wp-json\/wp\/v2\/comments?post=8902"}],"version-history":[{"count":3,"href":"https:\/\/www.naturparkmagazin.de\/stechlin\/wp-json\/wp\/v2\/posts\/8902\/revisions"}],"predecessor-version":[{"id":8923,"href":"https:\/\/www.naturparkmagazin.de\/stechlin\/wp-json\/wp\/v2\/posts\/8902\/revisions\/8923"}],"wp:featuredmedia":[{"embeddable":true,"href":"https:\/\/www.naturparkmagazin.de\/stechlin\/wp-json\/wp\/v2\/media\/8906"}],"wp:attachment":[{"href":"https:\/\/www.naturparkmagazin.de\/stechlin\/wp-json\/wp\/v2\/media?parent=8902"}],"wp:term":[{"taxonomy":"category","embeddable":true,"href":"https:\/\/www.naturparkmagazin.de\/stechlin\/wp-json\/wp\/v2\/categories?post=8902"},{"taxonomy":"post_tag","embeddable":true,"href":"https:\/\/www.naturparkmagazin.de\/stechlin\/wp-json\/wp\/v2\/tags?post=8902"}],"curies":[{"name":"wp","href":"https:\/\/api.w.org\/{rel}","templated":true}]}}