{"id":8945,"date":"2019-11-15T09:10:53","date_gmt":"2019-11-15T08:10:53","guid":{"rendered":"https:\/\/www.naturparkmagazin.de\/stechlin\/?p=8945"},"modified":"2019-11-27T11:57:50","modified_gmt":"2019-11-27T10:57:50","slug":"weidenhuette","status":"publish","type":"post","link":"https:\/\/www.naturparkmagazin.de\/stechlin\/weidenhuette\/","title":{"rendered":"Weidenh\u00fcttenbau &#8211; ein &#8222;Bufdi&#8220;-Projekt"},"content":{"rendered":"<p><a href=\"https:\/\/www.naturparkmagazin.de\/stechlin\/wp-content\/uploads\/sites\/38\/Weidendach2.jpg\"><img decoding=\"async\" loading=\"lazy\" class=\"aligncenter size-full wp-image-8947\" src=\"https:\/\/www.naturparkmagazin.de\/stechlin\/wp-content\/uploads\/sites\/38\/Weidendach2.jpg\" alt=\"NP SRL\/Silke Oldorff\" width=\"180\" height=\"250\" \/><\/a><\/p>\n<p>Im Hof der Regionalwerkstatt Stechlin am Standort der Naturparkverwaltung in Menz steht seit langem eine Sitzecke. Im Sommer ist es dort jedoch unter der prallen Sonne zu hei\u00df, es gibt keinen Regenschutz und die B\u00e4nke stehen direkt an der Stra\u00dfe.<\/p>\n<p>Deshalb hat unser Bundesfreiwilligendienstler Janek zusammen mit dem Sch\u00fclerpraktikanten Aiden eine lebende Weidenh\u00fctte an dieser Stelle angepflanzt. Dazu haben sie nach Abstimmung mit ortsans\u00e4ssigen Landwirten Weidenst\u00e4be geschnitten und tiefe L\u00f6cher in unseren Hof gegraben. Aus den l\u00e4ngsten St\u00e4ben errichteten sie zun\u00e4chst das sechseckige Grundger\u00fcst. Kleinere St\u00e4be flochten sie an den Seiten zu dichten Gittern, die dem sp\u00e4ter angepflanzten Efeu halt geben sollen. Die L\u00f6cher mit den Weiden mussten dann noch geflutet und geschlossen werden. Die Weiden brauchen auch in der n\u00e4chsten Zeit noch eine Menge Wasser, um den Mitarbeitern der Verwaltung zuk\u00fcnftig einen angenehmen R\u00fcckzugsort zu bieten.<\/p>\n<p><a href=\"https:\/\/www.naturparkmagazin.de\/stechlin\/wp-content\/uploads\/sites\/38\/Weidendach61.jpg\"><img decoding=\"async\" loading=\"lazy\" class=\"aligncenter size-thumbnail wp-image-8949\" src=\"https:\/\/www.naturparkmagazin.de\/stechlin\/wp-content\/uploads\/sites\/38\/Weidendach61-300x180.jpg\" alt=\"NP SRL\/Silke Oldorff\" width=\"300\" height=\"180\" srcset=\"https:\/\/www.naturparkmagazin.de\/stechlin\/wp-content\/uploads\/sites\/38\/Weidendach61-300x180.jpg 300w, https:\/\/www.naturparkmagazin.de\/stechlin\/wp-content\/uploads\/sites\/38\/Weidendach61.jpg 500w, https:\/\/www.naturparkmagazin.de\/stechlin\/wp-content\/uploads\/sites\/38\/Weidendach61-200x120.jpg 200w\" sizes=\"(max-width: 300px) 100vw, 300px\" \/><\/a><\/p>\n<p>Wer sich selbst am Weidenbau probieren und einen gr\u00fcnen, schattigen Platz im eigenen Garten haben m\u00f6chte, findet hier eine\u00a0Anleitung zum Weidenbau.<\/p>\n<p><a href=\"https:\/\/www.naturparkmagazin.de\/stechlin\/wp-content\/uploads\/sites\/38\/Weidendach7.jpg\"><img decoding=\"async\" loading=\"lazy\" class=\"aligncenter size-thumbnail wp-image-8948\" src=\"https:\/\/www.naturparkmagazin.de\/stechlin\/wp-content\/uploads\/sites\/38\/Weidendach7-300x180.jpg\" alt=\"NP SRL\/Silke Oldorff\" width=\"300\" height=\"180\" srcset=\"https:\/\/www.naturparkmagazin.de\/stechlin\/wp-content\/uploads\/sites\/38\/Weidendach7-300x180.jpg 300w, https:\/\/www.naturparkmagazin.de\/stechlin\/wp-content\/uploads\/sites\/38\/Weidendach7.jpg 500w, https:\/\/www.naturparkmagazin.de\/stechlin\/wp-content\/uploads\/sites\/38\/Weidendach7-200x120.jpg 200w\" sizes=\"(max-width: 300px) 100vw, 300px\" \/><\/a><\/p>\n<p>Hier kann die <a href=\"https:\/\/www.stechlin-ruppiner-land-naturpark.de\/fileadmin\/user_upload\/PDF\/Stechlin-Ruppin\/Publikationen\/Handlungsanleitung_zum_Weidenbau.pdf\" target=\"_blank\">Handlungsanleitung<\/a> herunterladen werden.<\/p>\n","protected":false},"excerpt":{"rendered":"<p>Im Hof der Regionalwerkstatt Stechlin am Standort der Naturparkverwaltung in Menz steht seit langem eine Sitzecke.<\/p>\n","protected":false},"author":39,"featured_media":8946,"comment_status":"open","ping_status":"open","sticky":false,"template":"","format":"standard","meta":[],"categories":[7],"tags":[],"yoast_head":"<!-- This site is optimized with the Yoast SEO plugin v19.10 - https:\/\/yoast.com\/wordpress\/plugins\/seo\/ -->\n<title>Weidenh\u00fcttenbau - ein &quot;Bufdi&quot;-Projekt - Naturpark Stechlin-Ruppiner Land<\/title>\n<meta name=\"robots\" content=\"index, follow, max-snippet:-1, max-image-preview:large, max-video-preview:-1\" \/>\n<link rel=\"canonical\" href=\"https:\/\/www.naturparkmagazin.de\/stechlin\/weidenhuette\/\" \/>\n<meta property=\"og:locale\" content=\"de_DE\" \/>\n<meta property=\"og:type\" content=\"article\" \/>\n<meta property=\"og:title\" content=\"Weidenh\u00fcttenbau - ein &quot;Bufdi&quot;-Projekt - Naturpark Stechlin-Ruppiner Land\" \/>\n<meta property=\"og:description\" content=\"Im Hof der Regionalwerkstatt Stechlin am Standort der Naturparkverwaltung in Menz steht seit langem eine Sitzecke.\" \/>\n<meta property=\"og:url\" content=\"https:\/\/www.naturparkmagazin.de\/stechlin\/weidenhuette\/\" \/>\n<meta property=\"og:site_name\" content=\"Naturpark Stechlin-Ruppiner Land\" \/>\n<meta property=\"article:published_time\" content=\"2019-11-15T08:10:53+00:00\" \/>\n<meta property=\"article:modified_time\" content=\"2019-11-27T10:57:50+00:00\" \/>\n<meta property=\"og:image\" content=\"https:\/\/www.naturparkmagazin.de\/stechlin\/wp-content\/uploads\/sites\/38\/Weidendach6.jpg\" \/>\n\t<meta property=\"og:image:width\" content=\"200\" \/>\n\t<meta property=\"og:image:height\" content=\"200\" \/>\n\t<meta property=\"og:image:type\" content=\"image\/jpeg\" \/>\n<meta name=\"author\" content=\"marioschrumpf\" \/>\n<meta name=\"twitter:label1\" content=\"Verfasst von\" \/>\n\t<meta name=\"twitter:data1\" content=\"marioschrumpf\" \/>\n\t<meta name=\"twitter:label2\" content=\"Gesch\u00e4tzte Lesezeit\" \/>\n\t<meta name=\"twitter:data2\" content=\"1\u00a0Minute\" \/>\n<script type=\"application\/ld+json\" class=\"yoast-schema-graph\">{\"@context\":\"https:\/\/schema.org\",\"@graph\":[{\"@type\":\"WebPage\",\"@id\":\"https:\/\/www.naturparkmagazin.de\/stechlin\/weidenhuette\/\",\"url\":\"https:\/\/www.naturparkmagazin.de\/stechlin\/weidenhuette\/\",\"name\":\"Weidenh\u00fcttenbau - ein \\\"Bufdi\\\"-Projekt - Naturpark Stechlin-Ruppiner Land\",\"isPartOf\":{\"@id\":\"https:\/\/www.naturparkmagazin.de\/stechlin\/#website\"},\"datePublished\":\"2019-11-15T08:10:53+00:00\",\"dateModified\":\"2019-11-27T10:57:50+00:00\",\"author\":{\"@id\":\"https:\/\/www.naturparkmagazin.de\/stechlin\/#\/schema\/person\/3f0d93203df21c806dd63c76d9bb28bc\"},\"breadcrumb\":{\"@id\":\"https:\/\/www.naturparkmagazin.de\/stechlin\/weidenhuette\/#breadcrumb\"},\"inLanguage\":\"de\",\"potentialAction\":[{\"@type\":\"ReadAction\",\"target\":[\"https:\/\/www.naturparkmagazin.de\/stechlin\/weidenhuette\/\"]}]},{\"@type\":\"BreadcrumbList\",\"@id\":\"https:\/\/www.naturparkmagazin.de\/stechlin\/weidenhuette\/#breadcrumb\",\"itemListElement\":[{\"@type\":\"ListItem\",\"position\":1,\"name\":\"Home\",\"item\":\"https:\/\/www.naturparkmagazin.de\/stechlin\/\"},{\"@type\":\"ListItem\",\"position\":2,\"name\":\"Weidenh\u00fcttenbau &#8211; ein &#8222;Bufdi&#8220;-Projekt\"}]},{\"@type\":\"WebSite\",\"@id\":\"https:\/\/www.naturparkmagazin.de\/stechlin\/#website\",\"url\":\"https:\/\/www.naturparkmagazin.de\/stechlin\/\",\"name\":\"Naturpark Stechlin-Ruppiner Land\",\"description\":\"\",\"potentialAction\":[{\"@type\":\"SearchAction\",\"target\":{\"@type\":\"EntryPoint\",\"urlTemplate\":\"https:\/\/www.naturparkmagazin.de\/stechlin\/?s={search_term_string}\"},\"query-input\":\"required name=search_term_string\"}],\"inLanguage\":\"de\"},{\"@type\":\"Person\",\"@id\":\"https:\/\/www.naturparkmagazin.de\/stechlin\/#\/schema\/person\/3f0d93203df21c806dd63c76d9bb28bc\",\"name\":\"marioschrumpf\",\"url\":\"https:\/\/www.naturparkmagazin.de\/stechlin\/author\/marioschrumpf\/\"}]}<\/script>\n<!-- \/ Yoast SEO plugin. -->","yoast_head_json":{"title":"Weidenh\u00fcttenbau - ein \"Bufdi\"-Projekt - Naturpark Stechlin-Ruppiner Land","robots":{"index":"index","follow":"follow","max-snippet":"max-snippet:-1","max-image-preview":"max-image-preview:large","max-video-preview":"max-video-preview:-1"},"canonical":"https:\/\/www.naturparkmagazin.de\/stechlin\/weidenhuette\/","og_locale":"de_DE","og_type":"article","og_title":"Weidenh\u00fcttenbau - ein \"Bufdi\"-Projekt - Naturpark Stechlin-Ruppiner Land","og_description":"Im Hof der Regionalwerkstatt Stechlin am Standort der Naturparkverwaltung in Menz steht seit langem eine Sitzecke.","og_url":"https:\/\/www.naturparkmagazin.de\/stechlin\/weidenhuette\/","og_site_name":"Naturpark Stechlin-Ruppiner Land","article_published_time":"2019-11-15T08:10:53+00:00","article_modified_time":"2019-11-27T10:57:50+00:00","og_image":[{"width":200,"height":200,"url":"https:\/\/www.naturparkmagazin.de\/stechlin\/wp-content\/uploads\/sites\/38\/Weidendach6.jpg","type":"image\/jpeg"}],"author":"marioschrumpf","twitter_misc":{"Verfasst von":"marioschrumpf","Gesch\u00e4tzte Lesezeit":"1\u00a0Minute"},"schema":{"@context":"https:\/\/schema.org","@graph":[{"@type":"WebPage","@id":"https:\/\/www.naturparkmagazin.de\/stechlin\/weidenhuette\/","url":"https:\/\/www.naturparkmagazin.de\/stechlin\/weidenhuette\/","name":"Weidenh\u00fcttenbau - ein \"Bufdi\"-Projekt - Naturpark Stechlin-Ruppiner Land","isPartOf":{"@id":"https:\/\/www.naturparkmagazin.de\/stechlin\/#website"},"datePublished":"2019-11-15T08:10:53+00:00","dateModified":"2019-11-27T10:57:50+00:00","author":{"@id":"https:\/\/www.naturparkmagazin.de\/stechlin\/#\/schema\/person\/3f0d93203df21c806dd63c76d9bb28bc"},"breadcrumb":{"@id":"https:\/\/www.naturparkmagazin.de\/stechlin\/weidenhuette\/#breadcrumb"},"inLanguage":"de","potentialAction":[{"@type":"ReadAction","target":["https:\/\/www.naturparkmagazin.de\/stechlin\/weidenhuette\/"]}]},{"@type":"BreadcrumbList","@id":"https:\/\/www.naturparkmagazin.de\/stechlin\/weidenhuette\/#breadcrumb","itemListElement":[{"@type":"ListItem","position":1,"name":"Home","item":"https:\/\/www.naturparkmagazin.de\/stechlin\/"},{"@type":"ListItem","position":2,"name":"Weidenh\u00fcttenbau &#8211; ein &#8222;Bufdi&#8220;-Projekt"}]},{"@type":"WebSite","@id":"https:\/\/www.naturparkmagazin.de\/stechlin\/#website","url":"https:\/\/www.naturparkmagazin.de\/stechlin\/","name":"Naturpark Stechlin-Ruppiner Land","description":"","potentialAction":[{"@type":"SearchAction","target":{"@type":"EntryPoint","urlTemplate":"https:\/\/www.naturparkmagazin.de\/stechlin\/?s={search_term_string}"},"query-input":"required name=search_term_string"}],"inLanguage":"de"},{"@type":"Person","@id":"https:\/\/www.naturparkmagazin.de\/stechlin\/#\/schema\/person\/3f0d93203df21c806dd63c76d9bb28bc","name":"marioschrumpf","url":"https:\/\/www.naturparkmagazin.de\/stechlin\/author\/marioschrumpf\/"}]}},"_links":{"self":[{"href":"https:\/\/www.naturparkmagazin.de\/stechlin\/wp-json\/wp\/v2\/posts\/8945"}],"collection":[{"href":"https:\/\/www.naturparkmagazin.de\/stechlin\/wp-json\/wp\/v2\/posts"}],"about":[{"href":"https:\/\/www.naturparkmagazin.de\/stechlin\/wp-json\/wp\/v2\/types\/post"}],"author":[{"embeddable":true,"href":"https:\/\/www.naturparkmagazin.de\/stechlin\/wp-json\/wp\/v2\/users\/39"}],"replies":[{"embeddable":true,"href":"https:\/\/www.naturparkmagazin.de\/stechlin\/wp-json\/wp\/v2\/comments?post=8945"}],"version-history":[{"count":4,"href":"https:\/\/www.naturparkmagazin.de\/stechlin\/wp-json\/wp\/v2\/posts\/8945\/revisions"}],"predecessor-version":[{"id":8988,"href":"https:\/\/www.naturparkmagazin.de\/stechlin\/wp-json\/wp\/v2\/posts\/8945\/revisions\/8988"}],"wp:featuredmedia":[{"embeddable":true,"href":"https:\/\/www.naturparkmagazin.de\/stechlin\/wp-json\/wp\/v2\/media\/8946"}],"wp:attachment":[{"href":"https:\/\/www.naturparkmagazin.de\/stechlin\/wp-json\/wp\/v2\/media?parent=8945"}],"wp:term":[{"taxonomy":"category","embeddable":true,"href":"https:\/\/www.naturparkmagazin.de\/stechlin\/wp-json\/wp\/v2\/categories?post=8945"},{"taxonomy":"post_tag","embeddable":true,"href":"https:\/\/www.naturparkmagazin.de\/stechlin\/wp-json\/wp\/v2\/tags?post=8945"}],"curies":[{"name":"wp","href":"https:\/\/api.w.org\/{rel}","templated":true}]}}