{"id":8961,"date":"2019-11-15T09:17:16","date_gmt":"2019-11-15T08:17:16","guid":{"rendered":"https:\/\/www.naturparkmagazin.de\/stechlin\/?p=8961"},"modified":"2025-06-19T13:49:28","modified_gmt":"2025-06-19T11:49:28","slug":"ausstellung-fontanemalen-noch-bis-zum-9-februar-2020-zu-sehen","status":"publish","type":"post","link":"https:\/\/www.naturparkmagazin.de\/stechlin\/ausstellung-fontanemalen-noch-bis-zum-9-februar-2020-zu-sehen\/","title":{"rendered":"Ausstellung &#8222;Fontanemalen&#8220; noch bis zum 9. Februar 2020 zu sehen (2019)"},"content":{"rendered":"<p><a href=\"https:\/\/www.naturparkmagazin.de\/stechlin\/wp-content\/uploads\/sites\/38\/Fontanemalen_119.jpg\"><img decoding=\"async\" loading=\"lazy\" class=\"aligncenter size-thumbnail wp-image-8963\" src=\"https:\/\/www.naturparkmagazin.de\/stechlin\/wp-content\/uploads\/sites\/38\/Fontanemalen_119-300x180.jpg\" alt=\"NP SRL\/Mario Schrumpf\" width=\"300\" height=\"180\" srcset=\"https:\/\/www.naturparkmagazin.de\/stechlin\/wp-content\/uploads\/sites\/38\/Fontanemalen_119-300x180.jpg 300w, https:\/\/www.naturparkmagazin.de\/stechlin\/wp-content\/uploads\/sites\/38\/Fontanemalen_119.jpg 500w, https:\/\/www.naturparkmagazin.de\/stechlin\/wp-content\/uploads\/sites\/38\/Fontanemalen_119-200x120.jpg 200w\" sizes=\"(max-width: 300px) 100vw, 300px\" \/><\/a>Am 14.11. wurde in der Regionalwerkstatt Stechlin in Menz die Kunstausstellung &#8222;Fontanemalen&#8220; er\u00f6ffnet. Die Exposition kann noch bis zum 9. Februar 2020 besucht werden. Anbei ein paar Worte zur Vernissage von Elke Kopf:<\/p>\n<p><strong>\u00a0\u201eWer etwas anpackt, hat mehr Lebensfreude!\u201c<\/strong><\/p>\n<p>Im Herbst vorigen Jahres reifte in mir der Plan, meine beiden Hobbys, das Wandern und Malen vor allem in der freien Natur zusammenzuf\u00fchren und dabei andere Hobbymaler mit anzustecken. Und weil ich selbst ein ziemlicher Laie bin, habe ich meine eigenen Meister gefragt, wie Sabine Ranft, Jordis Hammer und Ute K\u00f6nig, ob sie mit machen. Diese waren dann auch auf meinem urspr\u00fcnglichen Flyern angek\u00fcndigt.<\/p>\n<p><strong>Es hat geklappt!<\/strong><\/p>\n<p>Der Spa\u00df an der Sache sollte es sein \u2013 nicht das perfekte Bild \u2013 dennoch stand nat\u00fcrlich das Werkeln an unserem Bild, unser Tun, das Fachsimpeln, der Austausch mit dem anderen im Vordergrund.<\/p>\n<p>Und die tolle Kombination, dass uns freischaffenden K\u00fcnstler dabei mit Rat und Tat begleitet haben war gro\u00dfartig \u2013 Danke!<\/p>\n<p>Die Zahl der Interessierten und die gemeinsame Whats-App-Gruppe wuchs.<\/p>\n<p>3 Mal:\u00a0 in Boltenm\u00fchle, in Neuruppin und in Zerm\u00fctzel wurde gemalt, jeweils am Freitag und am Sonnabend. Die nette Atmosph\u00e4re vor Ort durch das Boltenm\u00fchler Gasstronomiepersonal (denn es war noch echt winterlich kalt), bei Fam. Strache in Zerm\u00fctzel und auch in Neuruppin am Bollwerk , am Schulplatz und am Siechenhaus haben wir genossen.<\/p>\n<p>Es waren in Summe 24 aktive Mitmacher und es h\u00e4ngen hier \u00fcber 60 Bilder. Obwohl nat\u00fcrlich die Motive gleich oder \u00e4hnlich sind, ist doch die Vielfalt interessant.<\/p>\n<p>Wir Hobbymaler haben nicht den Anspruch, uns K\u00fcnstler zu nennen, aber \u2013 es kann schon sein, dass sich der eine oder andere dort hin entwickelt. Jeder f\u00e4ngt klein an und wohl fast alle, auch unsere freischaffenden K\u00fcnstler, sind echte Autodidakten.<\/p>\n<p>Wichtig f\u00fcr uns: Aktiv und gl\u00fccklich dabei zu sein \u2013 ein gro\u00dfartiges Hobby!<\/p>\n<p>Das Malen ist f\u00fcr mich eine emotionale Sache. Ein sch\u00f6ner Blick, ein Moment des Lichtes, eine wundersame Stimmung \u2013 f\u00fcr die es kaum die richtigen Worte gibt\u2013.<\/p>\n<p>Das Wesentliche einzufangen, das, was es ausmacht \u2013 die Form, die Farbe, das Licht, die Stimmung. Malen ist ein Prozess, der nicht aufh\u00f6rt. Jeder der erst einmal damit anf\u00e4ngt, ist bestrebt weiterzumachen, sich weiter zu entwickeln, Neues auszuprobieren und dazu zu lernen.<\/p>\n<p>Und das Kann ich schon heute sagen: \u201eFontanemalen\u201c geht weiter! Jeder, der Lust hat, kann dazu kommen. Der Name \u201eFontanemalen\u201c soll sich mit uns Hobbymalern und Freischaffenden etablieren. \u00dcber die Whats- App-Gruppe werden wir uns im Detail verabreden.\u00a0 Im Mai 2020 werden wir in Rheinsberg malen und andere sch\u00f6ne Orte werden noch bekanntgegeben. Auch sollen die Bilder wieder ausgestellt werden, dieses Mal dann in der Neuruppiner Jugendkunstschule.<\/p>\n<p><strong><a href=\"https:\/\/www.naturparkmagazin.de\/stechlin\/wp-content\/uploads\/sites\/38\/Elke-Kopf_1231.jpg\"><img decoding=\"async\" loading=\"lazy\" class=\"aligncenter size-full wp-image-8970\" src=\"https:\/\/www.naturparkmagazin.de\/stechlin\/wp-content\/uploads\/sites\/38\/Elke-Kopf_1231.jpg\" alt=\"NP SRL\/Mario Schrumpf\" width=\"180\" height=\"250\" \/><\/a>Noch ein Gedanke:<\/strong><\/p>\n<p>Vielleicht hat es, das Malen, auch mit Mut zu tun. Mut zu haben, die Farbe, die Kante, die Form so einzusetzen, dass sie ihre ganze Kraft zum Ausdruck bringt und ihre Wirkung zeigt. Das Dunkel darzustellen, damit das Licht zum Strahlen kommt.<\/p>\n<p>Licht und Schatten in der Natur wie auch in unser aller Leben &#8211;\nDies zu erkennen \u00f6ffnet uns die Augen und macht deutlich, wie unendlich wertvoll und voller Sch\u00f6nheit unsere Welt ist, in der wir leben, unsere Natur, unser Leben, die Menschen in ihrer Vielfalt, unsere Freundschaften.<\/p>\n<p>Diesen Mut w\u00fcnsche ich uns allen, vielleicht f\u00e4llt es uns dann ein St\u00fcck leichter, das, was wir haben an Natur, an Menschlichkeit, an Gl\u00fcck, zu ehren, zu erhalten und zu sch\u00fctzen. Das ist wichtig.<\/p>\n","protected":false},"excerpt":{"rendered":"<p>Am 14.11. wurde in der Regionalwerkstatt Stechlin in Menz die Kunstausstellung &#8222;Fontanemalen&#8220; er\u00f6ffnet.<\/p>\n","protected":false},"author":39,"featured_media":8962,"comment_status":"open","ping_status":"open","sticky":false,"template":"","format":"standard","meta":[],"categories":[7],"tags":[],"yoast_head":"<!-- This site is optimized with the Yoast SEO plugin v19.10 - https:\/\/yoast.com\/wordpress\/plugins\/seo\/ -->\n<title>Ausstellung &quot;Fontanemalen&quot; noch bis zum 9. Februar 2020 zu sehen (2019) - Naturpark Stechlin-Ruppiner Land<\/title>\n<meta name=\"robots\" content=\"index, follow, max-snippet:-1, max-image-preview:large, max-video-preview:-1\" \/>\n<link rel=\"canonical\" href=\"https:\/\/www.naturparkmagazin.de\/stechlin\/ausstellung-fontanemalen-noch-bis-zum-9-februar-2020-zu-sehen\/\" \/>\n<meta property=\"og:locale\" content=\"de_DE\" \/>\n<meta property=\"og:type\" content=\"article\" \/>\n<meta property=\"og:title\" content=\"Ausstellung &quot;Fontanemalen&quot; noch bis zum 9. Februar 2020 zu sehen (2019) - Naturpark Stechlin-Ruppiner Land\" \/>\n<meta property=\"og:description\" content=\"Am 14.11. wurde in der Regionalwerkstatt Stechlin in Menz die Kunstausstellung &quot;Fontanemalen&quot; er\u00f6ffnet.\" \/>\n<meta property=\"og:url\" content=\"https:\/\/www.naturparkmagazin.de\/stechlin\/ausstellung-fontanemalen-noch-bis-zum-9-februar-2020-zu-sehen\/\" \/>\n<meta property=\"og:site_name\" content=\"Naturpark Stechlin-Ruppiner Land\" \/>\n<meta property=\"article:published_time\" content=\"2019-11-15T08:17:16+00:00\" \/>\n<meta property=\"article:modified_time\" content=\"2025-06-19T11:49:28+00:00\" \/>\n<meta property=\"og:image\" content=\"https:\/\/www.naturparkmagazin.de\/stechlin\/wp-content\/uploads\/sites\/38\/Fontanemalen_117.jpg\" \/>\n\t<meta property=\"og:image:width\" content=\"200\" \/>\n\t<meta property=\"og:image:height\" content=\"200\" \/>\n\t<meta property=\"og:image:type\" content=\"image\/jpeg\" \/>\n<meta name=\"author\" content=\"marioschrumpf\" \/>\n<meta name=\"twitter:label1\" content=\"Verfasst von\" \/>\n\t<meta name=\"twitter:data1\" content=\"marioschrumpf\" \/>\n\t<meta name=\"twitter:label2\" content=\"Gesch\u00e4tzte Lesezeit\" \/>\n\t<meta name=\"twitter:data2\" content=\"3\u00a0Minuten\" \/>\n<script type=\"application\/ld+json\" class=\"yoast-schema-graph\">{\"@context\":\"https:\/\/schema.org\",\"@graph\":[{\"@type\":\"WebPage\",\"@id\":\"https:\/\/www.naturparkmagazin.de\/stechlin\/ausstellung-fontanemalen-noch-bis-zum-9-februar-2020-zu-sehen\/\",\"url\":\"https:\/\/www.naturparkmagazin.de\/stechlin\/ausstellung-fontanemalen-noch-bis-zum-9-februar-2020-zu-sehen\/\",\"name\":\"Ausstellung \\\"Fontanemalen\\\" noch bis zum 9. Februar 2020 zu sehen (2019) - Naturpark Stechlin-Ruppiner Land\",\"isPartOf\":{\"@id\":\"https:\/\/www.naturparkmagazin.de\/stechlin\/#website\"},\"datePublished\":\"2019-11-15T08:17:16+00:00\",\"dateModified\":\"2025-06-19T11:49:28+00:00\",\"author\":{\"@id\":\"https:\/\/www.naturparkmagazin.de\/stechlin\/#\/schema\/person\/3f0d93203df21c806dd63c76d9bb28bc\"},\"breadcrumb\":{\"@id\":\"https:\/\/www.naturparkmagazin.de\/stechlin\/ausstellung-fontanemalen-noch-bis-zum-9-februar-2020-zu-sehen\/#breadcrumb\"},\"inLanguage\":\"de\",\"potentialAction\":[{\"@type\":\"ReadAction\",\"target\":[\"https:\/\/www.naturparkmagazin.de\/stechlin\/ausstellung-fontanemalen-noch-bis-zum-9-februar-2020-zu-sehen\/\"]}]},{\"@type\":\"BreadcrumbList\",\"@id\":\"https:\/\/www.naturparkmagazin.de\/stechlin\/ausstellung-fontanemalen-noch-bis-zum-9-februar-2020-zu-sehen\/#breadcrumb\",\"itemListElement\":[{\"@type\":\"ListItem\",\"position\":1,\"name\":\"Home\",\"item\":\"https:\/\/www.naturparkmagazin.de\/stechlin\/\"},{\"@type\":\"ListItem\",\"position\":2,\"name\":\"Ausstellung &#8222;Fontanemalen&#8220; noch bis zum 9. Februar 2020 zu sehen (2019)\"}]},{\"@type\":\"WebSite\",\"@id\":\"https:\/\/www.naturparkmagazin.de\/stechlin\/#website\",\"url\":\"https:\/\/www.naturparkmagazin.de\/stechlin\/\",\"name\":\"Naturpark Stechlin-Ruppiner Land\",\"description\":\"\",\"potentialAction\":[{\"@type\":\"SearchAction\",\"target\":{\"@type\":\"EntryPoint\",\"urlTemplate\":\"https:\/\/www.naturparkmagazin.de\/stechlin\/?s={search_term_string}\"},\"query-input\":\"required name=search_term_string\"}],\"inLanguage\":\"de\"},{\"@type\":\"Person\",\"@id\":\"https:\/\/www.naturparkmagazin.de\/stechlin\/#\/schema\/person\/3f0d93203df21c806dd63c76d9bb28bc\",\"name\":\"marioschrumpf\",\"url\":\"https:\/\/www.naturparkmagazin.de\/stechlin\/author\/marioschrumpf\/\"}]}<\/script>\n<!-- \/ Yoast SEO plugin. -->","yoast_head_json":{"title":"Ausstellung \"Fontanemalen\" noch bis zum 9. Februar 2020 zu sehen (2019) - Naturpark Stechlin-Ruppiner Land","robots":{"index":"index","follow":"follow","max-snippet":"max-snippet:-1","max-image-preview":"max-image-preview:large","max-video-preview":"max-video-preview:-1"},"canonical":"https:\/\/www.naturparkmagazin.de\/stechlin\/ausstellung-fontanemalen-noch-bis-zum-9-februar-2020-zu-sehen\/","og_locale":"de_DE","og_type":"article","og_title":"Ausstellung \"Fontanemalen\" noch bis zum 9. Februar 2020 zu sehen (2019) - Naturpark Stechlin-Ruppiner Land","og_description":"Am 14.11. wurde in der Regionalwerkstatt Stechlin in Menz die Kunstausstellung \"Fontanemalen\" er\u00f6ffnet.","og_url":"https:\/\/www.naturparkmagazin.de\/stechlin\/ausstellung-fontanemalen-noch-bis-zum-9-februar-2020-zu-sehen\/","og_site_name":"Naturpark Stechlin-Ruppiner Land","article_published_time":"2019-11-15T08:17:16+00:00","article_modified_time":"2025-06-19T11:49:28+00:00","og_image":[{"width":200,"height":200,"url":"https:\/\/www.naturparkmagazin.de\/stechlin\/wp-content\/uploads\/sites\/38\/Fontanemalen_117.jpg","type":"image\/jpeg"}],"author":"marioschrumpf","twitter_misc":{"Verfasst von":"marioschrumpf","Gesch\u00e4tzte Lesezeit":"3\u00a0Minuten"},"schema":{"@context":"https:\/\/schema.org","@graph":[{"@type":"WebPage","@id":"https:\/\/www.naturparkmagazin.de\/stechlin\/ausstellung-fontanemalen-noch-bis-zum-9-februar-2020-zu-sehen\/","url":"https:\/\/www.naturparkmagazin.de\/stechlin\/ausstellung-fontanemalen-noch-bis-zum-9-februar-2020-zu-sehen\/","name":"Ausstellung \"Fontanemalen\" noch bis zum 9. Februar 2020 zu sehen (2019) - Naturpark Stechlin-Ruppiner Land","isPartOf":{"@id":"https:\/\/www.naturparkmagazin.de\/stechlin\/#website"},"datePublished":"2019-11-15T08:17:16+00:00","dateModified":"2025-06-19T11:49:28+00:00","author":{"@id":"https:\/\/www.naturparkmagazin.de\/stechlin\/#\/schema\/person\/3f0d93203df21c806dd63c76d9bb28bc"},"breadcrumb":{"@id":"https:\/\/www.naturparkmagazin.de\/stechlin\/ausstellung-fontanemalen-noch-bis-zum-9-februar-2020-zu-sehen\/#breadcrumb"},"inLanguage":"de","potentialAction":[{"@type":"ReadAction","target":["https:\/\/www.naturparkmagazin.de\/stechlin\/ausstellung-fontanemalen-noch-bis-zum-9-februar-2020-zu-sehen\/"]}]},{"@type":"BreadcrumbList","@id":"https:\/\/www.naturparkmagazin.de\/stechlin\/ausstellung-fontanemalen-noch-bis-zum-9-februar-2020-zu-sehen\/#breadcrumb","itemListElement":[{"@type":"ListItem","position":1,"name":"Home","item":"https:\/\/www.naturparkmagazin.de\/stechlin\/"},{"@type":"ListItem","position":2,"name":"Ausstellung &#8222;Fontanemalen&#8220; noch bis zum 9. Februar 2020 zu sehen (2019)"}]},{"@type":"WebSite","@id":"https:\/\/www.naturparkmagazin.de\/stechlin\/#website","url":"https:\/\/www.naturparkmagazin.de\/stechlin\/","name":"Naturpark Stechlin-Ruppiner Land","description":"","potentialAction":[{"@type":"SearchAction","target":{"@type":"EntryPoint","urlTemplate":"https:\/\/www.naturparkmagazin.de\/stechlin\/?s={search_term_string}"},"query-input":"required name=search_term_string"}],"inLanguage":"de"},{"@type":"Person","@id":"https:\/\/www.naturparkmagazin.de\/stechlin\/#\/schema\/person\/3f0d93203df21c806dd63c76d9bb28bc","name":"marioschrumpf","url":"https:\/\/www.naturparkmagazin.de\/stechlin\/author\/marioschrumpf\/"}]}},"_links":{"self":[{"href":"https:\/\/www.naturparkmagazin.de\/stechlin\/wp-json\/wp\/v2\/posts\/8961"}],"collection":[{"href":"https:\/\/www.naturparkmagazin.de\/stechlin\/wp-json\/wp\/v2\/posts"}],"about":[{"href":"https:\/\/www.naturparkmagazin.de\/stechlin\/wp-json\/wp\/v2\/types\/post"}],"author":[{"embeddable":true,"href":"https:\/\/www.naturparkmagazin.de\/stechlin\/wp-json\/wp\/v2\/users\/39"}],"replies":[{"embeddable":true,"href":"https:\/\/www.naturparkmagazin.de\/stechlin\/wp-json\/wp\/v2\/comments?post=8961"}],"version-history":[{"count":4,"href":"https:\/\/www.naturparkmagazin.de\/stechlin\/wp-json\/wp\/v2\/posts\/8961\/revisions"}],"predecessor-version":[{"id":17521,"href":"https:\/\/www.naturparkmagazin.de\/stechlin\/wp-json\/wp\/v2\/posts\/8961\/revisions\/17521"}],"wp:featuredmedia":[{"embeddable":true,"href":"https:\/\/www.naturparkmagazin.de\/stechlin\/wp-json\/wp\/v2\/media\/8962"}],"wp:attachment":[{"href":"https:\/\/www.naturparkmagazin.de\/stechlin\/wp-json\/wp\/v2\/media?parent=8961"}],"wp:term":[{"taxonomy":"category","embeddable":true,"href":"https:\/\/www.naturparkmagazin.de\/stechlin\/wp-json\/wp\/v2\/categories?post=8961"},{"taxonomy":"post_tag","embeddable":true,"href":"https:\/\/www.naturparkmagazin.de\/stechlin\/wp-json\/wp\/v2\/tags?post=8961"}],"curies":[{"name":"wp","href":"https:\/\/api.w.org\/{rel}","templated":true}]}}