{"id":8975,"date":"2020-09-15T10:44:13","date_gmt":"2020-09-15T08:44:13","guid":{"rendered":"https:\/\/www.naturparkmagazin.de\/stechlin\/?p=8975"},"modified":"2020-09-28T11:41:08","modified_gmt":"2020-09-28T09:41:08","slug":"3-landwirtschaftstag-im-naturpark-stechlin-ruppiner-land-war-ein-voller-erfolg","status":"publish","type":"post","link":"https:\/\/www.naturparkmagazin.de\/stechlin\/3-landwirtschaftstag-im-naturpark-stechlin-ruppiner-land-war-ein-voller-erfolg\/","title":{"rendered":"4. Landwirtschaftstag verlegt auf 2021"},"content":{"rendered":"<p>Aufgrund der Corona-Pandemie muss der urspr\u00fcnglich f\u00fcr den 18. November 2020 geplante Landwirtschaftstag auf 2021 verlegt werden.<\/p>\n<p><a href=\"https:\/\/www.naturparkmagazin.de\/stechlin\/wp-content\/uploads\/sites\/38\/3.LaWi_01.jpg\"><img decoding=\"async\" loading=\"lazy\" class=\"aligncenter size-thumbnail wp-image-9017\" src=\"https:\/\/www.naturparkmagazin.de\/stechlin\/wp-content\/uploads\/sites\/38\/3.LaWi_01-300x180.jpg\" alt=\"NP SRL\/Heiko Strobel\" width=\"300\" height=\"180\" srcset=\"https:\/\/www.naturparkmagazin.de\/stechlin\/wp-content\/uploads\/sites\/38\/3.LaWi_01-300x180.jpg 300w, https:\/\/www.naturparkmagazin.de\/stechlin\/wp-content\/uploads\/sites\/38\/3.LaWi_01.jpg 500w, https:\/\/www.naturparkmagazin.de\/stechlin\/wp-content\/uploads\/sites\/38\/3.LaWi_01-200x120.jpg 200w\" sizes=\"(max-width: 300px) 100vw, 300px\" \/><\/a><\/p>\n<p>Die Organisatoren Rheinsberger Preussenquelle, Landschaftspflegeverband Prignitz-Ruppiner Land und Naturpark haben sich gegen eine Ausrichtung in diesem Jahr ausgesprochen.<\/p>\n<p>In gro\u00dfer \u00dcbereinstimmung stellte das Team fest, dass die gegenw\u00e4rtigen von Corona diktierten Rahmenbestimmungen es unm\u00f6glich machen, den Landwirtschaftstag in erwartetem Umfang auszurichten.<\/p>\n<p>Daher wurde der 4. Landwirtschaftstag auf 2021 verschoben. Der genaue Termin wird noch festgelegt.<\/p>\n","protected":false},"excerpt":{"rendered":"<p>Aufgrund der Corona-Pandemie muss der urspr\u00fcnglich f\u00fcr den 18. November 2020 geplante Landwirtschaftstag auf 2021 verlegt werden.<\/p>\n","protected":false},"author":39,"featured_media":8977,"comment_status":"open","ping_status":"open","sticky":false,"template":"","format":"standard","meta":[],"categories":[11],"tags":[],"yoast_head":"<!-- This site is optimized with the Yoast SEO plugin v19.10 - https:\/\/yoast.com\/wordpress\/plugins\/seo\/ -->\n<title>4. Landwirtschaftstag verlegt auf 2021 - Naturpark Stechlin-Ruppiner Land<\/title>\n<meta name=\"robots\" content=\"index, follow, max-snippet:-1, max-image-preview:large, max-video-preview:-1\" \/>\n<link rel=\"canonical\" href=\"https:\/\/www.naturparkmagazin.de\/stechlin\/3-landwirtschaftstag-im-naturpark-stechlin-ruppiner-land-war-ein-voller-erfolg\/\" \/>\n<meta property=\"og:locale\" content=\"de_DE\" \/>\n<meta property=\"og:type\" content=\"article\" \/>\n<meta property=\"og:title\" content=\"4. Landwirtschaftstag verlegt auf 2021 - Naturpark Stechlin-Ruppiner Land\" \/>\n<meta property=\"og:description\" content=\"Aufgrund der Corona-Pandemie muss der urspr\u00fcnglich f\u00fcr den 18. November 2020 geplante Landwirtschaftstag auf 2021 verlegt werden.\" \/>\n<meta property=\"og:url\" content=\"https:\/\/www.naturparkmagazin.de\/stechlin\/3-landwirtschaftstag-im-naturpark-stechlin-ruppiner-land-war-ein-voller-erfolg\/\" \/>\n<meta property=\"og:site_name\" content=\"Naturpark Stechlin-Ruppiner Land\" \/>\n<meta property=\"article:published_time\" content=\"2020-09-15T08:44:13+00:00\" \/>\n<meta property=\"article:modified_time\" content=\"2020-09-28T09:41:08+00:00\" \/>\n<meta property=\"og:image\" content=\"https:\/\/www.naturparkmagazin.de\/stechlin\/wp-content\/uploads\/sites\/38\/aufh\u00e4nger1.jpg\" \/>\n\t<meta property=\"og:image:width\" content=\"200\" \/>\n\t<meta property=\"og:image:height\" content=\"200\" \/>\n\t<meta property=\"og:image:type\" content=\"image\/jpeg\" \/>\n<meta name=\"author\" content=\"marioschrumpf\" \/>\n<meta name=\"twitter:label1\" content=\"Verfasst von\" \/>\n\t<meta name=\"twitter:data1\" content=\"marioschrumpf\" \/>\n<script type=\"application\/ld+json\" class=\"yoast-schema-graph\">{\"@context\":\"https:\/\/schema.org\",\"@graph\":[{\"@type\":\"WebPage\",\"@id\":\"https:\/\/www.naturparkmagazin.de\/stechlin\/3-landwirtschaftstag-im-naturpark-stechlin-ruppiner-land-war-ein-voller-erfolg\/\",\"url\":\"https:\/\/www.naturparkmagazin.de\/stechlin\/3-landwirtschaftstag-im-naturpark-stechlin-ruppiner-land-war-ein-voller-erfolg\/\",\"name\":\"4. Landwirtschaftstag verlegt auf 2021 - Naturpark Stechlin-Ruppiner Land\",\"isPartOf\":{\"@id\":\"https:\/\/www.naturparkmagazin.de\/stechlin\/#website\"},\"datePublished\":\"2020-09-15T08:44:13+00:00\",\"dateModified\":\"2020-09-28T09:41:08+00:00\",\"author\":{\"@id\":\"https:\/\/www.naturparkmagazin.de\/stechlin\/#\/schema\/person\/3f0d93203df21c806dd63c76d9bb28bc\"},\"breadcrumb\":{\"@id\":\"https:\/\/www.naturparkmagazin.de\/stechlin\/3-landwirtschaftstag-im-naturpark-stechlin-ruppiner-land-war-ein-voller-erfolg\/#breadcrumb\"},\"inLanguage\":\"de\",\"potentialAction\":[{\"@type\":\"ReadAction\",\"target\":[\"https:\/\/www.naturparkmagazin.de\/stechlin\/3-landwirtschaftstag-im-naturpark-stechlin-ruppiner-land-war-ein-voller-erfolg\/\"]}]},{\"@type\":\"BreadcrumbList\",\"@id\":\"https:\/\/www.naturparkmagazin.de\/stechlin\/3-landwirtschaftstag-im-naturpark-stechlin-ruppiner-land-war-ein-voller-erfolg\/#breadcrumb\",\"itemListElement\":[{\"@type\":\"ListItem\",\"position\":1,\"name\":\"Home\",\"item\":\"https:\/\/www.naturparkmagazin.de\/stechlin\/\"},{\"@type\":\"ListItem\",\"position\":2,\"name\":\"4. Landwirtschaftstag verlegt auf 2021\"}]},{\"@type\":\"WebSite\",\"@id\":\"https:\/\/www.naturparkmagazin.de\/stechlin\/#website\",\"url\":\"https:\/\/www.naturparkmagazin.de\/stechlin\/\",\"name\":\"Naturpark Stechlin-Ruppiner Land\",\"description\":\"\",\"potentialAction\":[{\"@type\":\"SearchAction\",\"target\":{\"@type\":\"EntryPoint\",\"urlTemplate\":\"https:\/\/www.naturparkmagazin.de\/stechlin\/?s={search_term_string}\"},\"query-input\":\"required name=search_term_string\"}],\"inLanguage\":\"de\"},{\"@type\":\"Person\",\"@id\":\"https:\/\/www.naturparkmagazin.de\/stechlin\/#\/schema\/person\/3f0d93203df21c806dd63c76d9bb28bc\",\"name\":\"marioschrumpf\",\"url\":\"https:\/\/www.naturparkmagazin.de\/stechlin\/author\/marioschrumpf\/\"}]}<\/script>\n<!-- \/ Yoast SEO plugin. -->","yoast_head_json":{"title":"4. Landwirtschaftstag verlegt auf 2021 - Naturpark Stechlin-Ruppiner Land","robots":{"index":"index","follow":"follow","max-snippet":"max-snippet:-1","max-image-preview":"max-image-preview:large","max-video-preview":"max-video-preview:-1"},"canonical":"https:\/\/www.naturparkmagazin.de\/stechlin\/3-landwirtschaftstag-im-naturpark-stechlin-ruppiner-land-war-ein-voller-erfolg\/","og_locale":"de_DE","og_type":"article","og_title":"4. Landwirtschaftstag verlegt auf 2021 - Naturpark Stechlin-Ruppiner Land","og_description":"Aufgrund der Corona-Pandemie muss der urspr\u00fcnglich f\u00fcr den 18. November 2020 geplante Landwirtschaftstag auf 2021 verlegt werden.","og_url":"https:\/\/www.naturparkmagazin.de\/stechlin\/3-landwirtschaftstag-im-naturpark-stechlin-ruppiner-land-war-ein-voller-erfolg\/","og_site_name":"Naturpark Stechlin-Ruppiner Land","article_published_time":"2020-09-15T08:44:13+00:00","article_modified_time":"2020-09-28T09:41:08+00:00","og_image":[{"width":200,"height":200,"url":"https:\/\/www.naturparkmagazin.de\/stechlin\/wp-content\/uploads\/sites\/38\/aufh\u00e4nger1.jpg","type":"image\/jpeg"}],"author":"marioschrumpf","twitter_misc":{"Verfasst von":"marioschrumpf"},"schema":{"@context":"https:\/\/schema.org","@graph":[{"@type":"WebPage","@id":"https:\/\/www.naturparkmagazin.de\/stechlin\/3-landwirtschaftstag-im-naturpark-stechlin-ruppiner-land-war-ein-voller-erfolg\/","url":"https:\/\/www.naturparkmagazin.de\/stechlin\/3-landwirtschaftstag-im-naturpark-stechlin-ruppiner-land-war-ein-voller-erfolg\/","name":"4. Landwirtschaftstag verlegt auf 2021 - Naturpark Stechlin-Ruppiner Land","isPartOf":{"@id":"https:\/\/www.naturparkmagazin.de\/stechlin\/#website"},"datePublished":"2020-09-15T08:44:13+00:00","dateModified":"2020-09-28T09:41:08+00:00","author":{"@id":"https:\/\/www.naturparkmagazin.de\/stechlin\/#\/schema\/person\/3f0d93203df21c806dd63c76d9bb28bc"},"breadcrumb":{"@id":"https:\/\/www.naturparkmagazin.de\/stechlin\/3-landwirtschaftstag-im-naturpark-stechlin-ruppiner-land-war-ein-voller-erfolg\/#breadcrumb"},"inLanguage":"de","potentialAction":[{"@type":"ReadAction","target":["https:\/\/www.naturparkmagazin.de\/stechlin\/3-landwirtschaftstag-im-naturpark-stechlin-ruppiner-land-war-ein-voller-erfolg\/"]}]},{"@type":"BreadcrumbList","@id":"https:\/\/www.naturparkmagazin.de\/stechlin\/3-landwirtschaftstag-im-naturpark-stechlin-ruppiner-land-war-ein-voller-erfolg\/#breadcrumb","itemListElement":[{"@type":"ListItem","position":1,"name":"Home","item":"https:\/\/www.naturparkmagazin.de\/stechlin\/"},{"@type":"ListItem","position":2,"name":"4. Landwirtschaftstag verlegt auf 2021"}]},{"@type":"WebSite","@id":"https:\/\/www.naturparkmagazin.de\/stechlin\/#website","url":"https:\/\/www.naturparkmagazin.de\/stechlin\/","name":"Naturpark Stechlin-Ruppiner Land","description":"","potentialAction":[{"@type":"SearchAction","target":{"@type":"EntryPoint","urlTemplate":"https:\/\/www.naturparkmagazin.de\/stechlin\/?s={search_term_string}"},"query-input":"required name=search_term_string"}],"inLanguage":"de"},{"@type":"Person","@id":"https:\/\/www.naturparkmagazin.de\/stechlin\/#\/schema\/person\/3f0d93203df21c806dd63c76d9bb28bc","name":"marioschrumpf","url":"https:\/\/www.naturparkmagazin.de\/stechlin\/author\/marioschrumpf\/"}]}},"_links":{"self":[{"href":"https:\/\/www.naturparkmagazin.de\/stechlin\/wp-json\/wp\/v2\/posts\/8975"}],"collection":[{"href":"https:\/\/www.naturparkmagazin.de\/stechlin\/wp-json\/wp\/v2\/posts"}],"about":[{"href":"https:\/\/www.naturparkmagazin.de\/stechlin\/wp-json\/wp\/v2\/types\/post"}],"author":[{"embeddable":true,"href":"https:\/\/www.naturparkmagazin.de\/stechlin\/wp-json\/wp\/v2\/users\/39"}],"replies":[{"embeddable":true,"href":"https:\/\/www.naturparkmagazin.de\/stechlin\/wp-json\/wp\/v2\/comments?post=8975"}],"version-history":[{"count":10,"href":"https:\/\/www.naturparkmagazin.de\/stechlin\/wp-json\/wp\/v2\/posts\/8975\/revisions"}],"predecessor-version":[{"id":9016,"href":"https:\/\/www.naturparkmagazin.de\/stechlin\/wp-json\/wp\/v2\/posts\/8975\/revisions\/9016"}],"wp:featuredmedia":[{"embeddable":true,"href":"https:\/\/www.naturparkmagazin.de\/stechlin\/wp-json\/wp\/v2\/media\/8977"}],"wp:attachment":[{"href":"https:\/\/www.naturparkmagazin.de\/stechlin\/wp-json\/wp\/v2\/media?parent=8975"}],"wp:term":[{"taxonomy":"category","embeddable":true,"href":"https:\/\/www.naturparkmagazin.de\/stechlin\/wp-json\/wp\/v2\/categories?post=8975"},{"taxonomy":"post_tag","embeddable":true,"href":"https:\/\/www.naturparkmagazin.de\/stechlin\/wp-json\/wp\/v2\/tags?post=8975"}],"curies":[{"name":"wp","href":"https:\/\/api.w.org\/{rel}","templated":true}]}}