{"id":902,"date":"2014-04-17T13:39:20","date_gmt":"2014-04-17T11:39:20","guid":{"rendered":"http:\/\/www.naturparkmagazin.de\/stechlin\/?p=902"},"modified":"2015-09-14T10:06:06","modified_gmt":"2015-09-14T08:06:06","slug":"heiko-strobel-ist-in-die-naturparkverwaltung-zurueckgekehrt","status":"publish","type":"post","link":"https:\/\/www.naturparkmagazin.de\/stechlin\/heiko-strobel-ist-in-die-naturparkverwaltung-zurueckgekehrt\/","title":{"rendered":"Heiko Strobel ist in die Naturparkverwaltung zur\u00fcckgekehrt"},"content":{"rendered":"<div id=\"attachment_903\" style=\"width: 630px\" class=\"wp-caption alignnone\"><a href=\"https:\/\/www.naturparkmagazin.de\/stechlin\/wp-content\/uploads\/sites\/38\/k-DSC_00011.jpg\"><img aria-describedby=\"caption-attachment-903\" decoding=\"async\" loading=\"lazy\" class=\"size-medium wp-image-903\" src=\"https:\/\/www.naturparkmagazin.de\/stechlin\/wp-content\/uploads\/sites\/38\/k-DSC_00011-620x415.jpg\" alt=\"Heiko Strobel\" width=\"620\" height=\"415\" srcset=\"https:\/\/www.naturparkmagazin.de\/stechlin\/wp-content\/uploads\/sites\/38\/k-DSC_00011-620x415.jpg 620w, https:\/\/www.naturparkmagazin.de\/stechlin\/wp-content\/uploads\/sites\/38\/k-DSC_00011-300x201.jpg 300w, https:\/\/www.naturparkmagazin.de\/stechlin\/wp-content\/uploads\/sites\/38\/k-DSC_00011-940x629.jpg 940w, https:\/\/www.naturparkmagazin.de\/stechlin\/wp-content\/uploads\/sites\/38\/k-DSC_00011-670x449.jpg 670w, https:\/\/www.naturparkmagazin.de\/stechlin\/wp-content\/uploads\/sites\/38\/k-DSC_00011-200x134.jpg 200w, https:\/\/www.naturparkmagazin.de\/stechlin\/wp-content\/uploads\/sites\/38\/k-DSC_00011.jpg 1936w\" sizes=\"(max-width: 620px) 100vw, 620px\" \/><\/a><p id=\"caption-attachment-903\" class=\"wp-caption-text\">Heiko Strobel<\/p><\/div>\n<p>Ab 1. April verst\u00e4rkt Heiko Strobel aus Hindenberg das Team der Naturparkverwaltung. Der gelernte F\u00f6rster kehrt nach einem mehrj\u00e4hrigen Gastspiel in der Abteilung \u00d6kologie, Naturschutz und Wasser des Landesumweltamtes an seinen urspr\u00fcnglichen Arbeitsplatz zur\u00fcck. Bis 2007 war er f\u00fcr die \u00d6kologisierung der Landnutzung im Naturpark Stechlin-Ruppiner Land zust\u00e4ndig. Bereits im Januar wurde sein Vorg\u00e4nger Gert Klinger von Menz nach Lychen in den Naturpark Uckerm\u00e4rkische Seen versetzt. Herr Strobel wird sich zuk\u00fcnftig um Vertragsnaturschutz, Regionalvermarktung und die gentechnikfreie Zone k\u00fcmmern.<\/p>\n<p>Kontakt: Tel.: 033082\/407-14, E-Mail: <a href=\"mailto:Heiko.Strobel@lugb.brandenburg.de\">Heiko.Strobel@lugv.brandenburg.de<\/a><\/p>\n","protected":false},"excerpt":{"rendered":"<p>Ab 1. April verst\u00e4rkt Heiko Strobel aus Hindenberg das Team der Naturparkverwaltung. <\/p>\n","protected":false},"author":39,"featured_media":903,"comment_status":"open","ping_status":"open","sticky":false,"template":"","format":"standard","meta":[],"categories":[7],"tags":[],"yoast_head":"<!-- This site is optimized with the Yoast SEO plugin v19.10 - https:\/\/yoast.com\/wordpress\/plugins\/seo\/ -->\n<title>Heiko Strobel ist in die Naturparkverwaltung zur\u00fcckgekehrt - Naturpark Stechlin-Ruppiner Land<\/title>\n<meta name=\"robots\" content=\"index, follow, max-snippet:-1, max-image-preview:large, max-video-preview:-1\" \/>\n<link rel=\"canonical\" href=\"https:\/\/www.naturparkmagazin.de\/stechlin\/heiko-strobel-ist-in-die-naturparkverwaltung-zurueckgekehrt\/\" \/>\n<meta property=\"og:locale\" content=\"de_DE\" \/>\n<meta property=\"og:type\" content=\"article\" \/>\n<meta property=\"og:title\" content=\"Heiko Strobel ist in die Naturparkverwaltung zur\u00fcckgekehrt - Naturpark Stechlin-Ruppiner Land\" \/>\n<meta property=\"og:description\" content=\"Ab 1. April verst\u00e4rkt Heiko Strobel aus Hindenberg das Team der Naturparkverwaltung.\" \/>\n<meta property=\"og:url\" content=\"https:\/\/www.naturparkmagazin.de\/stechlin\/heiko-strobel-ist-in-die-naturparkverwaltung-zurueckgekehrt\/\" \/>\n<meta property=\"og:site_name\" content=\"Naturpark Stechlin-Ruppiner Land\" \/>\n<meta property=\"article:published_time\" content=\"2014-04-17T11:39:20+00:00\" \/>\n<meta property=\"article:modified_time\" content=\"2015-09-14T08:06:06+00:00\" \/>\n<meta property=\"og:image\" content=\"https:\/\/www.naturparkmagazin.de\/stechlin\/wp-content\/uploads\/sites\/38\/k-DSC_00011.jpg\" \/>\n\t<meta property=\"og:image:width\" content=\"1936\" \/>\n\t<meta property=\"og:image:height\" content=\"1296\" \/>\n\t<meta property=\"og:image:type\" content=\"image\/jpeg\" \/>\n<meta name=\"author\" content=\"marioschrumpf\" \/>\n<meta name=\"twitter:label1\" content=\"Verfasst von\" \/>\n\t<meta name=\"twitter:data1\" content=\"marioschrumpf\" \/>\n\t<meta name=\"twitter:label2\" content=\"Gesch\u00e4tzte Lesezeit\" \/>\n\t<meta name=\"twitter:data2\" content=\"1\u00a0Minute\" \/>\n<script type=\"application\/ld+json\" class=\"yoast-schema-graph\">{\"@context\":\"https:\/\/schema.org\",\"@graph\":[{\"@type\":\"WebPage\",\"@id\":\"https:\/\/www.naturparkmagazin.de\/stechlin\/heiko-strobel-ist-in-die-naturparkverwaltung-zurueckgekehrt\/\",\"url\":\"https:\/\/www.naturparkmagazin.de\/stechlin\/heiko-strobel-ist-in-die-naturparkverwaltung-zurueckgekehrt\/\",\"name\":\"Heiko Strobel ist in die Naturparkverwaltung zur\u00fcckgekehrt - Naturpark Stechlin-Ruppiner Land\",\"isPartOf\":{\"@id\":\"https:\/\/www.naturparkmagazin.de\/stechlin\/#website\"},\"datePublished\":\"2014-04-17T11:39:20+00:00\",\"dateModified\":\"2015-09-14T08:06:06+00:00\",\"author\":{\"@id\":\"https:\/\/www.naturparkmagazin.de\/stechlin\/#\/schema\/person\/3f0d93203df21c806dd63c76d9bb28bc\"},\"breadcrumb\":{\"@id\":\"https:\/\/www.naturparkmagazin.de\/stechlin\/heiko-strobel-ist-in-die-naturparkverwaltung-zurueckgekehrt\/#breadcrumb\"},\"inLanguage\":\"de\",\"potentialAction\":[{\"@type\":\"ReadAction\",\"target\":[\"https:\/\/www.naturparkmagazin.de\/stechlin\/heiko-strobel-ist-in-die-naturparkverwaltung-zurueckgekehrt\/\"]}]},{\"@type\":\"BreadcrumbList\",\"@id\":\"https:\/\/www.naturparkmagazin.de\/stechlin\/heiko-strobel-ist-in-die-naturparkverwaltung-zurueckgekehrt\/#breadcrumb\",\"itemListElement\":[{\"@type\":\"ListItem\",\"position\":1,\"name\":\"Home\",\"item\":\"https:\/\/www.naturparkmagazin.de\/stechlin\/\"},{\"@type\":\"ListItem\",\"position\":2,\"name\":\"Heiko Strobel ist in die Naturparkverwaltung zur\u00fcckgekehrt\"}]},{\"@type\":\"WebSite\",\"@id\":\"https:\/\/www.naturparkmagazin.de\/stechlin\/#website\",\"url\":\"https:\/\/www.naturparkmagazin.de\/stechlin\/\",\"name\":\"Naturpark Stechlin-Ruppiner Land\",\"description\":\"\",\"potentialAction\":[{\"@type\":\"SearchAction\",\"target\":{\"@type\":\"EntryPoint\",\"urlTemplate\":\"https:\/\/www.naturparkmagazin.de\/stechlin\/?s={search_term_string}\"},\"query-input\":\"required name=search_term_string\"}],\"inLanguage\":\"de\"},{\"@type\":\"Person\",\"@id\":\"https:\/\/www.naturparkmagazin.de\/stechlin\/#\/schema\/person\/3f0d93203df21c806dd63c76d9bb28bc\",\"name\":\"marioschrumpf\",\"url\":\"https:\/\/www.naturparkmagazin.de\/stechlin\/author\/marioschrumpf\/\"}]}<\/script>\n<!-- \/ Yoast SEO plugin. -->","yoast_head_json":{"title":"Heiko Strobel ist in die Naturparkverwaltung zur\u00fcckgekehrt - Naturpark Stechlin-Ruppiner Land","robots":{"index":"index","follow":"follow","max-snippet":"max-snippet:-1","max-image-preview":"max-image-preview:large","max-video-preview":"max-video-preview:-1"},"canonical":"https:\/\/www.naturparkmagazin.de\/stechlin\/heiko-strobel-ist-in-die-naturparkverwaltung-zurueckgekehrt\/","og_locale":"de_DE","og_type":"article","og_title":"Heiko Strobel ist in die Naturparkverwaltung zur\u00fcckgekehrt - Naturpark Stechlin-Ruppiner Land","og_description":"Ab 1. April verst\u00e4rkt Heiko Strobel aus Hindenberg das Team der Naturparkverwaltung.","og_url":"https:\/\/www.naturparkmagazin.de\/stechlin\/heiko-strobel-ist-in-die-naturparkverwaltung-zurueckgekehrt\/","og_site_name":"Naturpark Stechlin-Ruppiner Land","article_published_time":"2014-04-17T11:39:20+00:00","article_modified_time":"2015-09-14T08:06:06+00:00","og_image":[{"width":1936,"height":1296,"url":"https:\/\/www.naturparkmagazin.de\/stechlin\/wp-content\/uploads\/sites\/38\/k-DSC_00011.jpg","type":"image\/jpeg"}],"author":"marioschrumpf","twitter_misc":{"Verfasst von":"marioschrumpf","Gesch\u00e4tzte Lesezeit":"1\u00a0Minute"},"schema":{"@context":"https:\/\/schema.org","@graph":[{"@type":"WebPage","@id":"https:\/\/www.naturparkmagazin.de\/stechlin\/heiko-strobel-ist-in-die-naturparkverwaltung-zurueckgekehrt\/","url":"https:\/\/www.naturparkmagazin.de\/stechlin\/heiko-strobel-ist-in-die-naturparkverwaltung-zurueckgekehrt\/","name":"Heiko Strobel ist in die Naturparkverwaltung zur\u00fcckgekehrt - Naturpark Stechlin-Ruppiner Land","isPartOf":{"@id":"https:\/\/www.naturparkmagazin.de\/stechlin\/#website"},"datePublished":"2014-04-17T11:39:20+00:00","dateModified":"2015-09-14T08:06:06+00:00","author":{"@id":"https:\/\/www.naturparkmagazin.de\/stechlin\/#\/schema\/person\/3f0d93203df21c806dd63c76d9bb28bc"},"breadcrumb":{"@id":"https:\/\/www.naturparkmagazin.de\/stechlin\/heiko-strobel-ist-in-die-naturparkverwaltung-zurueckgekehrt\/#breadcrumb"},"inLanguage":"de","potentialAction":[{"@type":"ReadAction","target":["https:\/\/www.naturparkmagazin.de\/stechlin\/heiko-strobel-ist-in-die-naturparkverwaltung-zurueckgekehrt\/"]}]},{"@type":"BreadcrumbList","@id":"https:\/\/www.naturparkmagazin.de\/stechlin\/heiko-strobel-ist-in-die-naturparkverwaltung-zurueckgekehrt\/#breadcrumb","itemListElement":[{"@type":"ListItem","position":1,"name":"Home","item":"https:\/\/www.naturparkmagazin.de\/stechlin\/"},{"@type":"ListItem","position":2,"name":"Heiko Strobel ist in die Naturparkverwaltung zur\u00fcckgekehrt"}]},{"@type":"WebSite","@id":"https:\/\/www.naturparkmagazin.de\/stechlin\/#website","url":"https:\/\/www.naturparkmagazin.de\/stechlin\/","name":"Naturpark Stechlin-Ruppiner Land","description":"","potentialAction":[{"@type":"SearchAction","target":{"@type":"EntryPoint","urlTemplate":"https:\/\/www.naturparkmagazin.de\/stechlin\/?s={search_term_string}"},"query-input":"required name=search_term_string"}],"inLanguage":"de"},{"@type":"Person","@id":"https:\/\/www.naturparkmagazin.de\/stechlin\/#\/schema\/person\/3f0d93203df21c806dd63c76d9bb28bc","name":"marioschrumpf","url":"https:\/\/www.naturparkmagazin.de\/stechlin\/author\/marioschrumpf\/"}]}},"_links":{"self":[{"href":"https:\/\/www.naturparkmagazin.de\/stechlin\/wp-json\/wp\/v2\/posts\/902"}],"collection":[{"href":"https:\/\/www.naturparkmagazin.de\/stechlin\/wp-json\/wp\/v2\/posts"}],"about":[{"href":"https:\/\/www.naturparkmagazin.de\/stechlin\/wp-json\/wp\/v2\/types\/post"}],"author":[{"embeddable":true,"href":"https:\/\/www.naturparkmagazin.de\/stechlin\/wp-json\/wp\/v2\/users\/39"}],"replies":[{"embeddable":true,"href":"https:\/\/www.naturparkmagazin.de\/stechlin\/wp-json\/wp\/v2\/comments?post=902"}],"version-history":[{"count":6,"href":"https:\/\/www.naturparkmagazin.de\/stechlin\/wp-json\/wp\/v2\/posts\/902\/revisions"}],"predecessor-version":[{"id":2748,"href":"https:\/\/www.naturparkmagazin.de\/stechlin\/wp-json\/wp\/v2\/posts\/902\/revisions\/2748"}],"wp:featuredmedia":[{"embeddable":true,"href":"https:\/\/www.naturparkmagazin.de\/stechlin\/wp-json\/wp\/v2\/media\/903"}],"wp:attachment":[{"href":"https:\/\/www.naturparkmagazin.de\/stechlin\/wp-json\/wp\/v2\/media?parent=902"}],"wp:term":[{"taxonomy":"category","embeddable":true,"href":"https:\/\/www.naturparkmagazin.de\/stechlin\/wp-json\/wp\/v2\/categories?post=902"},{"taxonomy":"post_tag","embeddable":true,"href":"https:\/\/www.naturparkmagazin.de\/stechlin\/wp-json\/wp\/v2\/tags?post=902"}],"curies":[{"name":"wp","href":"https:\/\/api.w.org\/{rel}","templated":true}]}}