{"id":9021,"date":"2019-12-11T09:59:38","date_gmt":"2019-12-11T08:59:38","guid":{"rendered":"https:\/\/www.naturparkmagazin.de\/stechlin\/?p=9021"},"modified":"2019-12-16T14:08:10","modified_gmt":"2019-12-16T13:08:10","slug":"vertragsnaturschutz-im-naturpark","status":"publish","type":"post","link":"https:\/\/www.naturparkmagazin.de\/stechlin\/vertragsnaturschutz-im-naturpark\/","title":{"rendered":"Vertragsnaturschutz im Naturpark"},"content":{"rendered":"<p>Als Instrument zur Umsetzung der Ziele aus den <a href=\"https:\/\/www.stechlin-ruppiner-land-naturpark.de\/unser-auftrag\/managementplanung-natura-2000\/\" target=\"_blank\">NATURA 2000-Managementplanungen<\/a> und dem <a href=\"https:\/\/www.stechlin-ruppiner-land-naturpark.de\/unser-auftrag\/pflege-und-entwicklungsplan\/\" target=\"_blank\">Pflege- und Entwicklungsplan des Naturparkes<\/a> ist der Vertragsnaturschutz ein wichtiger Bestandteil der Naturparkarbeit.<\/p>\n<p>In den vergangenen 10 Jahren hat dieses Instrument einen gro\u00dfen Sprung in seiner Bedeutung f\u00fcr das Land gemacht.<\/p>\n<p>Im Naturpark konnten wir in jedem dieser Jahre 2-5 neue Vertragspartner hinzugewinnen, die Vertragsnaturschutzfl\u00e4chen jeweils um rund 30 ha vergr\u00f6\u00dfern und auch die Bandbreite der Projektinhalte vervielf\u00e4ltigen.<\/p>\n<p>In 2019 wurden insgesamt ca. 140T\u20ac aus dem Naturpark-Haushalt eingesetzt, um insgesamt 220 ha \u00fcber\u00a040 Vertragsnaturschutzvereinbarungen nachhaltig zu bewirtschaften.<\/p>\n<p>So beweideten rund 40 Ziegen, 10 Esel, 250 Schafe, 3 Wasserb\u00fcffel, 3 Galloways und 10 Pferde im Naturpark spezielle Lebensr\u00e4ume wie Trocken- und Halbtrockenrasen, Frischweiden oder Heidefl\u00e4chen, die sonst mit Geh\u00f6lzen und Hochstauden schnell zuwachsen w\u00fcrden.<\/p>\n<div id=\"attachment_9035\" style=\"width: 310px\" class=\"wp-caption aligncenter\"><a href=\"https:\/\/www.naturparkmagazin.de\/stechlin\/wp-content\/uploads\/sites\/38\/esel-zecower-berg.jpg\"><img aria-describedby=\"caption-attachment-9035\" decoding=\"async\" loading=\"lazy\" class=\"size-thumbnail wp-image-9035\" src=\"https:\/\/www.naturparkmagazin.de\/stechlin\/wp-content\/uploads\/sites\/38\/esel-zecower-berg-300x180.jpg\" alt=\"Esel haben sich als wirkungsvolle Landschaftspfleger in den Heidefl\u00e4chen am Zechower Berg erwiesen.\" width=\"300\" height=\"180\" srcset=\"https:\/\/www.naturparkmagazin.de\/stechlin\/wp-content\/uploads\/sites\/38\/esel-zecower-berg-300x180.jpg 300w, https:\/\/www.naturparkmagazin.de\/stechlin\/wp-content\/uploads\/sites\/38\/esel-zecower-berg.jpg 500w, https:\/\/www.naturparkmagazin.de\/stechlin\/wp-content\/uploads\/sites\/38\/esel-zecower-berg-200x120.jpg 200w\" sizes=\"(max-width: 300px) 100vw, 300px\" \/><\/a><p id=\"caption-attachment-9035\" class=\"wp-caption-text\">Esel haben sich als wirkungsvolle Landschaftspfleger in den Heidefl\u00e4chen am Zechower Berg erwiesen.<\/p><\/div>\n<p>Auch Technik wurde eingesetzt, wo es f\u00fcr die Tiere zu nass oder zu gro\u00dffl\u00e4chig ist. So kamen im\u00a0Jahr 2019 rund 28 Hektar Feuchtwiese unter Balkenm\u00e4her und Freischneider.<\/p>\n<div id=\"attachment_9037\" style=\"width: 310px\" class=\"wp-caption aligncenter\"><a href=\"https:\/\/www.naturparkmagazin.de\/stechlin\/wp-content\/uploads\/sites\/38\/heu-lpv.jpg\"><img aria-describedby=\"caption-attachment-9037\" decoding=\"async\" loading=\"lazy\" class=\"size-thumbnail wp-image-9037\" src=\"https:\/\/www.naturparkmagazin.de\/stechlin\/wp-content\/uploads\/sites\/38\/heu-lpv-300x180.jpg\" alt=\"Der Landschaftspflegeverein Norduckerm\u00e4rkische Seenlandschaft e.V. ist mit seinen moorschonenden Maschinen und engagierten Mitarbeitern ein wichtiger Partner des Naturparks.\" width=\"300\" height=\"180\" srcset=\"https:\/\/www.naturparkmagazin.de\/stechlin\/wp-content\/uploads\/sites\/38\/heu-lpv-300x180.jpg 300w, https:\/\/www.naturparkmagazin.de\/stechlin\/wp-content\/uploads\/sites\/38\/heu-lpv.jpg 500w, https:\/\/www.naturparkmagazin.de\/stechlin\/wp-content\/uploads\/sites\/38\/heu-lpv-200x120.jpg 200w\" sizes=\"(max-width: 300px) 100vw, 300px\" \/><\/a><p id=\"caption-attachment-9037\" class=\"wp-caption-text\">Der Landschaftspflegeverein Norduckerm\u00e4rkische Seenlandschaft e.V. ist mit seinen moorschonenden Maschinen und engagierten Mitarbeitern ein wichtiger Partner des Naturparks.<\/p><\/div>\n<p>Neben extensiv bewirtschafteten Gr\u00fcnlandfl\u00e4chen in sensiblen Wassereinzugsgebieten unserer Flie\u00dfgew\u00e4sser, Seen und Moore kommen auch Programme zum Segetalartenschutz auf Ackerland zur Anwendung.<\/p>\n<p>Auch die Kopfweidenbest\u00e4nde im Naturpark bekamen durch mehrere Vertragsnehmer einen fachgerechten Pflegeschnitt.<\/p>\n<p>Vertr\u00e4ge mit Landnutzern werden auf Grundlage der <a href=\"https:\/\/mluk.brandenburg.de\/cms\/media.php\/lbm1.a.3310.de\/vv_vertragsnaturschutz2016.pdf\" target=\"_blank\">Verwaltungsvorschrift zum Vertragsnaturschutz<\/a> abgeschlossen.<\/p>\n<p>Zuk\u00fcnftig soll auch im Wald Vertragsnaturschutz stattfinden. Hierf\u00fcr wurde durch das Land Brandenburg eine <a href=\"https:\/\/forst.brandenburg.de\/sixcms\/media.php\/9\/richtl_nsw_bew.pdf\" target=\"_blank\">F\u00f6rderrichtlinie<\/a> auf den Weg gebracht. Die f\u00fcr die Organisation und Umsetzung solcher Ma\u00dfnahmen zust\u00e4ndige <a href=\"https:\/\/forst.brandenburg.de\/lfb\/de\/struktur\/bewilligungsbehoerde-forst\/foerderung-vertragsnaturschutz-und-extremwettereignisse\/\" target=\"_blank\">Bewilligungsbeh\u00f6rde ist der Landesbetrieb Forst Brandenburg<\/a>.<\/p>\n<p>Dar\u00fcber hinaus gehende Vertragsnaturschutzinhalte im Wald sollen \u00fcber eine Verwaltungsvorschrift finanziert werden. Die zust\u00e4ndigen Kolleg*innen in den Gro\u00dfschutzgebieten (GSG) werden diese betreuen. Vertragsnaturschutz au\u00dferhalb der GSG wird\u00a0im Landesamt f\u00fcr Umwelt an den drei regionalen Standorten Potsdam, Frankfurt\/Oder und Cottbus betreut.<\/p>\n","protected":false},"excerpt":{"rendered":"<p>Vertragspartner des Naturparkes sind mit Tieren und Maschinen unterwegs, um wertvolle Lebensr\u00e4ume wie Trockenrasen, Orchideenwiesen und Heiden zu pflegen sowie Amphibienlaichgew\u00e4sser und Ackerwildkr\u00e4uter zu bewahren.<\/p>\n","protected":false},"author":39,"featured_media":9036,"comment_status":"open","ping_status":"open","sticky":false,"template":"","format":"standard","meta":[],"categories":[7],"tags":[],"yoast_head":"<!-- This site is optimized with the Yoast SEO plugin v19.10 - https:\/\/yoast.com\/wordpress\/plugins\/seo\/ -->\n<title>Vertragsnaturschutz im Naturpark - Naturpark Stechlin-Ruppiner Land<\/title>\n<meta name=\"robots\" content=\"index, follow, max-snippet:-1, max-image-preview:large, max-video-preview:-1\" \/>\n<link rel=\"canonical\" href=\"https:\/\/www.naturparkmagazin.de\/stechlin\/vertragsnaturschutz-im-naturpark\/\" \/>\n<meta property=\"og:locale\" content=\"de_DE\" \/>\n<meta property=\"og:type\" content=\"article\" \/>\n<meta property=\"og:title\" content=\"Vertragsnaturschutz im Naturpark - Naturpark Stechlin-Ruppiner Land\" \/>\n<meta property=\"og:description\" content=\"Vertragspartner des Naturparkes sind mit Tieren und Maschinen unterwegs, um wertvolle Lebensr\u00e4ume wie Trockenrasen, Orchideenwiesen und Heiden zu pflegen sowie Amphibienlaichgew\u00e4sser und Ackerwildkr\u00e4uter zu bewahren.\" \/>\n<meta property=\"og:url\" content=\"https:\/\/www.naturparkmagazin.de\/stechlin\/vertragsnaturschutz-im-naturpark\/\" \/>\n<meta property=\"og:site_name\" content=\"Naturpark Stechlin-Ruppiner Land\" \/>\n<meta property=\"article:published_time\" content=\"2019-12-11T08:59:38+00:00\" \/>\n<meta property=\"article:modified_time\" content=\"2019-12-16T13:08:10+00:00\" \/>\n<meta property=\"og:image\" content=\"https:\/\/www.naturparkmagazin.de\/stechlin\/wp-content\/uploads\/sites\/38\/aufh\u00e4nger-ziege.jpg\" \/>\n\t<meta property=\"og:image:width\" content=\"200\" \/>\n\t<meta property=\"og:image:height\" content=\"200\" \/>\n\t<meta property=\"og:image:type\" content=\"image\/jpeg\" \/>\n<meta name=\"author\" content=\"marioschrumpf\" \/>\n<meta name=\"twitter:label1\" content=\"Verfasst von\" \/>\n\t<meta name=\"twitter:data1\" content=\"marioschrumpf\" \/>\n\t<meta name=\"twitter:label2\" content=\"Gesch\u00e4tzte Lesezeit\" \/>\n\t<meta name=\"twitter:data2\" content=\"2\u00a0Minuten\" \/>\n<script type=\"application\/ld+json\" class=\"yoast-schema-graph\">{\"@context\":\"https:\/\/schema.org\",\"@graph\":[{\"@type\":\"WebPage\",\"@id\":\"https:\/\/www.naturparkmagazin.de\/stechlin\/vertragsnaturschutz-im-naturpark\/\",\"url\":\"https:\/\/www.naturparkmagazin.de\/stechlin\/vertragsnaturschutz-im-naturpark\/\",\"name\":\"Vertragsnaturschutz im Naturpark - Naturpark Stechlin-Ruppiner Land\",\"isPartOf\":{\"@id\":\"https:\/\/www.naturparkmagazin.de\/stechlin\/#website\"},\"datePublished\":\"2019-12-11T08:59:38+00:00\",\"dateModified\":\"2019-12-16T13:08:10+00:00\",\"author\":{\"@id\":\"https:\/\/www.naturparkmagazin.de\/stechlin\/#\/schema\/person\/3f0d93203df21c806dd63c76d9bb28bc\"},\"breadcrumb\":{\"@id\":\"https:\/\/www.naturparkmagazin.de\/stechlin\/vertragsnaturschutz-im-naturpark\/#breadcrumb\"},\"inLanguage\":\"de\",\"potentialAction\":[{\"@type\":\"ReadAction\",\"target\":[\"https:\/\/www.naturparkmagazin.de\/stechlin\/vertragsnaturschutz-im-naturpark\/\"]}]},{\"@type\":\"BreadcrumbList\",\"@id\":\"https:\/\/www.naturparkmagazin.de\/stechlin\/vertragsnaturschutz-im-naturpark\/#breadcrumb\",\"itemListElement\":[{\"@type\":\"ListItem\",\"position\":1,\"name\":\"Home\",\"item\":\"https:\/\/www.naturparkmagazin.de\/stechlin\/\"},{\"@type\":\"ListItem\",\"position\":2,\"name\":\"Vertragsnaturschutz im Naturpark\"}]},{\"@type\":\"WebSite\",\"@id\":\"https:\/\/www.naturparkmagazin.de\/stechlin\/#website\",\"url\":\"https:\/\/www.naturparkmagazin.de\/stechlin\/\",\"name\":\"Naturpark Stechlin-Ruppiner Land\",\"description\":\"\",\"potentialAction\":[{\"@type\":\"SearchAction\",\"target\":{\"@type\":\"EntryPoint\",\"urlTemplate\":\"https:\/\/www.naturparkmagazin.de\/stechlin\/?s={search_term_string}\"},\"query-input\":\"required name=search_term_string\"}],\"inLanguage\":\"de\"},{\"@type\":\"Person\",\"@id\":\"https:\/\/www.naturparkmagazin.de\/stechlin\/#\/schema\/person\/3f0d93203df21c806dd63c76d9bb28bc\",\"name\":\"marioschrumpf\",\"url\":\"https:\/\/www.naturparkmagazin.de\/stechlin\/author\/marioschrumpf\/\"}]}<\/script>\n<!-- \/ Yoast SEO plugin. -->","yoast_head_json":{"title":"Vertragsnaturschutz im Naturpark - Naturpark Stechlin-Ruppiner Land","robots":{"index":"index","follow":"follow","max-snippet":"max-snippet:-1","max-image-preview":"max-image-preview:large","max-video-preview":"max-video-preview:-1"},"canonical":"https:\/\/www.naturparkmagazin.de\/stechlin\/vertragsnaturschutz-im-naturpark\/","og_locale":"de_DE","og_type":"article","og_title":"Vertragsnaturschutz im Naturpark - Naturpark Stechlin-Ruppiner Land","og_description":"Vertragspartner des Naturparkes sind mit Tieren und Maschinen unterwegs, um wertvolle Lebensr\u00e4ume wie Trockenrasen, Orchideenwiesen und Heiden zu pflegen sowie Amphibienlaichgew\u00e4sser und Ackerwildkr\u00e4uter zu bewahren.","og_url":"https:\/\/www.naturparkmagazin.de\/stechlin\/vertragsnaturschutz-im-naturpark\/","og_site_name":"Naturpark Stechlin-Ruppiner Land","article_published_time":"2019-12-11T08:59:38+00:00","article_modified_time":"2019-12-16T13:08:10+00:00","og_image":[{"width":200,"height":200,"url":"https:\/\/www.naturparkmagazin.de\/stechlin\/wp-content\/uploads\/sites\/38\/aufh\u00e4nger-ziege.jpg","type":"image\/jpeg"}],"author":"marioschrumpf","twitter_misc":{"Verfasst von":"marioschrumpf","Gesch\u00e4tzte Lesezeit":"2\u00a0Minuten"},"schema":{"@context":"https:\/\/schema.org","@graph":[{"@type":"WebPage","@id":"https:\/\/www.naturparkmagazin.de\/stechlin\/vertragsnaturschutz-im-naturpark\/","url":"https:\/\/www.naturparkmagazin.de\/stechlin\/vertragsnaturschutz-im-naturpark\/","name":"Vertragsnaturschutz im Naturpark - Naturpark Stechlin-Ruppiner Land","isPartOf":{"@id":"https:\/\/www.naturparkmagazin.de\/stechlin\/#website"},"datePublished":"2019-12-11T08:59:38+00:00","dateModified":"2019-12-16T13:08:10+00:00","author":{"@id":"https:\/\/www.naturparkmagazin.de\/stechlin\/#\/schema\/person\/3f0d93203df21c806dd63c76d9bb28bc"},"breadcrumb":{"@id":"https:\/\/www.naturparkmagazin.de\/stechlin\/vertragsnaturschutz-im-naturpark\/#breadcrumb"},"inLanguage":"de","potentialAction":[{"@type":"ReadAction","target":["https:\/\/www.naturparkmagazin.de\/stechlin\/vertragsnaturschutz-im-naturpark\/"]}]},{"@type":"BreadcrumbList","@id":"https:\/\/www.naturparkmagazin.de\/stechlin\/vertragsnaturschutz-im-naturpark\/#breadcrumb","itemListElement":[{"@type":"ListItem","position":1,"name":"Home","item":"https:\/\/www.naturparkmagazin.de\/stechlin\/"},{"@type":"ListItem","position":2,"name":"Vertragsnaturschutz im Naturpark"}]},{"@type":"WebSite","@id":"https:\/\/www.naturparkmagazin.de\/stechlin\/#website","url":"https:\/\/www.naturparkmagazin.de\/stechlin\/","name":"Naturpark Stechlin-Ruppiner Land","description":"","potentialAction":[{"@type":"SearchAction","target":{"@type":"EntryPoint","urlTemplate":"https:\/\/www.naturparkmagazin.de\/stechlin\/?s={search_term_string}"},"query-input":"required name=search_term_string"}],"inLanguage":"de"},{"@type":"Person","@id":"https:\/\/www.naturparkmagazin.de\/stechlin\/#\/schema\/person\/3f0d93203df21c806dd63c76d9bb28bc","name":"marioschrumpf","url":"https:\/\/www.naturparkmagazin.de\/stechlin\/author\/marioschrumpf\/"}]}},"_links":{"self":[{"href":"https:\/\/www.naturparkmagazin.de\/stechlin\/wp-json\/wp\/v2\/posts\/9021"}],"collection":[{"href":"https:\/\/www.naturparkmagazin.de\/stechlin\/wp-json\/wp\/v2\/posts"}],"about":[{"href":"https:\/\/www.naturparkmagazin.de\/stechlin\/wp-json\/wp\/v2\/types\/post"}],"author":[{"embeddable":true,"href":"https:\/\/www.naturparkmagazin.de\/stechlin\/wp-json\/wp\/v2\/users\/39"}],"replies":[{"embeddable":true,"href":"https:\/\/www.naturparkmagazin.de\/stechlin\/wp-json\/wp\/v2\/comments?post=9021"}],"version-history":[{"count":15,"href":"https:\/\/www.naturparkmagazin.de\/stechlin\/wp-json\/wp\/v2\/posts\/9021\/revisions"}],"predecessor-version":[{"id":9044,"href":"https:\/\/www.naturparkmagazin.de\/stechlin\/wp-json\/wp\/v2\/posts\/9021\/revisions\/9044"}],"wp:featuredmedia":[{"embeddable":true,"href":"https:\/\/www.naturparkmagazin.de\/stechlin\/wp-json\/wp\/v2\/media\/9036"}],"wp:attachment":[{"href":"https:\/\/www.naturparkmagazin.de\/stechlin\/wp-json\/wp\/v2\/media?parent=9021"}],"wp:term":[{"taxonomy":"category","embeddable":true,"href":"https:\/\/www.naturparkmagazin.de\/stechlin\/wp-json\/wp\/v2\/categories?post=9021"},{"taxonomy":"post_tag","embeddable":true,"href":"https:\/\/www.naturparkmagazin.de\/stechlin\/wp-json\/wp\/v2\/tags?post=9021"}],"curies":[{"name":"wp","href":"https:\/\/api.w.org\/{rel}","templated":true}]}}