{"id":9025,"date":"2019-12-11T11:31:55","date_gmt":"2019-12-11T10:31:55","guid":{"rendered":"https:\/\/www.naturparkmagazin.de\/stechlin\/?p=9025"},"modified":"2019-12-16T14:17:45","modified_gmt":"2019-12-16T13:17:45","slug":"neujahrs-wanderung-auf-der-kyritz-ruppiner-heide","status":"publish","type":"post","link":"https:\/\/www.naturparkmagazin.de\/stechlin\/neujahrs-wanderung-auf-der-kyritz-ruppiner-heide\/","title":{"rendered":"Neujahrs-Wanderung auf der Kyritz-Ruppiner Heide"},"content":{"rendered":"<p><a href=\"https:\/\/www.naturparkmagazin.de\/stechlin\/wp-content\/uploads\/sites\/38\/IMG_3866_500x300.jpg\"><img decoding=\"async\" loading=\"lazy\" class=\"aligncenter size-thumbnail wp-image-7727\" src=\"https:\/\/www.naturparkmagazin.de\/stechlin\/wp-content\/uploads\/sites\/38\/IMG_3866_500x300-300x180.jpg\" alt=\"NP SRL\/Olaf Wolff\" width=\"300\" height=\"180\" srcset=\"https:\/\/www.naturparkmagazin.de\/stechlin\/wp-content\/uploads\/sites\/38\/IMG_3866_500x300-300x180.jpg 300w, https:\/\/www.naturparkmagazin.de\/stechlin\/wp-content\/uploads\/sites\/38\/IMG_3866_500x300.jpg 500w, https:\/\/www.naturparkmagazin.de\/stechlin\/wp-content\/uploads\/sites\/38\/IMG_3866_500x300-200x120.jpg 200w\" sizes=\"(max-width: 300px) 100vw, 300px\" \/><\/a><\/p>\n<p>Wollen Sie Ihre guten Vors\u00e4tze f\u00fcrs neue Jahr gleich am ersten Tag in die Tat umsetzen? Dann folgen Sie der Einladung zur Neujahrswanderung in die Kyritz-Ruppiner Heide!<\/p>\n<p>Im Norden Brandenburgs, zwischen den historischen St\u00e4dten F\u00fcrstenberg\/Havel, Zehdenick, Lindow, Neuruppin und Wittstock finden Nordic Walker und Wanderer ein deutschlandweit einmaliges Angebot vor \u2013 eine Kombination aus sportlichen M\u00f6glichkeiten und reizvoller Landschaft.<\/p>\n<p>Ob im Naturpark Stechlin-Ruppiner Land mit seinen Buchenw\u00e4ldern und Klarwasserseen (www.stechlin-ruppiner-land-naturpark.de), in der Kyritz-Ruppiner Heide als eine der gr\u00f6\u00dften zusammenh\u00e4ngenden Heidelandschaft Europas (www.kyritz-ruppiner-heide.de) oder auf dem \u00fcber 534 Kilometer umfassenden bundesweiten einzigartigen Streckennetz des Laufparks Stechlin (www.laufpark-stechlin.de), &#8211; mit einer gef\u00fchrten Nordic Walking oder Wander-Tour erleben Sie die wundersch\u00f6nen Landschaften und betreiben dabei Sport \u2013 eine gewinnbringende Kombination!<\/p>\n<p><a href=\"https:\/\/www.naturparkmagazin.de\/stechlin\/wp-content\/uploads\/sites\/38\/PA270001_Olaf-Wolff500x300.jpg\"><img decoding=\"async\" loading=\"lazy\" class=\"aligncenter size-thumbnail wp-image-7678\" src=\"https:\/\/www.naturparkmagazin.de\/stechlin\/wp-content\/uploads\/sites\/38\/PA270001_Olaf-Wolff500x300-300x180.jpg\" alt=\"NP SRL\/Olaf Wolff\" width=\"300\" height=\"180\" srcset=\"https:\/\/www.naturparkmagazin.de\/stechlin\/wp-content\/uploads\/sites\/38\/PA270001_Olaf-Wolff500x300-300x180.jpg 300w, https:\/\/www.naturparkmagazin.de\/stechlin\/wp-content\/uploads\/sites\/38\/PA270001_Olaf-Wolff500x300.jpg 500w, https:\/\/www.naturparkmagazin.de\/stechlin\/wp-content\/uploads\/sites\/38\/PA270001_Olaf-Wolff500x300-200x120.jpg 200w\" sizes=\"(max-width: 300px) 100vw, 300px\" \/><\/a>W\u00e4hrend unserer ca. 2 &#8211; 3 st\u00fcndigen Tour zeige ich Ihnen lokale Sehensw\u00fcrdigkeiten und erz\u00e4hle Ihnen Wissenswertes aus der Region sowie ihrer Historie, und geben Ihnen sehr gern Tipps und Hilfestellung zur Optimierung Ihrer pers\u00f6nlichen Nordic Walking Technik.<\/p>\n<p>Wir haben ausreichend Zeit f\u00fcr Verschnaufpausen und zum Fotografieren, gern k\u00f6nnen wir auch eine Rast machen, schlie\u00dflich m\u00f6chten wir die Natur und die herrliche Landschaft genie\u00dfen. Nach diesem gef\u00fchrten Lauf haben Sie etwas f\u00fcr Ihre Gesundheit getan und Interessantes erfahren!<\/p>\n<p>Sie brauchen sich um nichts als Ihre Sportkleidung zu k\u00fcmmern. Bitte wetterangepasste Kleidung tragen und ausreichend Trinkfl\u00fcssigkeit mitbringen.<\/p>\n<p>Die Nordic Walking St\u00f6cke k\u00f6nnen bei mir ausgeliehen werden.<\/p>\n<p>Das Motto meiner Touren: Landschaftlich reizvoll \u2013 Sportlich angenehm<\/p>\n<p>\u2022 Die Touren finden mit mindestens 7 Personen statt, Voranmeldungen sind notwendig!<\/p>\n<p>\u2022 Zus\u00e4tzliche, individuelle Terminvereinbarungen f\u00fcr Touren und Kurse m\u00f6glich\n\u2022 <strong>Kontakt: <\/strong>\u00a0Tel.: 03391 512672<\/p>\n<p><strong>Termin:<\/strong> 1. Januar 2020<\/p>\n<p><strong>Zeit:<\/strong> 13:30-15:30 Uhr<\/p>\n<p><strong>Treff:<\/strong>\u00a0 Parkplatz Pfalzheim<\/p>\n<p><strong>Kosten:<\/strong> 5 \u20acPerson<\/p>\n<p>&nbsp;<\/p>\n","protected":false},"excerpt":{"rendered":"<p>Wollen Sie Ihre guten Vors\u00e4tze f\u00fcrs neue Jahr gleich am ersten Tag in die Tat umsetzen? Dann folgen Sie der Einladung zur Neujahrswanderung in die Kyritz-Ruppiner Heide!<\/p>\n","protected":false},"author":39,"featured_media":7726,"comment_status":"open","ping_status":"open","sticky":false,"template":"","format":"standard","meta":[],"categories":[11],"tags":[],"yoast_head":"<!-- This site is optimized with the Yoast SEO plugin v19.10 - https:\/\/yoast.com\/wordpress\/plugins\/seo\/ -->\n<title>Neujahrs-Wanderung auf der Kyritz-Ruppiner Heide - Naturpark Stechlin-Ruppiner Land<\/title>\n<meta name=\"robots\" content=\"index, follow, max-snippet:-1, max-image-preview:large, max-video-preview:-1\" \/>\n<link rel=\"canonical\" href=\"https:\/\/www.naturparkmagazin.de\/stechlin\/neujahrs-wanderung-auf-der-kyritz-ruppiner-heide\/\" \/>\n<meta property=\"og:locale\" content=\"de_DE\" \/>\n<meta property=\"og:type\" content=\"article\" \/>\n<meta property=\"og:title\" content=\"Neujahrs-Wanderung auf der Kyritz-Ruppiner Heide - Naturpark Stechlin-Ruppiner Land\" \/>\n<meta property=\"og:description\" content=\"Wollen Sie Ihre guten Vors\u00e4tze f\u00fcrs neue Jahr gleich am ersten Tag in die Tat umsetzen? Dann folgen Sie der Einladung zur Neujahrswanderung in die Kyritz-Ruppiner Heide!\" \/>\n<meta property=\"og:url\" content=\"https:\/\/www.naturparkmagazin.de\/stechlin\/neujahrs-wanderung-auf-der-kyritz-ruppiner-heide\/\" \/>\n<meta property=\"og:site_name\" content=\"Naturpark Stechlin-Ruppiner Land\" \/>\n<meta property=\"article:published_time\" content=\"2019-12-11T10:31:55+00:00\" \/>\n<meta property=\"article:modified_time\" content=\"2019-12-16T13:17:45+00:00\" \/>\n<meta property=\"og:image\" content=\"https:\/\/www.naturparkmagazin.de\/stechlin\/wp-content\/uploads\/sites\/38\/IMG_3866_200x200.jpg\" \/>\n\t<meta property=\"og:image:width\" content=\"200\" \/>\n\t<meta property=\"og:image:height\" content=\"200\" \/>\n\t<meta property=\"og:image:type\" content=\"image\/jpeg\" \/>\n<meta name=\"author\" content=\"marioschrumpf\" \/>\n<meta name=\"twitter:label1\" content=\"Verfasst von\" \/>\n\t<meta name=\"twitter:data1\" content=\"marioschrumpf\" \/>\n\t<meta name=\"twitter:label2\" content=\"Gesch\u00e4tzte Lesezeit\" \/>\n\t<meta name=\"twitter:data2\" content=\"1\u00a0Minute\" \/>\n<script type=\"application\/ld+json\" class=\"yoast-schema-graph\">{\"@context\":\"https:\/\/schema.org\",\"@graph\":[{\"@type\":\"WebPage\",\"@id\":\"https:\/\/www.naturparkmagazin.de\/stechlin\/neujahrs-wanderung-auf-der-kyritz-ruppiner-heide\/\",\"url\":\"https:\/\/www.naturparkmagazin.de\/stechlin\/neujahrs-wanderung-auf-der-kyritz-ruppiner-heide\/\",\"name\":\"Neujahrs-Wanderung auf der Kyritz-Ruppiner Heide - Naturpark Stechlin-Ruppiner Land\",\"isPartOf\":{\"@id\":\"https:\/\/www.naturparkmagazin.de\/stechlin\/#website\"},\"datePublished\":\"2019-12-11T10:31:55+00:00\",\"dateModified\":\"2019-12-16T13:17:45+00:00\",\"author\":{\"@id\":\"https:\/\/www.naturparkmagazin.de\/stechlin\/#\/schema\/person\/3f0d93203df21c806dd63c76d9bb28bc\"},\"breadcrumb\":{\"@id\":\"https:\/\/www.naturparkmagazin.de\/stechlin\/neujahrs-wanderung-auf-der-kyritz-ruppiner-heide\/#breadcrumb\"},\"inLanguage\":\"de\",\"potentialAction\":[{\"@type\":\"ReadAction\",\"target\":[\"https:\/\/www.naturparkmagazin.de\/stechlin\/neujahrs-wanderung-auf-der-kyritz-ruppiner-heide\/\"]}]},{\"@type\":\"BreadcrumbList\",\"@id\":\"https:\/\/www.naturparkmagazin.de\/stechlin\/neujahrs-wanderung-auf-der-kyritz-ruppiner-heide\/#breadcrumb\",\"itemListElement\":[{\"@type\":\"ListItem\",\"position\":1,\"name\":\"Home\",\"item\":\"https:\/\/www.naturparkmagazin.de\/stechlin\/\"},{\"@type\":\"ListItem\",\"position\":2,\"name\":\"Neujahrs-Wanderung auf der Kyritz-Ruppiner Heide\"}]},{\"@type\":\"WebSite\",\"@id\":\"https:\/\/www.naturparkmagazin.de\/stechlin\/#website\",\"url\":\"https:\/\/www.naturparkmagazin.de\/stechlin\/\",\"name\":\"Naturpark Stechlin-Ruppiner Land\",\"description\":\"\",\"potentialAction\":[{\"@type\":\"SearchAction\",\"target\":{\"@type\":\"EntryPoint\",\"urlTemplate\":\"https:\/\/www.naturparkmagazin.de\/stechlin\/?s={search_term_string}\"},\"query-input\":\"required name=search_term_string\"}],\"inLanguage\":\"de\"},{\"@type\":\"Person\",\"@id\":\"https:\/\/www.naturparkmagazin.de\/stechlin\/#\/schema\/person\/3f0d93203df21c806dd63c76d9bb28bc\",\"name\":\"marioschrumpf\",\"url\":\"https:\/\/www.naturparkmagazin.de\/stechlin\/author\/marioschrumpf\/\"}]}<\/script>\n<!-- \/ Yoast SEO plugin. -->","yoast_head_json":{"title":"Neujahrs-Wanderung auf der Kyritz-Ruppiner Heide - Naturpark Stechlin-Ruppiner Land","robots":{"index":"index","follow":"follow","max-snippet":"max-snippet:-1","max-image-preview":"max-image-preview:large","max-video-preview":"max-video-preview:-1"},"canonical":"https:\/\/www.naturparkmagazin.de\/stechlin\/neujahrs-wanderung-auf-der-kyritz-ruppiner-heide\/","og_locale":"de_DE","og_type":"article","og_title":"Neujahrs-Wanderung auf der Kyritz-Ruppiner Heide - Naturpark Stechlin-Ruppiner Land","og_description":"Wollen Sie Ihre guten Vors\u00e4tze f\u00fcrs neue Jahr gleich am ersten Tag in die Tat umsetzen? Dann folgen Sie der Einladung zur Neujahrswanderung in die Kyritz-Ruppiner Heide!","og_url":"https:\/\/www.naturparkmagazin.de\/stechlin\/neujahrs-wanderung-auf-der-kyritz-ruppiner-heide\/","og_site_name":"Naturpark Stechlin-Ruppiner Land","article_published_time":"2019-12-11T10:31:55+00:00","article_modified_time":"2019-12-16T13:17:45+00:00","og_image":[{"width":200,"height":200,"url":"https:\/\/www.naturparkmagazin.de\/stechlin\/wp-content\/uploads\/sites\/38\/IMG_3866_200x200.jpg","type":"image\/jpeg"}],"author":"marioschrumpf","twitter_misc":{"Verfasst von":"marioschrumpf","Gesch\u00e4tzte Lesezeit":"1\u00a0Minute"},"schema":{"@context":"https:\/\/schema.org","@graph":[{"@type":"WebPage","@id":"https:\/\/www.naturparkmagazin.de\/stechlin\/neujahrs-wanderung-auf-der-kyritz-ruppiner-heide\/","url":"https:\/\/www.naturparkmagazin.de\/stechlin\/neujahrs-wanderung-auf-der-kyritz-ruppiner-heide\/","name":"Neujahrs-Wanderung auf der Kyritz-Ruppiner Heide - Naturpark Stechlin-Ruppiner Land","isPartOf":{"@id":"https:\/\/www.naturparkmagazin.de\/stechlin\/#website"},"datePublished":"2019-12-11T10:31:55+00:00","dateModified":"2019-12-16T13:17:45+00:00","author":{"@id":"https:\/\/www.naturparkmagazin.de\/stechlin\/#\/schema\/person\/3f0d93203df21c806dd63c76d9bb28bc"},"breadcrumb":{"@id":"https:\/\/www.naturparkmagazin.de\/stechlin\/neujahrs-wanderung-auf-der-kyritz-ruppiner-heide\/#breadcrumb"},"inLanguage":"de","potentialAction":[{"@type":"ReadAction","target":["https:\/\/www.naturparkmagazin.de\/stechlin\/neujahrs-wanderung-auf-der-kyritz-ruppiner-heide\/"]}]},{"@type":"BreadcrumbList","@id":"https:\/\/www.naturparkmagazin.de\/stechlin\/neujahrs-wanderung-auf-der-kyritz-ruppiner-heide\/#breadcrumb","itemListElement":[{"@type":"ListItem","position":1,"name":"Home","item":"https:\/\/www.naturparkmagazin.de\/stechlin\/"},{"@type":"ListItem","position":2,"name":"Neujahrs-Wanderung auf der Kyritz-Ruppiner Heide"}]},{"@type":"WebSite","@id":"https:\/\/www.naturparkmagazin.de\/stechlin\/#website","url":"https:\/\/www.naturparkmagazin.de\/stechlin\/","name":"Naturpark Stechlin-Ruppiner Land","description":"","potentialAction":[{"@type":"SearchAction","target":{"@type":"EntryPoint","urlTemplate":"https:\/\/www.naturparkmagazin.de\/stechlin\/?s={search_term_string}"},"query-input":"required name=search_term_string"}],"inLanguage":"de"},{"@type":"Person","@id":"https:\/\/www.naturparkmagazin.de\/stechlin\/#\/schema\/person\/3f0d93203df21c806dd63c76d9bb28bc","name":"marioschrumpf","url":"https:\/\/www.naturparkmagazin.de\/stechlin\/author\/marioschrumpf\/"}]}},"_links":{"self":[{"href":"https:\/\/www.naturparkmagazin.de\/stechlin\/wp-json\/wp\/v2\/posts\/9025"}],"collection":[{"href":"https:\/\/www.naturparkmagazin.de\/stechlin\/wp-json\/wp\/v2\/posts"}],"about":[{"href":"https:\/\/www.naturparkmagazin.de\/stechlin\/wp-json\/wp\/v2\/types\/post"}],"author":[{"embeddable":true,"href":"https:\/\/www.naturparkmagazin.de\/stechlin\/wp-json\/wp\/v2\/users\/39"}],"replies":[{"embeddable":true,"href":"https:\/\/www.naturparkmagazin.de\/stechlin\/wp-json\/wp\/v2\/comments?post=9025"}],"version-history":[{"count":3,"href":"https:\/\/www.naturparkmagazin.de\/stechlin\/wp-json\/wp\/v2\/posts\/9025\/revisions"}],"predecessor-version":[{"id":9047,"href":"https:\/\/www.naturparkmagazin.de\/stechlin\/wp-json\/wp\/v2\/posts\/9025\/revisions\/9047"}],"wp:featuredmedia":[{"embeddable":true,"href":"https:\/\/www.naturparkmagazin.de\/stechlin\/wp-json\/wp\/v2\/media\/7726"}],"wp:attachment":[{"href":"https:\/\/www.naturparkmagazin.de\/stechlin\/wp-json\/wp\/v2\/media?parent=9025"}],"wp:term":[{"taxonomy":"category","embeddable":true,"href":"https:\/\/www.naturparkmagazin.de\/stechlin\/wp-json\/wp\/v2\/categories?post=9025"},{"taxonomy":"post_tag","embeddable":true,"href":"https:\/\/www.naturparkmagazin.de\/stechlin\/wp-json\/wp\/v2\/tags?post=9025"}],"curies":[{"name":"wp","href":"https:\/\/api.w.org\/{rel}","templated":true}]}}