{"id":9058,"date":"2019-12-11T14:49:21","date_gmt":"2019-12-11T13:49:21","guid":{"rendered":"https:\/\/www.naturparkmagazin.de\/stechlin\/?p=9058"},"modified":"2019-12-17T10:28:06","modified_gmt":"2019-12-17T09:28:06","slug":"schafswaesche-ist-wieder-nass-naturdenkmal-gerettet","status":"publish","type":"post","link":"https:\/\/www.naturparkmagazin.de\/stechlin\/schafswaesche-ist-wieder-nass-naturdenkmal-gerettet\/","title":{"rendered":"\u201eSchafsw\u00e4sche\u201c ist wieder nass \u2013 Naturdenkmal gerettet"},"content":{"rendered":"<div id=\"attachment_9060\" style=\"width: 310px\" class=\"wp-caption aligncenter\"><a href=\"https:\/\/www.naturparkmagazin.de\/stechlin\/wp-content\/uploads\/sites\/38\/Soll_Schafswaesche_fertig_HWiesing.jpg\"><img aria-describedby=\"caption-attachment-9060\" decoding=\"async\" loading=\"lazy\" class=\"wp-image-9060 size-thumbnail\" src=\"https:\/\/www.naturparkmagazin.de\/stechlin\/wp-content\/uploads\/sites\/38\/Soll_Schafswaesche_fertig_HWiesing-300x180.jpg\" alt=\"NP SRL\/Hermann Wiesing\" width=\"300\" height=\"180\" srcset=\"https:\/\/www.naturparkmagazin.de\/stechlin\/wp-content\/uploads\/sites\/38\/Soll_Schafswaesche_fertig_HWiesing-300x180.jpg 300w, https:\/\/www.naturparkmagazin.de\/stechlin\/wp-content\/uploads\/sites\/38\/Soll_Schafswaesche_fertig_HWiesing.jpg 500w, https:\/\/www.naturparkmagazin.de\/stechlin\/wp-content\/uploads\/sites\/38\/Soll_Schafswaesche_fertig_HWiesing-200x120.jpg 200w\" sizes=\"(max-width: 300px) 100vw, 300px\" \/><\/a><p id=\"caption-attachment-9060\" class=\"wp-caption-text\">Wieder ausreichend Wasser f\u00fcr Fr\u00f6sche, Molche und Kr\u00f6ten.<\/p><\/div>\n<p>In der Gemeinde Sch\u00f6nermark hat die GR\u00dcNE LIGA Oberhavel e.V. das verlandete Feldsoll \u201eSchafsw\u00e4sche&#8220; westlich von Gransee wiederhergestellt. Das 5.000 Quadratmeter gro\u00dfe Naturdenkmal f\u00fchrt nun Wasser und ist damit wieder zu einem attraktiven Lebensraum geworden. F\u00fcr diese Artenschutzma\u00dfnahme hatte die Stiftung NaturSchutzFonds Brandenburg F\u00f6rdermittel in H\u00f6he von rund 100.000 Euro bereitgestellt.<\/p>\n<p>Laub- und N\u00e4hrstoffeintr\u00e4ge aus der ackerbaulich genutzten Umgebung sowie die klimatischen Ver\u00e4nderungen wie etwa zur\u00fcckgehende Niederschl\u00e4ge hatten das Gew\u00e4sser weitgehend verlanden lassen. Seinen Wert als Lebensraum und Laichgew\u00e4sser f\u00fcr seltene und bedrohte Amphibien wie zum Beispiel f\u00fcr Knoblauchkr\u00f6te, Kammmolch oder Moorfrosch hat sich deutlich verschlechtert. Der Verlust solcher Lebensr\u00e4ume ist heutzutage die Hauptgef\u00e4hrdungsursache f\u00fcr die heimische Amphibienwelt.<\/p>\n<p>Um die Situation vor Ort zu verbessern, hat die GR\u00dcNE LIGA Oberhavel in ihrem Artenschutzprojekt das Kleingew\u00e4sser entschlammen lassen. Jetzt erf\u00fcllt das Feldsoll \u201eSchafsw\u00e4sche&#8220; wieder seine urspr\u00fcnglichen Lebensraumfunktionen f\u00fcr Kr\u00f6ten, Fr\u00f6sche und Molche.<\/p>\n<p>Daf\u00fcr wurden zudem Geh\u00f6lze am S\u00fcdufer entnommen, um die Erw\u00e4rmung des Gew\u00e4ssers und dadurch die Larvenentwicklung zu f\u00f6rdern. Mit dem Schnittgut wurden Totholzhaufen und eine Benjeshecke angelegt. Diese bieten den Amphibien Schutz an Land und neue Lebensr\u00e4ume f\u00fcr Reptilien, V\u00f6gel und Kleins\u00e4uger.<\/p>\n<p>Die Natursch\u00fctzer aus Oberhavel hoffen dar\u00fcber hinaus, dass die j\u00e4hrliche Kr\u00f6tenwanderung \u00fcber die Landstra\u00dfe 222 in ein ebenfalls verlandetes Kleingew\u00e4sser somit k\u00fcnftig entf\u00e4llt und sich die Tiere in der \u201eSchafsw\u00e4sche&#8220; sammeln. Die GR\u00dcNE LIGA betreut hier seit 19 Jahren einen mobilen Amphibienschutzzaun.<\/p>\n<div id=\"attachment_9059\" style=\"width: 310px\" class=\"wp-caption aligncenter\"><a href=\"https:\/\/www.naturparkmagazin.de\/stechlin\/wp-content\/uploads\/sites\/38\/Knoblauchkroete_JMueller.jpg\"><img aria-describedby=\"caption-attachment-9059\" decoding=\"async\" loading=\"lazy\" class=\"wp-image-9059 size-thumbnail\" src=\"https:\/\/www.naturparkmagazin.de\/stechlin\/wp-content\/uploads\/sites\/38\/Knoblauchkroete_JMueller-300x180.jpg\" alt=\"NP SRL\/Johannes M\u00fcller\" width=\"300\" height=\"180\" srcset=\"https:\/\/www.naturparkmagazin.de\/stechlin\/wp-content\/uploads\/sites\/38\/Knoblauchkroete_JMueller-300x180.jpg 300w, https:\/\/www.naturparkmagazin.de\/stechlin\/wp-content\/uploads\/sites\/38\/Knoblauchkroete_JMueller.jpg 500w, https:\/\/www.naturparkmagazin.de\/stechlin\/wp-content\/uploads\/sites\/38\/Knoblauchkroete_JMueller-200x120.jpg 200w\" sizes=\"(max-width: 300px) 100vw, 300px\" \/><\/a><p id=\"caption-attachment-9059\" class=\"wp-caption-text\">Diese Knoblauchkr\u00f6ten profitieren von der Gew\u00e4ssersanierung.<\/p><\/div>\n<p>Im Mai hatte der Stiftungsrat des NaturSchutzFonds Brandenburg die Gelder, die aus Ersatzzahlungen f\u00fcr Beeintr\u00e4chtigungen durch Eingriffe in Natur und Landschaft stammen, bewilligt.<\/p>\n<p>Der Name \u201eSchafsw\u00e4sche&#8220; ist \u00fcbrigens ein historischer Flurname und hat den Ursprung, dass zur damaligen Zeit die Landwirte, die ihre Tiere in der freien Landschaft hielten, die Wolle der geschorenen Schafe in S\u00f6llen und Weihern wuschen.<\/p>\n<p>&nbsp;<\/p>\n","protected":false},"excerpt":{"rendered":"<p> In der Gemeinde Sch\u00f6nermark westlich von Gransee hat die GR\u00dcNE LIGA Oberhavel e.V. das verlandete Feldsoll \u201eSchafsw\u00e4sche&#8220; mit Unterst\u00fctzung des NaturSchutzFonds Brandenburg wiederhergestellt.<\/p>\n","protected":false},"author":39,"featured_media":9061,"comment_status":"open","ping_status":"open","sticky":false,"template":"","format":"standard","meta":[],"categories":[7],"tags":[],"yoast_head":"<!-- This site is optimized with the Yoast SEO plugin v19.10 - https:\/\/yoast.com\/wordpress\/plugins\/seo\/ -->\n<title>\u201eSchafsw\u00e4sche\u201c ist wieder nass \u2013 Naturdenkmal gerettet - Naturpark Stechlin-Ruppiner Land<\/title>\n<meta name=\"robots\" content=\"index, follow, max-snippet:-1, max-image-preview:large, max-video-preview:-1\" \/>\n<link rel=\"canonical\" href=\"https:\/\/www.naturparkmagazin.de\/stechlin\/schafswaesche-ist-wieder-nass-naturdenkmal-gerettet\/\" \/>\n<meta property=\"og:locale\" content=\"de_DE\" \/>\n<meta property=\"og:type\" content=\"article\" \/>\n<meta property=\"og:title\" content=\"\u201eSchafsw\u00e4sche\u201c ist wieder nass \u2013 Naturdenkmal gerettet - Naturpark Stechlin-Ruppiner Land\" \/>\n<meta property=\"og:description\" content=\"In der Gemeinde Sch\u00f6nermark westlich von Gransee hat die GR\u00dcNE LIGA Oberhavel e.V. das verlandete Feldsoll \u201eSchafsw\u00e4sche&quot; mit Unterst\u00fctzung des NaturSchutzFonds Brandenburg wiederhergestellt.\" \/>\n<meta property=\"og:url\" content=\"https:\/\/www.naturparkmagazin.de\/stechlin\/schafswaesche-ist-wieder-nass-naturdenkmal-gerettet\/\" \/>\n<meta property=\"og:site_name\" content=\"Naturpark Stechlin-Ruppiner Land\" \/>\n<meta property=\"article:published_time\" content=\"2019-12-11T13:49:21+00:00\" \/>\n<meta property=\"article:modified_time\" content=\"2019-12-17T09:28:06+00:00\" \/>\n<meta property=\"og:image\" content=\"https:\/\/www.naturparkmagazin.de\/stechlin\/wp-content\/uploads\/sites\/38\/Soll_Schafswaesche_fertig_HWiesing1.jpg\" \/>\n\t<meta property=\"og:image:width\" content=\"200\" \/>\n\t<meta property=\"og:image:height\" content=\"200\" \/>\n\t<meta property=\"og:image:type\" content=\"image\/jpeg\" \/>\n<meta name=\"author\" content=\"marioschrumpf\" \/>\n<meta name=\"twitter:label1\" content=\"Verfasst von\" \/>\n\t<meta name=\"twitter:data1\" content=\"marioschrumpf\" \/>\n\t<meta name=\"twitter:label2\" content=\"Gesch\u00e4tzte Lesezeit\" \/>\n\t<meta name=\"twitter:data2\" content=\"2\u00a0Minuten\" \/>\n<script type=\"application\/ld+json\" class=\"yoast-schema-graph\">{\"@context\":\"https:\/\/schema.org\",\"@graph\":[{\"@type\":\"WebPage\",\"@id\":\"https:\/\/www.naturparkmagazin.de\/stechlin\/schafswaesche-ist-wieder-nass-naturdenkmal-gerettet\/\",\"url\":\"https:\/\/www.naturparkmagazin.de\/stechlin\/schafswaesche-ist-wieder-nass-naturdenkmal-gerettet\/\",\"name\":\"\u201eSchafsw\u00e4sche\u201c ist wieder nass \u2013 Naturdenkmal gerettet - Naturpark Stechlin-Ruppiner Land\",\"isPartOf\":{\"@id\":\"https:\/\/www.naturparkmagazin.de\/stechlin\/#website\"},\"datePublished\":\"2019-12-11T13:49:21+00:00\",\"dateModified\":\"2019-12-17T09:28:06+00:00\",\"author\":{\"@id\":\"https:\/\/www.naturparkmagazin.de\/stechlin\/#\/schema\/person\/3f0d93203df21c806dd63c76d9bb28bc\"},\"breadcrumb\":{\"@id\":\"https:\/\/www.naturparkmagazin.de\/stechlin\/schafswaesche-ist-wieder-nass-naturdenkmal-gerettet\/#breadcrumb\"},\"inLanguage\":\"de\",\"potentialAction\":[{\"@type\":\"ReadAction\",\"target\":[\"https:\/\/www.naturparkmagazin.de\/stechlin\/schafswaesche-ist-wieder-nass-naturdenkmal-gerettet\/\"]}]},{\"@type\":\"BreadcrumbList\",\"@id\":\"https:\/\/www.naturparkmagazin.de\/stechlin\/schafswaesche-ist-wieder-nass-naturdenkmal-gerettet\/#breadcrumb\",\"itemListElement\":[{\"@type\":\"ListItem\",\"position\":1,\"name\":\"Home\",\"item\":\"https:\/\/www.naturparkmagazin.de\/stechlin\/\"},{\"@type\":\"ListItem\",\"position\":2,\"name\":\"\u201eSchafsw\u00e4sche\u201c ist wieder nass \u2013 Naturdenkmal gerettet\"}]},{\"@type\":\"WebSite\",\"@id\":\"https:\/\/www.naturparkmagazin.de\/stechlin\/#website\",\"url\":\"https:\/\/www.naturparkmagazin.de\/stechlin\/\",\"name\":\"Naturpark Stechlin-Ruppiner Land\",\"description\":\"\",\"potentialAction\":[{\"@type\":\"SearchAction\",\"target\":{\"@type\":\"EntryPoint\",\"urlTemplate\":\"https:\/\/www.naturparkmagazin.de\/stechlin\/?s={search_term_string}\"},\"query-input\":\"required name=search_term_string\"}],\"inLanguage\":\"de\"},{\"@type\":\"Person\",\"@id\":\"https:\/\/www.naturparkmagazin.de\/stechlin\/#\/schema\/person\/3f0d93203df21c806dd63c76d9bb28bc\",\"name\":\"marioschrumpf\",\"url\":\"https:\/\/www.naturparkmagazin.de\/stechlin\/author\/marioschrumpf\/\"}]}<\/script>\n<!-- \/ Yoast SEO plugin. -->","yoast_head_json":{"title":"\u201eSchafsw\u00e4sche\u201c ist wieder nass \u2013 Naturdenkmal gerettet - Naturpark Stechlin-Ruppiner Land","robots":{"index":"index","follow":"follow","max-snippet":"max-snippet:-1","max-image-preview":"max-image-preview:large","max-video-preview":"max-video-preview:-1"},"canonical":"https:\/\/www.naturparkmagazin.de\/stechlin\/schafswaesche-ist-wieder-nass-naturdenkmal-gerettet\/","og_locale":"de_DE","og_type":"article","og_title":"\u201eSchafsw\u00e4sche\u201c ist wieder nass \u2013 Naturdenkmal gerettet - Naturpark Stechlin-Ruppiner Land","og_description":"In der Gemeinde Sch\u00f6nermark westlich von Gransee hat die GR\u00dcNE LIGA Oberhavel e.V. das verlandete Feldsoll \u201eSchafsw\u00e4sche\" mit Unterst\u00fctzung des NaturSchutzFonds Brandenburg wiederhergestellt.","og_url":"https:\/\/www.naturparkmagazin.de\/stechlin\/schafswaesche-ist-wieder-nass-naturdenkmal-gerettet\/","og_site_name":"Naturpark Stechlin-Ruppiner Land","article_published_time":"2019-12-11T13:49:21+00:00","article_modified_time":"2019-12-17T09:28:06+00:00","og_image":[{"width":200,"height":200,"url":"https:\/\/www.naturparkmagazin.de\/stechlin\/wp-content\/uploads\/sites\/38\/Soll_Schafswaesche_fertig_HWiesing1.jpg","type":"image\/jpeg"}],"author":"marioschrumpf","twitter_misc":{"Verfasst von":"marioschrumpf","Gesch\u00e4tzte Lesezeit":"2\u00a0Minuten"},"schema":{"@context":"https:\/\/schema.org","@graph":[{"@type":"WebPage","@id":"https:\/\/www.naturparkmagazin.de\/stechlin\/schafswaesche-ist-wieder-nass-naturdenkmal-gerettet\/","url":"https:\/\/www.naturparkmagazin.de\/stechlin\/schafswaesche-ist-wieder-nass-naturdenkmal-gerettet\/","name":"\u201eSchafsw\u00e4sche\u201c ist wieder nass \u2013 Naturdenkmal gerettet - Naturpark Stechlin-Ruppiner Land","isPartOf":{"@id":"https:\/\/www.naturparkmagazin.de\/stechlin\/#website"},"datePublished":"2019-12-11T13:49:21+00:00","dateModified":"2019-12-17T09:28:06+00:00","author":{"@id":"https:\/\/www.naturparkmagazin.de\/stechlin\/#\/schema\/person\/3f0d93203df21c806dd63c76d9bb28bc"},"breadcrumb":{"@id":"https:\/\/www.naturparkmagazin.de\/stechlin\/schafswaesche-ist-wieder-nass-naturdenkmal-gerettet\/#breadcrumb"},"inLanguage":"de","potentialAction":[{"@type":"ReadAction","target":["https:\/\/www.naturparkmagazin.de\/stechlin\/schafswaesche-ist-wieder-nass-naturdenkmal-gerettet\/"]}]},{"@type":"BreadcrumbList","@id":"https:\/\/www.naturparkmagazin.de\/stechlin\/schafswaesche-ist-wieder-nass-naturdenkmal-gerettet\/#breadcrumb","itemListElement":[{"@type":"ListItem","position":1,"name":"Home","item":"https:\/\/www.naturparkmagazin.de\/stechlin\/"},{"@type":"ListItem","position":2,"name":"\u201eSchafsw\u00e4sche\u201c ist wieder nass \u2013 Naturdenkmal gerettet"}]},{"@type":"WebSite","@id":"https:\/\/www.naturparkmagazin.de\/stechlin\/#website","url":"https:\/\/www.naturparkmagazin.de\/stechlin\/","name":"Naturpark Stechlin-Ruppiner Land","description":"","potentialAction":[{"@type":"SearchAction","target":{"@type":"EntryPoint","urlTemplate":"https:\/\/www.naturparkmagazin.de\/stechlin\/?s={search_term_string}"},"query-input":"required name=search_term_string"}],"inLanguage":"de"},{"@type":"Person","@id":"https:\/\/www.naturparkmagazin.de\/stechlin\/#\/schema\/person\/3f0d93203df21c806dd63c76d9bb28bc","name":"marioschrumpf","url":"https:\/\/www.naturparkmagazin.de\/stechlin\/author\/marioschrumpf\/"}]}},"_links":{"self":[{"href":"https:\/\/www.naturparkmagazin.de\/stechlin\/wp-json\/wp\/v2\/posts\/9058"}],"collection":[{"href":"https:\/\/www.naturparkmagazin.de\/stechlin\/wp-json\/wp\/v2\/posts"}],"about":[{"href":"https:\/\/www.naturparkmagazin.de\/stechlin\/wp-json\/wp\/v2\/types\/post"}],"author":[{"embeddable":true,"href":"https:\/\/www.naturparkmagazin.de\/stechlin\/wp-json\/wp\/v2\/users\/39"}],"replies":[{"embeddable":true,"href":"https:\/\/www.naturparkmagazin.de\/stechlin\/wp-json\/wp\/v2\/comments?post=9058"}],"version-history":[{"count":5,"href":"https:\/\/www.naturparkmagazin.de\/stechlin\/wp-json\/wp\/v2\/posts\/9058\/revisions"}],"predecessor-version":[{"id":9066,"href":"https:\/\/www.naturparkmagazin.de\/stechlin\/wp-json\/wp\/v2\/posts\/9058\/revisions\/9066"}],"wp:featuredmedia":[{"embeddable":true,"href":"https:\/\/www.naturparkmagazin.de\/stechlin\/wp-json\/wp\/v2\/media\/9061"}],"wp:attachment":[{"href":"https:\/\/www.naturparkmagazin.de\/stechlin\/wp-json\/wp\/v2\/media?parent=9058"}],"wp:term":[{"taxonomy":"category","embeddable":true,"href":"https:\/\/www.naturparkmagazin.de\/stechlin\/wp-json\/wp\/v2\/categories?post=9058"},{"taxonomy":"post_tag","embeddable":true,"href":"https:\/\/www.naturparkmagazin.de\/stechlin\/wp-json\/wp\/v2\/tags?post=9058"}],"curies":[{"name":"wp","href":"https:\/\/api.w.org\/{rel}","templated":true}]}}