{"id":9063,"date":"2019-12-11T15:50:22","date_gmt":"2019-12-11T14:50:22","guid":{"rendered":"https:\/\/www.naturparkmagazin.de\/stechlin\/?p=9063"},"modified":"2019-12-17T14:30:33","modified_gmt":"2019-12-17T13:30:33","slug":"save-the-date-14-kleiner-naturschutztag-am-20-februar-2020","status":"publish","type":"post","link":"https:\/\/www.naturparkmagazin.de\/stechlin\/save-the-date-14-kleiner-naturschutztag-am-20-februar-2020\/","title":{"rendered":"Save the date: 14. Kleiner Naturschutztag am 20. Februar 2020"},"content":{"rendered":"<div id=\"attachment_9095\" style=\"width: 310px\" class=\"wp-caption aligncenter\"><a href=\"https:\/\/www.naturparkmagazin.de\/stechlin\/wp-content\/uploads\/sites\/38\/NST-2020_27.jpg\"><img aria-describedby=\"caption-attachment-9095\" decoding=\"async\" loading=\"lazy\" class=\"size-thumbnail wp-image-9095\" src=\"https:\/\/www.naturparkmagazin.de\/stechlin\/wp-content\/uploads\/sites\/38\/NST-2020_27-300x180.jpg\" alt=\"Bis auf den letzten Platz war der Saal zum 13. Kleinen Naturschutztag 2019 besetzt.\" width=\"300\" height=\"180\" srcset=\"https:\/\/www.naturparkmagazin.de\/stechlin\/wp-content\/uploads\/sites\/38\/NST-2020_27-300x180.jpg 300w, https:\/\/www.naturparkmagazin.de\/stechlin\/wp-content\/uploads\/sites\/38\/NST-2020_27.jpg 500w, https:\/\/www.naturparkmagazin.de\/stechlin\/wp-content\/uploads\/sites\/38\/NST-2020_27-200x120.jpg 200w\" sizes=\"(max-width: 300px) 100vw, 300px\" \/><\/a><p id=\"caption-attachment-9095\" class=\"wp-caption-text\">Bis auf den letzten Platz war der Saal zum 13. Kleinen Naturschutztag 2019 besetzt.<\/p><\/div>\n<p>Die traditionelle Jahrestagung des Naturparks findet erstmals im Stechlinsee-Center in Neuglobsow statt. Der seit 13 Jahren genutzte Saal in der Regionalwerkstatt Stechlin in Menz reichte in 2019 erstmalig nicht\u00a0aus, um alle G\u00e4ste, die gern kommen wollten, zu fassen. Damit in 2020 nicht wieder Absagen verschickt werden m\u00fcssen, zieht die Veranstaltung in den gr\u00f6\u00dferen Saal im Stechlinsee-Center um.<\/p>\n<div id=\"attachment_9094\" style=\"width: 310px\" class=\"wp-caption aligncenter\"><a href=\"https:\/\/www.naturparkmagazin.de\/stechlin\/wp-content\/uploads\/sites\/38\/NST-2020_33.jpg\"><img aria-describedby=\"caption-attachment-9094\" decoding=\"async\" loading=\"lazy\" class=\"size-thumbnail wp-image-9094\" src=\"https:\/\/www.naturparkmagazin.de\/stechlin\/wp-content\/uploads\/sites\/38\/NST-2020_33-300x180.jpg\" alt=\"Vorstellung des Lanschaftspflegeverbandes.\" width=\"300\" height=\"180\" srcset=\"https:\/\/www.naturparkmagazin.de\/stechlin\/wp-content\/uploads\/sites\/38\/NST-2020_33-300x180.jpg 300w, https:\/\/www.naturparkmagazin.de\/stechlin\/wp-content\/uploads\/sites\/38\/NST-2020_33.jpg 500w, https:\/\/www.naturparkmagazin.de\/stechlin\/wp-content\/uploads\/sites\/38\/NST-2020_33-200x120.jpg 200w\" sizes=\"(max-width: 300px) 100vw, 300px\" \/><\/a><p id=\"caption-attachment-9094\" class=\"wp-caption-text\">Vorstellung des Landschaftspflegeverbandes.<\/p><\/div>\n<p><strong>Wer teilnehmen m\u00f6chte, sollte sich den Termin schon ganz dick im Kalender anstreichen.<\/strong> Das flei\u00dfige Orga-Team arbeitet schon einem interessanten Programm, das in K\u00fcrze im Internet ver\u00f6ffentlicht wird. Anmeldungen sind ab Januar bei Silke Oldorff (Tel. 033082\/40717; E-Mail: Silke.Oldorff@LfU.Brandenburg.de) m\u00f6glich.<\/p>\n<div id=\"attachment_9093\" style=\"width: 310px\" class=\"wp-caption aligncenter\"><a href=\"https:\/\/www.naturparkmagazin.de\/stechlin\/wp-content\/uploads\/sites\/38\/NST-2020_366.jpg\"><img aria-describedby=\"caption-attachment-9093\" decoding=\"async\" loading=\"lazy\" class=\"size-thumbnail wp-image-9093\" src=\"https:\/\/www.naturparkmagazin.de\/stechlin\/wp-content\/uploads\/sites\/38\/NST-2020_366-300x180.jpg\" alt=\"Verkostung regionaler Produkte.\" width=\"300\" height=\"180\" srcset=\"https:\/\/www.naturparkmagazin.de\/stechlin\/wp-content\/uploads\/sites\/38\/NST-2020_366-300x180.jpg 300w, https:\/\/www.naturparkmagazin.de\/stechlin\/wp-content\/uploads\/sites\/38\/NST-2020_366.jpg 500w, https:\/\/www.naturparkmagazin.de\/stechlin\/wp-content\/uploads\/sites\/38\/NST-2020_366-200x120.jpg 200w\" sizes=\"(max-width: 300px) 100vw, 300px\" \/><\/a><p id=\"caption-attachment-9093\" class=\"wp-caption-text\">Verkostung regionaler Produkte.<\/p><\/div>\n","protected":false},"excerpt":{"rendered":"<p>Die traditionelle Jahrestagung des Naturparks findet erstmals im Stechlinsee-Center in Neuglobsow statt. <\/p>\n","protected":false},"author":39,"featured_media":9092,"comment_status":"open","ping_status":"open","sticky":false,"template":"","format":"standard","meta":[],"categories":[11],"tags":[],"yoast_head":"<!-- This site is optimized with the Yoast SEO plugin v19.10 - https:\/\/yoast.com\/wordpress\/plugins\/seo\/ -->\n<title>Save the date: 14. Kleiner Naturschutztag am 20. Februar 2020 - Naturpark Stechlin-Ruppiner Land<\/title>\n<meta name=\"robots\" content=\"index, follow, max-snippet:-1, max-image-preview:large, max-video-preview:-1\" \/>\n<link rel=\"canonical\" href=\"https:\/\/www.naturparkmagazin.de\/stechlin\/save-the-date-14-kleiner-naturschutztag-am-20-februar-2020\/\" \/>\n<meta property=\"og:locale\" content=\"de_DE\" \/>\n<meta property=\"og:type\" content=\"article\" \/>\n<meta property=\"og:title\" content=\"Save the date: 14. Kleiner Naturschutztag am 20. Februar 2020 - Naturpark Stechlin-Ruppiner Land\" \/>\n<meta property=\"og:description\" content=\"Die traditionelle Jahrestagung des Naturparks findet erstmals im Stechlinsee-Center in Neuglobsow statt.\" \/>\n<meta property=\"og:url\" content=\"https:\/\/www.naturparkmagazin.de\/stechlin\/save-the-date-14-kleiner-naturschutztag-am-20-februar-2020\/\" \/>\n<meta property=\"og:site_name\" content=\"Naturpark Stechlin-Ruppiner Land\" \/>\n<meta property=\"article:published_time\" content=\"2019-12-11T14:50:22+00:00\" \/>\n<meta property=\"article:modified_time\" content=\"2019-12-17T13:30:33+00:00\" \/>\n<meta property=\"og:image\" content=\"https:\/\/www.naturparkmagazin.de\/stechlin\/wp-content\/uploads\/sites\/38\/NST-2020_26.jpg\" \/>\n\t<meta property=\"og:image:width\" content=\"200\" \/>\n\t<meta property=\"og:image:height\" content=\"200\" \/>\n\t<meta property=\"og:image:type\" content=\"image\/jpeg\" \/>\n<meta name=\"author\" content=\"marioschrumpf\" \/>\n<meta name=\"twitter:label1\" content=\"Verfasst von\" \/>\n\t<meta name=\"twitter:data1\" content=\"marioschrumpf\" \/>\n\t<meta name=\"twitter:label2\" content=\"Gesch\u00e4tzte Lesezeit\" \/>\n\t<meta name=\"twitter:data2\" content=\"1\u00a0Minute\" \/>\n<script type=\"application\/ld+json\" class=\"yoast-schema-graph\">{\"@context\":\"https:\/\/schema.org\",\"@graph\":[{\"@type\":\"WebPage\",\"@id\":\"https:\/\/www.naturparkmagazin.de\/stechlin\/save-the-date-14-kleiner-naturschutztag-am-20-februar-2020\/\",\"url\":\"https:\/\/www.naturparkmagazin.de\/stechlin\/save-the-date-14-kleiner-naturschutztag-am-20-februar-2020\/\",\"name\":\"Save the date: 14. Kleiner Naturschutztag am 20. Februar 2020 - Naturpark Stechlin-Ruppiner Land\",\"isPartOf\":{\"@id\":\"https:\/\/www.naturparkmagazin.de\/stechlin\/#website\"},\"datePublished\":\"2019-12-11T14:50:22+00:00\",\"dateModified\":\"2019-12-17T13:30:33+00:00\",\"author\":{\"@id\":\"https:\/\/www.naturparkmagazin.de\/stechlin\/#\/schema\/person\/3f0d93203df21c806dd63c76d9bb28bc\"},\"breadcrumb\":{\"@id\":\"https:\/\/www.naturparkmagazin.de\/stechlin\/save-the-date-14-kleiner-naturschutztag-am-20-februar-2020\/#breadcrumb\"},\"inLanguage\":\"de\",\"potentialAction\":[{\"@type\":\"ReadAction\",\"target\":[\"https:\/\/www.naturparkmagazin.de\/stechlin\/save-the-date-14-kleiner-naturschutztag-am-20-februar-2020\/\"]}]},{\"@type\":\"BreadcrumbList\",\"@id\":\"https:\/\/www.naturparkmagazin.de\/stechlin\/save-the-date-14-kleiner-naturschutztag-am-20-februar-2020\/#breadcrumb\",\"itemListElement\":[{\"@type\":\"ListItem\",\"position\":1,\"name\":\"Home\",\"item\":\"https:\/\/www.naturparkmagazin.de\/stechlin\/\"},{\"@type\":\"ListItem\",\"position\":2,\"name\":\"Save the date: 14. Kleiner Naturschutztag am 20. Februar 2020\"}]},{\"@type\":\"WebSite\",\"@id\":\"https:\/\/www.naturparkmagazin.de\/stechlin\/#website\",\"url\":\"https:\/\/www.naturparkmagazin.de\/stechlin\/\",\"name\":\"Naturpark Stechlin-Ruppiner Land\",\"description\":\"\",\"potentialAction\":[{\"@type\":\"SearchAction\",\"target\":{\"@type\":\"EntryPoint\",\"urlTemplate\":\"https:\/\/www.naturparkmagazin.de\/stechlin\/?s={search_term_string}\"},\"query-input\":\"required name=search_term_string\"}],\"inLanguage\":\"de\"},{\"@type\":\"Person\",\"@id\":\"https:\/\/www.naturparkmagazin.de\/stechlin\/#\/schema\/person\/3f0d93203df21c806dd63c76d9bb28bc\",\"name\":\"marioschrumpf\",\"url\":\"https:\/\/www.naturparkmagazin.de\/stechlin\/author\/marioschrumpf\/\"}]}<\/script>\n<!-- \/ Yoast SEO plugin. -->","yoast_head_json":{"title":"Save the date: 14. Kleiner Naturschutztag am 20. Februar 2020 - Naturpark Stechlin-Ruppiner Land","robots":{"index":"index","follow":"follow","max-snippet":"max-snippet:-1","max-image-preview":"max-image-preview:large","max-video-preview":"max-video-preview:-1"},"canonical":"https:\/\/www.naturparkmagazin.de\/stechlin\/save-the-date-14-kleiner-naturschutztag-am-20-februar-2020\/","og_locale":"de_DE","og_type":"article","og_title":"Save the date: 14. Kleiner Naturschutztag am 20. Februar 2020 - Naturpark Stechlin-Ruppiner Land","og_description":"Die traditionelle Jahrestagung des Naturparks findet erstmals im Stechlinsee-Center in Neuglobsow statt.","og_url":"https:\/\/www.naturparkmagazin.de\/stechlin\/save-the-date-14-kleiner-naturschutztag-am-20-februar-2020\/","og_site_name":"Naturpark Stechlin-Ruppiner Land","article_published_time":"2019-12-11T14:50:22+00:00","article_modified_time":"2019-12-17T13:30:33+00:00","og_image":[{"width":200,"height":200,"url":"https:\/\/www.naturparkmagazin.de\/stechlin\/wp-content\/uploads\/sites\/38\/NST-2020_26.jpg","type":"image\/jpeg"}],"author":"marioschrumpf","twitter_misc":{"Verfasst von":"marioschrumpf","Gesch\u00e4tzte Lesezeit":"1\u00a0Minute"},"schema":{"@context":"https:\/\/schema.org","@graph":[{"@type":"WebPage","@id":"https:\/\/www.naturparkmagazin.de\/stechlin\/save-the-date-14-kleiner-naturschutztag-am-20-februar-2020\/","url":"https:\/\/www.naturparkmagazin.de\/stechlin\/save-the-date-14-kleiner-naturschutztag-am-20-februar-2020\/","name":"Save the date: 14. Kleiner Naturschutztag am 20. Februar 2020 - Naturpark Stechlin-Ruppiner Land","isPartOf":{"@id":"https:\/\/www.naturparkmagazin.de\/stechlin\/#website"},"datePublished":"2019-12-11T14:50:22+00:00","dateModified":"2019-12-17T13:30:33+00:00","author":{"@id":"https:\/\/www.naturparkmagazin.de\/stechlin\/#\/schema\/person\/3f0d93203df21c806dd63c76d9bb28bc"},"breadcrumb":{"@id":"https:\/\/www.naturparkmagazin.de\/stechlin\/save-the-date-14-kleiner-naturschutztag-am-20-februar-2020\/#breadcrumb"},"inLanguage":"de","potentialAction":[{"@type":"ReadAction","target":["https:\/\/www.naturparkmagazin.de\/stechlin\/save-the-date-14-kleiner-naturschutztag-am-20-februar-2020\/"]}]},{"@type":"BreadcrumbList","@id":"https:\/\/www.naturparkmagazin.de\/stechlin\/save-the-date-14-kleiner-naturschutztag-am-20-februar-2020\/#breadcrumb","itemListElement":[{"@type":"ListItem","position":1,"name":"Home","item":"https:\/\/www.naturparkmagazin.de\/stechlin\/"},{"@type":"ListItem","position":2,"name":"Save the date: 14. Kleiner Naturschutztag am 20. Februar 2020"}]},{"@type":"WebSite","@id":"https:\/\/www.naturparkmagazin.de\/stechlin\/#website","url":"https:\/\/www.naturparkmagazin.de\/stechlin\/","name":"Naturpark Stechlin-Ruppiner Land","description":"","potentialAction":[{"@type":"SearchAction","target":{"@type":"EntryPoint","urlTemplate":"https:\/\/www.naturparkmagazin.de\/stechlin\/?s={search_term_string}"},"query-input":"required name=search_term_string"}],"inLanguage":"de"},{"@type":"Person","@id":"https:\/\/www.naturparkmagazin.de\/stechlin\/#\/schema\/person\/3f0d93203df21c806dd63c76d9bb28bc","name":"marioschrumpf","url":"https:\/\/www.naturparkmagazin.de\/stechlin\/author\/marioschrumpf\/"}]}},"_links":{"self":[{"href":"https:\/\/www.naturparkmagazin.de\/stechlin\/wp-json\/wp\/v2\/posts\/9063"}],"collection":[{"href":"https:\/\/www.naturparkmagazin.de\/stechlin\/wp-json\/wp\/v2\/posts"}],"about":[{"href":"https:\/\/www.naturparkmagazin.de\/stechlin\/wp-json\/wp\/v2\/types\/post"}],"author":[{"embeddable":true,"href":"https:\/\/www.naturparkmagazin.de\/stechlin\/wp-json\/wp\/v2\/users\/39"}],"replies":[{"embeddable":true,"href":"https:\/\/www.naturparkmagazin.de\/stechlin\/wp-json\/wp\/v2\/comments?post=9063"}],"version-history":[{"count":4,"href":"https:\/\/www.naturparkmagazin.de\/stechlin\/wp-json\/wp\/v2\/posts\/9063\/revisions"}],"predecessor-version":[{"id":9096,"href":"https:\/\/www.naturparkmagazin.de\/stechlin\/wp-json\/wp\/v2\/posts\/9063\/revisions\/9096"}],"wp:featuredmedia":[{"embeddable":true,"href":"https:\/\/www.naturparkmagazin.de\/stechlin\/wp-json\/wp\/v2\/media\/9092"}],"wp:attachment":[{"href":"https:\/\/www.naturparkmagazin.de\/stechlin\/wp-json\/wp\/v2\/media?parent=9063"}],"wp:term":[{"taxonomy":"category","embeddable":true,"href":"https:\/\/www.naturparkmagazin.de\/stechlin\/wp-json\/wp\/v2\/categories?post=9063"},{"taxonomy":"post_tag","embeddable":true,"href":"https:\/\/www.naturparkmagazin.de\/stechlin\/wp-json\/wp\/v2\/tags?post=9063"}],"curies":[{"name":"wp","href":"https:\/\/api.w.org\/{rel}","templated":true}]}}