{"id":9075,"date":"2019-12-16T17:20:04","date_gmt":"2019-12-16T16:20:04","guid":{"rendered":"https:\/\/www.naturparkmagazin.de\/stechlin\/?p=9075"},"modified":"2019-12-28T15:55:09","modified_gmt":"2019-12-28T14:55:09","slug":"liebe-leserinnen-und-leser-57","status":"publish","type":"post","link":"https:\/\/www.naturparkmagazin.de\/stechlin\/liebe-leserinnen-und-leser-57\/","title":{"rendered":"Liebe Leserinnen und Leser,"},"content":{"rendered":"<p>das neue Jahr ist noch jung. Angesichts der globalen Herausforderungen, wie Klimawandel, Agrarwende\u00a0und Verlust der Artenvielfalt stehen gro\u00dfe Aufgaben vor uns. Doch ich bin optimistisch. Machen doch die Fridays-for-future-Bewegung und der gesamtgesellschaftliche Bewusstseinswandel mit der Forderung hin zu einer nachhaltigeren Lebensweise Mut.<\/p>\n<p>Nur gemeinsam k\u00f6nnen wir die Probleme l\u00f6sen! Werden Sie Teil unseres Naturparknetzwerkes und helfen Sie mit! Es gibt viele M\u00f6glichkeiten sich zu engagieren. Egal ob als Mitglied unseres F\u00f6rdervereins, Freiwilliger der Naturwacht oder in anderer Form.<\/p>\n<p>Ich w\u00fcnsche Ihnen einen erfolgreichen Start in das neue Jahr 2020! Vor allem Gesundheit und Kraft, dass anzupacken, was Ihnen wichtig ist!<\/p>\n<p>&nbsp;<\/p>\n<p>Viel Spa\u00df beim Lesen!<\/p>\n<p>Dr. Mario Schrumpf<\/p>\n<p>Naturparkleiter<\/p>\n","protected":false},"excerpt":{"rendered":"<p>das neue Jahr ist noch jung. Angesichts der globalen Herausforderungen, wie Klimawandel, Agrarwende\u00a0und Verlust der Artenvielfalt stehen gro\u00dfe Aufgaben vor uns. Doch ich bin optimistisch. Machen doch die Fridays-for-future-Bewegung und der gesamtgesellschaftliche Bewusstseinswandel mit der Forderung hin zu einer nachhaltigeren Lebensweise Mut. Nur gemeinsam k\u00f6nnen wir die Probleme l\u00f6sen! Werden Sie Teil unseres Naturparknetzwerkes und<\/p>\n","protected":false},"author":39,"featured_media":0,"comment_status":"open","ping_status":"open","sticky":false,"template":"","format":"standard","meta":[],"categories":[52],"tags":[],"yoast_head":"<!-- This site is optimized with the Yoast SEO plugin v19.10 - https:\/\/yoast.com\/wordpress\/plugins\/seo\/ -->\n<title>Liebe Leserinnen und Leser, - Naturpark Stechlin-Ruppiner Land<\/title>\n<meta name=\"robots\" content=\"index, follow, max-snippet:-1, max-image-preview:large, max-video-preview:-1\" \/>\n<link rel=\"canonical\" href=\"https:\/\/www.naturparkmagazin.de\/stechlin\/liebe-leserinnen-und-leser-57\/\" \/>\n<meta property=\"og:locale\" content=\"de_DE\" \/>\n<meta property=\"og:type\" content=\"article\" \/>\n<meta property=\"og:title\" content=\"Liebe Leserinnen und Leser, - Naturpark Stechlin-Ruppiner Land\" \/>\n<meta property=\"og:description\" content=\"das neue Jahr ist noch jung. Angesichts der globalen Herausforderungen, wie Klimawandel, Agrarwende\u00a0und Verlust der Artenvielfalt stehen gro\u00dfe Aufgaben vor uns. Doch ich bin optimistisch. Machen doch die Fridays-for-future-Bewegung und der gesamtgesellschaftliche Bewusstseinswandel mit der Forderung hin zu einer nachhaltigeren Lebensweise Mut. Nur gemeinsam k\u00f6nnen wir die Probleme l\u00f6sen! Werden Sie Teil unseres Naturparknetzwerkes und\" \/>\n<meta property=\"og:url\" content=\"https:\/\/www.naturparkmagazin.de\/stechlin\/liebe-leserinnen-und-leser-57\/\" \/>\n<meta property=\"og:site_name\" content=\"Naturpark Stechlin-Ruppiner Land\" \/>\n<meta property=\"article:published_time\" content=\"2019-12-16T16:20:04+00:00\" \/>\n<meta property=\"article:modified_time\" content=\"2019-12-28T14:55:09+00:00\" \/>\n<meta name=\"author\" content=\"marioschrumpf\" \/>\n<meta name=\"twitter:label1\" content=\"Verfasst von\" \/>\n\t<meta name=\"twitter:data1\" content=\"marioschrumpf\" \/>\n\t<meta name=\"twitter:label2\" content=\"Gesch\u00e4tzte Lesezeit\" \/>\n\t<meta name=\"twitter:data2\" content=\"1\u00a0Minute\" \/>\n<script type=\"application\/ld+json\" class=\"yoast-schema-graph\">{\"@context\":\"https:\/\/schema.org\",\"@graph\":[{\"@type\":\"WebPage\",\"@id\":\"https:\/\/www.naturparkmagazin.de\/stechlin\/liebe-leserinnen-und-leser-57\/\",\"url\":\"https:\/\/www.naturparkmagazin.de\/stechlin\/liebe-leserinnen-und-leser-57\/\",\"name\":\"Liebe Leserinnen und Leser, - Naturpark Stechlin-Ruppiner Land\",\"isPartOf\":{\"@id\":\"https:\/\/www.naturparkmagazin.de\/stechlin\/#website\"},\"datePublished\":\"2019-12-16T16:20:04+00:00\",\"dateModified\":\"2019-12-28T14:55:09+00:00\",\"author\":{\"@id\":\"https:\/\/www.naturparkmagazin.de\/stechlin\/#\/schema\/person\/3f0d93203df21c806dd63c76d9bb28bc\"},\"breadcrumb\":{\"@id\":\"https:\/\/www.naturparkmagazin.de\/stechlin\/liebe-leserinnen-und-leser-57\/#breadcrumb\"},\"inLanguage\":\"de\",\"potentialAction\":[{\"@type\":\"ReadAction\",\"target\":[\"https:\/\/www.naturparkmagazin.de\/stechlin\/liebe-leserinnen-und-leser-57\/\"]}]},{\"@type\":\"BreadcrumbList\",\"@id\":\"https:\/\/www.naturparkmagazin.de\/stechlin\/liebe-leserinnen-und-leser-57\/#breadcrumb\",\"itemListElement\":[{\"@type\":\"ListItem\",\"position\":1,\"name\":\"Home\",\"item\":\"https:\/\/www.naturparkmagazin.de\/stechlin\/\"},{\"@type\":\"ListItem\",\"position\":2,\"name\":\"Liebe Leserinnen und Leser,\"}]},{\"@type\":\"WebSite\",\"@id\":\"https:\/\/www.naturparkmagazin.de\/stechlin\/#website\",\"url\":\"https:\/\/www.naturparkmagazin.de\/stechlin\/\",\"name\":\"Naturpark Stechlin-Ruppiner Land\",\"description\":\"\",\"potentialAction\":[{\"@type\":\"SearchAction\",\"target\":{\"@type\":\"EntryPoint\",\"urlTemplate\":\"https:\/\/www.naturparkmagazin.de\/stechlin\/?s={search_term_string}\"},\"query-input\":\"required name=search_term_string\"}],\"inLanguage\":\"de\"},{\"@type\":\"Person\",\"@id\":\"https:\/\/www.naturparkmagazin.de\/stechlin\/#\/schema\/person\/3f0d93203df21c806dd63c76d9bb28bc\",\"name\":\"marioschrumpf\",\"url\":\"https:\/\/www.naturparkmagazin.de\/stechlin\/author\/marioschrumpf\/\"}]}<\/script>\n<!-- \/ Yoast SEO plugin. -->","yoast_head_json":{"title":"Liebe Leserinnen und Leser, - Naturpark Stechlin-Ruppiner Land","robots":{"index":"index","follow":"follow","max-snippet":"max-snippet:-1","max-image-preview":"max-image-preview:large","max-video-preview":"max-video-preview:-1"},"canonical":"https:\/\/www.naturparkmagazin.de\/stechlin\/liebe-leserinnen-und-leser-57\/","og_locale":"de_DE","og_type":"article","og_title":"Liebe Leserinnen und Leser, - Naturpark Stechlin-Ruppiner Land","og_description":"das neue Jahr ist noch jung. Angesichts der globalen Herausforderungen, wie Klimawandel, Agrarwende\u00a0und Verlust der Artenvielfalt stehen gro\u00dfe Aufgaben vor uns. Doch ich bin optimistisch. Machen doch die Fridays-for-future-Bewegung und der gesamtgesellschaftliche Bewusstseinswandel mit der Forderung hin zu einer nachhaltigeren Lebensweise Mut. Nur gemeinsam k\u00f6nnen wir die Probleme l\u00f6sen! Werden Sie Teil unseres Naturparknetzwerkes und","og_url":"https:\/\/www.naturparkmagazin.de\/stechlin\/liebe-leserinnen-und-leser-57\/","og_site_name":"Naturpark Stechlin-Ruppiner Land","article_published_time":"2019-12-16T16:20:04+00:00","article_modified_time":"2019-12-28T14:55:09+00:00","author":"marioschrumpf","twitter_misc":{"Verfasst von":"marioschrumpf","Gesch\u00e4tzte Lesezeit":"1\u00a0Minute"},"schema":{"@context":"https:\/\/schema.org","@graph":[{"@type":"WebPage","@id":"https:\/\/www.naturparkmagazin.de\/stechlin\/liebe-leserinnen-und-leser-57\/","url":"https:\/\/www.naturparkmagazin.de\/stechlin\/liebe-leserinnen-und-leser-57\/","name":"Liebe Leserinnen und Leser, - Naturpark Stechlin-Ruppiner Land","isPartOf":{"@id":"https:\/\/www.naturparkmagazin.de\/stechlin\/#website"},"datePublished":"2019-12-16T16:20:04+00:00","dateModified":"2019-12-28T14:55:09+00:00","author":{"@id":"https:\/\/www.naturparkmagazin.de\/stechlin\/#\/schema\/person\/3f0d93203df21c806dd63c76d9bb28bc"},"breadcrumb":{"@id":"https:\/\/www.naturparkmagazin.de\/stechlin\/liebe-leserinnen-und-leser-57\/#breadcrumb"},"inLanguage":"de","potentialAction":[{"@type":"ReadAction","target":["https:\/\/www.naturparkmagazin.de\/stechlin\/liebe-leserinnen-und-leser-57\/"]}]},{"@type":"BreadcrumbList","@id":"https:\/\/www.naturparkmagazin.de\/stechlin\/liebe-leserinnen-und-leser-57\/#breadcrumb","itemListElement":[{"@type":"ListItem","position":1,"name":"Home","item":"https:\/\/www.naturparkmagazin.de\/stechlin\/"},{"@type":"ListItem","position":2,"name":"Liebe Leserinnen und Leser,"}]},{"@type":"WebSite","@id":"https:\/\/www.naturparkmagazin.de\/stechlin\/#website","url":"https:\/\/www.naturparkmagazin.de\/stechlin\/","name":"Naturpark Stechlin-Ruppiner Land","description":"","potentialAction":[{"@type":"SearchAction","target":{"@type":"EntryPoint","urlTemplate":"https:\/\/www.naturparkmagazin.de\/stechlin\/?s={search_term_string}"},"query-input":"required name=search_term_string"}],"inLanguage":"de"},{"@type":"Person","@id":"https:\/\/www.naturparkmagazin.de\/stechlin\/#\/schema\/person\/3f0d93203df21c806dd63c76d9bb28bc","name":"marioschrumpf","url":"https:\/\/www.naturparkmagazin.de\/stechlin\/author\/marioschrumpf\/"}]}},"_links":{"self":[{"href":"https:\/\/www.naturparkmagazin.de\/stechlin\/wp-json\/wp\/v2\/posts\/9075"}],"collection":[{"href":"https:\/\/www.naturparkmagazin.de\/stechlin\/wp-json\/wp\/v2\/posts"}],"about":[{"href":"https:\/\/www.naturparkmagazin.de\/stechlin\/wp-json\/wp\/v2\/types\/post"}],"author":[{"embeddable":true,"href":"https:\/\/www.naturparkmagazin.de\/stechlin\/wp-json\/wp\/v2\/users\/39"}],"replies":[{"embeddable":true,"href":"https:\/\/www.naturparkmagazin.de\/stechlin\/wp-json\/wp\/v2\/comments?post=9075"}],"version-history":[{"count":2,"href":"https:\/\/www.naturparkmagazin.de\/stechlin\/wp-json\/wp\/v2\/posts\/9075\/revisions"}],"predecessor-version":[{"id":9122,"href":"https:\/\/www.naturparkmagazin.de\/stechlin\/wp-json\/wp\/v2\/posts\/9075\/revisions\/9122"}],"wp:attachment":[{"href":"https:\/\/www.naturparkmagazin.de\/stechlin\/wp-json\/wp\/v2\/media?parent=9075"}],"wp:term":[{"taxonomy":"category","embeddable":true,"href":"https:\/\/www.naturparkmagazin.de\/stechlin\/wp-json\/wp\/v2\/categories?post=9075"},{"taxonomy":"post_tag","embeddable":true,"href":"https:\/\/www.naturparkmagazin.de\/stechlin\/wp-json\/wp\/v2\/tags?post=9075"}],"curies":[{"name":"wp","href":"https:\/\/api.w.org\/{rel}","templated":true}]}}