{"id":9078,"date":"2019-12-11T06:36:54","date_gmt":"2019-12-11T05:36:54","guid":{"rendered":"https:\/\/www.naturparkmagazin.de\/stechlin\/?p=9078"},"modified":"2019-12-17T15:02:30","modified_gmt":"2019-12-17T14:02:30","slug":"magistratssee-bei-lindow-wurde-erfolgreich-saniert","status":"publish","type":"post","link":"https:\/\/www.naturparkmagazin.de\/stechlin\/magistratssee-bei-lindow-wurde-erfolgreich-saniert\/","title":{"rendered":"Magistratssee bei Lindow wurde erfolgreich saniert"},"content":{"rendered":"<p>Mehr als f\u00fcnf Jahre sind seit der ersten Idee bis zur erfolgreichen Sanierung vergangen.<\/p>\n<p>Anwohner J\u00f6rg T\u00fcmmel meldete sich damals bei der Naturparkverwaltung und bat um Hilfe. \u00dcber Jahrzehnte wurde der urspr\u00fcnglich 2,5, ha gro\u00dfe See vor der Wende massiv mit N\u00e4hrstoffen belastet. Erst eine Fischintensivzucht, dazu eine Entenmast und zuletzt ungekl\u00e4rte Abw\u00e4sser aus dem angrenzenden Landwirtschaftsbetrieb.<\/p>\n<div id=\"attachment_9082\" style=\"width: 310px\" class=\"wp-caption aligncenter\"><a href=\"https:\/\/www.naturparkmagazin.de\/stechlin\/wp-content\/uploads\/sites\/38\/Magistratssee_10.jpg\"><img aria-describedby=\"caption-attachment-9082\" decoding=\"async\" loading=\"lazy\" class=\"size-thumbnail wp-image-9082\" src=\"https:\/\/www.naturparkmagazin.de\/stechlin\/wp-content\/uploads\/sites\/38\/Magistratssee_10-300x180.jpg\" alt=\"Planer Hermann Wiesing erkl\u00e4rt, wie der See saniert wurde.\" width=\"300\" height=\"180\" srcset=\"https:\/\/www.naturparkmagazin.de\/stechlin\/wp-content\/uploads\/sites\/38\/Magistratssee_10-300x180.jpg 300w, https:\/\/www.naturparkmagazin.de\/stechlin\/wp-content\/uploads\/sites\/38\/Magistratssee_10.jpg 500w, https:\/\/www.naturparkmagazin.de\/stechlin\/wp-content\/uploads\/sites\/38\/Magistratssee_10-200x120.jpg 200w\" sizes=\"(max-width: 300px) 100vw, 300px\" \/><\/a><p id=\"caption-attachment-9082\" class=\"wp-caption-text\">Planer Hermann Wiesing erkl\u00e4rt, wie der See saniert wurde.<\/p><\/div>\n<p>Der Naturpark beauftragte Planer Hermann Wiesing mit einer Machbarkeitsstudie. Ein Sanierungskonzept wurde erarbeitet, Genehmigungen und F\u00f6rdermittel beantragt. Dort wo einst der Landwirtschaftsbetrieb stand, verdient heute J\u00f6rg T\u00fcmmel mit naturhungrigen Touristen sein Geld im barrierefreien Feriendomizil.<\/p>\n<p>Insgesamt 18T m\u00b3 Schlamm wurden aus dem im letzten Sommer vollst\u00e4ndig trocken gefallenen See entnommen. Daf\u00fcr wurden 438 T\u20ac F\u00f6rdergelder eingesetzt, 70% aus der Gew\u00e4ssersanierungs-Richtlinie des Landes Brandenburg und 30% vom NaturSchutzFonds Brandenburg.<\/p>\n<div id=\"attachment_9081\" style=\"width: 310px\" class=\"wp-caption aligncenter\"><a href=\"https:\/\/www.naturparkmagazin.de\/stechlin\/wp-content\/uploads\/sites\/38\/Baubeginn.png\"><img aria-describedby=\"caption-attachment-9081\" decoding=\"async\" loading=\"lazy\" class=\"size-thumbnail wp-image-9081\" src=\"https:\/\/www.naturparkmagazin.de\/stechlin\/wp-content\/uploads\/sites\/38\/Baubeginn-300x180.png\" alt=\"Der Magistrassee am 15.8.19 zu Baubeginn.\" width=\"300\" height=\"180\" srcset=\"https:\/\/www.naturparkmagazin.de\/stechlin\/wp-content\/uploads\/sites\/38\/Baubeginn-300x180.png 300w, https:\/\/www.naturparkmagazin.de\/stechlin\/wp-content\/uploads\/sites\/38\/Baubeginn.png 500w, https:\/\/www.naturparkmagazin.de\/stechlin\/wp-content\/uploads\/sites\/38\/Baubeginn-200x120.png 200w\" sizes=\"(max-width: 300px) 100vw, 300px\" \/><\/a><p id=\"caption-attachment-9081\" class=\"wp-caption-text\">Der Magistrassee am 15.8.19 zu Baubeginn.<\/p><\/div>\n<p>Landwirt Metz aus Strubbensee war dankbarer Abnehmer der organischen Substanz. Ein zertifiziertes Labor hatte zuvor best\u00e4tigt, dass der Schlamm keine Schadstoffe enth\u00e4lt und als organischer D\u00fcnger auf Ackerfl\u00e4chen eingesetzt werden darf.<\/p>\n<p>Der ausgebaggerte See hat sich schnell mit Wasser aus Herbstniederschl\u00e4gen gef\u00fcllt. Beste Voraussetzung f\u00fcr Fr\u00f6sche, Kr\u00f6ten, Libellen und Wasserv\u00f6gel, die in K\u00fcrze den Lebensraum wiederbesiedeln werden.<\/p>\n<div id=\"attachment_9080\" style=\"width: 310px\" class=\"wp-caption aligncenter\"><a href=\"https:\/\/www.naturparkmagazin.de\/stechlin\/wp-content\/uploads\/sites\/38\/Bau-Magistrassee.png\"><img aria-describedby=\"caption-attachment-9080\" decoding=\"async\" loading=\"lazy\" class=\"size-thumbnail wp-image-9080\" src=\"https:\/\/www.naturparkmagazin.de\/stechlin\/wp-content\/uploads\/sites\/38\/Bau-Magistrassee-300x180.png\" alt=\"Der See kurz vor Abschluss der Bauarbeiten am 24.10.19\" width=\"300\" height=\"180\" srcset=\"https:\/\/www.naturparkmagazin.de\/stechlin\/wp-content\/uploads\/sites\/38\/Bau-Magistrassee-300x180.png 300w, https:\/\/www.naturparkmagazin.de\/stechlin\/wp-content\/uploads\/sites\/38\/Bau-Magistrassee.png 500w, https:\/\/www.naturparkmagazin.de\/stechlin\/wp-content\/uploads\/sites\/38\/Bau-Magistrassee-200x120.png 200w\" sizes=\"(max-width: 300px) 100vw, 300px\" \/><\/a><p id=\"caption-attachment-9080\" class=\"wp-caption-text\">Der See kurz vor Abschluss der Bauarbeiten am 24.10.19<\/p><\/div>\n","protected":false},"excerpt":{"rendered":"<p>Mehr als f\u00fcnf Jahre sind seit der ersten Idee bis zur erfolgreichen Sanierung vergangen.<\/p>\n","protected":false},"author":39,"featured_media":9079,"comment_status":"open","ping_status":"open","sticky":false,"template":"","format":"standard","meta":[],"categories":[7],"tags":[],"yoast_head":"<!-- This site is optimized with the Yoast SEO plugin v19.10 - https:\/\/yoast.com\/wordpress\/plugins\/seo\/ -->\n<title>Magistratssee bei Lindow wurde erfolgreich saniert - Naturpark Stechlin-Ruppiner Land<\/title>\n<meta name=\"robots\" content=\"index, follow, max-snippet:-1, max-image-preview:large, max-video-preview:-1\" \/>\n<link rel=\"canonical\" href=\"https:\/\/www.naturparkmagazin.de\/stechlin\/magistratssee-bei-lindow-wurde-erfolgreich-saniert\/\" \/>\n<meta property=\"og:locale\" content=\"de_DE\" \/>\n<meta property=\"og:type\" content=\"article\" \/>\n<meta property=\"og:title\" content=\"Magistratssee bei Lindow wurde erfolgreich saniert - Naturpark Stechlin-Ruppiner Land\" \/>\n<meta property=\"og:description\" content=\"Mehr als f\u00fcnf Jahre sind seit der ersten Idee bis zur erfolgreichen Sanierung vergangen.\" \/>\n<meta property=\"og:url\" content=\"https:\/\/www.naturparkmagazin.de\/stechlin\/magistratssee-bei-lindow-wurde-erfolgreich-saniert\/\" \/>\n<meta property=\"og:site_name\" content=\"Naturpark Stechlin-Ruppiner Land\" \/>\n<meta property=\"article:published_time\" content=\"2019-12-11T05:36:54+00:00\" \/>\n<meta property=\"article:modified_time\" content=\"2019-12-17T14:02:30+00:00\" \/>\n<meta property=\"og:image\" content=\"https:\/\/www.naturparkmagazin.de\/stechlin\/wp-content\/uploads\/sites\/38\/Fertigstellung-Magistratssee.png\" \/>\n\t<meta property=\"og:image:width\" content=\"200\" \/>\n\t<meta property=\"og:image:height\" content=\"200\" \/>\n\t<meta property=\"og:image:type\" content=\"image\/png\" \/>\n<meta name=\"author\" content=\"marioschrumpf\" \/>\n<meta name=\"twitter:label1\" content=\"Verfasst von\" \/>\n\t<meta name=\"twitter:data1\" content=\"marioschrumpf\" \/>\n\t<meta name=\"twitter:label2\" content=\"Gesch\u00e4tzte Lesezeit\" \/>\n\t<meta name=\"twitter:data2\" content=\"1\u00a0Minute\" \/>\n<script type=\"application\/ld+json\" class=\"yoast-schema-graph\">{\"@context\":\"https:\/\/schema.org\",\"@graph\":[{\"@type\":\"WebPage\",\"@id\":\"https:\/\/www.naturparkmagazin.de\/stechlin\/magistratssee-bei-lindow-wurde-erfolgreich-saniert\/\",\"url\":\"https:\/\/www.naturparkmagazin.de\/stechlin\/magistratssee-bei-lindow-wurde-erfolgreich-saniert\/\",\"name\":\"Magistratssee bei Lindow wurde erfolgreich saniert - Naturpark Stechlin-Ruppiner Land\",\"isPartOf\":{\"@id\":\"https:\/\/www.naturparkmagazin.de\/stechlin\/#website\"},\"datePublished\":\"2019-12-11T05:36:54+00:00\",\"dateModified\":\"2019-12-17T14:02:30+00:00\",\"author\":{\"@id\":\"https:\/\/www.naturparkmagazin.de\/stechlin\/#\/schema\/person\/3f0d93203df21c806dd63c76d9bb28bc\"},\"breadcrumb\":{\"@id\":\"https:\/\/www.naturparkmagazin.de\/stechlin\/magistratssee-bei-lindow-wurde-erfolgreich-saniert\/#breadcrumb\"},\"inLanguage\":\"de\",\"potentialAction\":[{\"@type\":\"ReadAction\",\"target\":[\"https:\/\/www.naturparkmagazin.de\/stechlin\/magistratssee-bei-lindow-wurde-erfolgreich-saniert\/\"]}]},{\"@type\":\"BreadcrumbList\",\"@id\":\"https:\/\/www.naturparkmagazin.de\/stechlin\/magistratssee-bei-lindow-wurde-erfolgreich-saniert\/#breadcrumb\",\"itemListElement\":[{\"@type\":\"ListItem\",\"position\":1,\"name\":\"Home\",\"item\":\"https:\/\/www.naturparkmagazin.de\/stechlin\/\"},{\"@type\":\"ListItem\",\"position\":2,\"name\":\"Magistratssee bei Lindow wurde erfolgreich saniert\"}]},{\"@type\":\"WebSite\",\"@id\":\"https:\/\/www.naturparkmagazin.de\/stechlin\/#website\",\"url\":\"https:\/\/www.naturparkmagazin.de\/stechlin\/\",\"name\":\"Naturpark Stechlin-Ruppiner Land\",\"description\":\"\",\"potentialAction\":[{\"@type\":\"SearchAction\",\"target\":{\"@type\":\"EntryPoint\",\"urlTemplate\":\"https:\/\/www.naturparkmagazin.de\/stechlin\/?s={search_term_string}\"},\"query-input\":\"required name=search_term_string\"}],\"inLanguage\":\"de\"},{\"@type\":\"Person\",\"@id\":\"https:\/\/www.naturparkmagazin.de\/stechlin\/#\/schema\/person\/3f0d93203df21c806dd63c76d9bb28bc\",\"name\":\"marioschrumpf\",\"url\":\"https:\/\/www.naturparkmagazin.de\/stechlin\/author\/marioschrumpf\/\"}]}<\/script>\n<!-- \/ Yoast SEO plugin. -->","yoast_head_json":{"title":"Magistratssee bei Lindow wurde erfolgreich saniert - Naturpark Stechlin-Ruppiner Land","robots":{"index":"index","follow":"follow","max-snippet":"max-snippet:-1","max-image-preview":"max-image-preview:large","max-video-preview":"max-video-preview:-1"},"canonical":"https:\/\/www.naturparkmagazin.de\/stechlin\/magistratssee-bei-lindow-wurde-erfolgreich-saniert\/","og_locale":"de_DE","og_type":"article","og_title":"Magistratssee bei Lindow wurde erfolgreich saniert - Naturpark Stechlin-Ruppiner Land","og_description":"Mehr als f\u00fcnf Jahre sind seit der ersten Idee bis zur erfolgreichen Sanierung vergangen.","og_url":"https:\/\/www.naturparkmagazin.de\/stechlin\/magistratssee-bei-lindow-wurde-erfolgreich-saniert\/","og_site_name":"Naturpark Stechlin-Ruppiner Land","article_published_time":"2019-12-11T05:36:54+00:00","article_modified_time":"2019-12-17T14:02:30+00:00","og_image":[{"width":200,"height":200,"url":"https:\/\/www.naturparkmagazin.de\/stechlin\/wp-content\/uploads\/sites\/38\/Fertigstellung-Magistratssee.png","type":"image\/png"}],"author":"marioschrumpf","twitter_misc":{"Verfasst von":"marioschrumpf","Gesch\u00e4tzte Lesezeit":"1\u00a0Minute"},"schema":{"@context":"https:\/\/schema.org","@graph":[{"@type":"WebPage","@id":"https:\/\/www.naturparkmagazin.de\/stechlin\/magistratssee-bei-lindow-wurde-erfolgreich-saniert\/","url":"https:\/\/www.naturparkmagazin.de\/stechlin\/magistratssee-bei-lindow-wurde-erfolgreich-saniert\/","name":"Magistratssee bei Lindow wurde erfolgreich saniert - Naturpark Stechlin-Ruppiner Land","isPartOf":{"@id":"https:\/\/www.naturparkmagazin.de\/stechlin\/#website"},"datePublished":"2019-12-11T05:36:54+00:00","dateModified":"2019-12-17T14:02:30+00:00","author":{"@id":"https:\/\/www.naturparkmagazin.de\/stechlin\/#\/schema\/person\/3f0d93203df21c806dd63c76d9bb28bc"},"breadcrumb":{"@id":"https:\/\/www.naturparkmagazin.de\/stechlin\/magistratssee-bei-lindow-wurde-erfolgreich-saniert\/#breadcrumb"},"inLanguage":"de","potentialAction":[{"@type":"ReadAction","target":["https:\/\/www.naturparkmagazin.de\/stechlin\/magistratssee-bei-lindow-wurde-erfolgreich-saniert\/"]}]},{"@type":"BreadcrumbList","@id":"https:\/\/www.naturparkmagazin.de\/stechlin\/magistratssee-bei-lindow-wurde-erfolgreich-saniert\/#breadcrumb","itemListElement":[{"@type":"ListItem","position":1,"name":"Home","item":"https:\/\/www.naturparkmagazin.de\/stechlin\/"},{"@type":"ListItem","position":2,"name":"Magistratssee bei Lindow wurde erfolgreich saniert"}]},{"@type":"WebSite","@id":"https:\/\/www.naturparkmagazin.de\/stechlin\/#website","url":"https:\/\/www.naturparkmagazin.de\/stechlin\/","name":"Naturpark Stechlin-Ruppiner Land","description":"","potentialAction":[{"@type":"SearchAction","target":{"@type":"EntryPoint","urlTemplate":"https:\/\/www.naturparkmagazin.de\/stechlin\/?s={search_term_string}"},"query-input":"required name=search_term_string"}],"inLanguage":"de"},{"@type":"Person","@id":"https:\/\/www.naturparkmagazin.de\/stechlin\/#\/schema\/person\/3f0d93203df21c806dd63c76d9bb28bc","name":"marioschrumpf","url":"https:\/\/www.naturparkmagazin.de\/stechlin\/author\/marioschrumpf\/"}]}},"_links":{"self":[{"href":"https:\/\/www.naturparkmagazin.de\/stechlin\/wp-json\/wp\/v2\/posts\/9078"}],"collection":[{"href":"https:\/\/www.naturparkmagazin.de\/stechlin\/wp-json\/wp\/v2\/posts"}],"about":[{"href":"https:\/\/www.naturparkmagazin.de\/stechlin\/wp-json\/wp\/v2\/types\/post"}],"author":[{"embeddable":true,"href":"https:\/\/www.naturparkmagazin.de\/stechlin\/wp-json\/wp\/v2\/users\/39"}],"replies":[{"embeddable":true,"href":"https:\/\/www.naturparkmagazin.de\/stechlin\/wp-json\/wp\/v2\/comments?post=9078"}],"version-history":[{"count":3,"href":"https:\/\/www.naturparkmagazin.de\/stechlin\/wp-json\/wp\/v2\/posts\/9078\/revisions"}],"predecessor-version":[{"id":9119,"href":"https:\/\/www.naturparkmagazin.de\/stechlin\/wp-json\/wp\/v2\/posts\/9078\/revisions\/9119"}],"wp:featuredmedia":[{"embeddable":true,"href":"https:\/\/www.naturparkmagazin.de\/stechlin\/wp-json\/wp\/v2\/media\/9079"}],"wp:attachment":[{"href":"https:\/\/www.naturparkmagazin.de\/stechlin\/wp-json\/wp\/v2\/media?parent=9078"}],"wp:term":[{"taxonomy":"category","embeddable":true,"href":"https:\/\/www.naturparkmagazin.de\/stechlin\/wp-json\/wp\/v2\/categories?post=9078"},{"taxonomy":"post_tag","embeddable":true,"href":"https:\/\/www.naturparkmagazin.de\/stechlin\/wp-json\/wp\/v2\/tags?post=9078"}],"curies":[{"name":"wp","href":"https:\/\/api.w.org\/{rel}","templated":true}]}}