{"id":9085,"date":"2019-12-11T07:51:03","date_gmt":"2019-12-11T06:51:03","guid":{"rendered":"https:\/\/www.naturparkmagazin.de\/stechlin\/?p=9085"},"modified":"2019-12-17T14:40:23","modified_gmt":"2019-12-17T13:40:23","slug":"naturpark-stechlin-ruppiner-land-praesentiert-sich-auf-der-internationalen-gruenen-woche-in-berlin","status":"publish","type":"post","link":"https:\/\/www.naturparkmagazin.de\/stechlin\/naturpark-stechlin-ruppiner-land-praesentiert-sich-auf-der-internationalen-gruenen-woche-in-berlin\/","title":{"rendered":"Naturpark Stechlin-Ruppiner Land pr\u00e4sentiert sich auf der Internationalen Gr\u00fcnen Woche in Berlin"},"content":{"rendered":"<p>Gemeinsam mit der Walnussmeisterei B\u00f6llersen aus Herzberg (Mark), der Naturwacht und dem F\u00f6rderverein Naturlandschaft Stechlin und Menzer Heide e. V. ist die Naturparkverwaltung auch in diesem Jahr wieder auf der Gr\u00fcnen Woche vertreten.<\/p>\n<div id=\"attachment_9088\" style=\"width: 310px\" class=\"wp-caption aligncenter\"><a href=\"https:\/\/www.naturparkmagazin.de\/stechlin\/wp-content\/uploads\/sites\/38\/Gr\u00fcne-Woche_59.jpg\"><img aria-describedby=\"caption-attachment-9088\" decoding=\"async\" loading=\"lazy\" class=\"size-thumbnail wp-image-9088\" src=\"https:\/\/www.naturparkmagazin.de\/stechlin\/wp-content\/uploads\/sites\/38\/Gr\u00fcne-Woche_59-300x180.jpg\" alt=\"Die Brandenburg-Halle 21a geh\u00f6rt zu den beliebtesten Hallen auf der Gr\u00fcnen Woche.\" width=\"300\" height=\"180\" srcset=\"https:\/\/www.naturparkmagazin.de\/stechlin\/wp-content\/uploads\/sites\/38\/Gr\u00fcne-Woche_59-300x180.jpg 300w, https:\/\/www.naturparkmagazin.de\/stechlin\/wp-content\/uploads\/sites\/38\/Gr\u00fcne-Woche_59.jpg 500w, https:\/\/www.naturparkmagazin.de\/stechlin\/wp-content\/uploads\/sites\/38\/Gr\u00fcne-Woche_59-200x120.jpg 200w\" sizes=\"(max-width: 300px) 100vw, 300px\" \/><\/a><p id=\"caption-attachment-9088\" class=\"wp-caption-text\">Die Brandenburg-Halle 21a geh\u00f6rt zu den beliebtesten Hallen auf der Gr\u00fcnen Woche.<\/p><\/div>\n<p>Am Mittwoch, den 22. Januar pr\u00e4sentieren sich die drei Akteure gemeinsam an den St\u00e4nden (Nr. 126\/127) der Brandenburger Naturlandschaften in der Brandenburg-Halle 21a.<\/p>\n<p>Die Inhaberin der Walnussmeisterei, Vivian B\u00f6llersen, bietet Produkte von und mit Walnuss an, zeigt Ger\u00e4tschaften zur Walnussernte und -pflege und stellt ihre Produkte der Walnussberatung und Baumschule vor.<\/p>\n<p>BesucherInnen sind am Stand des Naturparks herzlich willkommen!<\/p>\n<div id=\"attachment_9086\" style=\"width: 310px\" class=\"wp-caption aligncenter\"><a href=\"https:\/\/www.naturparkmagazin.de\/stechlin\/wp-content\/uploads\/sites\/38\/Gr\u00fcne-Woche_15.jpg\"><img aria-describedby=\"caption-attachment-9086\" decoding=\"async\" loading=\"lazy\" class=\"size-thumbnail wp-image-9086\" src=\"https:\/\/www.naturparkmagazin.de\/stechlin\/wp-content\/uploads\/sites\/38\/Gr\u00fcne-Woche_15-300x180.jpg\" alt=\"Naturwacht und Besucher im Gespr\u00e4ch.\" width=\"300\" height=\"180\" srcset=\"https:\/\/www.naturparkmagazin.de\/stechlin\/wp-content\/uploads\/sites\/38\/Gr\u00fcne-Woche_15-300x180.jpg 300w, https:\/\/www.naturparkmagazin.de\/stechlin\/wp-content\/uploads\/sites\/38\/Gr\u00fcne-Woche_15.jpg 500w, https:\/\/www.naturparkmagazin.de\/stechlin\/wp-content\/uploads\/sites\/38\/Gr\u00fcne-Woche_15-200x120.jpg 200w\" sizes=\"(max-width: 300px) 100vw, 300px\" \/><\/a><p id=\"caption-attachment-9086\" class=\"wp-caption-text\">Naturwacht und Besucher im Gespr\u00e4ch.<\/p><\/div>\n<div id=\"attachment_9087\" style=\"width: 190px\" class=\"wp-caption aligncenter\"><a href=\"https:\/\/www.naturparkmagazin.de\/stechlin\/wp-content\/uploads\/sites\/38\/Gr\u00fcne-Woche_20190124_008.jpg\"><img aria-describedby=\"caption-attachment-9087\" decoding=\"async\" loading=\"lazy\" class=\"size-full wp-image-9087\" src=\"https:\/\/www.naturparkmagazin.de\/stechlin\/wp-content\/uploads\/sites\/38\/Gr\u00fcne-Woche_20190124_008.jpg\" alt=\"Der Storch geh\u00f6rt zu den Publikumslieblingen.\" width=\"180\" height=\"250\" \/><\/a><p id=\"caption-attachment-9087\" class=\"wp-caption-text\">Der Storch geh\u00f6rt zu den Publikumslieblingen.<\/p><\/div>\n","protected":false},"excerpt":{"rendered":"<p>Gemeinsam mit der Walnussmeisterei B\u00f6llersen aus Herzberg (Mark) ist der Naturpark am 22. Januar in der Brandenburg_Halle 21a auf der Gr\u00fcnen Woche vertreten.<\/p>\n","protected":false},"author":39,"featured_media":9089,"comment_status":"open","ping_status":"open","sticky":false,"template":"","format":"standard","meta":[],"categories":[11],"tags":[],"yoast_head":"<!-- This site is optimized with the Yoast SEO plugin v19.10 - https:\/\/yoast.com\/wordpress\/plugins\/seo\/ -->\n<title>Naturpark Stechlin-Ruppiner Land pr\u00e4sentiert sich auf der Internationalen Gr\u00fcnen Woche in Berlin - Naturpark Stechlin-Ruppiner Land<\/title>\n<meta name=\"robots\" content=\"index, follow, max-snippet:-1, max-image-preview:large, max-video-preview:-1\" \/>\n<link rel=\"canonical\" href=\"https:\/\/www.naturparkmagazin.de\/stechlin\/naturpark-stechlin-ruppiner-land-praesentiert-sich-auf-der-internationalen-gruenen-woche-in-berlin\/\" \/>\n<meta property=\"og:locale\" content=\"de_DE\" \/>\n<meta property=\"og:type\" content=\"article\" \/>\n<meta property=\"og:title\" content=\"Naturpark Stechlin-Ruppiner Land pr\u00e4sentiert sich auf der Internationalen Gr\u00fcnen Woche in Berlin - Naturpark Stechlin-Ruppiner Land\" \/>\n<meta property=\"og:description\" content=\"Gemeinsam mit der Walnussmeisterei B\u00f6llersen aus Herzberg (Mark) ist der Naturpark am 22. Januar in der Brandenburg_Halle 21a auf der Gr\u00fcnen Woche vertreten.\" \/>\n<meta property=\"og:url\" content=\"https:\/\/www.naturparkmagazin.de\/stechlin\/naturpark-stechlin-ruppiner-land-praesentiert-sich-auf-der-internationalen-gruenen-woche-in-berlin\/\" \/>\n<meta property=\"og:site_name\" content=\"Naturpark Stechlin-Ruppiner Land\" \/>\n<meta property=\"article:published_time\" content=\"2019-12-11T06:51:03+00:00\" \/>\n<meta property=\"article:modified_time\" content=\"2019-12-17T13:40:23+00:00\" \/>\n<meta property=\"og:image\" content=\"https:\/\/www.naturparkmagazin.de\/stechlin\/wp-content\/uploads\/sites\/38\/Gr\u00fcne-Woche_46.jpg\" \/>\n\t<meta property=\"og:image:width\" content=\"200\" \/>\n\t<meta property=\"og:image:height\" content=\"200\" \/>\n\t<meta property=\"og:image:type\" content=\"image\/jpeg\" \/>\n<meta name=\"author\" content=\"marioschrumpf\" \/>\n<meta name=\"twitter:label1\" content=\"Verfasst von\" \/>\n\t<meta name=\"twitter:data1\" content=\"marioschrumpf\" \/>\n\t<meta name=\"twitter:label2\" content=\"Gesch\u00e4tzte Lesezeit\" \/>\n\t<meta name=\"twitter:data2\" content=\"1\u00a0Minute\" \/>\n<script type=\"application\/ld+json\" class=\"yoast-schema-graph\">{\"@context\":\"https:\/\/schema.org\",\"@graph\":[{\"@type\":\"WebPage\",\"@id\":\"https:\/\/www.naturparkmagazin.de\/stechlin\/naturpark-stechlin-ruppiner-land-praesentiert-sich-auf-der-internationalen-gruenen-woche-in-berlin\/\",\"url\":\"https:\/\/www.naturparkmagazin.de\/stechlin\/naturpark-stechlin-ruppiner-land-praesentiert-sich-auf-der-internationalen-gruenen-woche-in-berlin\/\",\"name\":\"Naturpark Stechlin-Ruppiner Land pr\u00e4sentiert sich auf der Internationalen Gr\u00fcnen Woche in Berlin - Naturpark Stechlin-Ruppiner Land\",\"isPartOf\":{\"@id\":\"https:\/\/www.naturparkmagazin.de\/stechlin\/#website\"},\"datePublished\":\"2019-12-11T06:51:03+00:00\",\"dateModified\":\"2019-12-17T13:40:23+00:00\",\"author\":{\"@id\":\"https:\/\/www.naturparkmagazin.de\/stechlin\/#\/schema\/person\/3f0d93203df21c806dd63c76d9bb28bc\"},\"breadcrumb\":{\"@id\":\"https:\/\/www.naturparkmagazin.de\/stechlin\/naturpark-stechlin-ruppiner-land-praesentiert-sich-auf-der-internationalen-gruenen-woche-in-berlin\/#breadcrumb\"},\"inLanguage\":\"de\",\"potentialAction\":[{\"@type\":\"ReadAction\",\"target\":[\"https:\/\/www.naturparkmagazin.de\/stechlin\/naturpark-stechlin-ruppiner-land-praesentiert-sich-auf-der-internationalen-gruenen-woche-in-berlin\/\"]}]},{\"@type\":\"BreadcrumbList\",\"@id\":\"https:\/\/www.naturparkmagazin.de\/stechlin\/naturpark-stechlin-ruppiner-land-praesentiert-sich-auf-der-internationalen-gruenen-woche-in-berlin\/#breadcrumb\",\"itemListElement\":[{\"@type\":\"ListItem\",\"position\":1,\"name\":\"Home\",\"item\":\"https:\/\/www.naturparkmagazin.de\/stechlin\/\"},{\"@type\":\"ListItem\",\"position\":2,\"name\":\"Naturpark Stechlin-Ruppiner Land pr\u00e4sentiert sich auf der Internationalen Gr\u00fcnen Woche in Berlin\"}]},{\"@type\":\"WebSite\",\"@id\":\"https:\/\/www.naturparkmagazin.de\/stechlin\/#website\",\"url\":\"https:\/\/www.naturparkmagazin.de\/stechlin\/\",\"name\":\"Naturpark Stechlin-Ruppiner Land\",\"description\":\"\",\"potentialAction\":[{\"@type\":\"SearchAction\",\"target\":{\"@type\":\"EntryPoint\",\"urlTemplate\":\"https:\/\/www.naturparkmagazin.de\/stechlin\/?s={search_term_string}\"},\"query-input\":\"required name=search_term_string\"}],\"inLanguage\":\"de\"},{\"@type\":\"Person\",\"@id\":\"https:\/\/www.naturparkmagazin.de\/stechlin\/#\/schema\/person\/3f0d93203df21c806dd63c76d9bb28bc\",\"name\":\"marioschrumpf\",\"url\":\"https:\/\/www.naturparkmagazin.de\/stechlin\/author\/marioschrumpf\/\"}]}<\/script>\n<!-- \/ Yoast SEO plugin. -->","yoast_head_json":{"title":"Naturpark Stechlin-Ruppiner Land pr\u00e4sentiert sich auf der Internationalen Gr\u00fcnen Woche in Berlin - Naturpark Stechlin-Ruppiner Land","robots":{"index":"index","follow":"follow","max-snippet":"max-snippet:-1","max-image-preview":"max-image-preview:large","max-video-preview":"max-video-preview:-1"},"canonical":"https:\/\/www.naturparkmagazin.de\/stechlin\/naturpark-stechlin-ruppiner-land-praesentiert-sich-auf-der-internationalen-gruenen-woche-in-berlin\/","og_locale":"de_DE","og_type":"article","og_title":"Naturpark Stechlin-Ruppiner Land pr\u00e4sentiert sich auf der Internationalen Gr\u00fcnen Woche in Berlin - Naturpark Stechlin-Ruppiner Land","og_description":"Gemeinsam mit der Walnussmeisterei B\u00f6llersen aus Herzberg (Mark) ist der Naturpark am 22. Januar in der Brandenburg_Halle 21a auf der Gr\u00fcnen Woche vertreten.","og_url":"https:\/\/www.naturparkmagazin.de\/stechlin\/naturpark-stechlin-ruppiner-land-praesentiert-sich-auf-der-internationalen-gruenen-woche-in-berlin\/","og_site_name":"Naturpark Stechlin-Ruppiner Land","article_published_time":"2019-12-11T06:51:03+00:00","article_modified_time":"2019-12-17T13:40:23+00:00","og_image":[{"width":200,"height":200,"url":"https:\/\/www.naturparkmagazin.de\/stechlin\/wp-content\/uploads\/sites\/38\/Gr\u00fcne-Woche_46.jpg","type":"image\/jpeg"}],"author":"marioschrumpf","twitter_misc":{"Verfasst von":"marioschrumpf","Gesch\u00e4tzte Lesezeit":"1\u00a0Minute"},"schema":{"@context":"https:\/\/schema.org","@graph":[{"@type":"WebPage","@id":"https:\/\/www.naturparkmagazin.de\/stechlin\/naturpark-stechlin-ruppiner-land-praesentiert-sich-auf-der-internationalen-gruenen-woche-in-berlin\/","url":"https:\/\/www.naturparkmagazin.de\/stechlin\/naturpark-stechlin-ruppiner-land-praesentiert-sich-auf-der-internationalen-gruenen-woche-in-berlin\/","name":"Naturpark Stechlin-Ruppiner Land pr\u00e4sentiert sich auf der Internationalen Gr\u00fcnen Woche in Berlin - Naturpark Stechlin-Ruppiner Land","isPartOf":{"@id":"https:\/\/www.naturparkmagazin.de\/stechlin\/#website"},"datePublished":"2019-12-11T06:51:03+00:00","dateModified":"2019-12-17T13:40:23+00:00","author":{"@id":"https:\/\/www.naturparkmagazin.de\/stechlin\/#\/schema\/person\/3f0d93203df21c806dd63c76d9bb28bc"},"breadcrumb":{"@id":"https:\/\/www.naturparkmagazin.de\/stechlin\/naturpark-stechlin-ruppiner-land-praesentiert-sich-auf-der-internationalen-gruenen-woche-in-berlin\/#breadcrumb"},"inLanguage":"de","potentialAction":[{"@type":"ReadAction","target":["https:\/\/www.naturparkmagazin.de\/stechlin\/naturpark-stechlin-ruppiner-land-praesentiert-sich-auf-der-internationalen-gruenen-woche-in-berlin\/"]}]},{"@type":"BreadcrumbList","@id":"https:\/\/www.naturparkmagazin.de\/stechlin\/naturpark-stechlin-ruppiner-land-praesentiert-sich-auf-der-internationalen-gruenen-woche-in-berlin\/#breadcrumb","itemListElement":[{"@type":"ListItem","position":1,"name":"Home","item":"https:\/\/www.naturparkmagazin.de\/stechlin\/"},{"@type":"ListItem","position":2,"name":"Naturpark Stechlin-Ruppiner Land pr\u00e4sentiert sich auf der Internationalen Gr\u00fcnen Woche in Berlin"}]},{"@type":"WebSite","@id":"https:\/\/www.naturparkmagazin.de\/stechlin\/#website","url":"https:\/\/www.naturparkmagazin.de\/stechlin\/","name":"Naturpark Stechlin-Ruppiner Land","description":"","potentialAction":[{"@type":"SearchAction","target":{"@type":"EntryPoint","urlTemplate":"https:\/\/www.naturparkmagazin.de\/stechlin\/?s={search_term_string}"},"query-input":"required name=search_term_string"}],"inLanguage":"de"},{"@type":"Person","@id":"https:\/\/www.naturparkmagazin.de\/stechlin\/#\/schema\/person\/3f0d93203df21c806dd63c76d9bb28bc","name":"marioschrumpf","url":"https:\/\/www.naturparkmagazin.de\/stechlin\/author\/marioschrumpf\/"}]}},"_links":{"self":[{"href":"https:\/\/www.naturparkmagazin.de\/stechlin\/wp-json\/wp\/v2\/posts\/9085"}],"collection":[{"href":"https:\/\/www.naturparkmagazin.de\/stechlin\/wp-json\/wp\/v2\/posts"}],"about":[{"href":"https:\/\/www.naturparkmagazin.de\/stechlin\/wp-json\/wp\/v2\/types\/post"}],"author":[{"embeddable":true,"href":"https:\/\/www.naturparkmagazin.de\/stechlin\/wp-json\/wp\/v2\/users\/39"}],"replies":[{"embeddable":true,"href":"https:\/\/www.naturparkmagazin.de\/stechlin\/wp-json\/wp\/v2\/comments?post=9085"}],"version-history":[{"count":4,"href":"https:\/\/www.naturparkmagazin.de\/stechlin\/wp-json\/wp\/v2\/posts\/9085\/revisions"}],"predecessor-version":[{"id":18590,"href":"https:\/\/www.naturparkmagazin.de\/stechlin\/wp-json\/wp\/v2\/posts\/9085\/revisions\/18590"}],"wp:featuredmedia":[{"embeddable":true,"href":"https:\/\/www.naturparkmagazin.de\/stechlin\/wp-json\/wp\/v2\/media\/9089"}],"wp:attachment":[{"href":"https:\/\/www.naturparkmagazin.de\/stechlin\/wp-json\/wp\/v2\/media?parent=9085"}],"wp:term":[{"taxonomy":"category","embeddable":true,"href":"https:\/\/www.naturparkmagazin.de\/stechlin\/wp-json\/wp\/v2\/categories?post=9085"},{"taxonomy":"post_tag","embeddable":true,"href":"https:\/\/www.naturparkmagazin.de\/stechlin\/wp-json\/wp\/v2\/tags?post=9085"}],"curies":[{"name":"wp","href":"https:\/\/api.w.org\/{rel}","templated":true}]}}