{"id":9098,"date":"2019-12-11T08:39:02","date_gmt":"2019-12-11T07:39:02","guid":{"rendered":"https:\/\/www.naturparkmagazin.de\/stechlin\/?p=9098"},"modified":"2019-12-17T14:51:04","modified_gmt":"2019-12-17T13:51:04","slug":"8-dialog-am-stechlin-gut-besucht","status":"publish","type":"post","link":"https:\/\/www.naturparkmagazin.de\/stechlin\/8-dialog-am-stechlin-gut-besucht\/","title":{"rendered":"8. Dialog am Stechlin gut besucht"},"content":{"rendered":"<p><em>&#8222;Fische, Fischerei und Seen&#8220;<\/em> im Wandel war das Thema der gemeinsam vom Institut f\u00fcr Gew\u00e4sser\u00f6kologie und Binnenfischerei (IGB) Neuglobsow und dem Naturpark organisierten Veranstaltung.<\/p>\n<p>Mehr als 100 Besucher waren der Einladung zum <strong>8.<\/strong> <strong>Dialog am Stechlin<\/strong>\u00a0ins Stechlinsee-Center in Neuglobsow gefolgt.<\/p>\n<div id=\"attachment_9099\" style=\"width: 310px\" class=\"wp-caption aligncenter\"><a href=\"https:\/\/www.naturparkmagazin.de\/stechlin\/wp-content\/uploads\/sites\/38\/Dialog_05.jpg\"><img aria-describedby=\"caption-attachment-9099\" decoding=\"async\" loading=\"lazy\" class=\"size-thumbnail wp-image-9099\" src=\"https:\/\/www.naturparkmagazin.de\/stechlin\/wp-content\/uploads\/sites\/38\/Dialog_05-300x180.jpg\" alt=\"Mark Gessner gibt einen \u00dcberblick zum aktuellen Zustand des Stechlin.\" width=\"300\" height=\"180\" srcset=\"https:\/\/www.naturparkmagazin.de\/stechlin\/wp-content\/uploads\/sites\/38\/Dialog_05-300x180.jpg 300w, https:\/\/www.naturparkmagazin.de\/stechlin\/wp-content\/uploads\/sites\/38\/Dialog_05.jpg 500w, https:\/\/www.naturparkmagazin.de\/stechlin\/wp-content\/uploads\/sites\/38\/Dialog_05-200x120.jpg 200w\" sizes=\"(max-width: 300px) 100vw, 300px\" \/><\/a><p id=\"caption-attachment-9099\" class=\"wp-caption-text\">Mark Gessner gibt einen \u00dcberblick zum aktuellen Zustand des Stechlin.<\/p><\/div>\n<p>Der amtierende Direktor des\u00a0IGB berichtete \u00fcber den aktuellen Zustand des bedeutendsten Klarwassersees im Naturpark. Worte wie &#8222;<em>Teufelskreis<\/em>&#8220; und &#8222;<em>rasante Eutrophierung<\/em>&#8220; beschreiben die dramatischen Ver\u00e4nderungen, die sich im Stechlin vom einst oligotrophen (n\u00e4hrstoffarmen) zum heute eutrophen (n\u00e4hrstoffreichen) See vollzogen haben.<\/p>\n<p>Olaf Selz aus der Schweiz zeigte auf, wie sich seit der letzten Eiszeit in den Schweizer Voralpenseen 36 Mar\u00e4nenarten entwickelt haben, von denen heute noch 26 vorkommen. Auch im Stechlin hat sich mit der <strong>Fontane-Mar\u00e4ne<\/strong> nach der letzten Eiszeit eine eigenst\u00e4ndige Art entwickelt, die nur in diesem See vorkommt und damit <strong>die Verantwortungsart des Naturparks<\/strong> ist.<\/p>\n<p>Thomas Mehnert referierte \u00fcber 40 Jahre fischereiliche Forschung im Stechlinseegebiet. Fischereiwissenschaftler gehen davon aus, dass im 430 ha gro\u00dfen Stechlin ca. 77\u00a0Tonnen Kleine Mar\u00e4nen leben und ca. 80% der Fischbiomasse des Sees ausmachen. Mehnert bef\u00fcrchtet, dass der zunehmende Sauerstoffmangel in der Tiefenzone infolge der Eutrophierung zu einem Existenzproblem f\u00fcr die dort lebende Fontane-Mar\u00e4ne werden k\u00f6nnte.<\/p>\n<div id=\"attachment_9101\" style=\"width: 310px\" class=\"wp-caption aligncenter\"><a href=\"https:\/\/www.naturparkmagazin.de\/stechlin\/wp-content\/uploads\/sites\/38\/Dialog_15.jpg\"><img aria-describedby=\"caption-attachment-9101\" decoding=\"async\" loading=\"lazy\" class=\"size-thumbnail wp-image-9101\" src=\"https:\/\/www.naturparkmagazin.de\/stechlin\/wp-content\/uploads\/sites\/38\/Dialog_15-300x180.jpg\" alt=\"Rainer B\u00f6ttcher berichtete aus seiner fischereilichen Praxis am Stechlin.\" width=\"300\" height=\"180\" srcset=\"https:\/\/www.naturparkmagazin.de\/stechlin\/wp-content\/uploads\/sites\/38\/Dialog_15-300x180.jpg 300w, https:\/\/www.naturparkmagazin.de\/stechlin\/wp-content\/uploads\/sites\/38\/Dialog_15.jpg 500w, https:\/\/www.naturparkmagazin.de\/stechlin\/wp-content\/uploads\/sites\/38\/Dialog_15-200x120.jpg 200w\" sizes=\"(max-width: 300px) 100vw, 300px\" \/><\/a><p id=\"caption-attachment-9101\" class=\"wp-caption-text\">Rainer B\u00f6ttcher berichtete aus seiner fischereilichen Praxis am Stechlin.<\/p><\/div>\n<p>Rainer B\u00f6ttcher, Fischer am Stechlin, berichtete das sein Sohn Martin bereits Fischer in 4. Generation am Stechlin ist. Mit Adolf, Rainer und Martin waren drei Fischer-Generationen der Familie B\u00f6ttcher\u00a0zur Tagung anwesend.<\/p>\n<p>Uwe Br\u00e4mick vom Institut f\u00fcr Binnenfischerei Potsdam-Sacrow gab einen \u00dcberblick \u00fcber die Binnenfischerei auf Welt-, Europa- und Deutschland-Ebene. Mehr als 50% des bundesweiten Fangs in der Binnenfischerei wird in Brandenburg angelandet. Das Berufsbild des Fischers wandelt sich in der Neuzeit. W\u00e4hrend fr\u00fcher fast ausschlie\u00dflich der Fischfang dominierte, geh\u00f6ren heute zunehmend\u00a0Produktveredlung,\u00a0Handel,\u00a0Verkauf von Angelkarten als auch Urlaub auf dem Fischerhof zu den Standbeinen der m\u00e4rkischen Fischereibetriebe.<\/p>\n<div id=\"attachment_9100\" style=\"width: 310px\" class=\"wp-caption aligncenter\"><a href=\"https:\/\/www.naturparkmagazin.de\/stechlin\/wp-content\/uploads\/sites\/38\/Dialog_20.jpg\"><img aria-describedby=\"caption-attachment-9100\" decoding=\"async\" loading=\"lazy\" class=\"size-thumbnail wp-image-9100\" src=\"https:\/\/www.naturparkmagazin.de\/stechlin\/wp-content\/uploads\/sites\/38\/Dialog_20-300x180.jpg\" alt=\"Malwina Schaft referiert \u00fcber M\u00f6glichkeiten einer nachhaltigen Angelfischerei.\" width=\"300\" height=\"180\" srcset=\"https:\/\/www.naturparkmagazin.de\/stechlin\/wp-content\/uploads\/sites\/38\/Dialog_20-300x180.jpg 300w, https:\/\/www.naturparkmagazin.de\/stechlin\/wp-content\/uploads\/sites\/38\/Dialog_20.jpg 500w, https:\/\/www.naturparkmagazin.de\/stechlin\/wp-content\/uploads\/sites\/38\/Dialog_20-200x120.jpg 200w\" sizes=\"(max-width: 300px) 100vw, 300px\" \/><\/a><p id=\"caption-attachment-9100\" class=\"wp-caption-text\">Malwina Schaft referiert \u00fcber M\u00f6glichkeiten einer nachhaltigen Angelfischerei.<\/p><\/div>\n<p>Malwina Schaft und Robert Arlinghaus zeigten auf, welche Bedeutung die Angelfischerei heute in Deutschland hat. Ziel ihrer Untersuchungen ist ein nachhaltiges Management von Angelgew\u00e4ssern zu etablieren.<\/p>\n<p>Bereits am Freitag wurde<strong> 60 Jahre limnologische Forschung am Stechlin<\/strong> gefeiert. In einer angeregten Podiumsdiskussion berichteten &#8222;<em>Urgesteine<\/em>&#8220; der limnologischen Forschung \u00fcber die Anf\u00e4nge ihrer wissenschaftlichen Arbeit am Stechlin. Beim anschlie\u00dfenden Sektempfang war ausreichend Gelegenheit f\u00fcr einen breiten Austausch mit den Ehemaligen.<\/p>\n<p>&nbsp;<\/p>\n","protected":false},"excerpt":{"rendered":"<p>&#8222;Fische, Fischerei und Seen im Wandel&#8220; war das Thema der gemeinsam vom Institut f\u00fcr Gew\u00e4sser\u00f6kologie und Binnenfischerei (IGB) und Naturpark organisierten Veranstaltung.<\/p>\n","protected":false},"author":39,"featured_media":9102,"comment_status":"open","ping_status":"open","sticky":false,"template":"","format":"standard","meta":[],"categories":[7],"tags":[],"yoast_head":"<!-- This site is optimized with the Yoast SEO plugin v19.10 - https:\/\/yoast.com\/wordpress\/plugins\/seo\/ -->\n<title>8. Dialog am Stechlin gut besucht - Naturpark Stechlin-Ruppiner Land<\/title>\n<meta name=\"robots\" content=\"index, follow, max-snippet:-1, max-image-preview:large, max-video-preview:-1\" \/>\n<link rel=\"canonical\" href=\"https:\/\/www.naturparkmagazin.de\/stechlin\/8-dialog-am-stechlin-gut-besucht\/\" \/>\n<meta property=\"og:locale\" content=\"de_DE\" \/>\n<meta property=\"og:type\" content=\"article\" \/>\n<meta property=\"og:title\" content=\"8. Dialog am Stechlin gut besucht - Naturpark Stechlin-Ruppiner Land\" \/>\n<meta property=\"og:description\" content=\"&quot;Fische, Fischerei und Seen im Wandel&quot; war das Thema der gemeinsam vom Institut f\u00fcr Gew\u00e4sser\u00f6kologie und Binnenfischerei (IGB) und Naturpark organisierten Veranstaltung.\" \/>\n<meta property=\"og:url\" content=\"https:\/\/www.naturparkmagazin.de\/stechlin\/8-dialog-am-stechlin-gut-besucht\/\" \/>\n<meta property=\"og:site_name\" content=\"Naturpark Stechlin-Ruppiner Land\" \/>\n<meta property=\"article:published_time\" content=\"2019-12-11T07:39:02+00:00\" \/>\n<meta property=\"article:modified_time\" content=\"2019-12-17T13:51:04+00:00\" \/>\n<meta property=\"og:image\" content=\"https:\/\/www.naturparkmagazin.de\/stechlin\/wp-content\/uploads\/sites\/38\/Dialog-20191201_IGB-Kupetz.jpg\" \/>\n\t<meta property=\"og:image:width\" content=\"200\" \/>\n\t<meta property=\"og:image:height\" content=\"200\" \/>\n\t<meta property=\"og:image:type\" content=\"image\/jpeg\" \/>\n<meta name=\"author\" content=\"marioschrumpf\" \/>\n<meta name=\"twitter:label1\" content=\"Verfasst von\" \/>\n\t<meta name=\"twitter:data1\" content=\"marioschrumpf\" \/>\n\t<meta name=\"twitter:label2\" content=\"Gesch\u00e4tzte Lesezeit\" \/>\n\t<meta name=\"twitter:data2\" content=\"2\u00a0Minuten\" \/>\n<script type=\"application\/ld+json\" class=\"yoast-schema-graph\">{\"@context\":\"https:\/\/schema.org\",\"@graph\":[{\"@type\":\"WebPage\",\"@id\":\"https:\/\/www.naturparkmagazin.de\/stechlin\/8-dialog-am-stechlin-gut-besucht\/\",\"url\":\"https:\/\/www.naturparkmagazin.de\/stechlin\/8-dialog-am-stechlin-gut-besucht\/\",\"name\":\"8. Dialog am Stechlin gut besucht - Naturpark Stechlin-Ruppiner Land\",\"isPartOf\":{\"@id\":\"https:\/\/www.naturparkmagazin.de\/stechlin\/#website\"},\"datePublished\":\"2019-12-11T07:39:02+00:00\",\"dateModified\":\"2019-12-17T13:51:04+00:00\",\"author\":{\"@id\":\"https:\/\/www.naturparkmagazin.de\/stechlin\/#\/schema\/person\/3f0d93203df21c806dd63c76d9bb28bc\"},\"breadcrumb\":{\"@id\":\"https:\/\/www.naturparkmagazin.de\/stechlin\/8-dialog-am-stechlin-gut-besucht\/#breadcrumb\"},\"inLanguage\":\"de\",\"potentialAction\":[{\"@type\":\"ReadAction\",\"target\":[\"https:\/\/www.naturparkmagazin.de\/stechlin\/8-dialog-am-stechlin-gut-besucht\/\"]}]},{\"@type\":\"BreadcrumbList\",\"@id\":\"https:\/\/www.naturparkmagazin.de\/stechlin\/8-dialog-am-stechlin-gut-besucht\/#breadcrumb\",\"itemListElement\":[{\"@type\":\"ListItem\",\"position\":1,\"name\":\"Home\",\"item\":\"https:\/\/www.naturparkmagazin.de\/stechlin\/\"},{\"@type\":\"ListItem\",\"position\":2,\"name\":\"8. Dialog am Stechlin gut besucht\"}]},{\"@type\":\"WebSite\",\"@id\":\"https:\/\/www.naturparkmagazin.de\/stechlin\/#website\",\"url\":\"https:\/\/www.naturparkmagazin.de\/stechlin\/\",\"name\":\"Naturpark Stechlin-Ruppiner Land\",\"description\":\"\",\"potentialAction\":[{\"@type\":\"SearchAction\",\"target\":{\"@type\":\"EntryPoint\",\"urlTemplate\":\"https:\/\/www.naturparkmagazin.de\/stechlin\/?s={search_term_string}\"},\"query-input\":\"required name=search_term_string\"}],\"inLanguage\":\"de\"},{\"@type\":\"Person\",\"@id\":\"https:\/\/www.naturparkmagazin.de\/stechlin\/#\/schema\/person\/3f0d93203df21c806dd63c76d9bb28bc\",\"name\":\"marioschrumpf\",\"url\":\"https:\/\/www.naturparkmagazin.de\/stechlin\/author\/marioschrumpf\/\"}]}<\/script>\n<!-- \/ Yoast SEO plugin. -->","yoast_head_json":{"title":"8. Dialog am Stechlin gut besucht - Naturpark Stechlin-Ruppiner Land","robots":{"index":"index","follow":"follow","max-snippet":"max-snippet:-1","max-image-preview":"max-image-preview:large","max-video-preview":"max-video-preview:-1"},"canonical":"https:\/\/www.naturparkmagazin.de\/stechlin\/8-dialog-am-stechlin-gut-besucht\/","og_locale":"de_DE","og_type":"article","og_title":"8. Dialog am Stechlin gut besucht - Naturpark Stechlin-Ruppiner Land","og_description":"\"Fische, Fischerei und Seen im Wandel\" war das Thema der gemeinsam vom Institut f\u00fcr Gew\u00e4sser\u00f6kologie und Binnenfischerei (IGB) und Naturpark organisierten Veranstaltung.","og_url":"https:\/\/www.naturparkmagazin.de\/stechlin\/8-dialog-am-stechlin-gut-besucht\/","og_site_name":"Naturpark Stechlin-Ruppiner Land","article_published_time":"2019-12-11T07:39:02+00:00","article_modified_time":"2019-12-17T13:51:04+00:00","og_image":[{"width":200,"height":200,"url":"https:\/\/www.naturparkmagazin.de\/stechlin\/wp-content\/uploads\/sites\/38\/Dialog-20191201_IGB-Kupetz.jpg","type":"image\/jpeg"}],"author":"marioschrumpf","twitter_misc":{"Verfasst von":"marioschrumpf","Gesch\u00e4tzte Lesezeit":"2\u00a0Minuten"},"schema":{"@context":"https:\/\/schema.org","@graph":[{"@type":"WebPage","@id":"https:\/\/www.naturparkmagazin.de\/stechlin\/8-dialog-am-stechlin-gut-besucht\/","url":"https:\/\/www.naturparkmagazin.de\/stechlin\/8-dialog-am-stechlin-gut-besucht\/","name":"8. Dialog am Stechlin gut besucht - Naturpark Stechlin-Ruppiner Land","isPartOf":{"@id":"https:\/\/www.naturparkmagazin.de\/stechlin\/#website"},"datePublished":"2019-12-11T07:39:02+00:00","dateModified":"2019-12-17T13:51:04+00:00","author":{"@id":"https:\/\/www.naturparkmagazin.de\/stechlin\/#\/schema\/person\/3f0d93203df21c806dd63c76d9bb28bc"},"breadcrumb":{"@id":"https:\/\/www.naturparkmagazin.de\/stechlin\/8-dialog-am-stechlin-gut-besucht\/#breadcrumb"},"inLanguage":"de","potentialAction":[{"@type":"ReadAction","target":["https:\/\/www.naturparkmagazin.de\/stechlin\/8-dialog-am-stechlin-gut-besucht\/"]}]},{"@type":"BreadcrumbList","@id":"https:\/\/www.naturparkmagazin.de\/stechlin\/8-dialog-am-stechlin-gut-besucht\/#breadcrumb","itemListElement":[{"@type":"ListItem","position":1,"name":"Home","item":"https:\/\/www.naturparkmagazin.de\/stechlin\/"},{"@type":"ListItem","position":2,"name":"8. Dialog am Stechlin gut besucht"}]},{"@type":"WebSite","@id":"https:\/\/www.naturparkmagazin.de\/stechlin\/#website","url":"https:\/\/www.naturparkmagazin.de\/stechlin\/","name":"Naturpark Stechlin-Ruppiner Land","description":"","potentialAction":[{"@type":"SearchAction","target":{"@type":"EntryPoint","urlTemplate":"https:\/\/www.naturparkmagazin.de\/stechlin\/?s={search_term_string}"},"query-input":"required name=search_term_string"}],"inLanguage":"de"},{"@type":"Person","@id":"https:\/\/www.naturparkmagazin.de\/stechlin\/#\/schema\/person\/3f0d93203df21c806dd63c76d9bb28bc","name":"marioschrumpf","url":"https:\/\/www.naturparkmagazin.de\/stechlin\/author\/marioschrumpf\/"}]}},"_links":{"self":[{"href":"https:\/\/www.naturparkmagazin.de\/stechlin\/wp-json\/wp\/v2\/posts\/9098"}],"collection":[{"href":"https:\/\/www.naturparkmagazin.de\/stechlin\/wp-json\/wp\/v2\/posts"}],"about":[{"href":"https:\/\/www.naturparkmagazin.de\/stechlin\/wp-json\/wp\/v2\/types\/post"}],"author":[{"embeddable":true,"href":"https:\/\/www.naturparkmagazin.de\/stechlin\/wp-json\/wp\/v2\/users\/39"}],"replies":[{"embeddable":true,"href":"https:\/\/www.naturparkmagazin.de\/stechlin\/wp-json\/wp\/v2\/comments?post=9098"}],"version-history":[{"count":3,"href":"https:\/\/www.naturparkmagazin.de\/stechlin\/wp-json\/wp\/v2\/posts\/9098\/revisions"}],"predecessor-version":[{"id":9117,"href":"https:\/\/www.naturparkmagazin.de\/stechlin\/wp-json\/wp\/v2\/posts\/9098\/revisions\/9117"}],"wp:featuredmedia":[{"embeddable":true,"href":"https:\/\/www.naturparkmagazin.de\/stechlin\/wp-json\/wp\/v2\/media\/9102"}],"wp:attachment":[{"href":"https:\/\/www.naturparkmagazin.de\/stechlin\/wp-json\/wp\/v2\/media?parent=9098"}],"wp:term":[{"taxonomy":"category","embeddable":true,"href":"https:\/\/www.naturparkmagazin.de\/stechlin\/wp-json\/wp\/v2\/categories?post=9098"},{"taxonomy":"post_tag","embeddable":true,"href":"https:\/\/www.naturparkmagazin.de\/stechlin\/wp-json\/wp\/v2\/tags?post=9098"}],"curies":[{"name":"wp","href":"https:\/\/api.w.org\/{rel}","templated":true}]}}