{"id":910,"date":"2014-04-17T13:38:26","date_gmt":"2014-04-17T11:38:26","guid":{"rendered":"http:\/\/www.naturparkmagazin.de\/stechlin\/?p=910"},"modified":"2014-04-28T08:39:40","modified_gmt":"2014-04-28T06:39:40","slug":"mehr-als-froesche-vor-dem-verkehrstot-gerettet","status":"publish","type":"post","link":"https:\/\/www.naturparkmagazin.de\/stechlin\/mehr-als-froesche-vor-dem-verkehrstot-gerettet\/","title":{"rendered":"Mehr als 14.800 Fr\u00f6sche vor dem Verkehrstot gerettet"},"content":{"rendered":"<p>&nbsp;<\/p>\n<div id=\"attachment_933\" style=\"width: 510px\" class=\"wp-caption alignnone\"><a href=\"https:\/\/www.naturparkmagazin.de\/stechlin\/wp-content\/uploads\/sites\/38\/k-P1017140.jpg\"><img aria-describedby=\"caption-attachment-933\" decoding=\"async\" loading=\"lazy\" class=\"size-full wp-image-933\" alt=\"Ergebnistafel der Amphibienz\u00e4hlungen\" src=\"https:\/\/www.naturparkmagazin.de\/stechlin\/wp-content\/uploads\/sites\/38\/k-P1017140.jpg\" width=\"500\" height=\"300\" srcset=\"https:\/\/www.naturparkmagazin.de\/stechlin\/wp-content\/uploads\/sites\/38\/k-P1017140.jpg 500w, https:\/\/www.naturparkmagazin.de\/stechlin\/wp-content\/uploads\/sites\/38\/k-P1017140-300x180.jpg 300w, https:\/\/www.naturparkmagazin.de\/stechlin\/wp-content\/uploads\/sites\/38\/k-P1017140-200x120.jpg 200w\" sizes=\"(max-width: 500px) 100vw, 500px\" \/><\/a><p id=\"caption-attachment-933\" class=\"wp-caption-text\">Ergebnistafel der Amphibienz\u00e4hlungen<\/p><\/div>\n<p>Naturwacht, Naturschutzverb\u00e4nde und Freiwillige haben an\u00a05 tempor\u00e4ren &#8222;Kr\u00f6tenz\u00e4unen&#8220; mit einer Gesamtl\u00e4nge von ca. 1.800 m mehr als\u00a014.800 Fr\u00f6sche, Kr\u00f6ten und Molche vor dem Verkehrstot gerettet. Neben dem Verlust von Lebensr\u00e4umen ist die Zerschneidungswirkung von Stra\u00dfen Hauptursache f\u00fcr den bundesweiten R\u00fcckgang der Amphibienbest\u00e4nde. Im Rahmen der Pflege- und Entwicklungsplanung hat die Naturwacht in den zur\u00fcckliegenden Jahren durch systematische Kartierungen im Naturpark Gef\u00e4hrdungsschwerpunkte ermittelt. Dort werden im Fr\u00fchjahr Z\u00e4une errichtet und die Tiere \u00fcber die Stra\u00dfe getragen. In diesem Jahr standen Z\u00e4une am Zollhaus Dierberg, in der Ortslage Z\u00fchlen, am Kuhburgsberg bei Neuruppin und an der Landstra\u00dfe von Gransee nach Sch\u00f6nermark. Langfristig sollen die personalaufwendigen tempor\u00e4ren Z\u00e4une durch station\u00e4re Anlage ersetzt werden. Daf\u00fcr dienen die ermittelten Daten als Grundlage.<\/p>\n","protected":false},"excerpt":{"rendered":"<p>Naturwacht, Naturschutzverb\u00e4nde und Freiwillige haben an 5 tempor\u00e4ren &#8222;Kr\u00f6tenz\u00e4unen&#8220;  mehr als 14.800 Fr\u00f6sche, Kr\u00f6ten und Molche vor dem Verkehrstot gerettet.<\/p>\n","protected":false},"author":39,"featured_media":932,"comment_status":"open","ping_status":"open","sticky":false,"template":"","format":"standard","meta":[],"categories":[7],"tags":[],"yoast_head":"<!-- This site is optimized with the Yoast SEO plugin v19.10 - https:\/\/yoast.com\/wordpress\/plugins\/seo\/ -->\n<title>Mehr als 14.800 Fr\u00f6sche vor dem Verkehrstot gerettet - Naturpark Stechlin-Ruppiner Land<\/title>\n<meta name=\"robots\" content=\"index, follow, max-snippet:-1, max-image-preview:large, max-video-preview:-1\" \/>\n<link rel=\"canonical\" href=\"https:\/\/www.naturparkmagazin.de\/stechlin\/mehr-als-froesche-vor-dem-verkehrstot-gerettet\/\" \/>\n<meta property=\"og:locale\" content=\"de_DE\" \/>\n<meta property=\"og:type\" content=\"article\" \/>\n<meta property=\"og:title\" content=\"Mehr als 14.800 Fr\u00f6sche vor dem Verkehrstot gerettet - Naturpark Stechlin-Ruppiner Land\" \/>\n<meta property=\"og:description\" content=\"Naturwacht, Naturschutzverb\u00e4nde und Freiwillige haben an 5 tempor\u00e4ren &quot;Kr\u00f6tenz\u00e4unen&quot; mehr als 14.800 Fr\u00f6sche, Kr\u00f6ten und Molche vor dem Verkehrstot gerettet.\" \/>\n<meta property=\"og:url\" content=\"https:\/\/www.naturparkmagazin.de\/stechlin\/mehr-als-froesche-vor-dem-verkehrstot-gerettet\/\" \/>\n<meta property=\"og:site_name\" content=\"Naturpark Stechlin-Ruppiner Land\" \/>\n<meta property=\"article:published_time\" content=\"2014-04-17T11:38:26+00:00\" \/>\n<meta property=\"article:modified_time\" content=\"2014-04-28T06:39:40+00:00\" \/>\n<meta property=\"og:image\" content=\"https:\/\/www.naturparkmagazin.de\/stechlin\/wp-content\/uploads\/sites\/38\/k-P1017142.jpg\" \/>\n\t<meta property=\"og:image:width\" content=\"500\" \/>\n\t<meta property=\"og:image:height\" content=\"300\" \/>\n\t<meta property=\"og:image:type\" content=\"image\/jpeg\" \/>\n<meta name=\"author\" content=\"marioschrumpf\" \/>\n<meta name=\"twitter:label1\" content=\"Verfasst von\" \/>\n\t<meta name=\"twitter:data1\" content=\"marioschrumpf\" \/>\n\t<meta name=\"twitter:label2\" content=\"Gesch\u00e4tzte Lesezeit\" \/>\n\t<meta name=\"twitter:data2\" content=\"1\u00a0Minute\" \/>\n<script type=\"application\/ld+json\" class=\"yoast-schema-graph\">{\"@context\":\"https:\/\/schema.org\",\"@graph\":[{\"@type\":\"WebPage\",\"@id\":\"https:\/\/www.naturparkmagazin.de\/stechlin\/mehr-als-froesche-vor-dem-verkehrstot-gerettet\/\",\"url\":\"https:\/\/www.naturparkmagazin.de\/stechlin\/mehr-als-froesche-vor-dem-verkehrstot-gerettet\/\",\"name\":\"Mehr als 14.800 Fr\u00f6sche vor dem Verkehrstot gerettet - Naturpark Stechlin-Ruppiner Land\",\"isPartOf\":{\"@id\":\"https:\/\/www.naturparkmagazin.de\/stechlin\/#website\"},\"datePublished\":\"2014-04-17T11:38:26+00:00\",\"dateModified\":\"2014-04-28T06:39:40+00:00\",\"author\":{\"@id\":\"https:\/\/www.naturparkmagazin.de\/stechlin\/#\/schema\/person\/3f0d93203df21c806dd63c76d9bb28bc\"},\"breadcrumb\":{\"@id\":\"https:\/\/www.naturparkmagazin.de\/stechlin\/mehr-als-froesche-vor-dem-verkehrstot-gerettet\/#breadcrumb\"},\"inLanguage\":\"de\",\"potentialAction\":[{\"@type\":\"ReadAction\",\"target\":[\"https:\/\/www.naturparkmagazin.de\/stechlin\/mehr-als-froesche-vor-dem-verkehrstot-gerettet\/\"]}]},{\"@type\":\"BreadcrumbList\",\"@id\":\"https:\/\/www.naturparkmagazin.de\/stechlin\/mehr-als-froesche-vor-dem-verkehrstot-gerettet\/#breadcrumb\",\"itemListElement\":[{\"@type\":\"ListItem\",\"position\":1,\"name\":\"Home\",\"item\":\"https:\/\/www.naturparkmagazin.de\/stechlin\/\"},{\"@type\":\"ListItem\",\"position\":2,\"name\":\"Mehr als 14.800 Fr\u00f6sche vor dem Verkehrstot gerettet\"}]},{\"@type\":\"WebSite\",\"@id\":\"https:\/\/www.naturparkmagazin.de\/stechlin\/#website\",\"url\":\"https:\/\/www.naturparkmagazin.de\/stechlin\/\",\"name\":\"Naturpark Stechlin-Ruppiner Land\",\"description\":\"\",\"potentialAction\":[{\"@type\":\"SearchAction\",\"target\":{\"@type\":\"EntryPoint\",\"urlTemplate\":\"https:\/\/www.naturparkmagazin.de\/stechlin\/?s={search_term_string}\"},\"query-input\":\"required name=search_term_string\"}],\"inLanguage\":\"de\"},{\"@type\":\"Person\",\"@id\":\"https:\/\/www.naturparkmagazin.de\/stechlin\/#\/schema\/person\/3f0d93203df21c806dd63c76d9bb28bc\",\"name\":\"marioschrumpf\",\"url\":\"https:\/\/www.naturparkmagazin.de\/stechlin\/author\/marioschrumpf\/\"}]}<\/script>\n<!-- \/ Yoast SEO plugin. -->","yoast_head_json":{"title":"Mehr als 14.800 Fr\u00f6sche vor dem Verkehrstot gerettet - Naturpark Stechlin-Ruppiner Land","robots":{"index":"index","follow":"follow","max-snippet":"max-snippet:-1","max-image-preview":"max-image-preview:large","max-video-preview":"max-video-preview:-1"},"canonical":"https:\/\/www.naturparkmagazin.de\/stechlin\/mehr-als-froesche-vor-dem-verkehrstot-gerettet\/","og_locale":"de_DE","og_type":"article","og_title":"Mehr als 14.800 Fr\u00f6sche vor dem Verkehrstot gerettet - Naturpark Stechlin-Ruppiner Land","og_description":"Naturwacht, Naturschutzverb\u00e4nde und Freiwillige haben an 5 tempor\u00e4ren \"Kr\u00f6tenz\u00e4unen\" mehr als 14.800 Fr\u00f6sche, Kr\u00f6ten und Molche vor dem Verkehrstot gerettet.","og_url":"https:\/\/www.naturparkmagazin.de\/stechlin\/mehr-als-froesche-vor-dem-verkehrstot-gerettet\/","og_site_name":"Naturpark Stechlin-Ruppiner Land","article_published_time":"2014-04-17T11:38:26+00:00","article_modified_time":"2014-04-28T06:39:40+00:00","og_image":[{"width":500,"height":300,"url":"https:\/\/www.naturparkmagazin.de\/stechlin\/wp-content\/uploads\/sites\/38\/k-P1017142.jpg","type":"image\/jpeg"}],"author":"marioschrumpf","twitter_misc":{"Verfasst von":"marioschrumpf","Gesch\u00e4tzte Lesezeit":"1\u00a0Minute"},"schema":{"@context":"https:\/\/schema.org","@graph":[{"@type":"WebPage","@id":"https:\/\/www.naturparkmagazin.de\/stechlin\/mehr-als-froesche-vor-dem-verkehrstot-gerettet\/","url":"https:\/\/www.naturparkmagazin.de\/stechlin\/mehr-als-froesche-vor-dem-verkehrstot-gerettet\/","name":"Mehr als 14.800 Fr\u00f6sche vor dem Verkehrstot gerettet - Naturpark Stechlin-Ruppiner Land","isPartOf":{"@id":"https:\/\/www.naturparkmagazin.de\/stechlin\/#website"},"datePublished":"2014-04-17T11:38:26+00:00","dateModified":"2014-04-28T06:39:40+00:00","author":{"@id":"https:\/\/www.naturparkmagazin.de\/stechlin\/#\/schema\/person\/3f0d93203df21c806dd63c76d9bb28bc"},"breadcrumb":{"@id":"https:\/\/www.naturparkmagazin.de\/stechlin\/mehr-als-froesche-vor-dem-verkehrstot-gerettet\/#breadcrumb"},"inLanguage":"de","potentialAction":[{"@type":"ReadAction","target":["https:\/\/www.naturparkmagazin.de\/stechlin\/mehr-als-froesche-vor-dem-verkehrstot-gerettet\/"]}]},{"@type":"BreadcrumbList","@id":"https:\/\/www.naturparkmagazin.de\/stechlin\/mehr-als-froesche-vor-dem-verkehrstot-gerettet\/#breadcrumb","itemListElement":[{"@type":"ListItem","position":1,"name":"Home","item":"https:\/\/www.naturparkmagazin.de\/stechlin\/"},{"@type":"ListItem","position":2,"name":"Mehr als 14.800 Fr\u00f6sche vor dem Verkehrstot gerettet"}]},{"@type":"WebSite","@id":"https:\/\/www.naturparkmagazin.de\/stechlin\/#website","url":"https:\/\/www.naturparkmagazin.de\/stechlin\/","name":"Naturpark Stechlin-Ruppiner Land","description":"","potentialAction":[{"@type":"SearchAction","target":{"@type":"EntryPoint","urlTemplate":"https:\/\/www.naturparkmagazin.de\/stechlin\/?s={search_term_string}"},"query-input":"required name=search_term_string"}],"inLanguage":"de"},{"@type":"Person","@id":"https:\/\/www.naturparkmagazin.de\/stechlin\/#\/schema\/person\/3f0d93203df21c806dd63c76d9bb28bc","name":"marioschrumpf","url":"https:\/\/www.naturparkmagazin.de\/stechlin\/author\/marioschrumpf\/"}]}},"_links":{"self":[{"href":"https:\/\/www.naturparkmagazin.de\/stechlin\/wp-json\/wp\/v2\/posts\/910"}],"collection":[{"href":"https:\/\/www.naturparkmagazin.de\/stechlin\/wp-json\/wp\/v2\/posts"}],"about":[{"href":"https:\/\/www.naturparkmagazin.de\/stechlin\/wp-json\/wp\/v2\/types\/post"}],"author":[{"embeddable":true,"href":"https:\/\/www.naturparkmagazin.de\/stechlin\/wp-json\/wp\/v2\/users\/39"}],"replies":[{"embeddable":true,"href":"https:\/\/www.naturparkmagazin.de\/stechlin\/wp-json\/wp\/v2\/comments?post=910"}],"version-history":[{"count":6,"href":"https:\/\/www.naturparkmagazin.de\/stechlin\/wp-json\/wp\/v2\/posts\/910\/revisions"}],"predecessor-version":[{"id":1014,"href":"https:\/\/www.naturparkmagazin.de\/stechlin\/wp-json\/wp\/v2\/posts\/910\/revisions\/1014"}],"wp:featuredmedia":[{"embeddable":true,"href":"https:\/\/www.naturparkmagazin.de\/stechlin\/wp-json\/wp\/v2\/media\/932"}],"wp:attachment":[{"href":"https:\/\/www.naturparkmagazin.de\/stechlin\/wp-json\/wp\/v2\/media?parent=910"}],"wp:term":[{"taxonomy":"category","embeddable":true,"href":"https:\/\/www.naturparkmagazin.de\/stechlin\/wp-json\/wp\/v2\/categories?post=910"},{"taxonomy":"post_tag","embeddable":true,"href":"https:\/\/www.naturparkmagazin.de\/stechlin\/wp-json\/wp\/v2\/tags?post=910"}],"curies":[{"name":"wp","href":"https:\/\/api.w.org\/{rel}","templated":true}]}}