{"id":912,"date":"2014-04-17T13:38:02","date_gmt":"2014-04-17T11:38:02","guid":{"rendered":"http:\/\/www.naturparkmagazin.de\/stechlin\/?p=912"},"modified":"2014-04-28T08:42:27","modified_gmt":"2014-04-28T06:42:27","slug":"natur-bewegt-kunstausstellung-des-naturparks-in-stettin","status":"publish","type":"post","link":"https:\/\/www.naturparkmagazin.de\/stechlin\/natur-bewegt-kunstausstellung-des-naturparks-in-stettin\/","title":{"rendered":"Natur bewegt &#8211; Kunstausstellung des Naturparks in Stettin"},"content":{"rendered":"<p>&nbsp;<\/p>\n<div id=\"attachment_914\" style=\"width: 510px\" class=\"wp-caption alignnone\"><a href=\"https:\/\/www.naturparkmagazin.de\/stechlin\/wp-content\/uploads\/sites\/38\/k-DSC_0032.jpg\"><img aria-describedby=\"caption-attachment-914\" decoding=\"async\" loading=\"lazy\" class=\"size-full wp-image-914\" alt=\"Kuno Lomas tr\u00e4gt sich ins G\u00e4stebuch ein\" src=\"https:\/\/www.naturparkmagazin.de\/stechlin\/wp-content\/uploads\/sites\/38\/k-DSC_0032.jpg\" width=\"500\" height=\"300\" srcset=\"https:\/\/www.naturparkmagazin.de\/stechlin\/wp-content\/uploads\/sites\/38\/k-DSC_0032.jpg 500w, https:\/\/www.naturparkmagazin.de\/stechlin\/wp-content\/uploads\/sites\/38\/k-DSC_0032-300x180.jpg 300w, https:\/\/www.naturparkmagazin.de\/stechlin\/wp-content\/uploads\/sites\/38\/k-DSC_0032-200x120.jpg 200w\" sizes=\"(max-width: 500px) 100vw, 500px\" \/><\/a><p id=\"caption-attachment-914\" class=\"wp-caption-text\">Kuno Lomas tr\u00e4gt sich ins G\u00e4stebuch ein<\/p><\/div>\n<p>Unter dem Titel \u201eNatur \u00a0bewegt\u201c wurde am 1. April in der Pommerschen Landesbibliothek im polnischen Stettin eine Kunstausstellung mit Arbeiten der Internationalen Kunstsymposien im Naturpark Stechlin-Ruppiner Land er\u00f6ffnet.\u00a0Mehr als 100 internationale K\u00fcnstler haben in den letzten Jahren an den Symposien teilgenommen. Die Exposition zeigt eine Auswahl der besten Arbeiten. Nach einer Ausstellung im letzten Jahr in der Brandenburgischen Landesvertretung in Br\u00fcssel ist dies die zweite Ausstellung im Ausland. In Anwesenheit zahlreicher K\u00fcnstler und Kunstliebhaber er\u00f6ffnete der Direktor der Pommerschen Landesbibliothek Lucja Babolewski die Ausstellung. Naturparkleiter Dr. Mario Schrumpf w\u00fcrdigte in seiner Laudatio die k\u00fcnstlerische Leiterin Gudrun Lomas, die als Vorsitzende des Kunstvereins Zehdenick e. V. vom ersten Symposium an, die Z\u00fcgel fest in der Hand h\u00e4lt. Die Ausstellung\u00a0war bis 26. April zu sehen.<\/p>\n<div id=\"attachment_915\" style=\"width: 510px\" class=\"wp-caption alignnone\"><a href=\"https:\/\/www.naturparkmagazin.de\/stechlin\/wp-content\/uploads\/sites\/38\/k-DSC_0035.jpg\"><img aria-describedby=\"caption-attachment-915\" decoding=\"async\" loading=\"lazy\" class=\"size-full wp-image-915 \" alt=\"Waldemar Wojciechowski (Polen) - Komoranbaum (Acryl auf Leinwand)\" src=\"https:\/\/www.naturparkmagazin.de\/stechlin\/wp-content\/uploads\/sites\/38\/k-DSC_0035.jpg\" width=\"500\" height=\"300\" srcset=\"https:\/\/www.naturparkmagazin.de\/stechlin\/wp-content\/uploads\/sites\/38\/k-DSC_0035.jpg 500w, https:\/\/www.naturparkmagazin.de\/stechlin\/wp-content\/uploads\/sites\/38\/k-DSC_0035-300x180.jpg 300w, https:\/\/www.naturparkmagazin.de\/stechlin\/wp-content\/uploads\/sites\/38\/k-DSC_0035-200x120.jpg 200w\" sizes=\"(max-width: 500px) 100vw, 500px\" \/><\/a><p id=\"caption-attachment-915\" class=\"wp-caption-text\">Waldemar Wojciechowski (Polen) &#8211; Komoranbaum (Acryl auf Leinwand)<\/p><\/div>\n<div id=\"attachment_916\" style=\"width: 510px\" class=\"wp-caption alignnone\"><a href=\"https:\/\/www.naturparkmagazin.de\/stechlin\/wp-content\/uploads\/sites\/38\/k-DSC_0039.jpg\"><img aria-describedby=\"caption-attachment-916\" decoding=\"async\" loading=\"lazy\" class=\"size-full wp-image-916  \" alt=\"Anna Szwaja (Polen - Landschaft (\u00d6l auf Leinwand))\" src=\"https:\/\/www.naturparkmagazin.de\/stechlin\/wp-content\/uploads\/sites\/38\/k-DSC_0039.jpg\" width=\"500\" height=\"300\" srcset=\"https:\/\/www.naturparkmagazin.de\/stechlin\/wp-content\/uploads\/sites\/38\/k-DSC_0039.jpg 500w, https:\/\/www.naturparkmagazin.de\/stechlin\/wp-content\/uploads\/sites\/38\/k-DSC_0039-300x180.jpg 300w, https:\/\/www.naturparkmagazin.de\/stechlin\/wp-content\/uploads\/sites\/38\/k-DSC_0039-200x120.jpg 200w\" sizes=\"(max-width: 500px) 100vw, 500px\" \/><\/a><p id=\"caption-attachment-916\" class=\"wp-caption-text\">Anna Szwaja (Polen &#8211; Landschaft (\u00d6l auf Leinwand))<\/p><\/div>\n","protected":false},"excerpt":{"rendered":"<p>Am 1. April wurde in der Pommerschen Landesbibliothek im polnischen Stettin eine Kunstausstellung mit Arbeiten der Internationalen Kunstsymposien im Naturpark er\u00f6ffnet. <\/p>\n","protected":false},"author":39,"featured_media":913,"comment_status":"open","ping_status":"open","sticky":false,"template":"","format":"standard","meta":[],"categories":[7],"tags":[],"yoast_head":"<!-- This site is optimized with the Yoast SEO plugin v19.10 - https:\/\/yoast.com\/wordpress\/plugins\/seo\/ -->\n<title>Natur bewegt - Kunstausstellung des Naturparks in Stettin - Naturpark Stechlin-Ruppiner Land<\/title>\n<meta name=\"robots\" content=\"index, follow, max-snippet:-1, max-image-preview:large, max-video-preview:-1\" \/>\n<link rel=\"canonical\" href=\"https:\/\/www.naturparkmagazin.de\/stechlin\/natur-bewegt-kunstausstellung-des-naturparks-in-stettin\/\" \/>\n<meta property=\"og:locale\" content=\"de_DE\" \/>\n<meta property=\"og:type\" content=\"article\" \/>\n<meta property=\"og:title\" content=\"Natur bewegt - Kunstausstellung des Naturparks in Stettin - Naturpark Stechlin-Ruppiner Land\" \/>\n<meta property=\"og:description\" content=\"Am 1. April wurde in der Pommerschen Landesbibliothek im polnischen Stettin eine Kunstausstellung mit Arbeiten der Internationalen Kunstsymposien im Naturpark er\u00f6ffnet.\" \/>\n<meta property=\"og:url\" content=\"https:\/\/www.naturparkmagazin.de\/stechlin\/natur-bewegt-kunstausstellung-des-naturparks-in-stettin\/\" \/>\n<meta property=\"og:site_name\" content=\"Naturpark Stechlin-Ruppiner Land\" \/>\n<meta property=\"article:published_time\" content=\"2014-04-17T11:38:02+00:00\" \/>\n<meta property=\"article:modified_time\" content=\"2014-04-28T06:42:27+00:00\" \/>\n<meta property=\"og:image\" content=\"https:\/\/www.naturparkmagazin.de\/stechlin\/wp-content\/uploads\/sites\/38\/k-DSC_00251.jpg\" \/>\n\t<meta property=\"og:image:width\" content=\"500\" \/>\n\t<meta property=\"og:image:height\" content=\"300\" \/>\n\t<meta property=\"og:image:type\" content=\"image\/jpeg\" \/>\n<meta name=\"author\" content=\"marioschrumpf\" \/>\n<meta name=\"twitter:label1\" content=\"Verfasst von\" \/>\n\t<meta name=\"twitter:data1\" content=\"marioschrumpf\" \/>\n\t<meta name=\"twitter:label2\" content=\"Gesch\u00e4tzte Lesezeit\" \/>\n\t<meta name=\"twitter:data2\" content=\"1\u00a0Minute\" \/>\n<script type=\"application\/ld+json\" class=\"yoast-schema-graph\">{\"@context\":\"https:\/\/schema.org\",\"@graph\":[{\"@type\":\"WebPage\",\"@id\":\"https:\/\/www.naturparkmagazin.de\/stechlin\/natur-bewegt-kunstausstellung-des-naturparks-in-stettin\/\",\"url\":\"https:\/\/www.naturparkmagazin.de\/stechlin\/natur-bewegt-kunstausstellung-des-naturparks-in-stettin\/\",\"name\":\"Natur bewegt - Kunstausstellung des Naturparks in Stettin - Naturpark Stechlin-Ruppiner Land\",\"isPartOf\":{\"@id\":\"https:\/\/www.naturparkmagazin.de\/stechlin\/#website\"},\"datePublished\":\"2014-04-17T11:38:02+00:00\",\"dateModified\":\"2014-04-28T06:42:27+00:00\",\"author\":{\"@id\":\"https:\/\/www.naturparkmagazin.de\/stechlin\/#\/schema\/person\/3f0d93203df21c806dd63c76d9bb28bc\"},\"breadcrumb\":{\"@id\":\"https:\/\/www.naturparkmagazin.de\/stechlin\/natur-bewegt-kunstausstellung-des-naturparks-in-stettin\/#breadcrumb\"},\"inLanguage\":\"de\",\"potentialAction\":[{\"@type\":\"ReadAction\",\"target\":[\"https:\/\/www.naturparkmagazin.de\/stechlin\/natur-bewegt-kunstausstellung-des-naturparks-in-stettin\/\"]}]},{\"@type\":\"BreadcrumbList\",\"@id\":\"https:\/\/www.naturparkmagazin.de\/stechlin\/natur-bewegt-kunstausstellung-des-naturparks-in-stettin\/#breadcrumb\",\"itemListElement\":[{\"@type\":\"ListItem\",\"position\":1,\"name\":\"Home\",\"item\":\"https:\/\/www.naturparkmagazin.de\/stechlin\/\"},{\"@type\":\"ListItem\",\"position\":2,\"name\":\"Natur bewegt &#8211; Kunstausstellung des Naturparks in Stettin\"}]},{\"@type\":\"WebSite\",\"@id\":\"https:\/\/www.naturparkmagazin.de\/stechlin\/#website\",\"url\":\"https:\/\/www.naturparkmagazin.de\/stechlin\/\",\"name\":\"Naturpark Stechlin-Ruppiner Land\",\"description\":\"\",\"potentialAction\":[{\"@type\":\"SearchAction\",\"target\":{\"@type\":\"EntryPoint\",\"urlTemplate\":\"https:\/\/www.naturparkmagazin.de\/stechlin\/?s={search_term_string}\"},\"query-input\":\"required name=search_term_string\"}],\"inLanguage\":\"de\"},{\"@type\":\"Person\",\"@id\":\"https:\/\/www.naturparkmagazin.de\/stechlin\/#\/schema\/person\/3f0d93203df21c806dd63c76d9bb28bc\",\"name\":\"marioschrumpf\",\"url\":\"https:\/\/www.naturparkmagazin.de\/stechlin\/author\/marioschrumpf\/\"}]}<\/script>\n<!-- \/ Yoast SEO plugin. -->","yoast_head_json":{"title":"Natur bewegt - Kunstausstellung des Naturparks in Stettin - Naturpark Stechlin-Ruppiner Land","robots":{"index":"index","follow":"follow","max-snippet":"max-snippet:-1","max-image-preview":"max-image-preview:large","max-video-preview":"max-video-preview:-1"},"canonical":"https:\/\/www.naturparkmagazin.de\/stechlin\/natur-bewegt-kunstausstellung-des-naturparks-in-stettin\/","og_locale":"de_DE","og_type":"article","og_title":"Natur bewegt - Kunstausstellung des Naturparks in Stettin - Naturpark Stechlin-Ruppiner Land","og_description":"Am 1. April wurde in der Pommerschen Landesbibliothek im polnischen Stettin eine Kunstausstellung mit Arbeiten der Internationalen Kunstsymposien im Naturpark er\u00f6ffnet.","og_url":"https:\/\/www.naturparkmagazin.de\/stechlin\/natur-bewegt-kunstausstellung-des-naturparks-in-stettin\/","og_site_name":"Naturpark Stechlin-Ruppiner Land","article_published_time":"2014-04-17T11:38:02+00:00","article_modified_time":"2014-04-28T06:42:27+00:00","og_image":[{"width":500,"height":300,"url":"https:\/\/www.naturparkmagazin.de\/stechlin\/wp-content\/uploads\/sites\/38\/k-DSC_00251.jpg","type":"image\/jpeg"}],"author":"marioschrumpf","twitter_misc":{"Verfasst von":"marioschrumpf","Gesch\u00e4tzte Lesezeit":"1\u00a0Minute"},"schema":{"@context":"https:\/\/schema.org","@graph":[{"@type":"WebPage","@id":"https:\/\/www.naturparkmagazin.de\/stechlin\/natur-bewegt-kunstausstellung-des-naturparks-in-stettin\/","url":"https:\/\/www.naturparkmagazin.de\/stechlin\/natur-bewegt-kunstausstellung-des-naturparks-in-stettin\/","name":"Natur bewegt - Kunstausstellung des Naturparks in Stettin - Naturpark Stechlin-Ruppiner Land","isPartOf":{"@id":"https:\/\/www.naturparkmagazin.de\/stechlin\/#website"},"datePublished":"2014-04-17T11:38:02+00:00","dateModified":"2014-04-28T06:42:27+00:00","author":{"@id":"https:\/\/www.naturparkmagazin.de\/stechlin\/#\/schema\/person\/3f0d93203df21c806dd63c76d9bb28bc"},"breadcrumb":{"@id":"https:\/\/www.naturparkmagazin.de\/stechlin\/natur-bewegt-kunstausstellung-des-naturparks-in-stettin\/#breadcrumb"},"inLanguage":"de","potentialAction":[{"@type":"ReadAction","target":["https:\/\/www.naturparkmagazin.de\/stechlin\/natur-bewegt-kunstausstellung-des-naturparks-in-stettin\/"]}]},{"@type":"BreadcrumbList","@id":"https:\/\/www.naturparkmagazin.de\/stechlin\/natur-bewegt-kunstausstellung-des-naturparks-in-stettin\/#breadcrumb","itemListElement":[{"@type":"ListItem","position":1,"name":"Home","item":"https:\/\/www.naturparkmagazin.de\/stechlin\/"},{"@type":"ListItem","position":2,"name":"Natur bewegt &#8211; Kunstausstellung des Naturparks in Stettin"}]},{"@type":"WebSite","@id":"https:\/\/www.naturparkmagazin.de\/stechlin\/#website","url":"https:\/\/www.naturparkmagazin.de\/stechlin\/","name":"Naturpark Stechlin-Ruppiner Land","description":"","potentialAction":[{"@type":"SearchAction","target":{"@type":"EntryPoint","urlTemplate":"https:\/\/www.naturparkmagazin.de\/stechlin\/?s={search_term_string}"},"query-input":"required name=search_term_string"}],"inLanguage":"de"},{"@type":"Person","@id":"https:\/\/www.naturparkmagazin.de\/stechlin\/#\/schema\/person\/3f0d93203df21c806dd63c76d9bb28bc","name":"marioschrumpf","url":"https:\/\/www.naturparkmagazin.de\/stechlin\/author\/marioschrumpf\/"}]}},"_links":{"self":[{"href":"https:\/\/www.naturparkmagazin.de\/stechlin\/wp-json\/wp\/v2\/posts\/912"}],"collection":[{"href":"https:\/\/www.naturparkmagazin.de\/stechlin\/wp-json\/wp\/v2\/posts"}],"about":[{"href":"https:\/\/www.naturparkmagazin.de\/stechlin\/wp-json\/wp\/v2\/types\/post"}],"author":[{"embeddable":true,"href":"https:\/\/www.naturparkmagazin.de\/stechlin\/wp-json\/wp\/v2\/users\/39"}],"replies":[{"embeddable":true,"href":"https:\/\/www.naturparkmagazin.de\/stechlin\/wp-json\/wp\/v2\/comments?post=912"}],"version-history":[{"count":4,"href":"https:\/\/www.naturparkmagazin.de\/stechlin\/wp-json\/wp\/v2\/posts\/912\/revisions"}],"predecessor-version":[{"id":1015,"href":"https:\/\/www.naturparkmagazin.de\/stechlin\/wp-json\/wp\/v2\/posts\/912\/revisions\/1015"}],"wp:featuredmedia":[{"embeddable":true,"href":"https:\/\/www.naturparkmagazin.de\/stechlin\/wp-json\/wp\/v2\/media\/913"}],"wp:attachment":[{"href":"https:\/\/www.naturparkmagazin.de\/stechlin\/wp-json\/wp\/v2\/media?parent=912"}],"wp:term":[{"taxonomy":"category","embeddable":true,"href":"https:\/\/www.naturparkmagazin.de\/stechlin\/wp-json\/wp\/v2\/categories?post=912"},{"taxonomy":"post_tag","embeddable":true,"href":"https:\/\/www.naturparkmagazin.de\/stechlin\/wp-json\/wp\/v2\/tags?post=912"}],"curies":[{"name":"wp","href":"https:\/\/api.w.org\/{rel}","templated":true}]}}